{"id":25411,"date":"2021-08-24T06:20:23","date_gmt":"2021-08-24T10:20:23","guid":{"rendered":"https:\/\/www.eldiario.net\/portal\/?p=25411"},"modified":"2021-08-24T06:20:23","modified_gmt":"2021-08-24T10:20:23","slug":"cc-plantea-un-acuerdo-nacional-que-permita-paz-y-reconciliacion","status":"publish","type":"post","link":"https:\/\/www.eldiario.net\/portal\/2021\/08\/24\/cc-plantea-un-acuerdo-nacional-que-permita-paz-y-reconciliacion\/","title":{"rendered":"CC plantea un acuerdo nacional  que permita paz y reconciliaci\u00f3n"},"content":{"rendered":"<p>Los representantes de la alianza Comunidad Ciudadana (CC) plantean la realizaci\u00f3n de un acuerdo nacional de paz y reconciliaci\u00f3n sobre la base de las recomendaciones del Grupo Interdisciplinario de Expertos Independientes (GIEI) entregada al Estado boliviano en pasados d\u00edas. Se\u00f1alan que esta propuesta busca reformar el sistema judicial en un lapso de 90 d\u00edas.<\/p>\n<p>El presidente de esta organizaci\u00f3n pol\u00edtica, Carlos Mesa Gisbert, anunci\u00f3 que\u00a0 se remiti\u00f3 una carta al Presidente, Luis Arce Catacora, donde se propone un acuerdo pol\u00edtico entre todas las fuerzas que tienen representaci\u00f3n en la Asamblea Legislativa Plurinacional, esto con la finalidad de reformar la justicia en un corto plazo.<\/p>\n<p>Se\u00f1al\u00f3 que esta propuesta posibilitar\u00e1 construir paz y reconciliaci\u00f3n, en ella se plantea un juicio de responsabilidades contra el Fiscal General del Estado, una Ley de modificaci\u00f3n de la Ley Org\u00e1nica del Ministerio P\u00fablico, la designaci\u00f3n por la ALP de un nuevo Fiscal General y Fiscales Departamentales, una reforma Constitucional para modificar el sistema de elecci\u00f3n de los magistrados del \u00d3rgano Judicial y derogaci\u00f3n del Decreto Presidencial N\u00ba 4461.<\/p>\n<p>Mesa se\u00f1ala que el motivo esta iniciativa y que se desprende del informe del GIEI, es que el sistema judicial ha perdido legitimidad y no es posible salir de la crisis pol\u00edtica y social con un sistema de justicia colapsado, sin credibilidad y susceptible de ser manejado por el poder pol\u00edtico.<\/p>\n<p>Asimismo, la carta se\u00f1ala que el contexto que vive el pa\u00eds es una oportunidad para encarar el desaf\u00edo de investigar y juzgar a los responsables de los hechos luctuosos de octubre y noviembre de 2019, con un Ministerio P\u00fablico y un \u00d3rgano Judicial independientes, imparciales e id\u00f3neos.<\/p>\n<p>\u201cComunidad Ciudadana propone que dicho Acuerdo sea suscrito por el Gobierno que Usted preside y por los tres partidos con representaci\u00f3n en la Asamblea Legislativa Plurinacional\u201d se\u00f1ala parte de la misiva enviada por CC al presidente.<\/p>\n<p>El exmandatario se\u00f1al\u00f3 que est\u00e1 demostrado que una verdadera transformaci\u00f3n de la justicia es posible, pues en 2019 ya hubo un acuerdo y se cambi\u00f3 al Tribunal Electoral Plurinacional y a los Tribunales Departamentales, que llevaron adelante las elecciones de 2020 y no se necesita m\u00e1s an\u00e1lisis porque el GIEI ha evidenciado la crisis del sistema judicial.<\/p>\n<p>\u201cMantener las cosas como est\u00e1n representa un riesgo latente para todos los bolivianos, pues la p\u00e9rdida de legitimidad del \u00f3rgano judicial puede llevar a una mayor polarizaci\u00f3n, conflictividad, precarizaci\u00f3n de la democracia y debilitamiento del sistema democr\u00e1tico\u201d, dijo.<\/p>\n<p>Desde el oficialismo se descart\u00f3 la posibilidad de aceptar esta propuesta, por considerar que se trata de una forma de condicionar los hechos de violencia en 2019 y dejar de lado la justicia para las v\u00edctimas.<\/p>\n<p>\u201cCon esta propuesta quiere condicionar los hechos ocurridos en 2019, ah\u00ed est\u00e1 la cara del se\u00f1or Carlos Mesa, no le interesa lo que son los 38 muertos, los m\u00e1s de 1500 detenidos de manera indebida, los m\u00e1s de 800 heridos y las torturas. No le interesa, eso est\u00e1 mal\u201d, manifest\u00f3 el diputado del MAS, Juanito Angulo.<\/p>\n","protected":false},"excerpt":{"rendered":"<p>Los representantes de la alianza Comunidad Ciudadana (CC) plantean la realizaci\u00f3n de un acuerdo nacional de paz y reconciliaci\u00f3n sobre la base de las recomendaciones del Grupo Interdisciplinario de Expertos Independientes (GIEI) entregada al Estado boliviano en pasados d\u00edas. Se\u00f1alan que esta propuesta busca reformar el sistema judicial en un lapso de 90 d\u00edas. El [&hellip;]<\/p>\n","protected":false},"author":1,"featured_media":25412,"comment_status":"closed","ping_status":"closed","sticky":false,"template":"","format":"standard","meta":{"_acf_changed":false,"footnotes":""},"categories":[14],"tags":[],"class_list":["post-25411","post","type-post","status-publish","format-standard","has-post-thumbnail","category-politica"],"acf":{"antetitulo":""},"yoast_head":"<!-- This site is optimized with the Yoast SEO plugin v28.4 - https:\/\/yoast.com\/product\/yoast-seo-wordpress\/ -->\n<title>CC plantea un acuerdo nacional que permita paz y reconciliaci\u00f3n - El Diario - Bolivia<\/title>\n<meta name=\"robots\" content=\"index, follow, max-snippet:-1, max-image-preview:large, max-video-preview:-1\" \/>\n<link rel=\"canonical\" href=\"https:\/\/www.eldiario.net\/portal\/2021\/08\/24\/cc-plantea-un-acuerdo-nacional-que-permita-paz-y-reconciliacion\/\" \/>\n<meta property=\"og:locale\" content=\"es_ES\" \/>\n<meta property=\"og:type\" content=\"article\" \/>\n<meta property=\"og:title\" content=\"CC plantea un acuerdo nacional que permita paz y reconciliaci\u00f3n - El Diario - Bolivia\" \/>\n<meta property=\"og:description\" content=\"Los representantes de la alianza Comunidad Ciudadana (CC) plantean la realizaci\u00f3n de un acuerdo nacional de paz y reconciliaci\u00f3n sobre la base de las recomendaciones del Grupo Interdisciplinario de Expertos Independientes (GIEI) entregada al Estado boliviano en pasados d\u00edas. Se\u00f1alan que esta propuesta busca reformar el sistema judicial en un lapso de 90 d\u00edas. El [&hellip;]\" \/>\n<meta property=\"og:url\" content=\"https:\/\/www.eldiario.net\/portal\/2021\/08\/24\/cc-plantea-un-acuerdo-nacional-que-permita-paz-y-reconciliacion\/\" \/>\n<meta property=\"og:site_name\" content=\"El Diario - Bolivia\" \/>\n<meta property=\"article:publisher\" content=\"https:\/\/www.facebook.com\/eldiario.bolivia\/\" \/>\n<meta property=\"article:published_time\" content=\"2021-08-24T10:20:23+00:00\" \/>\n<meta name=\"author\" content=\"Jeanette\" \/>\n<meta name=\"twitter:card\" content=\"summary_large_image\" \/>\n<meta name=\"twitter:creator\" content=\"@eldiario_net\" \/>\n<meta name=\"twitter:site\" content=\"@eldiario_net\" \/>\n<meta name=\"twitter:label1\" content=\"Escrito por\" \/>\n\t<meta name=\"twitter:data1\" content=\"Jeanette\" \/>\n\t<meta name=\"twitter:label2\" content=\"Tiempo de lectura\" \/>\n\t<meta name=\"twitter:data2\" content=\"3 minutos\" \/>\n<script type=\"application\/ld+json\" class=\"yoast-schema-graph\">{\"@context\":\"https:\\\/\\\/schema.org\",\"@graph\":[{\"@type\":\"Article\",\"@id\":\"https:\\\/\\\/www.eldiario.net\\\/portal\\\/2021\\\/08\\\/24\\\/cc-plantea-un-acuerdo-nacional-que-permita-paz-y-reconciliacion\\\/#article\",\"isPartOf\":{\"@id\":\"https:\\\/\\\/www.eldiario.net\\\/portal\\\/2021\\\/08\\\/24\\\/cc-plantea-un-acuerdo-nacional-que-permita-paz-y-reconciliacion\\\/\"},\"author\":{\"name\":\"Jeanette\",\"@id\":\"https:\\\/\\\/www.eldiario.net\\\/portal\\\/#\\\/schema\\\/person\\\/f46445640444750d7d753ccd04ae01b7\"},\"headline\":\"CC plantea un acuerdo nacional que permita paz y reconciliaci\u00f3n\",\"datePublished\":\"2021-08-24T10:20:23+00:00\",\"mainEntityOfPage\":{\"@id\":\"https:\\\/\\\/www.eldiario.net\\\/portal\\\/2021\\\/08\\\/24\\\/cc-plantea-un-acuerdo-nacional-que-permita-paz-y-reconciliacion\\\/\"},\"wordCount\":535,\"publisher\":{\"@id\":\"https:\\\/\\\/www.eldiario.net\\\/portal\\\/#organization\"},\"image\":{\"@id\":\"https:\\\/\\\/www.eldiario.net\\\/portal\\\/2021\\\/08\\\/24\\\/cc-plantea-un-acuerdo-nacional-que-permita-paz-y-reconciliacion\\\/#primaryimage\"},\"thumbnailUrl\":\"\",\"articleSection\":[\"Pol\u00edtica\"],\"inLanguage\":\"es\"},{\"@type\":\"WebPage\",\"@id\":\"https:\\\/\\\/www.eldiario.net\\\/portal\\\/2021\\\/08\\\/24\\\/cc-plantea-un-acuerdo-nacional-que-permita-paz-y-reconciliacion\\\/\",\"url\":\"https:\\\/\\\/www.eldiario.net\\\/portal\\\/2021\\\/08\\\/24\\\/cc-plantea-un-acuerdo-nacional-que-permita-paz-y-reconciliacion\\\/\",\"name\":\"CC plantea un acuerdo nacional que permita paz y reconciliaci\u00f3n - El Diario - Bolivia\",\"isPartOf\":{\"@id\":\"https:\\\/\\\/www.eldiario.net\\\/portal\\\/#website\"},\"primaryImageOfPage\":{\"@id\":\"https:\\\/\\\/www.eldiario.net\\\/portal\\\/2021\\\/08\\\/24\\\/cc-plantea-un-acuerdo-nacional-que-permita-paz-y-reconciliacion\\\/#primaryimage\"},\"image\":{\"@id\":\"https:\\\/\\\/www.eldiario.net\\\/portal\\\/2021\\\/08\\\/24\\\/cc-plantea-un-acuerdo-nacional-que-permita-paz-y-reconciliacion\\\/#primaryimage\"},\"thumbnailUrl\":\"\",\"datePublished\":\"2021-08-24T10:20:23+00:00\",\"breadcrumb\":{\"@id\":\"https:\\\/\\\/www.eldiario.net\\\/portal\\\/2021\\\/08\\\/24\\\/cc-plantea-un-acuerdo-nacional-que-permita-paz-y-reconciliacion\\\/#breadcrumb\"},\"inLanguage\":\"es\",\"potentialAction\":[{\"@type\":\"ReadAction\",\"target\":[\"https:\\\/\\\/www.eldiario.net\\\/portal\\\/2021\\\/08\\\/24\\\/cc-plantea-un-acuerdo-nacional-que-permita-paz-y-reconciliacion\\\/\"]}]},{\"@type\":\"ImageObject\",\"inLanguage\":\"es\",\"@id\":\"https:\\\/\\\/www.eldiario.net\\\/portal\\\/2021\\\/08\\\/24\\\/cc-plantea-un-acuerdo-nacional-que-permita-paz-y-reconciliacion\\\/#primaryimage\",\"url\":\"\",\"contentUrl\":\"\"},{\"@type\":\"BreadcrumbList\",\"@id\":\"https:\\\/\\\/www.eldiario.net\\\/portal\\\/2021\\\/08\\\/24\\\/cc-plantea-un-acuerdo-nacional-que-permita-paz-y-reconciliacion\\\/#breadcrumb\",\"itemListElement\":[{\"@type\":\"ListItem\",\"position\":1,\"name\":\"Portada\",\"item\":\"https:\\\/\\\/www.eldiario.net\\\/portal\\\/\"},{\"@type\":\"ListItem\",\"position\":2,\"name\":\"CC plantea un acuerdo nacional que permita paz y reconciliaci\u00f3n\"}]},{\"@type\":\"WebSite\",\"@id\":\"https:\\\/\\\/www.eldiario.net\\\/portal\\\/#website\",\"url\":\"https:\\\/\\\/www.eldiario.net\\\/portal\\\/\",\"name\":\"El Diario - Decano de la prensa nacional\",\"description\":\"El Diario - Decano de la prensa nacional\",\"publisher\":{\"@id\":\"https:\\\/\\\/www.eldiario.net\\\/portal\\\/#organization\"},\"potentialAction\":[{\"@type\":\"SearchAction\",\"target\":{\"@type\":\"EntryPoint\",\"urlTemplate\":\"https:\\\/\\\/www.eldiario.net\\\/portal\\\/?s={search_term_string}\"},\"query-input\":{\"@type\":\"PropertyValueSpecification\",\"valueRequired\":true,\"valueName\":\"search_term_string\"}}],\"inLanguage\":\"es\"},{\"@type\":\"Organization\",\"@id\":\"https:\\\/\\\/www.eldiario.net\\\/portal\\\/#organization\",\"name\":\"El Diario - Decano de la prensa nacional\",\"url\":\"https:\\\/\\\/www.eldiario.net\\\/portal\\\/\",\"logo\":{\"@type\":\"ImageObject\",\"inLanguage\":\"es\",\"@id\":\"https:\\\/\\\/www.eldiario.net\\\/portal\\\/#\\\/schema\\\/logo\\\/image\\\/\",\"url\":\"https:\\\/\\\/www.eldiario.net\\\/portal\\\/wp-content\\\/uploads\\\/2023\\\/07\\\/logo_ED.jpg\",\"contentUrl\":\"https:\\\/\\\/www.eldiario.net\\\/portal\\\/wp-content\\\/uploads\\\/2023\\\/07\\\/logo_ED.jpg\",\"width\":272,\"height\":52,\"caption\":\"El Diario - Decano de la prensa nacional\"},\"image\":{\"@id\":\"https:\\\/\\\/www.eldiario.net\\\/portal\\\/#\\\/schema\\\/logo\\\/image\\\/\"},\"sameAs\":[\"https:\\\/\\\/www.facebook.com\\\/eldiario.bolivia\\\/\",\"https:\\\/\\\/x.com\\\/eldiario_net\"]},{\"@type\":\"Person\",\"@id\":\"https:\\\/\\\/www.eldiario.net\\\/portal\\\/#\\\/schema\\\/person\\\/f46445640444750d7d753ccd04ae01b7\",\"name\":\"Jeanette\",\"image\":{\"@type\":\"ImageObject\",\"inLanguage\":\"es\",\"@id\":\"https:\\\/\\\/secure.gravatar.com\\\/avatar\\\/3ea2118a5f7dad2b7138b1187a6b7ee55f160b9968b66013c3a3ef39dd7e5798?s=96&d=mm&r=g\",\"url\":\"https:\\\/\\\/secure.gravatar.com\\\/avatar\\\/3ea2118a5f7dad2b7138b1187a6b7ee55f160b9968b66013c3a3ef39dd7e5798?s=96&d=mm&r=g\",\"contentUrl\":\"https:\\\/\\\/secure.gravatar.com\\\/avatar\\\/3ea2118a5f7dad2b7138b1187a6b7ee55f160b9968b66013c3a3ef39dd7e5798?s=96&d=mm&r=g\",\"caption\":\"Jeanette\"},\"sameAs\":[\"https:\\\/\\\/www.eldiario.net\\\/portal\"],\"url\":\"https:\\\/\\\/www.eldiario.net\\\/portal\\\/author\\\/jeanette\\\/\"}]}<\/script>\n<!-- \/ Yoast SEO plugin. -->","yoast_head_json":{"title":"CC plantea un acuerdo nacional que permita paz y reconciliaci\u00f3n - El Diario - Bolivia","robots":{"index":"index","follow":"follow","max-snippet":"max-snippet:-1","max-image-preview":"max-image-preview:large","max-video-preview":"max-video-preview:-1"},"canonical":"https:\/\/www.eldiario.net\/portal\/2021\/08\/24\/cc-plantea-un-acuerdo-nacional-que-permita-paz-y-reconciliacion\/","og_locale":"es_ES","og_type":"article","og_title":"CC plantea un acuerdo nacional que permita paz y reconciliaci\u00f3n - El Diario - Bolivia","og_description":"Los representantes de la alianza Comunidad Ciudadana (CC) plantean la realizaci\u00f3n de un acuerdo nacional de paz y reconciliaci\u00f3n sobre la base de las recomendaciones del Grupo Interdisciplinario de Expertos Independientes (GIEI) entregada al Estado boliviano en pasados d\u00edas. Se\u00f1alan que esta propuesta busca reformar el sistema judicial en un lapso de 90 d\u00edas. El [&hellip;]","og_url":"https:\/\/www.eldiario.net\/portal\/2021\/08\/24\/cc-plantea-un-acuerdo-nacional-que-permita-paz-y-reconciliacion\/","og_site_name":"El Diario - Bolivia","article_publisher":"https:\/\/www.facebook.com\/eldiario.bolivia\/","article_published_time":"2021-08-24T10:20:23+00:00","author":"Jeanette","twitter_card":"summary_large_image","twitter_creator":"@eldiario_net","twitter_site":"@eldiario_net","twitter_misc":{"Escrito por":"Jeanette","Tiempo de lectura":"3 minutos"},"schema":{"@context":"https:\/\/schema.org","@graph":[{"@type":"Article","@id":"https:\/\/www.eldiario.net\/portal\/2021\/08\/24\/cc-plantea-un-acuerdo-nacional-que-permita-paz-y-reconciliacion\/#article","isPartOf":{"@id":"https:\/\/www.eldiario.net\/portal\/2021\/08\/24\/cc-plantea-un-acuerdo-nacional-que-permita-paz-y-reconciliacion\/"},"author":{"name":"Jeanette","@id":"https:\/\/www.eldiario.net\/portal\/#\/schema\/person\/f46445640444750d7d753ccd04ae01b7"},"headline":"CC plantea un acuerdo nacional que permita paz y reconciliaci\u00f3n","datePublished":"2021-08-24T10:20:23+00:00","mainEntityOfPage":{"@id":"https:\/\/www.eldiario.net\/portal\/2021\/08\/24\/cc-plantea-un-acuerdo-nacional-que-permita-paz-y-reconciliacion\/"},"wordCount":535,"publisher":{"@id":"https:\/\/www.eldiario.net\/portal\/#organization"},"image":{"@id":"https:\/\/www.eldiario.net\/portal\/2021\/08\/24\/cc-plantea-un-acuerdo-nacional-que-permita-paz-y-reconciliacion\/#primaryimage"},"thumbnailUrl":"","articleSection":["Pol\u00edtica"],"inLanguage":"es"},{"@type":"WebPage","@id":"https:\/\/www.eldiario.net\/portal\/2021\/08\/24\/cc-plantea-un-acuerdo-nacional-que-permita-paz-y-reconciliacion\/","url":"https:\/\/www.eldiario.net\/portal\/2021\/08\/24\/cc-plantea-un-acuerdo-nacional-que-permita-paz-y-reconciliacion\/","name":"CC plantea un acuerdo nacional que permita paz y reconciliaci\u00f3n - El Diario - Bolivia","isPartOf":{"@id":"https:\/\/www.eldiario.net\/portal\/#website"},"primaryImageOfPage":{"@id":"https:\/\/www.eldiario.net\/portal\/2021\/08\/24\/cc-plantea-un-acuerdo-nacional-que-permita-paz-y-reconciliacion\/#primaryimage"},"image":{"@id":"https:\/\/www.eldiario.net\/portal\/2021\/08\/24\/cc-plantea-un-acuerdo-nacional-que-permita-paz-y-reconciliacion\/#primaryimage"},"thumbnailUrl":"","datePublished":"2021-08-24T10:20:23+00:00","breadcrumb":{"@id":"https:\/\/www.eldiario.net\/portal\/2021\/08\/24\/cc-plantea-un-acuerdo-nacional-que-permita-paz-y-reconciliacion\/#breadcrumb"},"inLanguage":"es","potentialAction":[{"@type":"ReadAction","target":["https:\/\/www.eldiario.net\/portal\/2021\/08\/24\/cc-plantea-un-acuerdo-nacional-que-permita-paz-y-reconciliacion\/"]}]},{"@type":"ImageObject","inLanguage":"es","@id":"https:\/\/www.eldiario.net\/portal\/2021\/08\/24\/cc-plantea-un-acuerdo-nacional-que-permita-paz-y-reconciliacion\/#primaryimage","url":"","contentUrl":""},{"@type":"BreadcrumbList","@id":"https:\/\/www.eldiario.net\/portal\/2021\/08\/24\/cc-plantea-un-acuerdo-nacional-que-permita-paz-y-reconciliacion\/#breadcrumb","itemListElement":[{"@type":"ListItem","position":1,"name":"Portada","item":"https:\/\/www.eldiario.net\/portal\/"},{"@type":"ListItem","position":2,"name":"CC plantea un acuerdo nacional que permita paz y reconciliaci\u00f3n"}]},{"@type":"WebSite","@id":"https:\/\/www.eldiario.net\/portal\/#website","url":"https:\/\/www.eldiario.net\/portal\/","name":"El Diario - Decano de la prensa nacional","description":"El Diario - Decano de la prensa nacional","publisher":{"@id":"https:\/\/www.eldiario.net\/portal\/#organization"},"potentialAction":[{"@type":"SearchAction","target":{"@type":"EntryPoint","urlTemplate":"https:\/\/www.eldiario.net\/portal\/?s={search_term_string}"},"query-input":{"@type":"PropertyValueSpecification","valueRequired":true,"valueName":"search_term_string"}}],"inLanguage":"es"},{"@type":"Organization","@id":"https:\/\/www.eldiario.net\/portal\/#organization","name":"El Diario - Decano de la prensa nacional","url":"https:\/\/www.eldiario.net\/portal\/","logo":{"@type":"ImageObject","inLanguage":"es","@id":"https:\/\/www.eldiario.net\/portal\/#\/schema\/logo\/image\/","url":"https:\/\/www.eldiario.net\/portal\/wp-content\/uploads\/2023\/07\/logo_ED.jpg","contentUrl":"https:\/\/www.eldiario.net\/portal\/wp-content\/uploads\/2023\/07\/logo_ED.jpg","width":272,"height":52,"caption":"El Diario - Decano de la prensa nacional"},"image":{"@id":"https:\/\/www.eldiario.net\/portal\/#\/schema\/logo\/image\/"},"sameAs":["https:\/\/www.facebook.com\/eldiario.bolivia\/","https:\/\/x.com\/eldiario_net"]},{"@type":"Person","@id":"https:\/\/www.eldiario.net\/portal\/#\/schema\/person\/f46445640444750d7d753ccd04ae01b7","name":"Jeanette","image":{"@type":"ImageObject","inLanguage":"es","@id":"https:\/\/secure.gravatar.com\/avatar\/3ea2118a5f7dad2b7138b1187a6b7ee55f160b9968b66013c3a3ef39dd7e5798?s=96&d=mm&r=g","url":"https:\/\/secure.gravatar.com\/avatar\/3ea2118a5f7dad2b7138b1187a6b7ee55f160b9968b66013c3a3ef39dd7e5798?s=96&d=mm&r=g","contentUrl":"https:\/\/secure.gravatar.com\/avatar\/3ea2118a5f7dad2b7138b1187a6b7ee55f160b9968b66013c3a3ef39dd7e5798?s=96&d=mm&r=g","caption":"Jeanette"},"sameAs":["https:\/\/www.eldiario.net\/portal"],"url":"https:\/\/www.eldiario.net\/portal\/author\/jeanette\/"}]}},"_links":{"self":[{"href":"https:\/\/www.eldiario.net\/portal\/wp-json\/wp\/v2\/posts\/25411","targetHints":{"allow":["GET"]}}],"collection":[{"href":"https:\/\/www.eldiario.net\/portal\/wp-json\/wp\/v2\/posts"}],"about":[{"href":"https:\/\/www.eldiario.net\/portal\/wp-json\/wp\/v2\/types\/post"}],"author":[{"embeddable":true,"href":"https:\/\/www.eldiario.net\/portal\/wp-json\/wp\/v2\/users\/1"}],"replies":[{"embeddable":true,"href":"https:\/\/www.eldiario.net\/portal\/wp-json\/wp\/v2\/comments?post=25411"}],"version-history":[{"count":0,"href":"https:\/\/www.eldiario.net\/portal\/wp-json\/wp\/v2\/posts\/25411\/revisions"}],"wp:attachment":[{"href":"https:\/\/www.eldiario.net\/portal\/wp-json\/wp\/v2\/media?parent=25411"}],"wp:term":[{"taxonomy":"category","embeddable":true,"href":"https:\/\/www.eldiario.net\/portal\/wp-json\/wp\/v2\/categories?post=25411"},{"taxonomy":"post_tag","embeddable":true,"href":"https:\/\/www.eldiario.net\/portal\/wp-json\/wp\/v2\/tags?post=25411"}],"curies":[{"name":"wp","href":"https:\/\/api.w.org\/{rel}","templated":true}]}}