{"id":25408,"date":"2021-08-24T06:18:13","date_gmt":"2021-08-24T10:18:13","guid":{"rendered":"https:\/\/www.eldiario.net\/portal\/?p=25408"},"modified":"2021-08-24T06:18:13","modified_gmt":"2021-08-24T10:18:13","slug":"senadora-rek-exige-que-no-se-minimice-estado-salud-de-anez","status":"publish","type":"post","link":"https:\/\/www.eldiario.net\/portal\/2021\/08\/24\/senadora-rek-exige-que-no-se-minimice-estado-salud-de-anez\/","title":{"rendered":"Senadora Rek exige que no se  minimice estado salud de A\u00f1ez"},"content":{"rendered":"<p>La senadora por la agrupaci\u00f3n Creemos, Centa Rek, cuestion\u00f3 las declaraciones de autoridades gubernamentales y organismos internacionales que intentan minimizar la condici\u00f3n de salud de la ex presidenta Jeanine A\u00f1ez y exigi\u00f3 que se gestionen medidas cautelares ante la Comisi\u00f3n Interamericana de Derechos Humanos (CIDH) de la misma forma que se hizo con ex ministros de la gesti\u00f3n de Morales.<\/p>\n<p>La senadora representante del departamento de Santa Cruz lament\u00f3 las declaraciones emitidas por autoridades nacionales y de r\u00e9gimen penitenciario en las que se intenta minimizar el estado de salud de la ex presidenta.<\/p>\n<p>\u201cEn mi calidad de senadora, cuestiono las declaraciones hechas por el ministro de Gobierno y autoridades carcelarias, quienes con mucha frialdad intentan restarle importancia al estado cr\u00edtico de salud f\u00edsica y emocional de la expresidenta Jeanine A\u00f1ez\u201d, se\u00f1alo Rek mediante redes sociales.<\/p>\n<p>La parlamentaria tambi\u00e9n expres\u00f3 cr\u00edticas al informe presentado por la Comisi\u00f3n del Alto Comisionado de ONU para los DDHH Y ONU mujeres, quienes despu\u00e9s de su visita a la c\u00e1rcel de Miraflores se\u00f1alaron de forma tibia que las lesiones de la ex mandataria no revisten mayor gravedad.<\/p>\n<p>La legisladora expres\u00f3 que las instituciones encargadas del resguardo de los derechos humanos, deber\u00edan gestionar sin mayor demora una medida cautelar para proteger la vida de Jeanine A\u00f1ez, pues se corre serio peligro dadas las actuales circunstancias.<\/p>\n<p>\u201cLes recordamos que en noviembre del 2019 la CIDH gener\u00f3 este recurso para proteger a ex ministros de Evo Morales que se encontraban refugiados en las instalaciones de la embajada de M\u00e9xico, quienes no ten\u00edan riesgo de vida inminente y menos problemas cr\u00edticos de salud\u201d sostuvo.<\/p>\n<p>Por su parte, la senadora por Comunidad Ciudadana, Andrea Barrientos, anuncio la posibilidad de iniciar procesos penales en contra del ministro de gobierno y autoridades de R\u00e9gimen Penitenciario por impedir la labor de fiscalizaci\u00f3n de legisladores.<\/p>\n<p>\u201cTodas nuestras comisiones de Derechos Humanos ya han hecho los requerimientos correspondientes, hace meses, para que se pueda visitar a la ex presidenta. Cualquier asamble\u00edsta electo democr\u00e1ticamente puede y tiene la potestad de hacer inspecciones sorpresa a la instituci\u00f3n p\u00fablica que desee\u201d dijo.<\/p>\n<p>Desde el oficialismo, el diputado Juanito Angulo, se\u00f1al\u00f3 que todas las declaraciones y acciones de la oposici\u00f3n solo buscan entorpecer las investigaciones en el caso del supuesto golpe de Estado, por lo que denuncio que se busca impunidad.<\/p>\n<p>\u201cLo que pasa es que quieren poner en riesgo el proceso de investigaci\u00f3n en curso. No quieren que se investigue y se haga justicia, est\u00e1n buscando en el fondo la impunidad\u201d manifest\u00f3 el parlamentario.<\/p>\n<p>En las \u00faltimas horas, el ministro de Gobierno, Eduardo del Castillo, manifest\u00f3 que la expresidenta A\u00f1ez goza de buena salud y bienestar, por lo que pidi\u00f3 no hacer pol\u00edtica este tema.<\/p>\n<p>\u201cAquellas personas que quieran hacer pol\u00edtica con el estado de salud mental de una persona privada de libertad, no lo vamos a tolerar, porque lo \u00fanico que realizan estas acciones es perturbar la tranquilidad que tienen estas personas\u201d dijo.<\/p>\n<p>&nbsp;<\/p>\n","protected":false},"excerpt":{"rendered":"<p>La senadora por la agrupaci\u00f3n Creemos, Centa Rek, cuestion\u00f3 las declaraciones de autoridades gubernamentales y organismos internacionales que intentan minimizar la condici\u00f3n de salud de la ex presidenta Jeanine A\u00f1ez y exigi\u00f3 que se gestionen medidas cautelares ante la Comisi\u00f3n Interamericana de Derechos Humanos (CIDH) de la misma forma que se hizo con ex ministros [&hellip;]<\/p>\n","protected":false},"author":1,"featured_media":25409,"comment_status":"closed","ping_status":"closed","sticky":false,"template":"","format":"standard","meta":{"_acf_changed":false,"footnotes":""},"categories":[14],"tags":[],"class_list":["post-25408","post","type-post","status-publish","format-standard","has-post-thumbnail","category-politica"],"acf":{"antetitulo":""},"yoast_head":"<!-- This site is optimized with the Yoast SEO plugin v28.4 - https:\/\/yoast.com\/product\/yoast-seo-wordpress\/ -->\n<title>Senadora Rek exige que no se minimice estado salud de A\u00f1ez - El Diario - Bolivia<\/title>\n<meta name=\"robots\" content=\"index, follow, max-snippet:-1, max-image-preview:large, max-video-preview:-1\" \/>\n<link rel=\"canonical\" href=\"https:\/\/www.eldiario.net\/portal\/2021\/08\/24\/senadora-rek-exige-que-no-se-minimice-estado-salud-de-anez\/\" \/>\n<meta property=\"og:locale\" content=\"es_ES\" \/>\n<meta property=\"og:type\" content=\"article\" \/>\n<meta property=\"og:title\" content=\"Senadora Rek exige que no se minimice estado salud de A\u00f1ez - El Diario - Bolivia\" \/>\n<meta property=\"og:description\" content=\"La senadora por la agrupaci\u00f3n Creemos, Centa Rek, cuestion\u00f3 las declaraciones de autoridades gubernamentales y organismos internacionales que intentan minimizar la condici\u00f3n de salud de la ex presidenta Jeanine A\u00f1ez y exigi\u00f3 que se gestionen medidas cautelares ante la Comisi\u00f3n Interamericana de Derechos Humanos (CIDH) de la misma forma que se hizo con ex ministros [&hellip;]\" \/>\n<meta property=\"og:url\" content=\"https:\/\/www.eldiario.net\/portal\/2021\/08\/24\/senadora-rek-exige-que-no-se-minimice-estado-salud-de-anez\/\" \/>\n<meta property=\"og:site_name\" content=\"El Diario - Bolivia\" \/>\n<meta property=\"article:publisher\" content=\"https:\/\/www.facebook.com\/eldiario.bolivia\/\" \/>\n<meta property=\"article:published_time\" content=\"2021-08-24T10:18:13+00:00\" \/>\n<meta name=\"author\" content=\"Jeanette\" \/>\n<meta name=\"twitter:card\" content=\"summary_large_image\" \/>\n<meta name=\"twitter:creator\" content=\"@eldiario_net\" \/>\n<meta name=\"twitter:site\" content=\"@eldiario_net\" \/>\n<meta name=\"twitter:label1\" content=\"Escrito por\" \/>\n\t<meta name=\"twitter:data1\" content=\"Jeanette\" \/>\n\t<meta name=\"twitter:label2\" content=\"Tiempo de lectura\" \/>\n\t<meta name=\"twitter:data2\" content=\"3 minutos\" \/>\n<script type=\"application\/ld+json\" class=\"yoast-schema-graph\">{\"@context\":\"https:\\\/\\\/schema.org\",\"@graph\":[{\"@type\":\"Article\",\"@id\":\"https:\\\/\\\/www.eldiario.net\\\/portal\\\/2021\\\/08\\\/24\\\/senadora-rek-exige-que-no-se-minimice-estado-salud-de-anez\\\/#article\",\"isPartOf\":{\"@id\":\"https:\\\/\\\/www.eldiario.net\\\/portal\\\/2021\\\/08\\\/24\\\/senadora-rek-exige-que-no-se-minimice-estado-salud-de-anez\\\/\"},\"author\":{\"name\":\"Jeanette\",\"@id\":\"https:\\\/\\\/www.eldiario.net\\\/portal\\\/#\\\/schema\\\/person\\\/2c57cf2b7a7ae032e449e4c9b1019eac\"},\"headline\":\"Senadora Rek exige que no se minimice estado salud de A\u00f1ez\",\"datePublished\":\"2021-08-24T10:18:13+00:00\",\"mainEntityOfPage\":{\"@id\":\"https:\\\/\\\/www.eldiario.net\\\/portal\\\/2021\\\/08\\\/24\\\/senadora-rek-exige-que-no-se-minimice-estado-salud-de-anez\\\/\"},\"wordCount\":532,\"publisher\":{\"@id\":\"https:\\\/\\\/www.eldiario.net\\\/portal\\\/#organization\"},\"image\":{\"@id\":\"https:\\\/\\\/www.eldiario.net\\\/portal\\\/2021\\\/08\\\/24\\\/senadora-rek-exige-que-no-se-minimice-estado-salud-de-anez\\\/#primaryimage\"},\"thumbnailUrl\":\"\",\"articleSection\":[\"Pol\u00edtica\"],\"inLanguage\":\"es\"},{\"@type\":\"WebPage\",\"@id\":\"https:\\\/\\\/www.eldiario.net\\\/portal\\\/2021\\\/08\\\/24\\\/senadora-rek-exige-que-no-se-minimice-estado-salud-de-anez\\\/\",\"url\":\"https:\\\/\\\/www.eldiario.net\\\/portal\\\/2021\\\/08\\\/24\\\/senadora-rek-exige-que-no-se-minimice-estado-salud-de-anez\\\/\",\"name\":\"Senadora Rek exige que no se minimice estado salud de A\u00f1ez - El Diario - Bolivia\",\"isPartOf\":{\"@id\":\"https:\\\/\\\/www.eldiario.net\\\/portal\\\/#website\"},\"primaryImageOfPage\":{\"@id\":\"https:\\\/\\\/www.eldiario.net\\\/portal\\\/2021\\\/08\\\/24\\\/senadora-rek-exige-que-no-se-minimice-estado-salud-de-anez\\\/#primaryimage\"},\"image\":{\"@id\":\"https:\\\/\\\/www.eldiario.net\\\/portal\\\/2021\\\/08\\\/24\\\/senadora-rek-exige-que-no-se-minimice-estado-salud-de-anez\\\/#primaryimage\"},\"thumbnailUrl\":\"\",\"datePublished\":\"2021-08-24T10:18:13+00:00\",\"breadcrumb\":{\"@id\":\"https:\\\/\\\/www.eldiario.net\\\/portal\\\/2021\\\/08\\\/24\\\/senadora-rek-exige-que-no-se-minimice-estado-salud-de-anez\\\/#breadcrumb\"},\"inLanguage\":\"es\",\"potentialAction\":[{\"@type\":\"ReadAction\",\"target\":[\"https:\\\/\\\/www.eldiario.net\\\/portal\\\/2021\\\/08\\\/24\\\/senadora-rek-exige-que-no-se-minimice-estado-salud-de-anez\\\/\"]}]},{\"@type\":\"ImageObject\",\"inLanguage\":\"es\",\"@id\":\"https:\\\/\\\/www.eldiario.net\\\/portal\\\/2021\\\/08\\\/24\\\/senadora-rek-exige-que-no-se-minimice-estado-salud-de-anez\\\/#primaryimage\",\"url\":\"\",\"contentUrl\":\"\"},{\"@type\":\"BreadcrumbList\",\"@id\":\"https:\\\/\\\/www.eldiario.net\\\/portal\\\/2021\\\/08\\\/24\\\/senadora-rek-exige-que-no-se-minimice-estado-salud-de-anez\\\/#breadcrumb\",\"itemListElement\":[{\"@type\":\"ListItem\",\"position\":1,\"name\":\"Portada\",\"item\":\"https:\\\/\\\/www.eldiario.net\\\/portal\\\/\"},{\"@type\":\"ListItem\",\"position\":2,\"name\":\"Senadora Rek exige que no se minimice estado salud de A\u00f1ez\"}]},{\"@type\":\"WebSite\",\"@id\":\"https:\\\/\\\/www.eldiario.net\\\/portal\\\/#website\",\"url\":\"https:\\\/\\\/www.eldiario.net\\\/portal\\\/\",\"name\":\"El Diario - Decano de la prensa nacional\",\"description\":\"El Diario - Decano de la prensa nacional\",\"publisher\":{\"@id\":\"https:\\\/\\\/www.eldiario.net\\\/portal\\\/#organization\"},\"potentialAction\":[{\"@type\":\"SearchAction\",\"target\":{\"@type\":\"EntryPoint\",\"urlTemplate\":\"https:\\\/\\\/www.eldiario.net\\\/portal\\\/?s={search_term_string}\"},\"query-input\":{\"@type\":\"PropertyValueSpecification\",\"valueRequired\":true,\"valueName\":\"search_term_string\"}}],\"inLanguage\":\"es\"},{\"@type\":\"Organization\",\"@id\":\"https:\\\/\\\/www.eldiario.net\\\/portal\\\/#organization\",\"name\":\"El Diario - Decano de la prensa nacional\",\"url\":\"https:\\\/\\\/www.eldiario.net\\\/portal\\\/\",\"logo\":{\"@type\":\"ImageObject\",\"inLanguage\":\"es\",\"@id\":\"https:\\\/\\\/www.eldiario.net\\\/portal\\\/#\\\/schema\\\/logo\\\/image\\\/\",\"url\":\"https:\\\/\\\/www.eldiario.net\\\/portal\\\/wp-content\\\/uploads\\\/2023\\\/07\\\/logo_ED.jpg\",\"contentUrl\":\"https:\\\/\\\/www.eldiario.net\\\/portal\\\/wp-content\\\/uploads\\\/2023\\\/07\\\/logo_ED.jpg\",\"width\":272,\"height\":52,\"caption\":\"El Diario - Decano de la prensa nacional\"},\"image\":{\"@id\":\"https:\\\/\\\/www.eldiario.net\\\/portal\\\/#\\\/schema\\\/logo\\\/image\\\/\"},\"sameAs\":[\"https:\\\/\\\/www.facebook.com\\\/eldiario.bolivia\\\/\",\"https:\\\/\\\/x.com\\\/eldiario_net\"]},{\"@type\":\"Person\",\"@id\":\"https:\\\/\\\/www.eldiario.net\\\/portal\\\/#\\\/schema\\\/person\\\/2c57cf2b7a7ae032e449e4c9b1019eac\",\"name\":\"Jeanette\",\"image\":{\"@type\":\"ImageObject\",\"inLanguage\":\"es\",\"@id\":\"https:\\\/\\\/secure.gravatar.com\\\/avatar\\\/3ea2118a5f7dad2b7138b1187a6b7ee55f160b9968b66013c3a3ef39dd7e5798?s=96&d=mm&r=g\",\"url\":\"https:\\\/\\\/secure.gravatar.com\\\/avatar\\\/3ea2118a5f7dad2b7138b1187a6b7ee55f160b9968b66013c3a3ef39dd7e5798?s=96&d=mm&r=g\",\"contentUrl\":\"https:\\\/\\\/secure.gravatar.com\\\/avatar\\\/3ea2118a5f7dad2b7138b1187a6b7ee55f160b9968b66013c3a3ef39dd7e5798?s=96&d=mm&r=g\",\"caption\":\"Jeanette\"},\"sameAs\":[\"https:\\\/\\\/www.eldiario.net\\\/portal\"],\"url\":\"https:\\\/\\\/www.eldiario.net\\\/portal\\\/author\\\/jeanette\\\/\"}]}<\/script>\n<!-- \/ Yoast SEO plugin. -->","yoast_head_json":{"title":"Senadora Rek exige que no se minimice estado salud de A\u00f1ez - El Diario - Bolivia","robots":{"index":"index","follow":"follow","max-snippet":"max-snippet:-1","max-image-preview":"max-image-preview:large","max-video-preview":"max-video-preview:-1"},"canonical":"https:\/\/www.eldiario.net\/portal\/2021\/08\/24\/senadora-rek-exige-que-no-se-minimice-estado-salud-de-anez\/","og_locale":"es_ES","og_type":"article","og_title":"Senadora Rek exige que no se minimice estado salud de A\u00f1ez - El Diario - Bolivia","og_description":"La senadora por la agrupaci\u00f3n Creemos, Centa Rek, cuestion\u00f3 las declaraciones de autoridades gubernamentales y organismos internacionales que intentan minimizar la condici\u00f3n de salud de la ex presidenta Jeanine A\u00f1ez y exigi\u00f3 que se gestionen medidas cautelares ante la Comisi\u00f3n Interamericana de Derechos Humanos (CIDH) de la misma forma que se hizo con ex ministros [&hellip;]","og_url":"https:\/\/www.eldiario.net\/portal\/2021\/08\/24\/senadora-rek-exige-que-no-se-minimice-estado-salud-de-anez\/","og_site_name":"El Diario - Bolivia","article_publisher":"https:\/\/www.facebook.com\/eldiario.bolivia\/","article_published_time":"2021-08-24T10:18:13+00:00","author":"Jeanette","twitter_card":"summary_large_image","twitter_creator":"@eldiario_net","twitter_site":"@eldiario_net","twitter_misc":{"Escrito por":"Jeanette","Tiempo de lectura":"3 minutos"},"schema":{"@context":"https:\/\/schema.org","@graph":[{"@type":"Article","@id":"https:\/\/www.eldiario.net\/portal\/2021\/08\/24\/senadora-rek-exige-que-no-se-minimice-estado-salud-de-anez\/#article","isPartOf":{"@id":"https:\/\/www.eldiario.net\/portal\/2021\/08\/24\/senadora-rek-exige-que-no-se-minimice-estado-salud-de-anez\/"},"author":{"name":"Jeanette","@id":"https:\/\/www.eldiario.net\/portal\/#\/schema\/person\/2c57cf2b7a7ae032e449e4c9b1019eac"},"headline":"Senadora Rek exige que no se minimice estado salud de A\u00f1ez","datePublished":"2021-08-24T10:18:13+00:00","mainEntityOfPage":{"@id":"https:\/\/www.eldiario.net\/portal\/2021\/08\/24\/senadora-rek-exige-que-no-se-minimice-estado-salud-de-anez\/"},"wordCount":532,"publisher":{"@id":"https:\/\/www.eldiario.net\/portal\/#organization"},"image":{"@id":"https:\/\/www.eldiario.net\/portal\/2021\/08\/24\/senadora-rek-exige-que-no-se-minimice-estado-salud-de-anez\/#primaryimage"},"thumbnailUrl":"","articleSection":["Pol\u00edtica"],"inLanguage":"es"},{"@type":"WebPage","@id":"https:\/\/www.eldiario.net\/portal\/2021\/08\/24\/senadora-rek-exige-que-no-se-minimice-estado-salud-de-anez\/","url":"https:\/\/www.eldiario.net\/portal\/2021\/08\/24\/senadora-rek-exige-que-no-se-minimice-estado-salud-de-anez\/","name":"Senadora Rek exige que no se minimice estado salud de A\u00f1ez - El Diario - Bolivia","isPartOf":{"@id":"https:\/\/www.eldiario.net\/portal\/#website"},"primaryImageOfPage":{"@id":"https:\/\/www.eldiario.net\/portal\/2021\/08\/24\/senadora-rek-exige-que-no-se-minimice-estado-salud-de-anez\/#primaryimage"},"image":{"@id":"https:\/\/www.eldiario.net\/portal\/2021\/08\/24\/senadora-rek-exige-que-no-se-minimice-estado-salud-de-anez\/#primaryimage"},"thumbnailUrl":"","datePublished":"2021-08-24T10:18:13+00:00","breadcrumb":{"@id":"https:\/\/www.eldiario.net\/portal\/2021\/08\/24\/senadora-rek-exige-que-no-se-minimice-estado-salud-de-anez\/#breadcrumb"},"inLanguage":"es","potentialAction":[{"@type":"ReadAction","target":["https:\/\/www.eldiario.net\/portal\/2021\/08\/24\/senadora-rek-exige-que-no-se-minimice-estado-salud-de-anez\/"]}]},{"@type":"ImageObject","inLanguage":"es","@id":"https:\/\/www.eldiario.net\/portal\/2021\/08\/24\/senadora-rek-exige-que-no-se-minimice-estado-salud-de-anez\/#primaryimage","url":"","contentUrl":""},{"@type":"BreadcrumbList","@id":"https:\/\/www.eldiario.net\/portal\/2021\/08\/24\/senadora-rek-exige-que-no-se-minimice-estado-salud-de-anez\/#breadcrumb","itemListElement":[{"@type":"ListItem","position":1,"name":"Portada","item":"https:\/\/www.eldiario.net\/portal\/"},{"@type":"ListItem","position":2,"name":"Senadora Rek exige que no se minimice estado salud de A\u00f1ez"}]},{"@type":"WebSite","@id":"https:\/\/www.eldiario.net\/portal\/#website","url":"https:\/\/www.eldiario.net\/portal\/","name":"El Diario - Decano de la prensa nacional","description":"El Diario - Decano de la prensa nacional","publisher":{"@id":"https:\/\/www.eldiario.net\/portal\/#organization"},"potentialAction":[{"@type":"SearchAction","target":{"@type":"EntryPoint","urlTemplate":"https:\/\/www.eldiario.net\/portal\/?s={search_term_string}"},"query-input":{"@type":"PropertyValueSpecification","valueRequired":true,"valueName":"search_term_string"}}],"inLanguage":"es"},{"@type":"Organization","@id":"https:\/\/www.eldiario.net\/portal\/#organization","name":"El Diario - Decano de la prensa nacional","url":"https:\/\/www.eldiario.net\/portal\/","logo":{"@type":"ImageObject","inLanguage":"es","@id":"https:\/\/www.eldiario.net\/portal\/#\/schema\/logo\/image\/","url":"https:\/\/www.eldiario.net\/portal\/wp-content\/uploads\/2023\/07\/logo_ED.jpg","contentUrl":"https:\/\/www.eldiario.net\/portal\/wp-content\/uploads\/2023\/07\/logo_ED.jpg","width":272,"height":52,"caption":"El Diario - Decano de la prensa nacional"},"image":{"@id":"https:\/\/www.eldiario.net\/portal\/#\/schema\/logo\/image\/"},"sameAs":["https:\/\/www.facebook.com\/eldiario.bolivia\/","https:\/\/x.com\/eldiario_net"]},{"@type":"Person","@id":"https:\/\/www.eldiario.net\/portal\/#\/schema\/person\/2c57cf2b7a7ae032e449e4c9b1019eac","name":"Jeanette","image":{"@type":"ImageObject","inLanguage":"es","@id":"https:\/\/secure.gravatar.com\/avatar\/3ea2118a5f7dad2b7138b1187a6b7ee55f160b9968b66013c3a3ef39dd7e5798?s=96&d=mm&r=g","url":"https:\/\/secure.gravatar.com\/avatar\/3ea2118a5f7dad2b7138b1187a6b7ee55f160b9968b66013c3a3ef39dd7e5798?s=96&d=mm&r=g","contentUrl":"https:\/\/secure.gravatar.com\/avatar\/3ea2118a5f7dad2b7138b1187a6b7ee55f160b9968b66013c3a3ef39dd7e5798?s=96&d=mm&r=g","caption":"Jeanette"},"sameAs":["https:\/\/www.eldiario.net\/portal"],"url":"https:\/\/www.eldiario.net\/portal\/author\/jeanette\/"}]}},"_links":{"self":[{"href":"https:\/\/www.eldiario.net\/portal\/wp-json\/wp\/v2\/posts\/25408","targetHints":{"allow":["GET"]}}],"collection":[{"href":"https:\/\/www.eldiario.net\/portal\/wp-json\/wp\/v2\/posts"}],"about":[{"href":"https:\/\/www.eldiario.net\/portal\/wp-json\/wp\/v2\/types\/post"}],"author":[{"embeddable":true,"href":"https:\/\/www.eldiario.net\/portal\/wp-json\/wp\/v2\/users\/1"}],"replies":[{"embeddable":true,"href":"https:\/\/www.eldiario.net\/portal\/wp-json\/wp\/v2\/comments?post=25408"}],"version-history":[{"count":0,"href":"https:\/\/www.eldiario.net\/portal\/wp-json\/wp\/v2\/posts\/25408\/revisions"}],"wp:attachment":[{"href":"https:\/\/www.eldiario.net\/portal\/wp-json\/wp\/v2\/media?parent=25408"}],"wp:term":[{"taxonomy":"category","embeddable":true,"href":"https:\/\/www.eldiario.net\/portal\/wp-json\/wp\/v2\/categories?post=25408"},{"taxonomy":"post_tag","embeddable":true,"href":"https:\/\/www.eldiario.net\/portal\/wp-json\/wp\/v2\/tags?post=25408"}],"curies":[{"name":"wp","href":"https:\/\/api.w.org\/{rel}","templated":true}]}}