{"id":25404,"date":"2021-08-24T06:15:30","date_gmt":"2021-08-24T10:15:30","guid":{"rendered":"https:\/\/www.eldiario.net\/portal\/?p=25404"},"modified":"2021-08-24T06:15:30","modified_gmt":"2021-08-24T10:15:30","slug":"cidh-investiga-ejecucion-de-presuntas-victimas-en-el-caso-de-la-calancha","status":"publish","type":"post","link":"https:\/\/www.eldiario.net\/portal\/2021\/08\/24\/cidh-investiga-ejecucion-de-presuntas-victimas-en-el-caso-de-la-calancha\/","title":{"rendered":"CIDH investiga \u201cejecuci\u00f3n de presuntas  v\u00edctimas\u201d en el caso de La Calancha"},"content":{"rendered":"<p>El abogado de las v\u00edctimas dijo que es muy poco probable que la CIDH establezca que no se viol\u00f3 el derecho a la vida porque existen como pruebas los muertos y las balas de las fuerzas policiales<\/p>\n<p>La Comisi\u00f3n Interamericana de Derechos Humanos (CIDH) sostiene que no son manifiestamente infundadas las denuncias de presunta \u201cejecuci\u00f3n\u201d de Gonzalo Dur\u00e1n, Jos\u00e9 Luis Cardozo y Juan Carlos Serrudo durante en los hechos de La Calancha y que est\u00e1n siendo investigados por esta instancia internacional como graves vulneraciones a los derechos humanos y a la vida.<\/p>\n<p>\u201cTras examinar los elementos de hecho y de derecho expuestos por las partes, la Comisi\u00f3n estima que los alegatos del peticionario, referidos a la ejecuci\u00f3n de las presuntas v\u00edctimas por integrantes de la Polic\u00eda mientras participaban en una protesta y la alegada impunidad de estos hechos, no resultan manifiestamente infundadas y requieren un estudio de fondo\u201d, se\u00f1ala parte de la resoluci\u00f3n de la CIDH conocida la anterior semana.<\/p>\n<p>\u201cDe verificarse como ciertos los hechos denunciados, estos podr\u00edan caracterizar violaciones a los derechos establecidos en los art\u00edculos 4 (vida), 5 (integridad personal), 8 (garant\u00edas judiciales), 13 (libertad de expresi\u00f3n), 15 (reuni\u00f3n), 25 (protecci\u00f3n judicial) de la Convenci\u00f3n Americana, en relaci\u00f3n con su art\u00edculo 1.1 (obligaci\u00f3n de respetar los derechos), en perjuicio de la presunta v\u00edctima admitidas en el presente informe y sus familiares\u201d, a\u00f1ade.<\/p>\n<p>El abogado de las victimas del caso de La Calancha, Ariel Coronado, aclar\u00f3 que la CIDH y la Corte IDH no investigan responsabilidades personales en la comisi\u00f3n de delitos sino la responsabilidad del Estado boliviano en estos hechos de violaci\u00f3n de los derechos humanos, como el derecho a la vida.<\/p>\n<p>\u201cSi una persona ha sido privada de su vida con un disparo de fuerzas policiales, eso va a determinar, si eso concurre, va a se\u00f1alar que se viol\u00f3 el derecho a la vida por parte del Estado boliviano no una persona en particular\u201d, afirm\u00f3.<\/p>\n<p>Adem\u00e1s del derecho de acceso a la justicia, si el Estado boliviano realiz\u00f3 una investigaci\u00f3n pronta, seria, si se juzg\u00f3 a los responsables, pero como no ocurri\u00f3 eso es muy probable que tambi\u00e9n se sanciones al Estado por estos hechos, seg\u00fan las palabras de Coronado.<\/p>\n<p>El abogado dijo que es muy poco probable que la CIDH establezca que no se viol\u00f3 el derecho a la vida porque existen como pruebas los muertos y las balas de las fuerzas policiales. (Correo del Sur)<\/p>\n","protected":false},"excerpt":{"rendered":"<p>El abogado de las v\u00edctimas dijo que es muy poco probable que la CIDH establezca que no se viol\u00f3 el derecho a la vida porque existen como pruebas los muertos y las balas de las fuerzas policiales La Comisi\u00f3n Interamericana de Derechos Humanos (CIDH) sostiene que no son manifiestamente infundadas las denuncias de presunta \u201cejecuci\u00f3n\u201d [&hellip;]<\/p>\n","protected":false},"author":1,"featured_media":25405,"comment_status":"closed","ping_status":"closed","sticky":false,"template":"","format":"standard","meta":{"_acf_changed":false,"footnotes":""},"categories":[39],"tags":[],"class_list":["post-25404","post","type-post","status-publish","format-standard","has-post-thumbnail","category-sociedad"],"acf":{"antetitulo":""},"yoast_head":"<!-- This site is optimized with the Yoast SEO plugin v28.4 - https:\/\/yoast.com\/product\/yoast-seo-wordpress\/ -->\n<title>CIDH investiga \u201cejecuci\u00f3n de presuntas v\u00edctimas\u201d en el caso de La Calancha - El Diario - Bolivia<\/title>\n<meta name=\"robots\" content=\"index, follow, max-snippet:-1, max-image-preview:large, max-video-preview:-1\" \/>\n<link rel=\"canonical\" href=\"https:\/\/www.eldiario.net\/portal\/2021\/08\/24\/cidh-investiga-ejecucion-de-presuntas-victimas-en-el-caso-de-la-calancha\/\" \/>\n<meta property=\"og:locale\" content=\"es_ES\" \/>\n<meta property=\"og:type\" content=\"article\" \/>\n<meta property=\"og:title\" content=\"CIDH investiga \u201cejecuci\u00f3n de presuntas v\u00edctimas\u201d en el caso de La Calancha - El Diario - Bolivia\" \/>\n<meta property=\"og:description\" content=\"El abogado de las v\u00edctimas dijo que es muy poco probable que la CIDH establezca que no se viol\u00f3 el derecho a la vida porque existen como pruebas los muertos y las balas de las fuerzas policiales La Comisi\u00f3n Interamericana de Derechos Humanos (CIDH) sostiene que no son manifiestamente infundadas las denuncias de presunta \u201cejecuci\u00f3n\u201d [&hellip;]\" \/>\n<meta property=\"og:url\" content=\"https:\/\/www.eldiario.net\/portal\/2021\/08\/24\/cidh-investiga-ejecucion-de-presuntas-victimas-en-el-caso-de-la-calancha\/\" \/>\n<meta property=\"og:site_name\" content=\"El Diario - Bolivia\" \/>\n<meta property=\"article:publisher\" content=\"https:\/\/www.facebook.com\/eldiario.bolivia\/\" \/>\n<meta property=\"article:published_time\" content=\"2021-08-24T10:15:30+00:00\" \/>\n<meta name=\"author\" content=\"Jeanette\" \/>\n<meta name=\"twitter:card\" content=\"summary_large_image\" \/>\n<meta name=\"twitter:creator\" content=\"@eldiario_net\" \/>\n<meta name=\"twitter:site\" content=\"@eldiario_net\" \/>\n<meta name=\"twitter:label1\" content=\"Escrito por\" \/>\n\t<meta name=\"twitter:data1\" content=\"Jeanette\" \/>\n\t<meta name=\"twitter:label2\" content=\"Tiempo de lectura\" \/>\n\t<meta name=\"twitter:data2\" content=\"2 minutos\" \/>\n<script type=\"application\/ld+json\" class=\"yoast-schema-graph\">{\"@context\":\"https:\\\/\\\/schema.org\",\"@graph\":[{\"@type\":\"Article\",\"@id\":\"https:\\\/\\\/www.eldiario.net\\\/portal\\\/2021\\\/08\\\/24\\\/cidh-investiga-ejecucion-de-presuntas-victimas-en-el-caso-de-la-calancha\\\/#article\",\"isPartOf\":{\"@id\":\"https:\\\/\\\/www.eldiario.net\\\/portal\\\/2021\\\/08\\\/24\\\/cidh-investiga-ejecucion-de-presuntas-victimas-en-el-caso-de-la-calancha\\\/\"},\"author\":{\"name\":\"Jeanette\",\"@id\":\"https:\\\/\\\/www.eldiario.net\\\/portal\\\/#\\\/schema\\\/person\\\/f46445640444750d7d753ccd04ae01b7\"},\"headline\":\"CIDH investiga \u201cejecuci\u00f3n de presuntas v\u00edctimas\u201d en el caso de La Calancha\",\"datePublished\":\"2021-08-24T10:15:30+00:00\",\"mainEntityOfPage\":{\"@id\":\"https:\\\/\\\/www.eldiario.net\\\/portal\\\/2021\\\/08\\\/24\\\/cidh-investiga-ejecucion-de-presuntas-victimas-en-el-caso-de-la-calancha\\\/\"},\"wordCount\":438,\"publisher\":{\"@id\":\"https:\\\/\\\/www.eldiario.net\\\/portal\\\/#organization\"},\"image\":{\"@id\":\"https:\\\/\\\/www.eldiario.net\\\/portal\\\/2021\\\/08\\\/24\\\/cidh-investiga-ejecucion-de-presuntas-victimas-en-el-caso-de-la-calancha\\\/#primaryimage\"},\"thumbnailUrl\":\"\",\"articleSection\":[\"Sociedad - Seguridad\"],\"inLanguage\":\"es\"},{\"@type\":\"WebPage\",\"@id\":\"https:\\\/\\\/www.eldiario.net\\\/portal\\\/2021\\\/08\\\/24\\\/cidh-investiga-ejecucion-de-presuntas-victimas-en-el-caso-de-la-calancha\\\/\",\"url\":\"https:\\\/\\\/www.eldiario.net\\\/portal\\\/2021\\\/08\\\/24\\\/cidh-investiga-ejecucion-de-presuntas-victimas-en-el-caso-de-la-calancha\\\/\",\"name\":\"CIDH investiga \u201cejecuci\u00f3n de presuntas v\u00edctimas\u201d en el caso de La Calancha - El Diario - Bolivia\",\"isPartOf\":{\"@id\":\"https:\\\/\\\/www.eldiario.net\\\/portal\\\/#website\"},\"primaryImageOfPage\":{\"@id\":\"https:\\\/\\\/www.eldiario.net\\\/portal\\\/2021\\\/08\\\/24\\\/cidh-investiga-ejecucion-de-presuntas-victimas-en-el-caso-de-la-calancha\\\/#primaryimage\"},\"image\":{\"@id\":\"https:\\\/\\\/www.eldiario.net\\\/portal\\\/2021\\\/08\\\/24\\\/cidh-investiga-ejecucion-de-presuntas-victimas-en-el-caso-de-la-calancha\\\/#primaryimage\"},\"thumbnailUrl\":\"\",\"datePublished\":\"2021-08-24T10:15:30+00:00\",\"breadcrumb\":{\"@id\":\"https:\\\/\\\/www.eldiario.net\\\/portal\\\/2021\\\/08\\\/24\\\/cidh-investiga-ejecucion-de-presuntas-victimas-en-el-caso-de-la-calancha\\\/#breadcrumb\"},\"inLanguage\":\"es\",\"potentialAction\":[{\"@type\":\"ReadAction\",\"target\":[\"https:\\\/\\\/www.eldiario.net\\\/portal\\\/2021\\\/08\\\/24\\\/cidh-investiga-ejecucion-de-presuntas-victimas-en-el-caso-de-la-calancha\\\/\"]}]},{\"@type\":\"ImageObject\",\"inLanguage\":\"es\",\"@id\":\"https:\\\/\\\/www.eldiario.net\\\/portal\\\/2021\\\/08\\\/24\\\/cidh-investiga-ejecucion-de-presuntas-victimas-en-el-caso-de-la-calancha\\\/#primaryimage\",\"url\":\"\",\"contentUrl\":\"\"},{\"@type\":\"BreadcrumbList\",\"@id\":\"https:\\\/\\\/www.eldiario.net\\\/portal\\\/2021\\\/08\\\/24\\\/cidh-investiga-ejecucion-de-presuntas-victimas-en-el-caso-de-la-calancha\\\/#breadcrumb\",\"itemListElement\":[{\"@type\":\"ListItem\",\"position\":1,\"name\":\"Portada\",\"item\":\"https:\\\/\\\/www.eldiario.net\\\/portal\\\/\"},{\"@type\":\"ListItem\",\"position\":2,\"name\":\"CIDH investiga \u201cejecuci\u00f3n de presuntas v\u00edctimas\u201d en el caso de La Calancha\"}]},{\"@type\":\"WebSite\",\"@id\":\"https:\\\/\\\/www.eldiario.net\\\/portal\\\/#website\",\"url\":\"https:\\\/\\\/www.eldiario.net\\\/portal\\\/\",\"name\":\"El Diario - Decano de la prensa nacional\",\"description\":\"El Diario - Decano de la prensa nacional\",\"publisher\":{\"@id\":\"https:\\\/\\\/www.eldiario.net\\\/portal\\\/#organization\"},\"potentialAction\":[{\"@type\":\"SearchAction\",\"target\":{\"@type\":\"EntryPoint\",\"urlTemplate\":\"https:\\\/\\\/www.eldiario.net\\\/portal\\\/?s={search_term_string}\"},\"query-input\":{\"@type\":\"PropertyValueSpecification\",\"valueRequired\":true,\"valueName\":\"search_term_string\"}}],\"inLanguage\":\"es\"},{\"@type\":\"Organization\",\"@id\":\"https:\\\/\\\/www.eldiario.net\\\/portal\\\/#organization\",\"name\":\"El Diario - Decano de la prensa nacional\",\"url\":\"https:\\\/\\\/www.eldiario.net\\\/portal\\\/\",\"logo\":{\"@type\":\"ImageObject\",\"inLanguage\":\"es\",\"@id\":\"https:\\\/\\\/www.eldiario.net\\\/portal\\\/#\\\/schema\\\/logo\\\/image\\\/\",\"url\":\"https:\\\/\\\/www.eldiario.net\\\/portal\\\/wp-content\\\/uploads\\\/2023\\\/07\\\/logo_ED.jpg\",\"contentUrl\":\"https:\\\/\\\/www.eldiario.net\\\/portal\\\/wp-content\\\/uploads\\\/2023\\\/07\\\/logo_ED.jpg\",\"width\":272,\"height\":52,\"caption\":\"El Diario - Decano de la prensa nacional\"},\"image\":{\"@id\":\"https:\\\/\\\/www.eldiario.net\\\/portal\\\/#\\\/schema\\\/logo\\\/image\\\/\"},\"sameAs\":[\"https:\\\/\\\/www.facebook.com\\\/eldiario.bolivia\\\/\",\"https:\\\/\\\/x.com\\\/eldiario_net\"]},{\"@type\":\"Person\",\"@id\":\"https:\\\/\\\/www.eldiario.net\\\/portal\\\/#\\\/schema\\\/person\\\/f46445640444750d7d753ccd04ae01b7\",\"name\":\"Jeanette\",\"image\":{\"@type\":\"ImageObject\",\"inLanguage\":\"es\",\"@id\":\"https:\\\/\\\/secure.gravatar.com\\\/avatar\\\/3ea2118a5f7dad2b7138b1187a6b7ee55f160b9968b66013c3a3ef39dd7e5798?s=96&d=mm&r=g\",\"url\":\"https:\\\/\\\/secure.gravatar.com\\\/avatar\\\/3ea2118a5f7dad2b7138b1187a6b7ee55f160b9968b66013c3a3ef39dd7e5798?s=96&d=mm&r=g\",\"contentUrl\":\"https:\\\/\\\/secure.gravatar.com\\\/avatar\\\/3ea2118a5f7dad2b7138b1187a6b7ee55f160b9968b66013c3a3ef39dd7e5798?s=96&d=mm&r=g\",\"caption\":\"Jeanette\"},\"sameAs\":[\"https:\\\/\\\/www.eldiario.net\\\/portal\"],\"url\":\"https:\\\/\\\/www.eldiario.net\\\/portal\\\/author\\\/jeanette\\\/\"}]}<\/script>\n<!-- \/ Yoast SEO plugin. -->","yoast_head_json":{"title":"CIDH investiga \u201cejecuci\u00f3n de presuntas v\u00edctimas\u201d en el caso de La Calancha - El Diario - Bolivia","robots":{"index":"index","follow":"follow","max-snippet":"max-snippet:-1","max-image-preview":"max-image-preview:large","max-video-preview":"max-video-preview:-1"},"canonical":"https:\/\/www.eldiario.net\/portal\/2021\/08\/24\/cidh-investiga-ejecucion-de-presuntas-victimas-en-el-caso-de-la-calancha\/","og_locale":"es_ES","og_type":"article","og_title":"CIDH investiga \u201cejecuci\u00f3n de presuntas v\u00edctimas\u201d en el caso de La Calancha - El Diario - Bolivia","og_description":"El abogado de las v\u00edctimas dijo que es muy poco probable que la CIDH establezca que no se viol\u00f3 el derecho a la vida porque existen como pruebas los muertos y las balas de las fuerzas policiales La Comisi\u00f3n Interamericana de Derechos Humanos (CIDH) sostiene que no son manifiestamente infundadas las denuncias de presunta \u201cejecuci\u00f3n\u201d [&hellip;]","og_url":"https:\/\/www.eldiario.net\/portal\/2021\/08\/24\/cidh-investiga-ejecucion-de-presuntas-victimas-en-el-caso-de-la-calancha\/","og_site_name":"El Diario - Bolivia","article_publisher":"https:\/\/www.facebook.com\/eldiario.bolivia\/","article_published_time":"2021-08-24T10:15:30+00:00","author":"Jeanette","twitter_card":"summary_large_image","twitter_creator":"@eldiario_net","twitter_site":"@eldiario_net","twitter_misc":{"Escrito por":"Jeanette","Tiempo de lectura":"2 minutos"},"schema":{"@context":"https:\/\/schema.org","@graph":[{"@type":"Article","@id":"https:\/\/www.eldiario.net\/portal\/2021\/08\/24\/cidh-investiga-ejecucion-de-presuntas-victimas-en-el-caso-de-la-calancha\/#article","isPartOf":{"@id":"https:\/\/www.eldiario.net\/portal\/2021\/08\/24\/cidh-investiga-ejecucion-de-presuntas-victimas-en-el-caso-de-la-calancha\/"},"author":{"name":"Jeanette","@id":"https:\/\/www.eldiario.net\/portal\/#\/schema\/person\/f46445640444750d7d753ccd04ae01b7"},"headline":"CIDH investiga \u201cejecuci\u00f3n de presuntas v\u00edctimas\u201d en el caso de La Calancha","datePublished":"2021-08-24T10:15:30+00:00","mainEntityOfPage":{"@id":"https:\/\/www.eldiario.net\/portal\/2021\/08\/24\/cidh-investiga-ejecucion-de-presuntas-victimas-en-el-caso-de-la-calancha\/"},"wordCount":438,"publisher":{"@id":"https:\/\/www.eldiario.net\/portal\/#organization"},"image":{"@id":"https:\/\/www.eldiario.net\/portal\/2021\/08\/24\/cidh-investiga-ejecucion-de-presuntas-victimas-en-el-caso-de-la-calancha\/#primaryimage"},"thumbnailUrl":"","articleSection":["Sociedad - Seguridad"],"inLanguage":"es"},{"@type":"WebPage","@id":"https:\/\/www.eldiario.net\/portal\/2021\/08\/24\/cidh-investiga-ejecucion-de-presuntas-victimas-en-el-caso-de-la-calancha\/","url":"https:\/\/www.eldiario.net\/portal\/2021\/08\/24\/cidh-investiga-ejecucion-de-presuntas-victimas-en-el-caso-de-la-calancha\/","name":"CIDH investiga \u201cejecuci\u00f3n de presuntas v\u00edctimas\u201d en el caso de La Calancha - El Diario - Bolivia","isPartOf":{"@id":"https:\/\/www.eldiario.net\/portal\/#website"},"primaryImageOfPage":{"@id":"https:\/\/www.eldiario.net\/portal\/2021\/08\/24\/cidh-investiga-ejecucion-de-presuntas-victimas-en-el-caso-de-la-calancha\/#primaryimage"},"image":{"@id":"https:\/\/www.eldiario.net\/portal\/2021\/08\/24\/cidh-investiga-ejecucion-de-presuntas-victimas-en-el-caso-de-la-calancha\/#primaryimage"},"thumbnailUrl":"","datePublished":"2021-08-24T10:15:30+00:00","breadcrumb":{"@id":"https:\/\/www.eldiario.net\/portal\/2021\/08\/24\/cidh-investiga-ejecucion-de-presuntas-victimas-en-el-caso-de-la-calancha\/#breadcrumb"},"inLanguage":"es","potentialAction":[{"@type":"ReadAction","target":["https:\/\/www.eldiario.net\/portal\/2021\/08\/24\/cidh-investiga-ejecucion-de-presuntas-victimas-en-el-caso-de-la-calancha\/"]}]},{"@type":"ImageObject","inLanguage":"es","@id":"https:\/\/www.eldiario.net\/portal\/2021\/08\/24\/cidh-investiga-ejecucion-de-presuntas-victimas-en-el-caso-de-la-calancha\/#primaryimage","url":"","contentUrl":""},{"@type":"BreadcrumbList","@id":"https:\/\/www.eldiario.net\/portal\/2021\/08\/24\/cidh-investiga-ejecucion-de-presuntas-victimas-en-el-caso-de-la-calancha\/#breadcrumb","itemListElement":[{"@type":"ListItem","position":1,"name":"Portada","item":"https:\/\/www.eldiario.net\/portal\/"},{"@type":"ListItem","position":2,"name":"CIDH investiga \u201cejecuci\u00f3n de presuntas v\u00edctimas\u201d en el caso de La Calancha"}]},{"@type":"WebSite","@id":"https:\/\/www.eldiario.net\/portal\/#website","url":"https:\/\/www.eldiario.net\/portal\/","name":"El Diario - Decano de la prensa nacional","description":"El Diario - Decano de la prensa nacional","publisher":{"@id":"https:\/\/www.eldiario.net\/portal\/#organization"},"potentialAction":[{"@type":"SearchAction","target":{"@type":"EntryPoint","urlTemplate":"https:\/\/www.eldiario.net\/portal\/?s={search_term_string}"},"query-input":{"@type":"PropertyValueSpecification","valueRequired":true,"valueName":"search_term_string"}}],"inLanguage":"es"},{"@type":"Organization","@id":"https:\/\/www.eldiario.net\/portal\/#organization","name":"El Diario - Decano de la prensa nacional","url":"https:\/\/www.eldiario.net\/portal\/","logo":{"@type":"ImageObject","inLanguage":"es","@id":"https:\/\/www.eldiario.net\/portal\/#\/schema\/logo\/image\/","url":"https:\/\/www.eldiario.net\/portal\/wp-content\/uploads\/2023\/07\/logo_ED.jpg","contentUrl":"https:\/\/www.eldiario.net\/portal\/wp-content\/uploads\/2023\/07\/logo_ED.jpg","width":272,"height":52,"caption":"El Diario - Decano de la prensa nacional"},"image":{"@id":"https:\/\/www.eldiario.net\/portal\/#\/schema\/logo\/image\/"},"sameAs":["https:\/\/www.facebook.com\/eldiario.bolivia\/","https:\/\/x.com\/eldiario_net"]},{"@type":"Person","@id":"https:\/\/www.eldiario.net\/portal\/#\/schema\/person\/f46445640444750d7d753ccd04ae01b7","name":"Jeanette","image":{"@type":"ImageObject","inLanguage":"es","@id":"https:\/\/secure.gravatar.com\/avatar\/3ea2118a5f7dad2b7138b1187a6b7ee55f160b9968b66013c3a3ef39dd7e5798?s=96&d=mm&r=g","url":"https:\/\/secure.gravatar.com\/avatar\/3ea2118a5f7dad2b7138b1187a6b7ee55f160b9968b66013c3a3ef39dd7e5798?s=96&d=mm&r=g","contentUrl":"https:\/\/secure.gravatar.com\/avatar\/3ea2118a5f7dad2b7138b1187a6b7ee55f160b9968b66013c3a3ef39dd7e5798?s=96&d=mm&r=g","caption":"Jeanette"},"sameAs":["https:\/\/www.eldiario.net\/portal"],"url":"https:\/\/www.eldiario.net\/portal\/author\/jeanette\/"}]}},"_links":{"self":[{"href":"https:\/\/www.eldiario.net\/portal\/wp-json\/wp\/v2\/posts\/25404","targetHints":{"allow":["GET"]}}],"collection":[{"href":"https:\/\/www.eldiario.net\/portal\/wp-json\/wp\/v2\/posts"}],"about":[{"href":"https:\/\/www.eldiario.net\/portal\/wp-json\/wp\/v2\/types\/post"}],"author":[{"embeddable":true,"href":"https:\/\/www.eldiario.net\/portal\/wp-json\/wp\/v2\/users\/1"}],"replies":[{"embeddable":true,"href":"https:\/\/www.eldiario.net\/portal\/wp-json\/wp\/v2\/comments?post=25404"}],"version-history":[{"count":0,"href":"https:\/\/www.eldiario.net\/portal\/wp-json\/wp\/v2\/posts\/25404\/revisions"}],"wp:attachment":[{"href":"https:\/\/www.eldiario.net\/portal\/wp-json\/wp\/v2\/media?parent=25404"}],"wp:term":[{"taxonomy":"category","embeddable":true,"href":"https:\/\/www.eldiario.net\/portal\/wp-json\/wp\/v2\/categories?post=25404"},{"taxonomy":"post_tag","embeddable":true,"href":"https:\/\/www.eldiario.net\/portal\/wp-json\/wp\/v2\/tags?post=25404"}],"curies":[{"name":"wp","href":"https:\/\/api.w.org\/{rel}","templated":true}]}}