{"id":25395,"date":"2021-08-24T06:11:33","date_gmt":"2021-08-24T10:11:33","guid":{"rendered":"https:\/\/www.eldiario.net\/portal\/?p=25395"},"modified":"2021-08-24T06:11:33","modified_gmt":"2021-08-24T10:11:33","slug":"terceros-exige-peritaje-a-carta-supuestamente-firmada-por-el","status":"publish","type":"post","link":"https:\/\/www.eldiario.net\/portal\/2021\/08\/24\/terceros-exige-peritaje-a-carta-supuestamente-firmada-por-el\/","title":{"rendered":"Terceros exige peritaje a carta  supuestamente firmada por \u00e9l"},"content":{"rendered":"<p>En su declaraci\u00f3n informativa por una segunda denuncia de tr\u00e1fico il\u00edcito de armas, tenencia, porte o portaci\u00f3n il\u00edcita, el excomandante de la Fuerza A\u00e9rea Boliviana (FAB), general Jorge Terceros exigi\u00f3 que la carta de agradecimiento por el env\u00edo de material no letal de Argentina a Bolivia en 2019 que presuntamente tiene su firma y es usada como prueba en su contra, sea sometida a un peritaje internacional porque asegura que es falsa, inform\u00f3 a EL DIARIO, el abogado Jorge Santistevan, que patrocina al exjefe militar.<\/p>\n<p>Santistevan precis\u00f3 que, en la declaraci\u00f3n informativa, programada para las 15:00 horas de este lunes en el penal de Palmasola (Santa Cruz de la Sierra), donde guarda detenci\u00f3n preventiva por el caso de supuesto golpe de Estado, desde el pasado 4 de julio, su patrocinado asegur\u00f3 que tanto el contenido como la carta es falsa.<\/p>\n<p>\u201c\u00c9l fue notificado con una fotograf\u00eda de p\u00e9sima calidad tomada de un medio de comunicaci\u00f3n y no as\u00ed con el documento original o por lo menos una fotocopia legible y\/o legalizada; adem\u00e1s asegura que ninguna autoridad militar ni pol\u00edtica le hizo conocer sobre ese material para Bolivia y menos si lleg\u00f3 al pa\u00eds\u201d, dijo.<\/p>\n<p>El jurista aclar\u00f3 que, en respuesta a una pregunta de la Fiscal\u00eda, su cliente apunt\u00f3 que hasta el d\u00eda 12 de noviembre de 2019, d\u00eda en que dej\u00f3 su cargo a disposici\u00f3n, no sobrevol\u00f3 ni lleg\u00f3 ning\u00fan avi\u00f3n extranjero al pa\u00eds.<\/p>\n<p>Asimismo, el jurista manifest\u00f3 que, en la declaraci\u00f3n de su patrocinado, el Ministerio P\u00fablico realiz\u00f3 aproximadamente 12 preguntas referidas a la presunta carta relacionada con el tr\u00e1fico il\u00edcito de armas. Lament\u00f3 que en la notificaci\u00f3n hayan enviado solamente una fotograf\u00eda de la carta publicada en un medio de comunicaci\u00f3n y no la original o por lo menos una copia legible que aseguraron existe.<\/p>\n<p>En ese marco apunt\u00f3 que su patrocinado exigi\u00f3 al Ministerio P\u00fablico realizar una investigaci\u00f3n y dar con la \u201ccarta original fraudulenta\u201d para que la misma sea sometida a un peritaje internacional y que los responsables de la manipulaci\u00f3n \u201cdolosa\u201d sean procesados conforme a ley.<\/p>\n<p>\u201cYa es suficiente con tanta manipulaci\u00f3n del caso, deben parar con esta farsa. Si bien la justicia y Ministerio P\u00fablico temerariamente est\u00e1 manejando este proceso, en alg\u00fan momento ser\u00e1n ellos quienes purguen penas\u201d, dijo el jurista.<\/p>\n<p>&nbsp;<\/p>\n<p>CARTA ORIGINAL<\/p>\n<p>El pasado 7 de julio, cuando surgi\u00f3 la versi\u00f3n de la presunta falsificaci\u00f3n de la nota donde hace menci\u00f3n al env\u00edo de \u201cmaterial b\u00e9lico\u201d a Bolivia en 2019, el ministro de Defensa, Edmundo Novillo, asegur\u00f3 la veracidad del documento e incluso dijo que se encuentra en los archivos de la Fuerza A\u00e9rea Boliviana (FAB).<\/p>\n<p>La autoridad asegur\u00f3 que pudo corroborar la existencia de la nota del excomandante Terceros al entonces embajador de Argentina en Bolivia, Normando \u00c1lvarez, a trav\u00e9s de una solicitud de una copia fiel del original al Departamento Cuarto de Log\u00edstica de la FAB.<\/p>\n<p>\u201cEsta carta en original est\u00e1 en los archivos del Comando General de la FAB. Revisados esos archivos, constatada su autenticidad, es que me han certificado la existencia de esta carta de agradecimiento. Consiguientemente, con m\u00e9rito a esta carta, debo manifestar que existe el documento original, aut\u00e9ntico en los archivos del Comando General de la FAB\u201d, asegur\u00f3.<\/p>\n<p>Novillo inform\u00f3 que el 13 de noviembre arrib\u00f3 a la ciudad de La Paz un avi\u00f3n C-130 de la Fuerza A\u00e9rea Argentina transportando personas y cargamento, presuntamente el material antidisturbios, del cual se sospecha que fue utilizado para reprimir protestas.<\/p>\n","protected":false},"excerpt":{"rendered":"<p>En su declaraci\u00f3n informativa por una segunda denuncia de tr\u00e1fico il\u00edcito de armas, tenencia, porte o portaci\u00f3n il\u00edcita, el excomandante de la Fuerza A\u00e9rea Boliviana (FAB), general Jorge Terceros exigi\u00f3 que la carta de agradecimiento por el env\u00edo de material no letal de Argentina a Bolivia en 2019 que presuntamente tiene su firma y es [&hellip;]<\/p>\n","protected":false},"author":1,"featured_media":25396,"comment_status":"closed","ping_status":"closed","sticky":false,"template":"","format":"standard","meta":{"_acf_changed":false,"footnotes":""},"categories":[39],"tags":[],"class_list":["post-25395","post","type-post","status-publish","format-standard","has-post-thumbnail","category-sociedad"],"acf":{"antetitulo":""},"yoast_head":"<!-- This site is optimized with the Yoast SEO plugin v28.4 - https:\/\/yoast.com\/product\/yoast-seo-wordpress\/ -->\n<title>Terceros exige peritaje a carta supuestamente firmada por \u00e9l - El Diario - Bolivia<\/title>\n<meta name=\"robots\" content=\"index, follow, max-snippet:-1, max-image-preview:large, max-video-preview:-1\" \/>\n<link rel=\"canonical\" href=\"https:\/\/www.eldiario.net\/portal\/2021\/08\/24\/terceros-exige-peritaje-a-carta-supuestamente-firmada-por-el\/\" \/>\n<meta property=\"og:locale\" content=\"es_ES\" \/>\n<meta property=\"og:type\" content=\"article\" \/>\n<meta property=\"og:title\" content=\"Terceros exige peritaje a carta supuestamente firmada por \u00e9l - El Diario - Bolivia\" \/>\n<meta property=\"og:description\" content=\"En su declaraci\u00f3n informativa por una segunda denuncia de tr\u00e1fico il\u00edcito de armas, tenencia, porte o portaci\u00f3n il\u00edcita, el excomandante de la Fuerza A\u00e9rea Boliviana (FAB), general Jorge Terceros exigi\u00f3 que la carta de agradecimiento por el env\u00edo de material no letal de Argentina a Bolivia en 2019 que presuntamente tiene su firma y es [&hellip;]\" \/>\n<meta property=\"og:url\" content=\"https:\/\/www.eldiario.net\/portal\/2021\/08\/24\/terceros-exige-peritaje-a-carta-supuestamente-firmada-por-el\/\" \/>\n<meta property=\"og:site_name\" content=\"El Diario - Bolivia\" \/>\n<meta property=\"article:publisher\" content=\"https:\/\/www.facebook.com\/eldiario.bolivia\/\" \/>\n<meta property=\"article:published_time\" content=\"2021-08-24T10:11:33+00:00\" \/>\n<meta property=\"og:image\" content=\"https:\/\/www.eldiario.net\/portal\/wp-content\/uploads\/2021\/08\/SEGU-Terceros-exige-peritaje-a-carta.jpg\" \/>\n\t<meta property=\"og:image:width\" content=\"276\" \/>\n\t<meta property=\"og:image:height\" content=\"183\" \/>\n\t<meta property=\"og:image:type\" content=\"image\/jpeg\" \/>\n<meta name=\"author\" content=\"Jeanette\" \/>\n<meta name=\"twitter:card\" content=\"summary_large_image\" \/>\n<meta name=\"twitter:creator\" content=\"@eldiario_net\" \/>\n<meta name=\"twitter:site\" content=\"@eldiario_net\" \/>\n<meta name=\"twitter:label1\" content=\"Escrito por\" \/>\n\t<meta name=\"twitter:data1\" content=\"Jeanette\" \/>\n\t<meta name=\"twitter:label2\" content=\"Tiempo de lectura\" \/>\n\t<meta name=\"twitter:data2\" content=\"3 minutos\" \/>\n<script type=\"application\/ld+json\" class=\"yoast-schema-graph\">{\"@context\":\"https:\\\/\\\/schema.org\",\"@graph\":[{\"@type\":\"Article\",\"@id\":\"https:\\\/\\\/www.eldiario.net\\\/portal\\\/2021\\\/08\\\/24\\\/terceros-exige-peritaje-a-carta-supuestamente-firmada-por-el\\\/#article\",\"isPartOf\":{\"@id\":\"https:\\\/\\\/www.eldiario.net\\\/portal\\\/2021\\\/08\\\/24\\\/terceros-exige-peritaje-a-carta-supuestamente-firmada-por-el\\\/\"},\"author\":{\"name\":\"Jeanette\",\"@id\":\"https:\\\/\\\/www.eldiario.net\\\/portal\\\/#\\\/schema\\\/person\\\/f46445640444750d7d753ccd04ae01b7\"},\"headline\":\"Terceros exige peritaje a carta supuestamente firmada por \u00e9l\",\"datePublished\":\"2021-08-24T10:11:33+00:00\",\"mainEntityOfPage\":{\"@id\":\"https:\\\/\\\/www.eldiario.net\\\/portal\\\/2021\\\/08\\\/24\\\/terceros-exige-peritaje-a-carta-supuestamente-firmada-por-el\\\/\"},\"wordCount\":622,\"publisher\":{\"@id\":\"https:\\\/\\\/www.eldiario.net\\\/portal\\\/#organization\"},\"image\":{\"@id\":\"https:\\\/\\\/www.eldiario.net\\\/portal\\\/2021\\\/08\\\/24\\\/terceros-exige-peritaje-a-carta-supuestamente-firmada-por-el\\\/#primaryimage\"},\"thumbnailUrl\":\"https:\\\/\\\/www.eldiario.net\\\/portal\\\/wp-content\\\/uploads\\\/2021\\\/08\\\/SEGU-Terceros-exige-peritaje-a-carta.jpg\",\"articleSection\":[\"Sociedad - Seguridad\"],\"inLanguage\":\"es\"},{\"@type\":\"WebPage\",\"@id\":\"https:\\\/\\\/www.eldiario.net\\\/portal\\\/2021\\\/08\\\/24\\\/terceros-exige-peritaje-a-carta-supuestamente-firmada-por-el\\\/\",\"url\":\"https:\\\/\\\/www.eldiario.net\\\/portal\\\/2021\\\/08\\\/24\\\/terceros-exige-peritaje-a-carta-supuestamente-firmada-por-el\\\/\",\"name\":\"Terceros exige peritaje a carta supuestamente firmada por \u00e9l - El Diario - Bolivia\",\"isPartOf\":{\"@id\":\"https:\\\/\\\/www.eldiario.net\\\/portal\\\/#website\"},\"primaryImageOfPage\":{\"@id\":\"https:\\\/\\\/www.eldiario.net\\\/portal\\\/2021\\\/08\\\/24\\\/terceros-exige-peritaje-a-carta-supuestamente-firmada-por-el\\\/#primaryimage\"},\"image\":{\"@id\":\"https:\\\/\\\/www.eldiario.net\\\/portal\\\/2021\\\/08\\\/24\\\/terceros-exige-peritaje-a-carta-supuestamente-firmada-por-el\\\/#primaryimage\"},\"thumbnailUrl\":\"https:\\\/\\\/www.eldiario.net\\\/portal\\\/wp-content\\\/uploads\\\/2021\\\/08\\\/SEGU-Terceros-exige-peritaje-a-carta.jpg\",\"datePublished\":\"2021-08-24T10:11:33+00:00\",\"breadcrumb\":{\"@id\":\"https:\\\/\\\/www.eldiario.net\\\/portal\\\/2021\\\/08\\\/24\\\/terceros-exige-peritaje-a-carta-supuestamente-firmada-por-el\\\/#breadcrumb\"},\"inLanguage\":\"es\",\"potentialAction\":[{\"@type\":\"ReadAction\",\"target\":[\"https:\\\/\\\/www.eldiario.net\\\/portal\\\/2021\\\/08\\\/24\\\/terceros-exige-peritaje-a-carta-supuestamente-firmada-por-el\\\/\"]}]},{\"@type\":\"ImageObject\",\"inLanguage\":\"es\",\"@id\":\"https:\\\/\\\/www.eldiario.net\\\/portal\\\/2021\\\/08\\\/24\\\/terceros-exige-peritaje-a-carta-supuestamente-firmada-por-el\\\/#primaryimage\",\"url\":\"https:\\\/\\\/www.eldiario.net\\\/portal\\\/wp-content\\\/uploads\\\/2021\\\/08\\\/SEGU-Terceros-exige-peritaje-a-carta.jpg\",\"contentUrl\":\"https:\\\/\\\/www.eldiario.net\\\/portal\\\/wp-content\\\/uploads\\\/2021\\\/08\\\/SEGU-Terceros-exige-peritaje-a-carta.jpg\",\"width\":276,\"height\":183,\"caption\":\"LA FIRMA ORIGINAL DEL GENERAL TERCEROS Y LA PRESUNTA R\u00daBRICA FALSIFICADA.\"},{\"@type\":\"BreadcrumbList\",\"@id\":\"https:\\\/\\\/www.eldiario.net\\\/portal\\\/2021\\\/08\\\/24\\\/terceros-exige-peritaje-a-carta-supuestamente-firmada-por-el\\\/#breadcrumb\",\"itemListElement\":[{\"@type\":\"ListItem\",\"position\":1,\"name\":\"Portada\",\"item\":\"https:\\\/\\\/www.eldiario.net\\\/portal\\\/\"},{\"@type\":\"ListItem\",\"position\":2,\"name\":\"Terceros exige peritaje a carta supuestamente firmada por \u00e9l\"}]},{\"@type\":\"WebSite\",\"@id\":\"https:\\\/\\\/www.eldiario.net\\\/portal\\\/#website\",\"url\":\"https:\\\/\\\/www.eldiario.net\\\/portal\\\/\",\"name\":\"El Diario - Decano de la prensa nacional\",\"description\":\"El Diario - Decano de la prensa nacional\",\"publisher\":{\"@id\":\"https:\\\/\\\/www.eldiario.net\\\/portal\\\/#organization\"},\"potentialAction\":[{\"@type\":\"SearchAction\",\"target\":{\"@type\":\"EntryPoint\",\"urlTemplate\":\"https:\\\/\\\/www.eldiario.net\\\/portal\\\/?s={search_term_string}\"},\"query-input\":{\"@type\":\"PropertyValueSpecification\",\"valueRequired\":true,\"valueName\":\"search_term_string\"}}],\"inLanguage\":\"es\"},{\"@type\":\"Organization\",\"@id\":\"https:\\\/\\\/www.eldiario.net\\\/portal\\\/#organization\",\"name\":\"El Diario - Decano de la prensa nacional\",\"url\":\"https:\\\/\\\/www.eldiario.net\\\/portal\\\/\",\"logo\":{\"@type\":\"ImageObject\",\"inLanguage\":\"es\",\"@id\":\"https:\\\/\\\/www.eldiario.net\\\/portal\\\/#\\\/schema\\\/logo\\\/image\\\/\",\"url\":\"https:\\\/\\\/www.eldiario.net\\\/portal\\\/wp-content\\\/uploads\\\/2023\\\/07\\\/logo_ED.jpg\",\"contentUrl\":\"https:\\\/\\\/www.eldiario.net\\\/portal\\\/wp-content\\\/uploads\\\/2023\\\/07\\\/logo_ED.jpg\",\"width\":272,\"height\":52,\"caption\":\"El Diario - Decano de la prensa nacional\"},\"image\":{\"@id\":\"https:\\\/\\\/www.eldiario.net\\\/portal\\\/#\\\/schema\\\/logo\\\/image\\\/\"},\"sameAs\":[\"https:\\\/\\\/www.facebook.com\\\/eldiario.bolivia\\\/\",\"https:\\\/\\\/x.com\\\/eldiario_net\"]},{\"@type\":\"Person\",\"@id\":\"https:\\\/\\\/www.eldiario.net\\\/portal\\\/#\\\/schema\\\/person\\\/f46445640444750d7d753ccd04ae01b7\",\"name\":\"Jeanette\",\"image\":{\"@type\":\"ImageObject\",\"inLanguage\":\"es\",\"@id\":\"https:\\\/\\\/secure.gravatar.com\\\/avatar\\\/3ea2118a5f7dad2b7138b1187a6b7ee55f160b9968b66013c3a3ef39dd7e5798?s=96&d=mm&r=g\",\"url\":\"https:\\\/\\\/secure.gravatar.com\\\/avatar\\\/3ea2118a5f7dad2b7138b1187a6b7ee55f160b9968b66013c3a3ef39dd7e5798?s=96&d=mm&r=g\",\"contentUrl\":\"https:\\\/\\\/secure.gravatar.com\\\/avatar\\\/3ea2118a5f7dad2b7138b1187a6b7ee55f160b9968b66013c3a3ef39dd7e5798?s=96&d=mm&r=g\",\"caption\":\"Jeanette\"},\"sameAs\":[\"https:\\\/\\\/www.eldiario.net\\\/portal\"],\"url\":\"https:\\\/\\\/www.eldiario.net\\\/portal\\\/author\\\/jeanette\\\/\"}]}<\/script>\n<!-- \/ Yoast SEO plugin. -->","yoast_head_json":{"title":"Terceros exige peritaje a carta supuestamente firmada por \u00e9l - El Diario - Bolivia","robots":{"index":"index","follow":"follow","max-snippet":"max-snippet:-1","max-image-preview":"max-image-preview:large","max-video-preview":"max-video-preview:-1"},"canonical":"https:\/\/www.eldiario.net\/portal\/2021\/08\/24\/terceros-exige-peritaje-a-carta-supuestamente-firmada-por-el\/","og_locale":"es_ES","og_type":"article","og_title":"Terceros exige peritaje a carta supuestamente firmada por \u00e9l - El Diario - Bolivia","og_description":"En su declaraci\u00f3n informativa por una segunda denuncia de tr\u00e1fico il\u00edcito de armas, tenencia, porte o portaci\u00f3n il\u00edcita, el excomandante de la Fuerza A\u00e9rea Boliviana (FAB), general Jorge Terceros exigi\u00f3 que la carta de agradecimiento por el env\u00edo de material no letal de Argentina a Bolivia en 2019 que presuntamente tiene su firma y es [&hellip;]","og_url":"https:\/\/www.eldiario.net\/portal\/2021\/08\/24\/terceros-exige-peritaje-a-carta-supuestamente-firmada-por-el\/","og_site_name":"El Diario - Bolivia","article_publisher":"https:\/\/www.facebook.com\/eldiario.bolivia\/","article_published_time":"2021-08-24T10:11:33+00:00","og_image":[{"width":276,"height":183,"url":"https:\/\/www.eldiario.net\/portal\/wp-content\/uploads\/2021\/08\/SEGU-Terceros-exige-peritaje-a-carta.jpg","type":"image\/jpeg"}],"author":"Jeanette","twitter_card":"summary_large_image","twitter_creator":"@eldiario_net","twitter_site":"@eldiario_net","twitter_misc":{"Escrito por":"Jeanette","Tiempo de lectura":"3 minutos"},"schema":{"@context":"https:\/\/schema.org","@graph":[{"@type":"Article","@id":"https:\/\/www.eldiario.net\/portal\/2021\/08\/24\/terceros-exige-peritaje-a-carta-supuestamente-firmada-por-el\/#article","isPartOf":{"@id":"https:\/\/www.eldiario.net\/portal\/2021\/08\/24\/terceros-exige-peritaje-a-carta-supuestamente-firmada-por-el\/"},"author":{"name":"Jeanette","@id":"https:\/\/www.eldiario.net\/portal\/#\/schema\/person\/f46445640444750d7d753ccd04ae01b7"},"headline":"Terceros exige peritaje a carta supuestamente firmada por \u00e9l","datePublished":"2021-08-24T10:11:33+00:00","mainEntityOfPage":{"@id":"https:\/\/www.eldiario.net\/portal\/2021\/08\/24\/terceros-exige-peritaje-a-carta-supuestamente-firmada-por-el\/"},"wordCount":622,"publisher":{"@id":"https:\/\/www.eldiario.net\/portal\/#organization"},"image":{"@id":"https:\/\/www.eldiario.net\/portal\/2021\/08\/24\/terceros-exige-peritaje-a-carta-supuestamente-firmada-por-el\/#primaryimage"},"thumbnailUrl":"https:\/\/www.eldiario.net\/portal\/wp-content\/uploads\/2021\/08\/SEGU-Terceros-exige-peritaje-a-carta.jpg","articleSection":["Sociedad - Seguridad"],"inLanguage":"es"},{"@type":"WebPage","@id":"https:\/\/www.eldiario.net\/portal\/2021\/08\/24\/terceros-exige-peritaje-a-carta-supuestamente-firmada-por-el\/","url":"https:\/\/www.eldiario.net\/portal\/2021\/08\/24\/terceros-exige-peritaje-a-carta-supuestamente-firmada-por-el\/","name":"Terceros exige peritaje a carta supuestamente firmada por \u00e9l - El Diario - Bolivia","isPartOf":{"@id":"https:\/\/www.eldiario.net\/portal\/#website"},"primaryImageOfPage":{"@id":"https:\/\/www.eldiario.net\/portal\/2021\/08\/24\/terceros-exige-peritaje-a-carta-supuestamente-firmada-por-el\/#primaryimage"},"image":{"@id":"https:\/\/www.eldiario.net\/portal\/2021\/08\/24\/terceros-exige-peritaje-a-carta-supuestamente-firmada-por-el\/#primaryimage"},"thumbnailUrl":"https:\/\/www.eldiario.net\/portal\/wp-content\/uploads\/2021\/08\/SEGU-Terceros-exige-peritaje-a-carta.jpg","datePublished":"2021-08-24T10:11:33+00:00","breadcrumb":{"@id":"https:\/\/www.eldiario.net\/portal\/2021\/08\/24\/terceros-exige-peritaje-a-carta-supuestamente-firmada-por-el\/#breadcrumb"},"inLanguage":"es","potentialAction":[{"@type":"ReadAction","target":["https:\/\/www.eldiario.net\/portal\/2021\/08\/24\/terceros-exige-peritaje-a-carta-supuestamente-firmada-por-el\/"]}]},{"@type":"ImageObject","inLanguage":"es","@id":"https:\/\/www.eldiario.net\/portal\/2021\/08\/24\/terceros-exige-peritaje-a-carta-supuestamente-firmada-por-el\/#primaryimage","url":"https:\/\/www.eldiario.net\/portal\/wp-content\/uploads\/2021\/08\/SEGU-Terceros-exige-peritaje-a-carta.jpg","contentUrl":"https:\/\/www.eldiario.net\/portal\/wp-content\/uploads\/2021\/08\/SEGU-Terceros-exige-peritaje-a-carta.jpg","width":276,"height":183,"caption":"LA FIRMA ORIGINAL DEL GENERAL TERCEROS Y LA PRESUNTA R\u00daBRICA FALSIFICADA."},{"@type":"BreadcrumbList","@id":"https:\/\/www.eldiario.net\/portal\/2021\/08\/24\/terceros-exige-peritaje-a-carta-supuestamente-firmada-por-el\/#breadcrumb","itemListElement":[{"@type":"ListItem","position":1,"name":"Portada","item":"https:\/\/www.eldiario.net\/portal\/"},{"@type":"ListItem","position":2,"name":"Terceros exige peritaje a carta supuestamente firmada por \u00e9l"}]},{"@type":"WebSite","@id":"https:\/\/www.eldiario.net\/portal\/#website","url":"https:\/\/www.eldiario.net\/portal\/","name":"El Diario - Decano de la prensa nacional","description":"El Diario - Decano de la prensa nacional","publisher":{"@id":"https:\/\/www.eldiario.net\/portal\/#organization"},"potentialAction":[{"@type":"SearchAction","target":{"@type":"EntryPoint","urlTemplate":"https:\/\/www.eldiario.net\/portal\/?s={search_term_string}"},"query-input":{"@type":"PropertyValueSpecification","valueRequired":true,"valueName":"search_term_string"}}],"inLanguage":"es"},{"@type":"Organization","@id":"https:\/\/www.eldiario.net\/portal\/#organization","name":"El Diario - Decano de la prensa nacional","url":"https:\/\/www.eldiario.net\/portal\/","logo":{"@type":"ImageObject","inLanguage":"es","@id":"https:\/\/www.eldiario.net\/portal\/#\/schema\/logo\/image\/","url":"https:\/\/www.eldiario.net\/portal\/wp-content\/uploads\/2023\/07\/logo_ED.jpg","contentUrl":"https:\/\/www.eldiario.net\/portal\/wp-content\/uploads\/2023\/07\/logo_ED.jpg","width":272,"height":52,"caption":"El Diario - Decano de la prensa nacional"},"image":{"@id":"https:\/\/www.eldiario.net\/portal\/#\/schema\/logo\/image\/"},"sameAs":["https:\/\/www.facebook.com\/eldiario.bolivia\/","https:\/\/x.com\/eldiario_net"]},{"@type":"Person","@id":"https:\/\/www.eldiario.net\/portal\/#\/schema\/person\/f46445640444750d7d753ccd04ae01b7","name":"Jeanette","image":{"@type":"ImageObject","inLanguage":"es","@id":"https:\/\/secure.gravatar.com\/avatar\/3ea2118a5f7dad2b7138b1187a6b7ee55f160b9968b66013c3a3ef39dd7e5798?s=96&d=mm&r=g","url":"https:\/\/secure.gravatar.com\/avatar\/3ea2118a5f7dad2b7138b1187a6b7ee55f160b9968b66013c3a3ef39dd7e5798?s=96&d=mm&r=g","contentUrl":"https:\/\/secure.gravatar.com\/avatar\/3ea2118a5f7dad2b7138b1187a6b7ee55f160b9968b66013c3a3ef39dd7e5798?s=96&d=mm&r=g","caption":"Jeanette"},"sameAs":["https:\/\/www.eldiario.net\/portal"],"url":"https:\/\/www.eldiario.net\/portal\/author\/jeanette\/"}]}},"_links":{"self":[{"href":"https:\/\/www.eldiario.net\/portal\/wp-json\/wp\/v2\/posts\/25395","targetHints":{"allow":["GET"]}}],"collection":[{"href":"https:\/\/www.eldiario.net\/portal\/wp-json\/wp\/v2\/posts"}],"about":[{"href":"https:\/\/www.eldiario.net\/portal\/wp-json\/wp\/v2\/types\/post"}],"author":[{"embeddable":true,"href":"https:\/\/www.eldiario.net\/portal\/wp-json\/wp\/v2\/users\/1"}],"replies":[{"embeddable":true,"href":"https:\/\/www.eldiario.net\/portal\/wp-json\/wp\/v2\/comments?post=25395"}],"version-history":[{"count":0,"href":"https:\/\/www.eldiario.net\/portal\/wp-json\/wp\/v2\/posts\/25395\/revisions"}],"wp:featuredmedia":[{"embeddable":true,"href":"https:\/\/www.eldiario.net\/portal\/wp-json\/wp\/v2\/media\/25396"}],"wp:attachment":[{"href":"https:\/\/www.eldiario.net\/portal\/wp-json\/wp\/v2\/media?parent=25395"}],"wp:term":[{"taxonomy":"category","embeddable":true,"href":"https:\/\/www.eldiario.net\/portal\/wp-json\/wp\/v2\/categories?post=25395"},{"taxonomy":"post_tag","embeddable":true,"href":"https:\/\/www.eldiario.net\/portal\/wp-json\/wp\/v2\/tags?post=25395"}],"curies":[{"name":"wp","href":"https:\/\/api.w.org\/{rel}","templated":true}]}}