{"id":25392,"date":"2021-08-24T06:10:22","date_gmt":"2021-08-24T10:10:22","guid":{"rendered":"https:\/\/www.eldiario.net\/portal\/?p=25392"},"modified":"2021-08-24T06:10:22","modified_gmt":"2021-08-24T10:10:22","slug":"declaran-a-catedral-y-arzobispado-de-sucre-como-primado-de-bolivia","status":"publish","type":"post","link":"https:\/\/www.eldiario.net\/portal\/2021\/08\/24\/declaran-a-catedral-y-arzobispado-de-sucre-como-primado-de-bolivia\/","title":{"rendered":"Declaran a Catedral y Arzobispado de Sucre como primado de Bolivia"},"content":{"rendered":"<p>El Vaticano declar\u00f3 oficialmente a la Catedral Metropolitana y al Arzobispado de Sucre como Primado de Bolivia, el anhelo de Monse\u00f1or Jes\u00fas P\u00e9rez.<\/p>\n<p>El Papa Francisco confirm\u00f3 a trav\u00e9s de una Bula Papal la declaraci\u00f3n oficial de la Catedral Metropolitana de Sucre y del Arzobispado de Sucre como el Primado de Bolivia.<\/p>\n<p>El 12 de septiembre llegar\u00e1 a Sucre el nuncio apost\u00f3lico quien junto al clero chuquisaque\u00f1o realizar\u00e1 una ceremonia especial ungiendo desde ese d\u00eda a la Iglesia de Sucre como la Primada de Bolivia. Estas gestiones fueron iniciadas por el entonces Arzobispo de Sucre Monse\u00f1or Jes\u00fas P\u00e9rez Rodr\u00edguez.<\/p>\n","protected":false},"excerpt":{"rendered":"<p>El Vaticano declar\u00f3 oficialmente a la Catedral Metropolitana y al Arzobispado de Sucre como Primado de Bolivia, el anhelo de Monse\u00f1or Jes\u00fas P\u00e9rez. El Papa Francisco confirm\u00f3 a trav\u00e9s de una Bula Papal la declaraci\u00f3n oficial de la Catedral Metropolitana de Sucre y del Arzobispado de Sucre como el Primado de Bolivia. El 12 de [&hellip;]<\/p>\n","protected":false},"author":1,"featured_media":25393,"comment_status":"closed","ping_status":"closed","sticky":false,"template":"","format":"standard","meta":{"_acf_changed":false,"footnotes":""},"categories":[12],"tags":[],"class_list":["post-25392","post","type-post","status-publish","format-standard","has-post-thumbnail","category-nacional"],"acf":{"antetitulo":""},"yoast_head":"<!-- This site is optimized with the Yoast SEO plugin v28.4 - https:\/\/yoast.com\/product\/yoast-seo-wordpress\/ -->\n<title>Declaran a Catedral y Arzobispado de Sucre como primado de Bolivia - El Diario - Bolivia<\/title>\n<meta name=\"robots\" content=\"index, follow, max-snippet:-1, max-image-preview:large, max-video-preview:-1\" \/>\n<link rel=\"canonical\" href=\"https:\/\/www.eldiario.net\/portal\/2021\/08\/24\/declaran-a-catedral-y-arzobispado-de-sucre-como-primado-de-bolivia\/\" \/>\n<meta property=\"og:locale\" content=\"es_ES\" \/>\n<meta property=\"og:type\" content=\"article\" \/>\n<meta property=\"og:title\" content=\"Declaran a Catedral y Arzobispado de Sucre como primado de Bolivia - El Diario - Bolivia\" \/>\n<meta property=\"og:description\" content=\"El Vaticano declar\u00f3 oficialmente a la Catedral Metropolitana y al Arzobispado de Sucre como Primado de Bolivia, el anhelo de Monse\u00f1or Jes\u00fas P\u00e9rez. El Papa Francisco confirm\u00f3 a trav\u00e9s de una Bula Papal la declaraci\u00f3n oficial de la Catedral Metropolitana de Sucre y del Arzobispado de Sucre como el Primado de Bolivia. El 12 de [&hellip;]\" \/>\n<meta property=\"og:url\" content=\"https:\/\/www.eldiario.net\/portal\/2021\/08\/24\/declaran-a-catedral-y-arzobispado-de-sucre-como-primado-de-bolivia\/\" \/>\n<meta property=\"og:site_name\" content=\"El Diario - Bolivia\" \/>\n<meta property=\"article:publisher\" content=\"https:\/\/www.facebook.com\/eldiario.bolivia\/\" \/>\n<meta property=\"article:published_time\" content=\"2021-08-24T10:10:22+00:00\" \/>\n<meta name=\"author\" content=\"Jeanette\" \/>\n<meta name=\"twitter:card\" content=\"summary_large_image\" \/>\n<meta name=\"twitter:creator\" content=\"@eldiario_net\" \/>\n<meta name=\"twitter:site\" content=\"@eldiario_net\" \/>\n<meta name=\"twitter:label1\" content=\"Escrito por\" \/>\n\t<meta name=\"twitter:data1\" content=\"Jeanette\" \/>\n\t<meta name=\"twitter:label2\" content=\"Tiempo de lectura\" \/>\n\t<meta name=\"twitter:data2\" content=\"1 minuto\" \/>\n<script type=\"application\/ld+json\" class=\"yoast-schema-graph\">{\"@context\":\"https:\\\/\\\/schema.org\",\"@graph\":[{\"@type\":\"Article\",\"@id\":\"https:\\\/\\\/www.eldiario.net\\\/portal\\\/2021\\\/08\\\/24\\\/declaran-a-catedral-y-arzobispado-de-sucre-como-primado-de-bolivia\\\/#article\",\"isPartOf\":{\"@id\":\"https:\\\/\\\/www.eldiario.net\\\/portal\\\/2021\\\/08\\\/24\\\/declaran-a-catedral-y-arzobispado-de-sucre-como-primado-de-bolivia\\\/\"},\"author\":{\"name\":\"Jeanette\",\"@id\":\"https:\\\/\\\/www.eldiario.net\\\/portal\\\/#\\\/schema\\\/person\\\/f46445640444750d7d753ccd04ae01b7\"},\"headline\":\"Declaran a Catedral y Arzobispado de Sucre como primado de Bolivia\",\"datePublished\":\"2021-08-24T10:10:22+00:00\",\"mainEntityOfPage\":{\"@id\":\"https:\\\/\\\/www.eldiario.net\\\/portal\\\/2021\\\/08\\\/24\\\/declaran-a-catedral-y-arzobispado-de-sucre-como-primado-de-bolivia\\\/\"},\"wordCount\":121,\"publisher\":{\"@id\":\"https:\\\/\\\/www.eldiario.net\\\/portal\\\/#organization\"},\"image\":{\"@id\":\"https:\\\/\\\/www.eldiario.net\\\/portal\\\/2021\\\/08\\\/24\\\/declaran-a-catedral-y-arzobispado-de-sucre-como-primado-de-bolivia\\\/#primaryimage\"},\"thumbnailUrl\":\"\",\"articleSection\":[\"Nacional\"],\"inLanguage\":\"es\"},{\"@type\":\"WebPage\",\"@id\":\"https:\\\/\\\/www.eldiario.net\\\/portal\\\/2021\\\/08\\\/24\\\/declaran-a-catedral-y-arzobispado-de-sucre-como-primado-de-bolivia\\\/\",\"url\":\"https:\\\/\\\/www.eldiario.net\\\/portal\\\/2021\\\/08\\\/24\\\/declaran-a-catedral-y-arzobispado-de-sucre-como-primado-de-bolivia\\\/\",\"name\":\"Declaran a Catedral y Arzobispado de Sucre como primado de Bolivia - El Diario - Bolivia\",\"isPartOf\":{\"@id\":\"https:\\\/\\\/www.eldiario.net\\\/portal\\\/#website\"},\"primaryImageOfPage\":{\"@id\":\"https:\\\/\\\/www.eldiario.net\\\/portal\\\/2021\\\/08\\\/24\\\/declaran-a-catedral-y-arzobispado-de-sucre-como-primado-de-bolivia\\\/#primaryimage\"},\"image\":{\"@id\":\"https:\\\/\\\/www.eldiario.net\\\/portal\\\/2021\\\/08\\\/24\\\/declaran-a-catedral-y-arzobispado-de-sucre-como-primado-de-bolivia\\\/#primaryimage\"},\"thumbnailUrl\":\"\",\"datePublished\":\"2021-08-24T10:10:22+00:00\",\"breadcrumb\":{\"@id\":\"https:\\\/\\\/www.eldiario.net\\\/portal\\\/2021\\\/08\\\/24\\\/declaran-a-catedral-y-arzobispado-de-sucre-como-primado-de-bolivia\\\/#breadcrumb\"},\"inLanguage\":\"es\",\"potentialAction\":[{\"@type\":\"ReadAction\",\"target\":[\"https:\\\/\\\/www.eldiario.net\\\/portal\\\/2021\\\/08\\\/24\\\/declaran-a-catedral-y-arzobispado-de-sucre-como-primado-de-bolivia\\\/\"]}]},{\"@type\":\"ImageObject\",\"inLanguage\":\"es\",\"@id\":\"https:\\\/\\\/www.eldiario.net\\\/portal\\\/2021\\\/08\\\/24\\\/declaran-a-catedral-y-arzobispado-de-sucre-como-primado-de-bolivia\\\/#primaryimage\",\"url\":\"\",\"contentUrl\":\"\"},{\"@type\":\"BreadcrumbList\",\"@id\":\"https:\\\/\\\/www.eldiario.net\\\/portal\\\/2021\\\/08\\\/24\\\/declaran-a-catedral-y-arzobispado-de-sucre-como-primado-de-bolivia\\\/#breadcrumb\",\"itemListElement\":[{\"@type\":\"ListItem\",\"position\":1,\"name\":\"Portada\",\"item\":\"https:\\\/\\\/www.eldiario.net\\\/portal\\\/\"},{\"@type\":\"ListItem\",\"position\":2,\"name\":\"Declaran a Catedral y Arzobispado de Sucre como primado de Bolivia\"}]},{\"@type\":\"WebSite\",\"@id\":\"https:\\\/\\\/www.eldiario.net\\\/portal\\\/#website\",\"url\":\"https:\\\/\\\/www.eldiario.net\\\/portal\\\/\",\"name\":\"El Diario - Decano de la prensa nacional\",\"description\":\"El Diario - Decano de la prensa nacional\",\"publisher\":{\"@id\":\"https:\\\/\\\/www.eldiario.net\\\/portal\\\/#organization\"},\"potentialAction\":[{\"@type\":\"SearchAction\",\"target\":{\"@type\":\"EntryPoint\",\"urlTemplate\":\"https:\\\/\\\/www.eldiario.net\\\/portal\\\/?s={search_term_string}\"},\"query-input\":{\"@type\":\"PropertyValueSpecification\",\"valueRequired\":true,\"valueName\":\"search_term_string\"}}],\"inLanguage\":\"es\"},{\"@type\":\"Organization\",\"@id\":\"https:\\\/\\\/www.eldiario.net\\\/portal\\\/#organization\",\"name\":\"El Diario - Decano de la prensa nacional\",\"url\":\"https:\\\/\\\/www.eldiario.net\\\/portal\\\/\",\"logo\":{\"@type\":\"ImageObject\",\"inLanguage\":\"es\",\"@id\":\"https:\\\/\\\/www.eldiario.net\\\/portal\\\/#\\\/schema\\\/logo\\\/image\\\/\",\"url\":\"https:\\\/\\\/www.eldiario.net\\\/portal\\\/wp-content\\\/uploads\\\/2023\\\/07\\\/logo_ED.jpg\",\"contentUrl\":\"https:\\\/\\\/www.eldiario.net\\\/portal\\\/wp-content\\\/uploads\\\/2023\\\/07\\\/logo_ED.jpg\",\"width\":272,\"height\":52,\"caption\":\"El Diario - Decano de la prensa nacional\"},\"image\":{\"@id\":\"https:\\\/\\\/www.eldiario.net\\\/portal\\\/#\\\/schema\\\/logo\\\/image\\\/\"},\"sameAs\":[\"https:\\\/\\\/www.facebook.com\\\/eldiario.bolivia\\\/\",\"https:\\\/\\\/x.com\\\/eldiario_net\"]},{\"@type\":\"Person\",\"@id\":\"https:\\\/\\\/www.eldiario.net\\\/portal\\\/#\\\/schema\\\/person\\\/f46445640444750d7d753ccd04ae01b7\",\"name\":\"Jeanette\",\"image\":{\"@type\":\"ImageObject\",\"inLanguage\":\"es\",\"@id\":\"https:\\\/\\\/secure.gravatar.com\\\/avatar\\\/3ea2118a5f7dad2b7138b1187a6b7ee55f160b9968b66013c3a3ef39dd7e5798?s=96&d=mm&r=g\",\"url\":\"https:\\\/\\\/secure.gravatar.com\\\/avatar\\\/3ea2118a5f7dad2b7138b1187a6b7ee55f160b9968b66013c3a3ef39dd7e5798?s=96&d=mm&r=g\",\"contentUrl\":\"https:\\\/\\\/secure.gravatar.com\\\/avatar\\\/3ea2118a5f7dad2b7138b1187a6b7ee55f160b9968b66013c3a3ef39dd7e5798?s=96&d=mm&r=g\",\"caption\":\"Jeanette\"},\"sameAs\":[\"https:\\\/\\\/www.eldiario.net\\\/portal\"],\"url\":\"https:\\\/\\\/www.eldiario.net\\\/portal\\\/author\\\/jeanette\\\/\"}]}<\/script>\n<!-- \/ Yoast SEO plugin. -->","yoast_head_json":{"title":"Declaran a Catedral y Arzobispado de Sucre como primado de Bolivia - El Diario - Bolivia","robots":{"index":"index","follow":"follow","max-snippet":"max-snippet:-1","max-image-preview":"max-image-preview:large","max-video-preview":"max-video-preview:-1"},"canonical":"https:\/\/www.eldiario.net\/portal\/2021\/08\/24\/declaran-a-catedral-y-arzobispado-de-sucre-como-primado-de-bolivia\/","og_locale":"es_ES","og_type":"article","og_title":"Declaran a Catedral y Arzobispado de Sucre como primado de Bolivia - El Diario - Bolivia","og_description":"El Vaticano declar\u00f3 oficialmente a la Catedral Metropolitana y al Arzobispado de Sucre como Primado de Bolivia, el anhelo de Monse\u00f1or Jes\u00fas P\u00e9rez. El Papa Francisco confirm\u00f3 a trav\u00e9s de una Bula Papal la declaraci\u00f3n oficial de la Catedral Metropolitana de Sucre y del Arzobispado de Sucre como el Primado de Bolivia. El 12 de [&hellip;]","og_url":"https:\/\/www.eldiario.net\/portal\/2021\/08\/24\/declaran-a-catedral-y-arzobispado-de-sucre-como-primado-de-bolivia\/","og_site_name":"El Diario - Bolivia","article_publisher":"https:\/\/www.facebook.com\/eldiario.bolivia\/","article_published_time":"2021-08-24T10:10:22+00:00","author":"Jeanette","twitter_card":"summary_large_image","twitter_creator":"@eldiario_net","twitter_site":"@eldiario_net","twitter_misc":{"Escrito por":"Jeanette","Tiempo de lectura":"1 minuto"},"schema":{"@context":"https:\/\/schema.org","@graph":[{"@type":"Article","@id":"https:\/\/www.eldiario.net\/portal\/2021\/08\/24\/declaran-a-catedral-y-arzobispado-de-sucre-como-primado-de-bolivia\/#article","isPartOf":{"@id":"https:\/\/www.eldiario.net\/portal\/2021\/08\/24\/declaran-a-catedral-y-arzobispado-de-sucre-como-primado-de-bolivia\/"},"author":{"name":"Jeanette","@id":"https:\/\/www.eldiario.net\/portal\/#\/schema\/person\/f46445640444750d7d753ccd04ae01b7"},"headline":"Declaran a Catedral y Arzobispado de Sucre como primado de Bolivia","datePublished":"2021-08-24T10:10:22+00:00","mainEntityOfPage":{"@id":"https:\/\/www.eldiario.net\/portal\/2021\/08\/24\/declaran-a-catedral-y-arzobispado-de-sucre-como-primado-de-bolivia\/"},"wordCount":121,"publisher":{"@id":"https:\/\/www.eldiario.net\/portal\/#organization"},"image":{"@id":"https:\/\/www.eldiario.net\/portal\/2021\/08\/24\/declaran-a-catedral-y-arzobispado-de-sucre-como-primado-de-bolivia\/#primaryimage"},"thumbnailUrl":"","articleSection":["Nacional"],"inLanguage":"es"},{"@type":"WebPage","@id":"https:\/\/www.eldiario.net\/portal\/2021\/08\/24\/declaran-a-catedral-y-arzobispado-de-sucre-como-primado-de-bolivia\/","url":"https:\/\/www.eldiario.net\/portal\/2021\/08\/24\/declaran-a-catedral-y-arzobispado-de-sucre-como-primado-de-bolivia\/","name":"Declaran a Catedral y Arzobispado de Sucre como primado de Bolivia - El Diario - Bolivia","isPartOf":{"@id":"https:\/\/www.eldiario.net\/portal\/#website"},"primaryImageOfPage":{"@id":"https:\/\/www.eldiario.net\/portal\/2021\/08\/24\/declaran-a-catedral-y-arzobispado-de-sucre-como-primado-de-bolivia\/#primaryimage"},"image":{"@id":"https:\/\/www.eldiario.net\/portal\/2021\/08\/24\/declaran-a-catedral-y-arzobispado-de-sucre-como-primado-de-bolivia\/#primaryimage"},"thumbnailUrl":"","datePublished":"2021-08-24T10:10:22+00:00","breadcrumb":{"@id":"https:\/\/www.eldiario.net\/portal\/2021\/08\/24\/declaran-a-catedral-y-arzobispado-de-sucre-como-primado-de-bolivia\/#breadcrumb"},"inLanguage":"es","potentialAction":[{"@type":"ReadAction","target":["https:\/\/www.eldiario.net\/portal\/2021\/08\/24\/declaran-a-catedral-y-arzobispado-de-sucre-como-primado-de-bolivia\/"]}]},{"@type":"ImageObject","inLanguage":"es","@id":"https:\/\/www.eldiario.net\/portal\/2021\/08\/24\/declaran-a-catedral-y-arzobispado-de-sucre-como-primado-de-bolivia\/#primaryimage","url":"","contentUrl":""},{"@type":"BreadcrumbList","@id":"https:\/\/www.eldiario.net\/portal\/2021\/08\/24\/declaran-a-catedral-y-arzobispado-de-sucre-como-primado-de-bolivia\/#breadcrumb","itemListElement":[{"@type":"ListItem","position":1,"name":"Portada","item":"https:\/\/www.eldiario.net\/portal\/"},{"@type":"ListItem","position":2,"name":"Declaran a Catedral y Arzobispado de Sucre como primado de Bolivia"}]},{"@type":"WebSite","@id":"https:\/\/www.eldiario.net\/portal\/#website","url":"https:\/\/www.eldiario.net\/portal\/","name":"El Diario - Decano de la prensa nacional","description":"El Diario - Decano de la prensa nacional","publisher":{"@id":"https:\/\/www.eldiario.net\/portal\/#organization"},"potentialAction":[{"@type":"SearchAction","target":{"@type":"EntryPoint","urlTemplate":"https:\/\/www.eldiario.net\/portal\/?s={search_term_string}"},"query-input":{"@type":"PropertyValueSpecification","valueRequired":true,"valueName":"search_term_string"}}],"inLanguage":"es"},{"@type":"Organization","@id":"https:\/\/www.eldiario.net\/portal\/#organization","name":"El Diario - Decano de la prensa nacional","url":"https:\/\/www.eldiario.net\/portal\/","logo":{"@type":"ImageObject","inLanguage":"es","@id":"https:\/\/www.eldiario.net\/portal\/#\/schema\/logo\/image\/","url":"https:\/\/www.eldiario.net\/portal\/wp-content\/uploads\/2023\/07\/logo_ED.jpg","contentUrl":"https:\/\/www.eldiario.net\/portal\/wp-content\/uploads\/2023\/07\/logo_ED.jpg","width":272,"height":52,"caption":"El Diario - Decano de la prensa nacional"},"image":{"@id":"https:\/\/www.eldiario.net\/portal\/#\/schema\/logo\/image\/"},"sameAs":["https:\/\/www.facebook.com\/eldiario.bolivia\/","https:\/\/x.com\/eldiario_net"]},{"@type":"Person","@id":"https:\/\/www.eldiario.net\/portal\/#\/schema\/person\/f46445640444750d7d753ccd04ae01b7","name":"Jeanette","image":{"@type":"ImageObject","inLanguage":"es","@id":"https:\/\/secure.gravatar.com\/avatar\/3ea2118a5f7dad2b7138b1187a6b7ee55f160b9968b66013c3a3ef39dd7e5798?s=96&d=mm&r=g","url":"https:\/\/secure.gravatar.com\/avatar\/3ea2118a5f7dad2b7138b1187a6b7ee55f160b9968b66013c3a3ef39dd7e5798?s=96&d=mm&r=g","contentUrl":"https:\/\/secure.gravatar.com\/avatar\/3ea2118a5f7dad2b7138b1187a6b7ee55f160b9968b66013c3a3ef39dd7e5798?s=96&d=mm&r=g","caption":"Jeanette"},"sameAs":["https:\/\/www.eldiario.net\/portal"],"url":"https:\/\/www.eldiario.net\/portal\/author\/jeanette\/"}]}},"_links":{"self":[{"href":"https:\/\/www.eldiario.net\/portal\/wp-json\/wp\/v2\/posts\/25392","targetHints":{"allow":["GET"]}}],"collection":[{"href":"https:\/\/www.eldiario.net\/portal\/wp-json\/wp\/v2\/posts"}],"about":[{"href":"https:\/\/www.eldiario.net\/portal\/wp-json\/wp\/v2\/types\/post"}],"author":[{"embeddable":true,"href":"https:\/\/www.eldiario.net\/portal\/wp-json\/wp\/v2\/users\/1"}],"replies":[{"embeddable":true,"href":"https:\/\/www.eldiario.net\/portal\/wp-json\/wp\/v2\/comments?post=25392"}],"version-history":[{"count":0,"href":"https:\/\/www.eldiario.net\/portal\/wp-json\/wp\/v2\/posts\/25392\/revisions"}],"wp:attachment":[{"href":"https:\/\/www.eldiario.net\/portal\/wp-json\/wp\/v2\/media?parent=25392"}],"wp:term":[{"taxonomy":"category","embeddable":true,"href":"https:\/\/www.eldiario.net\/portal\/wp-json\/wp\/v2\/categories?post=25392"},{"taxonomy":"post_tag","embeddable":true,"href":"https:\/\/www.eldiario.net\/portal\/wp-json\/wp\/v2\/tags?post=25392"}],"curies":[{"name":"wp","href":"https:\/\/api.w.org\/{rel}","templated":true}]}}