{"id":25389,"date":"2021-08-24T06:09:44","date_gmt":"2021-08-24T10:09:44","guid":{"rendered":"https:\/\/www.eldiario.net\/portal\/?p=25389"},"modified":"2021-08-24T06:09:44","modified_gmt":"2021-08-24T10:09:44","slug":"comercializan-mentisan-falsificado","status":"publish","type":"post","link":"https:\/\/www.eldiario.net\/portal\/2021\/08\/24\/comercializan-mentisan-falsificado\/","title":{"rendered":"Comercializan Mentisan falsificado"},"content":{"rendered":"<p>El medicamento esencial en los hogares bolivianos est\u00e1 siendo falsificado. En visitas sorpresas que hizo el personal de Droguer\u00eda INTI en mercados, farmacias clandestinas y centros populares, se pudo evidenciar que comerciantes comercializan el Mentisan en envases falsificados y, sin las m\u00ednimas condiciones de calidad.<\/p>\n<p>Fernando \u00c1lvarez, asesor cient\u00edfico de Droguer\u00eda INTI, alert\u00f3 que esta acci\u00f3n de personas inescrupulosas, adem\u00e1s de atentar contra la industria boliviana y omitir todos los procesos de producci\u00f3n que conllevan desarrollar cada envase de este ung\u00fcento bals\u00e1mico, puede significar riesgos leves y graves para la salud de la poblaci\u00f3n.<\/p>\n<p>\u201cCada envase de mentisan que se produce en Droguer\u00eda INTI, tiene un proceso de producci\u00f3n cient\u00edfica de calidad. Todos nuestros procesos son aprobados por la Agencia Estatal de Medicamentos (Agemed). Nos regimos bajo las Buenas Pr\u00e1cticas de Manufactura. Mantenemos un est\u00e1ndar que garantiza el principio activo de este ung\u00fcento \u00fatil para tratar y prevenir diversas dolencias. Instamos a la poblaci\u00f3n a verificar antes de comprar el producto y ante cualquier duda llamar al (+591) 2176634\u201d, alert\u00f3.<\/p>\n<p>Ronald Reyes, Gerente General de la firma farmac\u00e9utica l\u00edder en el pa\u00eds, tambi\u00e9n expres\u00f3 su preocupaci\u00f3n por este comportamiento que est\u00e1n realizando algunos comerciantes y asegur\u00f3 que este producto cumpli\u00f3 este 2021, 83 a\u00f1os desde que se produjo la primera lata de mentisan y ha sido esencial para que muchas personas puedan prevenir gripes, descongestionar v\u00edas respiratorias, calmar dolores reum\u00e1ticos, musculares, aliviar estados de resequedad, entre otros usos.<\/p>\n<p>\u201cInstamos a las autoridades nacionales de salud a poder prevenir la falsificaci\u00f3n no solo de productos y medicamentos como el mentisan sino de otros f\u00e1rmacos y l\u00e1cteos de f\u00f3rmulas que est\u00e1n ingresando por la v\u00eda ilegal o siendo falsificados, vulnerando impuestos y atentando contra la salud de la poblaci\u00f3n, incluso de los ni\u00f1os\u201d, coment\u00f3 el directivo.<\/p>\n<p>mentisan se comercializa en los tradicionales envases met\u00e1licos de 15 y 25 gramos. Tambi\u00e9n existen envases de pl\u00e1stico de 20, 40 y 60 gramos y un tubo de 8 gramos con un aplicador especial para ser usado en los labios. Hace poco Droguer\u00eda INTI present\u00f3 el mentisan ung\u00fcento con aroma a lim\u00f3n en pote pl\u00e1stico de 40 gramos.<\/p>\n<p>\u201cCompre un producto de una farmacia autorizada por Servicio Departamental de Salud de ese departamento, verifique tambi\u00e9n el envase, la impresi\u00f3n, la fecha de vencimiento, el lote y, ante cualquier duda, no lo compre. As\u00ed tambi\u00e9n evite adquirir productos en ferias, mercados o tiendas donde no cumplen con un correcto almacenaje del producto\u201d, concluy\u00f3 \u00c1lvarez.<\/p>\n","protected":false},"excerpt":{"rendered":"<p>El medicamento esencial en los hogares bolivianos est\u00e1 siendo falsificado. En visitas sorpresas que hizo el personal de Droguer\u00eda INTI en mercados, farmacias clandestinas y centros populares, se pudo evidenciar que comerciantes comercializan el Mentisan en envases falsificados y, sin las m\u00ednimas condiciones de calidad. Fernando \u00c1lvarez, asesor cient\u00edfico de Droguer\u00eda INTI, alert\u00f3 que esta [&hellip;]<\/p>\n","protected":false},"author":1,"featured_media":25390,"comment_status":"closed","ping_status":"closed","sticky":false,"template":"","format":"standard","meta":{"_acf_changed":false,"footnotes":""},"categories":[7],"tags":[],"class_list":["post-25389","post","type-post","status-publish","format-standard","has-post-thumbnail","category-economia"],"acf":{"antetitulo":""},"yoast_head":"<!-- This site is optimized with the Yoast SEO plugin v28.4 - https:\/\/yoast.com\/product\/yoast-seo-wordpress\/ -->\n<title>Comercializan Mentisan falsificado - El Diario - Bolivia<\/title>\n<meta name=\"robots\" content=\"index, follow, max-snippet:-1, max-image-preview:large, max-video-preview:-1\" \/>\n<link rel=\"canonical\" href=\"https:\/\/www.eldiario.net\/portal\/2021\/08\/24\/comercializan-mentisan-falsificado\/\" \/>\n<meta property=\"og:locale\" content=\"es_ES\" \/>\n<meta property=\"og:type\" content=\"article\" \/>\n<meta property=\"og:title\" content=\"Comercializan Mentisan falsificado - El Diario - Bolivia\" \/>\n<meta property=\"og:description\" content=\"El medicamento esencial en los hogares bolivianos est\u00e1 siendo falsificado. En visitas sorpresas que hizo el personal de Droguer\u00eda INTI en mercados, farmacias clandestinas y centros populares, se pudo evidenciar que comerciantes comercializan el Mentisan en envases falsificados y, sin las m\u00ednimas condiciones de calidad. Fernando \u00c1lvarez, asesor cient\u00edfico de Droguer\u00eda INTI, alert\u00f3 que esta [&hellip;]\" \/>\n<meta property=\"og:url\" content=\"https:\/\/www.eldiario.net\/portal\/2021\/08\/24\/comercializan-mentisan-falsificado\/\" \/>\n<meta property=\"og:site_name\" content=\"El Diario - Bolivia\" \/>\n<meta property=\"article:publisher\" content=\"https:\/\/www.facebook.com\/eldiario.bolivia\/\" \/>\n<meta property=\"article:published_time\" content=\"2021-08-24T10:09:44+00:00\" \/>\n<meta name=\"author\" content=\"Jeanette\" \/>\n<meta name=\"twitter:card\" content=\"summary_large_image\" \/>\n<meta name=\"twitter:creator\" content=\"@eldiario_net\" \/>\n<meta name=\"twitter:site\" content=\"@eldiario_net\" \/>\n<meta name=\"twitter:label1\" content=\"Escrito por\" \/>\n\t<meta name=\"twitter:data1\" content=\"Jeanette\" \/>\n\t<meta name=\"twitter:label2\" content=\"Tiempo de lectura\" \/>\n\t<meta name=\"twitter:data2\" content=\"2 minutos\" \/>\n<script type=\"application\/ld+json\" class=\"yoast-schema-graph\">{\"@context\":\"https:\\\/\\\/schema.org\",\"@graph\":[{\"@type\":\"Article\",\"@id\":\"https:\\\/\\\/www.eldiario.net\\\/portal\\\/2021\\\/08\\\/24\\\/comercializan-mentisan-falsificado\\\/#article\",\"isPartOf\":{\"@id\":\"https:\\\/\\\/www.eldiario.net\\\/portal\\\/2021\\\/08\\\/24\\\/comercializan-mentisan-falsificado\\\/\"},\"author\":{\"name\":\"Jeanette\",\"@id\":\"https:\\\/\\\/www.eldiario.net\\\/portal\\\/#\\\/schema\\\/person\\\/2c57cf2b7a7ae032e449e4c9b1019eac\"},\"headline\":\"Comercializan Mentisan falsificado\",\"datePublished\":\"2021-08-24T10:09:44+00:00\",\"mainEntityOfPage\":{\"@id\":\"https:\\\/\\\/www.eldiario.net\\\/portal\\\/2021\\\/08\\\/24\\\/comercializan-mentisan-falsificado\\\/\"},\"wordCount\":443,\"publisher\":{\"@id\":\"https:\\\/\\\/www.eldiario.net\\\/portal\\\/#organization\"},\"image\":{\"@id\":\"https:\\\/\\\/www.eldiario.net\\\/portal\\\/2021\\\/08\\\/24\\\/comercializan-mentisan-falsificado\\\/#primaryimage\"},\"thumbnailUrl\":\"\",\"articleSection\":[\"Econom\u00eda\"],\"inLanguage\":\"es\"},{\"@type\":\"WebPage\",\"@id\":\"https:\\\/\\\/www.eldiario.net\\\/portal\\\/2021\\\/08\\\/24\\\/comercializan-mentisan-falsificado\\\/\",\"url\":\"https:\\\/\\\/www.eldiario.net\\\/portal\\\/2021\\\/08\\\/24\\\/comercializan-mentisan-falsificado\\\/\",\"name\":\"Comercializan Mentisan falsificado - El Diario - Bolivia\",\"isPartOf\":{\"@id\":\"https:\\\/\\\/www.eldiario.net\\\/portal\\\/#website\"},\"primaryImageOfPage\":{\"@id\":\"https:\\\/\\\/www.eldiario.net\\\/portal\\\/2021\\\/08\\\/24\\\/comercializan-mentisan-falsificado\\\/#primaryimage\"},\"image\":{\"@id\":\"https:\\\/\\\/www.eldiario.net\\\/portal\\\/2021\\\/08\\\/24\\\/comercializan-mentisan-falsificado\\\/#primaryimage\"},\"thumbnailUrl\":\"\",\"datePublished\":\"2021-08-24T10:09:44+00:00\",\"breadcrumb\":{\"@id\":\"https:\\\/\\\/www.eldiario.net\\\/portal\\\/2021\\\/08\\\/24\\\/comercializan-mentisan-falsificado\\\/#breadcrumb\"},\"inLanguage\":\"es\",\"potentialAction\":[{\"@type\":\"ReadAction\",\"target\":[\"https:\\\/\\\/www.eldiario.net\\\/portal\\\/2021\\\/08\\\/24\\\/comercializan-mentisan-falsificado\\\/\"]}]},{\"@type\":\"ImageObject\",\"inLanguage\":\"es\",\"@id\":\"https:\\\/\\\/www.eldiario.net\\\/portal\\\/2021\\\/08\\\/24\\\/comercializan-mentisan-falsificado\\\/#primaryimage\",\"url\":\"\",\"contentUrl\":\"\"},{\"@type\":\"BreadcrumbList\",\"@id\":\"https:\\\/\\\/www.eldiario.net\\\/portal\\\/2021\\\/08\\\/24\\\/comercializan-mentisan-falsificado\\\/#breadcrumb\",\"itemListElement\":[{\"@type\":\"ListItem\",\"position\":1,\"name\":\"Portada\",\"item\":\"https:\\\/\\\/www.eldiario.net\\\/portal\\\/\"},{\"@type\":\"ListItem\",\"position\":2,\"name\":\"Comercializan Mentisan falsificado\"}]},{\"@type\":\"WebSite\",\"@id\":\"https:\\\/\\\/www.eldiario.net\\\/portal\\\/#website\",\"url\":\"https:\\\/\\\/www.eldiario.net\\\/portal\\\/\",\"name\":\"El Diario - Decano de la prensa nacional\",\"description\":\"El Diario - Decano de la prensa nacional\",\"publisher\":{\"@id\":\"https:\\\/\\\/www.eldiario.net\\\/portal\\\/#organization\"},\"potentialAction\":[{\"@type\":\"SearchAction\",\"target\":{\"@type\":\"EntryPoint\",\"urlTemplate\":\"https:\\\/\\\/www.eldiario.net\\\/portal\\\/?s={search_term_string}\"},\"query-input\":{\"@type\":\"PropertyValueSpecification\",\"valueRequired\":true,\"valueName\":\"search_term_string\"}}],\"inLanguage\":\"es\"},{\"@type\":\"Organization\",\"@id\":\"https:\\\/\\\/www.eldiario.net\\\/portal\\\/#organization\",\"name\":\"El Diario - Decano de la prensa nacional\",\"url\":\"https:\\\/\\\/www.eldiario.net\\\/portal\\\/\",\"logo\":{\"@type\":\"ImageObject\",\"inLanguage\":\"es\",\"@id\":\"https:\\\/\\\/www.eldiario.net\\\/portal\\\/#\\\/schema\\\/logo\\\/image\\\/\",\"url\":\"https:\\\/\\\/www.eldiario.net\\\/portal\\\/wp-content\\\/uploads\\\/2023\\\/07\\\/logo_ED.jpg\",\"contentUrl\":\"https:\\\/\\\/www.eldiario.net\\\/portal\\\/wp-content\\\/uploads\\\/2023\\\/07\\\/logo_ED.jpg\",\"width\":272,\"height\":52,\"caption\":\"El Diario - Decano de la prensa nacional\"},\"image\":{\"@id\":\"https:\\\/\\\/www.eldiario.net\\\/portal\\\/#\\\/schema\\\/logo\\\/image\\\/\"},\"sameAs\":[\"https:\\\/\\\/www.facebook.com\\\/eldiario.bolivia\\\/\",\"https:\\\/\\\/x.com\\\/eldiario_net\"]},{\"@type\":\"Person\",\"@id\":\"https:\\\/\\\/www.eldiario.net\\\/portal\\\/#\\\/schema\\\/person\\\/2c57cf2b7a7ae032e449e4c9b1019eac\",\"name\":\"Jeanette\",\"image\":{\"@type\":\"ImageObject\",\"inLanguage\":\"es\",\"@id\":\"https:\\\/\\\/secure.gravatar.com\\\/avatar\\\/3ea2118a5f7dad2b7138b1187a6b7ee55f160b9968b66013c3a3ef39dd7e5798?s=96&d=mm&r=g\",\"url\":\"https:\\\/\\\/secure.gravatar.com\\\/avatar\\\/3ea2118a5f7dad2b7138b1187a6b7ee55f160b9968b66013c3a3ef39dd7e5798?s=96&d=mm&r=g\",\"contentUrl\":\"https:\\\/\\\/secure.gravatar.com\\\/avatar\\\/3ea2118a5f7dad2b7138b1187a6b7ee55f160b9968b66013c3a3ef39dd7e5798?s=96&d=mm&r=g\",\"caption\":\"Jeanette\"},\"sameAs\":[\"https:\\\/\\\/www.eldiario.net\\\/portal\"],\"url\":\"https:\\\/\\\/www.eldiario.net\\\/portal\\\/author\\\/jeanette\\\/\"}]}<\/script>\n<!-- \/ Yoast SEO plugin. -->","yoast_head_json":{"title":"Comercializan Mentisan falsificado - El Diario - Bolivia","robots":{"index":"index","follow":"follow","max-snippet":"max-snippet:-1","max-image-preview":"max-image-preview:large","max-video-preview":"max-video-preview:-1"},"canonical":"https:\/\/www.eldiario.net\/portal\/2021\/08\/24\/comercializan-mentisan-falsificado\/","og_locale":"es_ES","og_type":"article","og_title":"Comercializan Mentisan falsificado - El Diario - Bolivia","og_description":"El medicamento esencial en los hogares bolivianos est\u00e1 siendo falsificado. En visitas sorpresas que hizo el personal de Droguer\u00eda INTI en mercados, farmacias clandestinas y centros populares, se pudo evidenciar que comerciantes comercializan el Mentisan en envases falsificados y, sin las m\u00ednimas condiciones de calidad. Fernando \u00c1lvarez, asesor cient\u00edfico de Droguer\u00eda INTI, alert\u00f3 que esta [&hellip;]","og_url":"https:\/\/www.eldiario.net\/portal\/2021\/08\/24\/comercializan-mentisan-falsificado\/","og_site_name":"El Diario - Bolivia","article_publisher":"https:\/\/www.facebook.com\/eldiario.bolivia\/","article_published_time":"2021-08-24T10:09:44+00:00","author":"Jeanette","twitter_card":"summary_large_image","twitter_creator":"@eldiario_net","twitter_site":"@eldiario_net","twitter_misc":{"Escrito por":"Jeanette","Tiempo de lectura":"2 minutos"},"schema":{"@context":"https:\/\/schema.org","@graph":[{"@type":"Article","@id":"https:\/\/www.eldiario.net\/portal\/2021\/08\/24\/comercializan-mentisan-falsificado\/#article","isPartOf":{"@id":"https:\/\/www.eldiario.net\/portal\/2021\/08\/24\/comercializan-mentisan-falsificado\/"},"author":{"name":"Jeanette","@id":"https:\/\/www.eldiario.net\/portal\/#\/schema\/person\/2c57cf2b7a7ae032e449e4c9b1019eac"},"headline":"Comercializan Mentisan falsificado","datePublished":"2021-08-24T10:09:44+00:00","mainEntityOfPage":{"@id":"https:\/\/www.eldiario.net\/portal\/2021\/08\/24\/comercializan-mentisan-falsificado\/"},"wordCount":443,"publisher":{"@id":"https:\/\/www.eldiario.net\/portal\/#organization"},"image":{"@id":"https:\/\/www.eldiario.net\/portal\/2021\/08\/24\/comercializan-mentisan-falsificado\/#primaryimage"},"thumbnailUrl":"","articleSection":["Econom\u00eda"],"inLanguage":"es"},{"@type":"WebPage","@id":"https:\/\/www.eldiario.net\/portal\/2021\/08\/24\/comercializan-mentisan-falsificado\/","url":"https:\/\/www.eldiario.net\/portal\/2021\/08\/24\/comercializan-mentisan-falsificado\/","name":"Comercializan Mentisan falsificado - El Diario - Bolivia","isPartOf":{"@id":"https:\/\/www.eldiario.net\/portal\/#website"},"primaryImageOfPage":{"@id":"https:\/\/www.eldiario.net\/portal\/2021\/08\/24\/comercializan-mentisan-falsificado\/#primaryimage"},"image":{"@id":"https:\/\/www.eldiario.net\/portal\/2021\/08\/24\/comercializan-mentisan-falsificado\/#primaryimage"},"thumbnailUrl":"","datePublished":"2021-08-24T10:09:44+00:00","breadcrumb":{"@id":"https:\/\/www.eldiario.net\/portal\/2021\/08\/24\/comercializan-mentisan-falsificado\/#breadcrumb"},"inLanguage":"es","potentialAction":[{"@type":"ReadAction","target":["https:\/\/www.eldiario.net\/portal\/2021\/08\/24\/comercializan-mentisan-falsificado\/"]}]},{"@type":"ImageObject","inLanguage":"es","@id":"https:\/\/www.eldiario.net\/portal\/2021\/08\/24\/comercializan-mentisan-falsificado\/#primaryimage","url":"","contentUrl":""},{"@type":"BreadcrumbList","@id":"https:\/\/www.eldiario.net\/portal\/2021\/08\/24\/comercializan-mentisan-falsificado\/#breadcrumb","itemListElement":[{"@type":"ListItem","position":1,"name":"Portada","item":"https:\/\/www.eldiario.net\/portal\/"},{"@type":"ListItem","position":2,"name":"Comercializan Mentisan falsificado"}]},{"@type":"WebSite","@id":"https:\/\/www.eldiario.net\/portal\/#website","url":"https:\/\/www.eldiario.net\/portal\/","name":"El Diario - Decano de la prensa nacional","description":"El Diario - Decano de la prensa nacional","publisher":{"@id":"https:\/\/www.eldiario.net\/portal\/#organization"},"potentialAction":[{"@type":"SearchAction","target":{"@type":"EntryPoint","urlTemplate":"https:\/\/www.eldiario.net\/portal\/?s={search_term_string}"},"query-input":{"@type":"PropertyValueSpecification","valueRequired":true,"valueName":"search_term_string"}}],"inLanguage":"es"},{"@type":"Organization","@id":"https:\/\/www.eldiario.net\/portal\/#organization","name":"El Diario - Decano de la prensa nacional","url":"https:\/\/www.eldiario.net\/portal\/","logo":{"@type":"ImageObject","inLanguage":"es","@id":"https:\/\/www.eldiario.net\/portal\/#\/schema\/logo\/image\/","url":"https:\/\/www.eldiario.net\/portal\/wp-content\/uploads\/2023\/07\/logo_ED.jpg","contentUrl":"https:\/\/www.eldiario.net\/portal\/wp-content\/uploads\/2023\/07\/logo_ED.jpg","width":272,"height":52,"caption":"El Diario - Decano de la prensa nacional"},"image":{"@id":"https:\/\/www.eldiario.net\/portal\/#\/schema\/logo\/image\/"},"sameAs":["https:\/\/www.facebook.com\/eldiario.bolivia\/","https:\/\/x.com\/eldiario_net"]},{"@type":"Person","@id":"https:\/\/www.eldiario.net\/portal\/#\/schema\/person\/2c57cf2b7a7ae032e449e4c9b1019eac","name":"Jeanette","image":{"@type":"ImageObject","inLanguage":"es","@id":"https:\/\/secure.gravatar.com\/avatar\/3ea2118a5f7dad2b7138b1187a6b7ee55f160b9968b66013c3a3ef39dd7e5798?s=96&d=mm&r=g","url":"https:\/\/secure.gravatar.com\/avatar\/3ea2118a5f7dad2b7138b1187a6b7ee55f160b9968b66013c3a3ef39dd7e5798?s=96&d=mm&r=g","contentUrl":"https:\/\/secure.gravatar.com\/avatar\/3ea2118a5f7dad2b7138b1187a6b7ee55f160b9968b66013c3a3ef39dd7e5798?s=96&d=mm&r=g","caption":"Jeanette"},"sameAs":["https:\/\/www.eldiario.net\/portal"],"url":"https:\/\/www.eldiario.net\/portal\/author\/jeanette\/"}]}},"_links":{"self":[{"href":"https:\/\/www.eldiario.net\/portal\/wp-json\/wp\/v2\/posts\/25389","targetHints":{"allow":["GET"]}}],"collection":[{"href":"https:\/\/www.eldiario.net\/portal\/wp-json\/wp\/v2\/posts"}],"about":[{"href":"https:\/\/www.eldiario.net\/portal\/wp-json\/wp\/v2\/types\/post"}],"author":[{"embeddable":true,"href":"https:\/\/www.eldiario.net\/portal\/wp-json\/wp\/v2\/users\/1"}],"replies":[{"embeddable":true,"href":"https:\/\/www.eldiario.net\/portal\/wp-json\/wp\/v2\/comments?post=25389"}],"version-history":[{"count":0,"href":"https:\/\/www.eldiario.net\/portal\/wp-json\/wp\/v2\/posts\/25389\/revisions"}],"wp:attachment":[{"href":"https:\/\/www.eldiario.net\/portal\/wp-json\/wp\/v2\/media?parent=25389"}],"wp:term":[{"taxonomy":"category","embeddable":true,"href":"https:\/\/www.eldiario.net\/portal\/wp-json\/wp\/v2\/categories?post=25389"},{"taxonomy":"post_tag","embeddable":true,"href":"https:\/\/www.eldiario.net\/portal\/wp-json\/wp\/v2\/tags?post=25389"}],"curies":[{"name":"wp","href":"https:\/\/api.w.org\/{rel}","templated":true}]}}