{"id":25383,"date":"2021-08-24T06:07:59","date_gmt":"2021-08-24T10:07:59","guid":{"rendered":"https:\/\/www.eldiario.net\/portal\/?p=25383"},"modified":"2021-08-24T06:07:59","modified_gmt":"2021-08-24T10:07:59","slug":"agentes-de-seguridad-cubanos-encarcelan-a-menor-de-17-anos","status":"publish","type":"post","link":"https:\/\/www.eldiario.net\/portal\/2021\/08\/24\/agentes-de-seguridad-cubanos-encarcelan-a-menor-de-17-anos\/","title":{"rendered":"Agentes de seguridad cubanos  encarcelan a menor de 17 a\u00f1os"},"content":{"rendered":"<p>La Habana.- Jonathan Torres Farrat, de 17 a\u00f1os, fue arrestado por agentes de seguridad en Cuba, despu\u00e9s de las protestas p\u00fablicas. El menor trabajaba vendiendo pan y se le niegan los medicamentos para la hipertensi\u00f3n.<\/p>\n<p>El 11 de julio de 2021 Jonathan Torres Farrat cumpli\u00f3 17 a\u00f1os. Esa tarde, en una terracita en los altos de un edificio en la Calzada de Diez de Octubre, en La Habana, Jonathan festejaba con su familia y amigos.<\/p>\n<p>Orlando Ram\u00edrez, su padrastro, sali\u00f3 a buscar algunas bebidas. No hab\u00eda pasado ni una hora cuando B\u00e1rbara Farrat, su madre, vio el desfile de las manifestaciones. Preocupada, decidi\u00f3 buscar a su esposo. Jonathan, para cuidarla, le dijo que lo buscar\u00eda \u00e9l.<\/p>\n<p>El menor se encontr\u00f3 con su padrastro a cuatro cuadras de la casa, en la calle Seraf\u00edn. Orlando se resguardaba en un portal de las piedras y los tiros. Esperaron all\u00ed, y al rato regresaron a la casa.<\/p>\n<p>Adem\u00e1s, el viernes 13 de agosto, un mes despu\u00e9s de las protestas p\u00fablicas, dos oficiales de la Polic\u00eda T\u00e9cnica de Investigaci\u00f3n (PTI) llegaron al edificio buscando a B\u00e1rbara. Jonathan regresaba en ese momento de su jornada, vendiendo pan, un trabajo que tiene desde hace unos meses cuando supo que su novia Daymi Morales estaba embarazada. Pregunt\u00f3 qu\u00e9 suced\u00eda. Los oficiales, en realidad, ven\u00edan por \u00e9l.<\/p>\n<p>En uno de los miles de videos que se filmaron ese d\u00eda aparece Jonathan. \u201cPrimero se ve la masividad de piedras que viene de los polic\u00edas hacia los cuatro infelices, porque no hab\u00eda ni 30 personas all\u00e1 abajo\u201d, dice B\u00e1rbara que vio el material de manos del instructor Jorge Luis. Jonathan se agacha, recoge una piedra, la lanza y dobla la esquina. Esa es la prueba que tienen en la estaci\u00f3n de la Polic\u00eda Nacional Revolucionaria (PNR) de Acosta, de su municipio. La prueba que utilizan para acusarlo de \u201cdesorden p\u00fablico\u201d, \u201cdesacato a la autoridad\u201d y \u201catentado\u201d.<\/p>\n<p>Justo a la semana, el pasado viernes 20 de agosto, B\u00e1rbara pudo ver a su hijo por solo cinco minutos. Cuenta que apenas le habl\u00f3, solo miraba el piso. \u201cEst\u00e1 destrozado\u201d, dice. Le preocupa su estado, el estr\u00e9s al que est\u00e1 siendo sometido, porque con sus 17 a\u00f1os padece de hipertensi\u00f3n arterial. Un padecimiento con consecuencias letales para un menor de edad.<\/p>\n<p>El a\u00f1o pasado Jonathan, que tambi\u00e9n es asm\u00e1tico, sinti\u00f3 un dolor fuerte en el pecho. La madre lo llev\u00f3 al m\u00e9dico pensando que quiz\u00e1 podr\u00eda ser un s\u00edntoma relacionado con su trastorno respiratorio. Fue cuando le diagnosticaron la hipertensi\u00f3n.<\/p>\n<p>Este enero de 2021 el personal m\u00e9dico del pedi\u00e1trico William Soler descubri\u00f3 adem\u00e1s que, producto de su presi\u00f3n arterial alta, padece una hipertrofia en el lado izquierdo del coraz\u00f3n.<\/p>\n<p>B\u00e1rbara me ense\u00f1a el tarjet\u00f3n de medicamentos controlados de su hijo, vac\u00edo desde febrero de 2021. No ha podido comprar ni un solo enalapril en la farmacia. No hay. Pero el frasco est\u00e1 sobre su c\u00f3moda, comprado en el mercado informal a precios desorbitantes, con las tabletas cortadas a la mitad, la dosis que toma Jonathan cada ma\u00f1ana.<\/p>\n<p>Desde el 13 de agosto no ha tomado ni una. No lo han medicado en la estaci\u00f3n de Acosta, ni en la de Aguilera, donde tambi\u00e9n estuvo detenido. Tampoco han dejado que B\u00e1rbara le entregue sus medicamentos, ni aun llevando el certificado m\u00e9dico que avala sus padecimientos.<\/p>\n<p>Hace unos d\u00edas, en la estaci\u00f3n de Aguilera, se contagi\u00f3 con una sarna que le cubre la espalda, por dormir sobre el colch\u00f3n solo, sin s\u00e1banas.<\/p>\n<p>B\u00e1rbara sali\u00f3 de ver a su hijo el viernes y corri\u00f3 a contratar a un abogado, quien les neg\u00f3 presentar un recurso de Habeas Corpus. \u201c\u00c9l parece que tiene miedo -dice la madre-, porque al final todos trabajan para este pa\u00eds\u201d.<\/p>\n<p>Orlando, su padrastro, asegura que ellos s\u00ed presentar\u00e1n el Habeas Corpus, aun cuando saben que se lo denegar\u00e1n. \u201cEs el recurso que tenemos, que no quede como que la familia est\u00e1 desinformada\u201d.<\/p>\n<p>\u201cCuba critica mucho la violencia de Estados Unidos con la muerte George Floyd, del afroamericano que muri\u00f3 a manos de un polic\u00eda -dice Orlando-, pero Cuba no critica a los polic\u00edas aqu\u00ed cuando agreden y dan golpes. No en manifestaciones solamente, en otros hechos que se ha visto c\u00f3mo la polic\u00eda maltrata f\u00edsica y verbalmente.<\/p>\n<p>\u201cSi Cuba es firmante del tratado de Derechos Humanos, debe respetar la libertad de expresi\u00f3n, que todas las personas que vayan a ser juzgadas tengan un abogado desde el momento que ponen un pie en la estaci\u00f3n de polic\u00eda. Cuando Cuba se revise y vea todas las cosas que est\u00e1n haciendo entonces pueden tomar una medida contra nosotros. Cuando juzguen a los militares que usaron para reprimir al pueblo, entonces tienen derecho a juzgar al pueblo que se manifest\u00f3\u201d, concluy\u00f3. (Cubanet)<\/p>\n","protected":false},"excerpt":{"rendered":"<p>La Habana.- Jonathan Torres Farrat, de 17 a\u00f1os, fue arrestado por agentes de seguridad en Cuba, despu\u00e9s de las protestas p\u00fablicas. El menor trabajaba vendiendo pan y se le niegan los medicamentos para la hipertensi\u00f3n. El 11 de julio de 2021 Jonathan Torres Farrat cumpli\u00f3 17 a\u00f1os. Esa tarde, en una terracita en los altos [&hellip;]<\/p>\n","protected":false},"author":1,"featured_media":25384,"comment_status":"closed","ping_status":"closed","sticky":false,"template":"","format":"standard","meta":{"_acf_changed":false,"footnotes":""},"categories":[3],"tags":[],"class_list":["post-25383","post","type-post","status-publish","format-standard","has-post-thumbnail","category-internacional"],"acf":{"antetitulo":""},"yoast_head":"<!-- This site is optimized with the Yoast SEO plugin v28.4 - https:\/\/yoast.com\/product\/yoast-seo-wordpress\/ -->\n<title>Agentes de seguridad cubanos encarcelan a menor de 17 a\u00f1os - El Diario - Bolivia<\/title>\n<meta name=\"robots\" content=\"index, follow, max-snippet:-1, max-image-preview:large, max-video-preview:-1\" \/>\n<link rel=\"canonical\" href=\"https:\/\/www.eldiario.net\/portal\/2021\/08\/24\/agentes-de-seguridad-cubanos-encarcelan-a-menor-de-17-anos\/\" \/>\n<meta property=\"og:locale\" content=\"es_ES\" \/>\n<meta property=\"og:type\" content=\"article\" \/>\n<meta property=\"og:title\" content=\"Agentes de seguridad cubanos encarcelan a menor de 17 a\u00f1os - El Diario - Bolivia\" \/>\n<meta property=\"og:description\" content=\"La Habana.- Jonathan Torres Farrat, de 17 a\u00f1os, fue arrestado por agentes de seguridad en Cuba, despu\u00e9s de las protestas p\u00fablicas. El menor trabajaba vendiendo pan y se le niegan los medicamentos para la hipertensi\u00f3n. El 11 de julio de 2021 Jonathan Torres Farrat cumpli\u00f3 17 a\u00f1os. Esa tarde, en una terracita en los altos [&hellip;]\" \/>\n<meta property=\"og:url\" content=\"https:\/\/www.eldiario.net\/portal\/2021\/08\/24\/agentes-de-seguridad-cubanos-encarcelan-a-menor-de-17-anos\/\" \/>\n<meta property=\"og:site_name\" content=\"El Diario - Bolivia\" \/>\n<meta property=\"article:publisher\" content=\"https:\/\/www.facebook.com\/eldiario.bolivia\/\" \/>\n<meta property=\"article:published_time\" content=\"2021-08-24T10:07:59+00:00\" \/>\n<meta property=\"og:image\" content=\"https:\/\/www.eldiario.net\/portal\/wp-content\/uploads\/2021\/08\/INTE-Agentes-de-seguridad-cubanos.jpg\" \/>\n\t<meta property=\"og:image:width\" content=\"749\" \/>\n\t<meta property=\"og:image:height\" content=\"375\" \/>\n\t<meta property=\"og:image:type\" content=\"image\/jpeg\" \/>\n<meta name=\"author\" content=\"Jeanette\" \/>\n<meta name=\"twitter:card\" content=\"summary_large_image\" \/>\n<meta name=\"twitter:creator\" content=\"@eldiario_net\" \/>\n<meta name=\"twitter:site\" content=\"@eldiario_net\" \/>\n<meta name=\"twitter:label1\" content=\"Escrito por\" \/>\n\t<meta name=\"twitter:data1\" content=\"Jeanette\" \/>\n\t<meta name=\"twitter:label2\" content=\"Tiempo de lectura\" \/>\n\t<meta name=\"twitter:data2\" content=\"4 minutos\" \/>\n<script type=\"application\/ld+json\" class=\"yoast-schema-graph\">{\"@context\":\"https:\\\/\\\/schema.org\",\"@graph\":[{\"@type\":\"Article\",\"@id\":\"https:\\\/\\\/www.eldiario.net\\\/portal\\\/2021\\\/08\\\/24\\\/agentes-de-seguridad-cubanos-encarcelan-a-menor-de-17-anos\\\/#article\",\"isPartOf\":{\"@id\":\"https:\\\/\\\/www.eldiario.net\\\/portal\\\/2021\\\/08\\\/24\\\/agentes-de-seguridad-cubanos-encarcelan-a-menor-de-17-anos\\\/\"},\"author\":{\"name\":\"Jeanette\",\"@id\":\"https:\\\/\\\/www.eldiario.net\\\/portal\\\/#\\\/schema\\\/person\\\/2c57cf2b7a7ae032e449e4c9b1019eac\"},\"headline\":\"Agentes de seguridad cubanos encarcelan a menor de 17 a\u00f1os\",\"datePublished\":\"2021-08-24T10:07:59+00:00\",\"mainEntityOfPage\":{\"@id\":\"https:\\\/\\\/www.eldiario.net\\\/portal\\\/2021\\\/08\\\/24\\\/agentes-de-seguridad-cubanos-encarcelan-a-menor-de-17-anos\\\/\"},\"wordCount\":855,\"publisher\":{\"@id\":\"https:\\\/\\\/www.eldiario.net\\\/portal\\\/#organization\"},\"image\":{\"@id\":\"https:\\\/\\\/www.eldiario.net\\\/portal\\\/2021\\\/08\\\/24\\\/agentes-de-seguridad-cubanos-encarcelan-a-menor-de-17-anos\\\/#primaryimage\"},\"thumbnailUrl\":\"https:\\\/\\\/www.eldiario.net\\\/portal\\\/wp-content\\\/uploads\\\/2021\\\/08\\\/INTE-Agentes-de-seguridad-cubanos.jpg\",\"articleSection\":[\"Internacional\"],\"inLanguage\":\"es\"},{\"@type\":\"WebPage\",\"@id\":\"https:\\\/\\\/www.eldiario.net\\\/portal\\\/2021\\\/08\\\/24\\\/agentes-de-seguridad-cubanos-encarcelan-a-menor-de-17-anos\\\/\",\"url\":\"https:\\\/\\\/www.eldiario.net\\\/portal\\\/2021\\\/08\\\/24\\\/agentes-de-seguridad-cubanos-encarcelan-a-menor-de-17-anos\\\/\",\"name\":\"Agentes de seguridad cubanos encarcelan a menor de 17 a\u00f1os - El Diario - Bolivia\",\"isPartOf\":{\"@id\":\"https:\\\/\\\/www.eldiario.net\\\/portal\\\/#website\"},\"primaryImageOfPage\":{\"@id\":\"https:\\\/\\\/www.eldiario.net\\\/portal\\\/2021\\\/08\\\/24\\\/agentes-de-seguridad-cubanos-encarcelan-a-menor-de-17-anos\\\/#primaryimage\"},\"image\":{\"@id\":\"https:\\\/\\\/www.eldiario.net\\\/portal\\\/2021\\\/08\\\/24\\\/agentes-de-seguridad-cubanos-encarcelan-a-menor-de-17-anos\\\/#primaryimage\"},\"thumbnailUrl\":\"https:\\\/\\\/www.eldiario.net\\\/portal\\\/wp-content\\\/uploads\\\/2021\\\/08\\\/INTE-Agentes-de-seguridad-cubanos.jpg\",\"datePublished\":\"2021-08-24T10:07:59+00:00\",\"breadcrumb\":{\"@id\":\"https:\\\/\\\/www.eldiario.net\\\/portal\\\/2021\\\/08\\\/24\\\/agentes-de-seguridad-cubanos-encarcelan-a-menor-de-17-anos\\\/#breadcrumb\"},\"inLanguage\":\"es\",\"potentialAction\":[{\"@type\":\"ReadAction\",\"target\":[\"https:\\\/\\\/www.eldiario.net\\\/portal\\\/2021\\\/08\\\/24\\\/agentes-de-seguridad-cubanos-encarcelan-a-menor-de-17-anos\\\/\"]}]},{\"@type\":\"ImageObject\",\"inLanguage\":\"es\",\"@id\":\"https:\\\/\\\/www.eldiario.net\\\/portal\\\/2021\\\/08\\\/24\\\/agentes-de-seguridad-cubanos-encarcelan-a-menor-de-17-anos\\\/#primaryimage\",\"url\":\"https:\\\/\\\/www.eldiario.net\\\/portal\\\/wp-content\\\/uploads\\\/2021\\\/08\\\/INTE-Agentes-de-seguridad-cubanos.jpg\",\"contentUrl\":\"https:\\\/\\\/www.eldiario.net\\\/portal\\\/wp-content\\\/uploads\\\/2021\\\/08\\\/INTE-Agentes-de-seguridad-cubanos.jpg\",\"width\":749,\"height\":375,\"caption\":\"FOTO DE JONATHAN TORRES FARRAT, MENOR DE 17 A\u00d1OS, DETENIDO POR LAS FUERZAS DEL DE SEGURIDAD Y SU MADRE B\u00c1RBARA FARRAT. CUBANET\"},{\"@type\":\"BreadcrumbList\",\"@id\":\"https:\\\/\\\/www.eldiario.net\\\/portal\\\/2021\\\/08\\\/24\\\/agentes-de-seguridad-cubanos-encarcelan-a-menor-de-17-anos\\\/#breadcrumb\",\"itemListElement\":[{\"@type\":\"ListItem\",\"position\":1,\"name\":\"Portada\",\"item\":\"https:\\\/\\\/www.eldiario.net\\\/portal\\\/\"},{\"@type\":\"ListItem\",\"position\":2,\"name\":\"Agentes de seguridad cubanos encarcelan a menor de 17 a\u00f1os\"}]},{\"@type\":\"WebSite\",\"@id\":\"https:\\\/\\\/www.eldiario.net\\\/portal\\\/#website\",\"url\":\"https:\\\/\\\/www.eldiario.net\\\/portal\\\/\",\"name\":\"El Diario - Decano de la prensa nacional\",\"description\":\"El Diario - Decano de la prensa nacional\",\"publisher\":{\"@id\":\"https:\\\/\\\/www.eldiario.net\\\/portal\\\/#organization\"},\"potentialAction\":[{\"@type\":\"SearchAction\",\"target\":{\"@type\":\"EntryPoint\",\"urlTemplate\":\"https:\\\/\\\/www.eldiario.net\\\/portal\\\/?s={search_term_string}\"},\"query-input\":{\"@type\":\"PropertyValueSpecification\",\"valueRequired\":true,\"valueName\":\"search_term_string\"}}],\"inLanguage\":\"es\"},{\"@type\":\"Organization\",\"@id\":\"https:\\\/\\\/www.eldiario.net\\\/portal\\\/#organization\",\"name\":\"El Diario - Decano de la prensa nacional\",\"url\":\"https:\\\/\\\/www.eldiario.net\\\/portal\\\/\",\"logo\":{\"@type\":\"ImageObject\",\"inLanguage\":\"es\",\"@id\":\"https:\\\/\\\/www.eldiario.net\\\/portal\\\/#\\\/schema\\\/logo\\\/image\\\/\",\"url\":\"https:\\\/\\\/www.eldiario.net\\\/portal\\\/wp-content\\\/uploads\\\/2023\\\/07\\\/logo_ED.jpg\",\"contentUrl\":\"https:\\\/\\\/www.eldiario.net\\\/portal\\\/wp-content\\\/uploads\\\/2023\\\/07\\\/logo_ED.jpg\",\"width\":272,\"height\":52,\"caption\":\"El Diario - Decano de la prensa nacional\"},\"image\":{\"@id\":\"https:\\\/\\\/www.eldiario.net\\\/portal\\\/#\\\/schema\\\/logo\\\/image\\\/\"},\"sameAs\":[\"https:\\\/\\\/www.facebook.com\\\/eldiario.bolivia\\\/\",\"https:\\\/\\\/x.com\\\/eldiario_net\"]},{\"@type\":\"Person\",\"@id\":\"https:\\\/\\\/www.eldiario.net\\\/portal\\\/#\\\/schema\\\/person\\\/2c57cf2b7a7ae032e449e4c9b1019eac\",\"name\":\"Jeanette\",\"image\":{\"@type\":\"ImageObject\",\"inLanguage\":\"es\",\"@id\":\"https:\\\/\\\/secure.gravatar.com\\\/avatar\\\/3ea2118a5f7dad2b7138b1187a6b7ee55f160b9968b66013c3a3ef39dd7e5798?s=96&d=mm&r=g\",\"url\":\"https:\\\/\\\/secure.gravatar.com\\\/avatar\\\/3ea2118a5f7dad2b7138b1187a6b7ee55f160b9968b66013c3a3ef39dd7e5798?s=96&d=mm&r=g\",\"contentUrl\":\"https:\\\/\\\/secure.gravatar.com\\\/avatar\\\/3ea2118a5f7dad2b7138b1187a6b7ee55f160b9968b66013c3a3ef39dd7e5798?s=96&d=mm&r=g\",\"caption\":\"Jeanette\"},\"sameAs\":[\"https:\\\/\\\/www.eldiario.net\\\/portal\"],\"url\":\"https:\\\/\\\/www.eldiario.net\\\/portal\\\/author\\\/jeanette\\\/\"}]}<\/script>\n<!-- \/ Yoast SEO plugin. -->","yoast_head_json":{"title":"Agentes de seguridad cubanos encarcelan a menor de 17 a\u00f1os - El Diario - Bolivia","robots":{"index":"index","follow":"follow","max-snippet":"max-snippet:-1","max-image-preview":"max-image-preview:large","max-video-preview":"max-video-preview:-1"},"canonical":"https:\/\/www.eldiario.net\/portal\/2021\/08\/24\/agentes-de-seguridad-cubanos-encarcelan-a-menor-de-17-anos\/","og_locale":"es_ES","og_type":"article","og_title":"Agentes de seguridad cubanos encarcelan a menor de 17 a\u00f1os - El Diario - Bolivia","og_description":"La Habana.- Jonathan Torres Farrat, de 17 a\u00f1os, fue arrestado por agentes de seguridad en Cuba, despu\u00e9s de las protestas p\u00fablicas. El menor trabajaba vendiendo pan y se le niegan los medicamentos para la hipertensi\u00f3n. El 11 de julio de 2021 Jonathan Torres Farrat cumpli\u00f3 17 a\u00f1os. Esa tarde, en una terracita en los altos [&hellip;]","og_url":"https:\/\/www.eldiario.net\/portal\/2021\/08\/24\/agentes-de-seguridad-cubanos-encarcelan-a-menor-de-17-anos\/","og_site_name":"El Diario - Bolivia","article_publisher":"https:\/\/www.facebook.com\/eldiario.bolivia\/","article_published_time":"2021-08-24T10:07:59+00:00","og_image":[{"width":749,"height":375,"url":"https:\/\/www.eldiario.net\/portal\/wp-content\/uploads\/2021\/08\/INTE-Agentes-de-seguridad-cubanos.jpg","type":"image\/jpeg"}],"author":"Jeanette","twitter_card":"summary_large_image","twitter_creator":"@eldiario_net","twitter_site":"@eldiario_net","twitter_misc":{"Escrito por":"Jeanette","Tiempo de lectura":"4 minutos"},"schema":{"@context":"https:\/\/schema.org","@graph":[{"@type":"Article","@id":"https:\/\/www.eldiario.net\/portal\/2021\/08\/24\/agentes-de-seguridad-cubanos-encarcelan-a-menor-de-17-anos\/#article","isPartOf":{"@id":"https:\/\/www.eldiario.net\/portal\/2021\/08\/24\/agentes-de-seguridad-cubanos-encarcelan-a-menor-de-17-anos\/"},"author":{"name":"Jeanette","@id":"https:\/\/www.eldiario.net\/portal\/#\/schema\/person\/2c57cf2b7a7ae032e449e4c9b1019eac"},"headline":"Agentes de seguridad cubanos encarcelan a menor de 17 a\u00f1os","datePublished":"2021-08-24T10:07:59+00:00","mainEntityOfPage":{"@id":"https:\/\/www.eldiario.net\/portal\/2021\/08\/24\/agentes-de-seguridad-cubanos-encarcelan-a-menor-de-17-anos\/"},"wordCount":855,"publisher":{"@id":"https:\/\/www.eldiario.net\/portal\/#organization"},"image":{"@id":"https:\/\/www.eldiario.net\/portal\/2021\/08\/24\/agentes-de-seguridad-cubanos-encarcelan-a-menor-de-17-anos\/#primaryimage"},"thumbnailUrl":"https:\/\/www.eldiario.net\/portal\/wp-content\/uploads\/2021\/08\/INTE-Agentes-de-seguridad-cubanos.jpg","articleSection":["Internacional"],"inLanguage":"es"},{"@type":"WebPage","@id":"https:\/\/www.eldiario.net\/portal\/2021\/08\/24\/agentes-de-seguridad-cubanos-encarcelan-a-menor-de-17-anos\/","url":"https:\/\/www.eldiario.net\/portal\/2021\/08\/24\/agentes-de-seguridad-cubanos-encarcelan-a-menor-de-17-anos\/","name":"Agentes de seguridad cubanos encarcelan a menor de 17 a\u00f1os - El Diario - Bolivia","isPartOf":{"@id":"https:\/\/www.eldiario.net\/portal\/#website"},"primaryImageOfPage":{"@id":"https:\/\/www.eldiario.net\/portal\/2021\/08\/24\/agentes-de-seguridad-cubanos-encarcelan-a-menor-de-17-anos\/#primaryimage"},"image":{"@id":"https:\/\/www.eldiario.net\/portal\/2021\/08\/24\/agentes-de-seguridad-cubanos-encarcelan-a-menor-de-17-anos\/#primaryimage"},"thumbnailUrl":"https:\/\/www.eldiario.net\/portal\/wp-content\/uploads\/2021\/08\/INTE-Agentes-de-seguridad-cubanos.jpg","datePublished":"2021-08-24T10:07:59+00:00","breadcrumb":{"@id":"https:\/\/www.eldiario.net\/portal\/2021\/08\/24\/agentes-de-seguridad-cubanos-encarcelan-a-menor-de-17-anos\/#breadcrumb"},"inLanguage":"es","potentialAction":[{"@type":"ReadAction","target":["https:\/\/www.eldiario.net\/portal\/2021\/08\/24\/agentes-de-seguridad-cubanos-encarcelan-a-menor-de-17-anos\/"]}]},{"@type":"ImageObject","inLanguage":"es","@id":"https:\/\/www.eldiario.net\/portal\/2021\/08\/24\/agentes-de-seguridad-cubanos-encarcelan-a-menor-de-17-anos\/#primaryimage","url":"https:\/\/www.eldiario.net\/portal\/wp-content\/uploads\/2021\/08\/INTE-Agentes-de-seguridad-cubanos.jpg","contentUrl":"https:\/\/www.eldiario.net\/portal\/wp-content\/uploads\/2021\/08\/INTE-Agentes-de-seguridad-cubanos.jpg","width":749,"height":375,"caption":"FOTO DE JONATHAN TORRES FARRAT, MENOR DE 17 A\u00d1OS, DETENIDO POR LAS FUERZAS DEL DE SEGURIDAD Y SU MADRE B\u00c1RBARA FARRAT. CUBANET"},{"@type":"BreadcrumbList","@id":"https:\/\/www.eldiario.net\/portal\/2021\/08\/24\/agentes-de-seguridad-cubanos-encarcelan-a-menor-de-17-anos\/#breadcrumb","itemListElement":[{"@type":"ListItem","position":1,"name":"Portada","item":"https:\/\/www.eldiario.net\/portal\/"},{"@type":"ListItem","position":2,"name":"Agentes de seguridad cubanos encarcelan a menor de 17 a\u00f1os"}]},{"@type":"WebSite","@id":"https:\/\/www.eldiario.net\/portal\/#website","url":"https:\/\/www.eldiario.net\/portal\/","name":"El Diario - Decano de la prensa nacional","description":"El Diario - Decano de la prensa nacional","publisher":{"@id":"https:\/\/www.eldiario.net\/portal\/#organization"},"potentialAction":[{"@type":"SearchAction","target":{"@type":"EntryPoint","urlTemplate":"https:\/\/www.eldiario.net\/portal\/?s={search_term_string}"},"query-input":{"@type":"PropertyValueSpecification","valueRequired":true,"valueName":"search_term_string"}}],"inLanguage":"es"},{"@type":"Organization","@id":"https:\/\/www.eldiario.net\/portal\/#organization","name":"El Diario - Decano de la prensa nacional","url":"https:\/\/www.eldiario.net\/portal\/","logo":{"@type":"ImageObject","inLanguage":"es","@id":"https:\/\/www.eldiario.net\/portal\/#\/schema\/logo\/image\/","url":"https:\/\/www.eldiario.net\/portal\/wp-content\/uploads\/2023\/07\/logo_ED.jpg","contentUrl":"https:\/\/www.eldiario.net\/portal\/wp-content\/uploads\/2023\/07\/logo_ED.jpg","width":272,"height":52,"caption":"El Diario - Decano de la prensa nacional"},"image":{"@id":"https:\/\/www.eldiario.net\/portal\/#\/schema\/logo\/image\/"},"sameAs":["https:\/\/www.facebook.com\/eldiario.bolivia\/","https:\/\/x.com\/eldiario_net"]},{"@type":"Person","@id":"https:\/\/www.eldiario.net\/portal\/#\/schema\/person\/2c57cf2b7a7ae032e449e4c9b1019eac","name":"Jeanette","image":{"@type":"ImageObject","inLanguage":"es","@id":"https:\/\/secure.gravatar.com\/avatar\/3ea2118a5f7dad2b7138b1187a6b7ee55f160b9968b66013c3a3ef39dd7e5798?s=96&d=mm&r=g","url":"https:\/\/secure.gravatar.com\/avatar\/3ea2118a5f7dad2b7138b1187a6b7ee55f160b9968b66013c3a3ef39dd7e5798?s=96&d=mm&r=g","contentUrl":"https:\/\/secure.gravatar.com\/avatar\/3ea2118a5f7dad2b7138b1187a6b7ee55f160b9968b66013c3a3ef39dd7e5798?s=96&d=mm&r=g","caption":"Jeanette"},"sameAs":["https:\/\/www.eldiario.net\/portal"],"url":"https:\/\/www.eldiario.net\/portal\/author\/jeanette\/"}]}},"_links":{"self":[{"href":"https:\/\/www.eldiario.net\/portal\/wp-json\/wp\/v2\/posts\/25383","targetHints":{"allow":["GET"]}}],"collection":[{"href":"https:\/\/www.eldiario.net\/portal\/wp-json\/wp\/v2\/posts"}],"about":[{"href":"https:\/\/www.eldiario.net\/portal\/wp-json\/wp\/v2\/types\/post"}],"author":[{"embeddable":true,"href":"https:\/\/www.eldiario.net\/portal\/wp-json\/wp\/v2\/users\/1"}],"replies":[{"embeddable":true,"href":"https:\/\/www.eldiario.net\/portal\/wp-json\/wp\/v2\/comments?post=25383"}],"version-history":[{"count":0,"href":"https:\/\/www.eldiario.net\/portal\/wp-json\/wp\/v2\/posts\/25383\/revisions"}],"wp:featuredmedia":[{"embeddable":true,"href":"https:\/\/www.eldiario.net\/portal\/wp-json\/wp\/v2\/media\/25384"}],"wp:attachment":[{"href":"https:\/\/www.eldiario.net\/portal\/wp-json\/wp\/v2\/media?parent=25383"}],"wp:term":[{"taxonomy":"category","embeddable":true,"href":"https:\/\/www.eldiario.net\/portal\/wp-json\/wp\/v2\/categories?post=25383"},{"taxonomy":"post_tag","embeddable":true,"href":"https:\/\/www.eldiario.net\/portal\/wp-json\/wp\/v2\/tags?post=25383"}],"curies":[{"name":"wp","href":"https:\/\/api.w.org\/{rel}","templated":true}]}}