{"id":253806,"date":"2024-10-13T00:58:52","date_gmt":"2024-10-13T04:58:52","guid":{"rendered":"https:\/\/www.eldiario.net\/portal\/?p=253806"},"modified":"2024-10-12T22:59:30","modified_gmt":"2024-10-13T02:59:30","slug":"cometa-del-siglo-estara-cerca-de-la-tierra-y-no-se-vera-en-80-mil-anos","status":"publish","type":"post","link":"https:\/\/www.eldiario.net\/portal\/2024\/10\/13\/cometa-del-siglo-estara-cerca-de-la-tierra-y-no-se-vera-en-80-mil-anos\/","title":{"rendered":"Cometa del siglo estar\u00e1 cerca de la  tierra y no se ver\u00e1 en 80 mil a\u00f1os"},"content":{"rendered":"<p class=\"v1MsoNormal\">El C\/2023 A3 Tsuchinshan-ATLAS, conocido como el \u00abcometa del siglo\u00bb, se podr\u00e1 ver con facilidad y a simple vista surcando el cielo nocturno durante estos d\u00edas. El cometa pasar\u00e1 cerca del Sol sin desintegrarse y alcanz\u00f3 su punto m\u00e1s cercano a la Tierra ayer 12 de octubre.<\/p>\n<p class=\"v1MsoNormal\">El mejor momento para observar el \u00abcometa del siglo\u00bb ser\u00e1 al atardecer de ayer, en torno a las 20.00 horas. Para ello, hay que mirar hacia el oeste, seg\u00fan inform\u00f3\u00a0<a href=\"http:\/\/eltiempo.es\/\" target=\"_blank\" rel=\"noopener noreferrer\">eltiempo.es<\/a>.<\/p>\n<p class=\"v1MsoNormal\">Este cuerpo celeste, compuesto por hielo y polvo, se aproxima a la Tierra ofreciendo un espect\u00e1culo que no se repetir\u00e1 en miles de a\u00f1os. Desde el 12 de octubre, el cometa es visible a simple vista en el hemisferio norte, mostrando una cola luminosa que se extiende a lo largo del firmamento.<\/p>\n<p class=\"v1MsoNormal\">Descubierto en enero de 2023 por los telescopios del Observatorio Tsuchinshan en China y confirmado por el proyecto Atlas en Sud\u00e1frica, el cometa Tsuchinshan-Atlas fue apodado como el \u00abcometa del siglo\u00bb debido a su excepcional brillo y a la rareza de su trayectoria.<\/p>\n<p class=\"v1MsoNormal\">Se estima que su \u00faltima visita al sistema solar interior ocurri\u00f3 hace unos 80.000 a\u00f1os, en tiempos en que los neandertales habitaban la Tierra.<\/p>\n<p class=\"v1MsoNormal\">El cometa Tsuchinshan-Atlas sorprendi\u00f3 a astr\u00f3nomos y aficionados por su intensa luminosidad. Seg\u00fan Javier Licandro, astr\u00f3nomo del Instituto de Astrof\u00edsica de Canarias (IAC), el cometa est\u00e1 actualmente \u00abmucho m\u00e1s brillante que Mercurio\u00bb, uno de los planetas m\u00e1s luminosos en el cielo nocturno.<\/p>\n<p class=\"v1MsoNormal\">Esta caracter\u00edstica se mide mediante la magnitud estelar, una escala que determina el resplandor de los objetos celestes. Las im\u00e1genes capturadas por el sat\u00e9lite SOHO (Observatorio Heliosf\u00e9rico y Solar) muestran que el cometa desarroll\u00f3 una cola impresionante.<\/p>\n<p class=\"v1MsoNormal\">La cola del cometa del siglo alcanza una longitud equivalente al di\u00e1metro de 42 lunas llenas, un espect\u00e1culo que pocos fen\u00f3menos astron\u00f3micos pueden igualar.<\/p>\n<p class=\"v1MsoNormal\">Para disfrutar al m\u00e1ximo del cometa del siglo, los expertos recomiendan observarlo desde lugares con poca contaminaci\u00f3n lum\u00ednica y con el horizonte occidental despejado.<\/p>\n<p class=\"v1MsoNormal\">El mejor momento para verlo es justo despu\u00e9s de la puesta del sol, alrededor de las 20.00 horas. Cada d\u00eda que pasa, el cometa estar\u00e1 m\u00e1s alto en el cielo tras el anochecer, facilitando su observaci\u00f3n. Es aconsejable utilizar prism\u00e1ticos de ampliaci\u00f3n para apreciar mejor los detalles de su n\u00facleo y su extensa cola.<\/p>\n<p class=\"v1MsoNormal\">Sin embargo, debido a su intenso brillo, tambi\u00e9n es posible verlo a simple vista. En Espa\u00f1a, las Islas Canarias ofrecen condiciones ideales para su observaci\u00f3n, gracias a sus cielos claros y bajos niveles de contaminaci\u00f3n lum\u00ednica.<\/p>\n<p class=\"v1MsoNormal\">El Tsuchinshan-Atlas fue comparado con cometas hist\u00f3ricos como el Hale-Bopp y el Hyakutake, que en la d\u00e9cada de 1990 dejaron una profunda impresi\u00f3n en quienes los observaron. El cometa Hale-Bopp, en particular, fue tan brillante que pudo ser visto incluso durante el d\u00eda con ayuda de telescopios.<\/p>\n<p class=\"v1MsoNormal\">\n<p class=\"v1MsoNormal\">ACTIVIDAD SOLAR<\/p>\n<p class=\"v1MsoNormal\">Este evento astron\u00f3mico coincide con un periodo de intensa actividad solar, lo que permiti\u00f3 la aparici\u00f3n de auroras boreales en latitudes inusualmente bajas, incluyendo regiones de la Pen\u00ednsula Ib\u00e9rica.<\/p>\n<p class=\"v1MsoNormal\">Aunque es poco probable ver el cometa y las auroras simult\u00e1neamente debido a diferencias en horarios y direcciones en el cielo, la posibilidad de presenciar ambos fen\u00f3menos en la misma noche gener\u00f3 gran entusiasmo.<\/p>\n<p class=\"v1MsoNormal\">El Sol se encuentra en una etapa particularmente activa de su ciclo de 11 a\u00f1os, lo que aumenta la frecuencia e intensidad de las auroras. Observar una aurora boreal desde latitudes m\u00e1s al sur es un evento raro, y las condiciones actuales hacen que sea una posibilidad real, a\u00f1adiendo a\u00fan m\u00e1s atractivo a las noches de observaci\u00f3n.<\/p>\n<p class=\"v1MsoNormal\">Los cometas son cuerpos celestes formados por hielo, polvo y peque\u00f1as part\u00edculas rocosas. Cuando se acercan al Sol, el calor provoca que los materiales helados se sublimenten, pasando de estado s\u00f3lido a gaseoso.<\/p>\n<p class=\"v1MsoNormal\">Esto genera una atm\u00f3sfera difusa alrededor del n\u00facleo llamada coma, y una cola que siempre apunta en direcci\u00f3n opuesta al Sol debido al viento solar. El Tsuchinshan-Atlas procede de la nube de Oort, un vasto y distante reservorio de cuerpos helados que rodea el sistema solar.<\/p>\n<p class=\"v1MsoNormal\">Se estima que este cometa tiene una \u00f3rbita no peri\u00f3dica, lo que significa que podr\u00eda no regresar jam\u00e1s. Despu\u00e9s de su paso cercano a la Tierra, continuar\u00e1 su viaje hacia los confines del sistema solar, posiblemente influenciado por la gravedad de otros planetas o estrellas.<\/p>\n<p class=\"v1MsoNormal\">Para aquellos que quieran capturar el momento, los d\u00edas 19 y 20 de octubre podr\u00edan ser ideales para tomar fotograf\u00edas, ya que la Luna llena habr\u00e1 pasado y el brillo lunar no interferir\u00e1 con la observaci\u00f3n del cometa, por lo que es una oportunidad excepcional para astr\u00f3nomos aficionados y fot\u00f3grafos de cielos nocturnos.<\/p>\n<p class=\"v1MsoNormal\">Despu\u00e9s de su espectacular aparici\u00f3n, el cometa Tsuchinshan-Atlas seguir\u00e1 su camino, alej\u00e1ndose cada vez m\u00e1s de la Tierra. Los modelos orbitales sugieren que no volver\u00e1 a acercarse a nuestro planeta en cientos de miles de a\u00f1os, si es que regresa alguna vez. Esta es, literalmente, una oportunidad \u00fanica en la vida para ser testigo de este fen\u00f3meno. (Europa Press)<\/p>\n","protected":false},"excerpt":{"rendered":"<p>El C\/2023 A3 Tsuchinshan-ATLAS, conocido como el \u00abcometa del siglo\u00bb, se podr\u00e1 ver con facilidad y a simple vista surcando el cielo nocturno durante estos d\u00edas. El cometa pasar\u00e1 cerca del Sol sin desintegrarse y alcanz\u00f3 su punto m\u00e1s cercano a la Tierra ayer 12 de octubre. El mejor momento para observar el \u00abcometa del [&hellip;]<\/p>\n","protected":false},"author":1,"featured_media":253807,"comment_status":"open","ping_status":"open","sticky":false,"template":"","format":"standard","meta":{"_acf_changed":false,"footnotes":""},"categories":[3],"tags":[],"class_list":["post-253806","post","type-post","status-publish","format-standard","has-post-thumbnail","category-internacional"],"acf":{"antetitulo":""},"yoast_head":"<!-- This site is optimized with the Yoast SEO plugin v28.3 - https:\/\/yoast.com\/product\/yoast-seo-wordpress\/ -->\n<title>Cometa del siglo estar\u00e1 cerca de la tierra y no se ver\u00e1 en 80 mil a\u00f1os - El Diario - Bolivia<\/title>\n<meta name=\"robots\" content=\"index, follow, max-snippet:-1, max-image-preview:large, max-video-preview:-1\" \/>\n<link rel=\"canonical\" href=\"https:\/\/www.eldiario.net\/portal\/2024\/10\/13\/cometa-del-siglo-estara-cerca-de-la-tierra-y-no-se-vera-en-80-mil-anos\/\" \/>\n<meta property=\"og:locale\" content=\"es_ES\" \/>\n<meta property=\"og:type\" content=\"article\" \/>\n<meta property=\"og:title\" content=\"Cometa del siglo estar\u00e1 cerca de la tierra y no se ver\u00e1 en 80 mil a\u00f1os - El Diario - Bolivia\" \/>\n<meta property=\"og:description\" content=\"El C\/2023 A3 Tsuchinshan-ATLAS, conocido como el \u00abcometa del siglo\u00bb, se podr\u00e1 ver con facilidad y a simple vista surcando el cielo nocturno durante estos d\u00edas. El cometa pasar\u00e1 cerca del Sol sin desintegrarse y alcanz\u00f3 su punto m\u00e1s cercano a la Tierra ayer 12 de octubre. El mejor momento para observar el \u00abcometa del [&hellip;]\" \/>\n<meta property=\"og:url\" content=\"https:\/\/www.eldiario.net\/portal\/2024\/10\/13\/cometa-del-siglo-estara-cerca-de-la-tierra-y-no-se-vera-en-80-mil-anos\/\" \/>\n<meta property=\"og:site_name\" content=\"El Diario - Bolivia\" \/>\n<meta property=\"article:publisher\" content=\"https:\/\/www.facebook.com\/eldiario.bolivia\/\" \/>\n<meta property=\"article:published_time\" content=\"2024-10-13T04:58:52+00:00\" \/>\n<meta property=\"og:image\" content=\"https:\/\/www.eldiario.net\/portal\/wp-content\/uploads\/2024\/10\/COMETA-Max.jpg\" \/>\n\t<meta property=\"og:image:width\" content=\"640\" \/>\n\t<meta property=\"og:image:height\" content=\"359\" \/>\n\t<meta property=\"og:image:type\" content=\"image\/jpeg\" \/>\n<meta name=\"author\" content=\"Jeanette\" \/>\n<meta name=\"twitter:card\" content=\"summary_large_image\" \/>\n<meta name=\"twitter:creator\" content=\"@eldiario_net\" \/>\n<meta name=\"twitter:site\" content=\"@eldiario_net\" \/>\n<meta name=\"twitter:label1\" content=\"Escrito por\" \/>\n\t<meta name=\"twitter:data1\" content=\"Jeanette\" \/>\n\t<meta name=\"twitter:label2\" content=\"Tiempo de lectura\" \/>\n\t<meta name=\"twitter:data2\" content=\"4 minutos\" \/>\n<script type=\"application\/ld+json\" class=\"yoast-schema-graph\">{\"@context\":\"https:\\\/\\\/schema.org\",\"@graph\":[{\"@type\":\"Article\",\"@id\":\"https:\\\/\\\/www.eldiario.net\\\/portal\\\/2024\\\/10\\\/13\\\/cometa-del-siglo-estara-cerca-de-la-tierra-y-no-se-vera-en-80-mil-anos\\\/#article\",\"isPartOf\":{\"@id\":\"https:\\\/\\\/www.eldiario.net\\\/portal\\\/2024\\\/10\\\/13\\\/cometa-del-siglo-estara-cerca-de-la-tierra-y-no-se-vera-en-80-mil-anos\\\/\"},\"author\":{\"name\":\"Jeanette\",\"@id\":\"https:\\\/\\\/www.eldiario.net\\\/portal\\\/#\\\/schema\\\/person\\\/f46445640444750d7d753ccd04ae01b7\"},\"headline\":\"Cometa del siglo estar\u00e1 cerca de la tierra y no se ver\u00e1 en 80 mil a\u00f1os\",\"datePublished\":\"2024-10-13T04:58:52+00:00\",\"mainEntityOfPage\":{\"@id\":\"https:\\\/\\\/www.eldiario.net\\\/portal\\\/2024\\\/10\\\/13\\\/cometa-del-siglo-estara-cerca-de-la-tierra-y-no-se-vera-en-80-mil-anos\\\/\"},\"wordCount\":899,\"commentCount\":0,\"publisher\":{\"@id\":\"https:\\\/\\\/www.eldiario.net\\\/portal\\\/#organization\"},\"image\":{\"@id\":\"https:\\\/\\\/www.eldiario.net\\\/portal\\\/2024\\\/10\\\/13\\\/cometa-del-siglo-estara-cerca-de-la-tierra-y-no-se-vera-en-80-mil-anos\\\/#primaryimage\"},\"thumbnailUrl\":\"https:\\\/\\\/www.eldiario.net\\\/portal\\\/wp-content\\\/uploads\\\/2024\\\/10\\\/COMETA-Max.jpg\",\"articleSection\":[\"Internacional\"],\"inLanguage\":\"es\",\"potentialAction\":[{\"@type\":\"CommentAction\",\"name\":\"Comment\",\"target\":[\"https:\\\/\\\/www.eldiario.net\\\/portal\\\/2024\\\/10\\\/13\\\/cometa-del-siglo-estara-cerca-de-la-tierra-y-no-se-vera-en-80-mil-anos\\\/#respond\"]}]},{\"@type\":\"WebPage\",\"@id\":\"https:\\\/\\\/www.eldiario.net\\\/portal\\\/2024\\\/10\\\/13\\\/cometa-del-siglo-estara-cerca-de-la-tierra-y-no-se-vera-en-80-mil-anos\\\/\",\"url\":\"https:\\\/\\\/www.eldiario.net\\\/portal\\\/2024\\\/10\\\/13\\\/cometa-del-siglo-estara-cerca-de-la-tierra-y-no-se-vera-en-80-mil-anos\\\/\",\"name\":\"Cometa del siglo estar\u00e1 cerca de la tierra y no se ver\u00e1 en 80 mil a\u00f1os - El Diario - Bolivia\",\"isPartOf\":{\"@id\":\"https:\\\/\\\/www.eldiario.net\\\/portal\\\/#website\"},\"primaryImageOfPage\":{\"@id\":\"https:\\\/\\\/www.eldiario.net\\\/portal\\\/2024\\\/10\\\/13\\\/cometa-del-siglo-estara-cerca-de-la-tierra-y-no-se-vera-en-80-mil-anos\\\/#primaryimage\"},\"image\":{\"@id\":\"https:\\\/\\\/www.eldiario.net\\\/portal\\\/2024\\\/10\\\/13\\\/cometa-del-siglo-estara-cerca-de-la-tierra-y-no-se-vera-en-80-mil-anos\\\/#primaryimage\"},\"thumbnailUrl\":\"https:\\\/\\\/www.eldiario.net\\\/portal\\\/wp-content\\\/uploads\\\/2024\\\/10\\\/COMETA-Max.jpg\",\"datePublished\":\"2024-10-13T04:58:52+00:00\",\"breadcrumb\":{\"@id\":\"https:\\\/\\\/www.eldiario.net\\\/portal\\\/2024\\\/10\\\/13\\\/cometa-del-siglo-estara-cerca-de-la-tierra-y-no-se-vera-en-80-mil-anos\\\/#breadcrumb\"},\"inLanguage\":\"es\",\"potentialAction\":[{\"@type\":\"ReadAction\",\"target\":[\"https:\\\/\\\/www.eldiario.net\\\/portal\\\/2024\\\/10\\\/13\\\/cometa-del-siglo-estara-cerca-de-la-tierra-y-no-se-vera-en-80-mil-anos\\\/\"]}]},{\"@type\":\"ImageObject\",\"inLanguage\":\"es\",\"@id\":\"https:\\\/\\\/www.eldiario.net\\\/portal\\\/2024\\\/10\\\/13\\\/cometa-del-siglo-estara-cerca-de-la-tierra-y-no-se-vera-en-80-mil-anos\\\/#primaryimage\",\"url\":\"https:\\\/\\\/www.eldiario.net\\\/portal\\\/wp-content\\\/uploads\\\/2024\\\/10\\\/COMETA-Max.jpg\",\"contentUrl\":\"https:\\\/\\\/www.eldiario.net\\\/portal\\\/wp-content\\\/uploads\\\/2024\\\/10\\\/COMETA-Max.jpg\",\"width\":640,\"height\":359},{\"@type\":\"BreadcrumbList\",\"@id\":\"https:\\\/\\\/www.eldiario.net\\\/portal\\\/2024\\\/10\\\/13\\\/cometa-del-siglo-estara-cerca-de-la-tierra-y-no-se-vera-en-80-mil-anos\\\/#breadcrumb\",\"itemListElement\":[{\"@type\":\"ListItem\",\"position\":1,\"name\":\"Portada\",\"item\":\"https:\\\/\\\/www.eldiario.net\\\/portal\\\/\"},{\"@type\":\"ListItem\",\"position\":2,\"name\":\"Cometa del siglo estar\u00e1 cerca de la tierra y no se ver\u00e1 en 80 mil a\u00f1os\"}]},{\"@type\":\"WebSite\",\"@id\":\"https:\\\/\\\/www.eldiario.net\\\/portal\\\/#website\",\"url\":\"https:\\\/\\\/www.eldiario.net\\\/portal\\\/\",\"name\":\"El Diario - Decano de la prensa nacional\",\"description\":\"El Diario - Decano de la prensa nacional\",\"publisher\":{\"@id\":\"https:\\\/\\\/www.eldiario.net\\\/portal\\\/#organization\"},\"potentialAction\":[{\"@type\":\"SearchAction\",\"target\":{\"@type\":\"EntryPoint\",\"urlTemplate\":\"https:\\\/\\\/www.eldiario.net\\\/portal\\\/?s={search_term_string}\"},\"query-input\":{\"@type\":\"PropertyValueSpecification\",\"valueRequired\":true,\"valueName\":\"search_term_string\"}}],\"inLanguage\":\"es\"},{\"@type\":\"Organization\",\"@id\":\"https:\\\/\\\/www.eldiario.net\\\/portal\\\/#organization\",\"name\":\"El Diario - Decano de la prensa nacional\",\"url\":\"https:\\\/\\\/www.eldiario.net\\\/portal\\\/\",\"logo\":{\"@type\":\"ImageObject\",\"inLanguage\":\"es\",\"@id\":\"https:\\\/\\\/www.eldiario.net\\\/portal\\\/#\\\/schema\\\/logo\\\/image\\\/\",\"url\":\"https:\\\/\\\/www.eldiario.net\\\/portal\\\/wp-content\\\/uploads\\\/2023\\\/07\\\/logo_ED.jpg\",\"contentUrl\":\"https:\\\/\\\/www.eldiario.net\\\/portal\\\/wp-content\\\/uploads\\\/2023\\\/07\\\/logo_ED.jpg\",\"width\":272,\"height\":52,\"caption\":\"El Diario - Decano de la prensa nacional\"},\"image\":{\"@id\":\"https:\\\/\\\/www.eldiario.net\\\/portal\\\/#\\\/schema\\\/logo\\\/image\\\/\"},\"sameAs\":[\"https:\\\/\\\/www.facebook.com\\\/eldiario.bolivia\\\/\",\"https:\\\/\\\/x.com\\\/eldiario_net\"]},{\"@type\":\"Person\",\"@id\":\"https:\\\/\\\/www.eldiario.net\\\/portal\\\/#\\\/schema\\\/person\\\/f46445640444750d7d753ccd04ae01b7\",\"name\":\"Jeanette\",\"image\":{\"@type\":\"ImageObject\",\"inLanguage\":\"es\",\"@id\":\"https:\\\/\\\/secure.gravatar.com\\\/avatar\\\/3ea2118a5f7dad2b7138b1187a6b7ee55f160b9968b66013c3a3ef39dd7e5798?s=96&d=mm&r=g\",\"url\":\"https:\\\/\\\/secure.gravatar.com\\\/avatar\\\/3ea2118a5f7dad2b7138b1187a6b7ee55f160b9968b66013c3a3ef39dd7e5798?s=96&d=mm&r=g\",\"contentUrl\":\"https:\\\/\\\/secure.gravatar.com\\\/avatar\\\/3ea2118a5f7dad2b7138b1187a6b7ee55f160b9968b66013c3a3ef39dd7e5798?s=96&d=mm&r=g\",\"caption\":\"Jeanette\"},\"sameAs\":[\"https:\\\/\\\/www.eldiario.net\\\/portal\"],\"url\":\"https:\\\/\\\/www.eldiario.net\\\/portal\\\/author\\\/jeanette\\\/\"}]}<\/script>\n<!-- \/ Yoast SEO plugin. -->","yoast_head_json":{"title":"Cometa del siglo estar\u00e1 cerca de la tierra y no se ver\u00e1 en 80 mil a\u00f1os - El Diario - Bolivia","robots":{"index":"index","follow":"follow","max-snippet":"max-snippet:-1","max-image-preview":"max-image-preview:large","max-video-preview":"max-video-preview:-1"},"canonical":"https:\/\/www.eldiario.net\/portal\/2024\/10\/13\/cometa-del-siglo-estara-cerca-de-la-tierra-y-no-se-vera-en-80-mil-anos\/","og_locale":"es_ES","og_type":"article","og_title":"Cometa del siglo estar\u00e1 cerca de la tierra y no se ver\u00e1 en 80 mil a\u00f1os - El Diario - Bolivia","og_description":"El C\/2023 A3 Tsuchinshan-ATLAS, conocido como el \u00abcometa del siglo\u00bb, se podr\u00e1 ver con facilidad y a simple vista surcando el cielo nocturno durante estos d\u00edas. El cometa pasar\u00e1 cerca del Sol sin desintegrarse y alcanz\u00f3 su punto m\u00e1s cercano a la Tierra ayer 12 de octubre. El mejor momento para observar el \u00abcometa del [&hellip;]","og_url":"https:\/\/www.eldiario.net\/portal\/2024\/10\/13\/cometa-del-siglo-estara-cerca-de-la-tierra-y-no-se-vera-en-80-mil-anos\/","og_site_name":"El Diario - Bolivia","article_publisher":"https:\/\/www.facebook.com\/eldiario.bolivia\/","article_published_time":"2024-10-13T04:58:52+00:00","og_image":[{"width":640,"height":359,"url":"https:\/\/www.eldiario.net\/portal\/wp-content\/uploads\/2024\/10\/COMETA-Max.jpg","type":"image\/jpeg"}],"author":"Jeanette","twitter_card":"summary_large_image","twitter_creator":"@eldiario_net","twitter_site":"@eldiario_net","twitter_misc":{"Escrito por":"Jeanette","Tiempo de lectura":"4 minutos"},"schema":{"@context":"https:\/\/schema.org","@graph":[{"@type":"Article","@id":"https:\/\/www.eldiario.net\/portal\/2024\/10\/13\/cometa-del-siglo-estara-cerca-de-la-tierra-y-no-se-vera-en-80-mil-anos\/#article","isPartOf":{"@id":"https:\/\/www.eldiario.net\/portal\/2024\/10\/13\/cometa-del-siglo-estara-cerca-de-la-tierra-y-no-se-vera-en-80-mil-anos\/"},"author":{"name":"Jeanette","@id":"https:\/\/www.eldiario.net\/portal\/#\/schema\/person\/f46445640444750d7d753ccd04ae01b7"},"headline":"Cometa del siglo estar\u00e1 cerca de la tierra y no se ver\u00e1 en 80 mil a\u00f1os","datePublished":"2024-10-13T04:58:52+00:00","mainEntityOfPage":{"@id":"https:\/\/www.eldiario.net\/portal\/2024\/10\/13\/cometa-del-siglo-estara-cerca-de-la-tierra-y-no-se-vera-en-80-mil-anos\/"},"wordCount":899,"commentCount":0,"publisher":{"@id":"https:\/\/www.eldiario.net\/portal\/#organization"},"image":{"@id":"https:\/\/www.eldiario.net\/portal\/2024\/10\/13\/cometa-del-siglo-estara-cerca-de-la-tierra-y-no-se-vera-en-80-mil-anos\/#primaryimage"},"thumbnailUrl":"https:\/\/www.eldiario.net\/portal\/wp-content\/uploads\/2024\/10\/COMETA-Max.jpg","articleSection":["Internacional"],"inLanguage":"es","potentialAction":[{"@type":"CommentAction","name":"Comment","target":["https:\/\/www.eldiario.net\/portal\/2024\/10\/13\/cometa-del-siglo-estara-cerca-de-la-tierra-y-no-se-vera-en-80-mil-anos\/#respond"]}]},{"@type":"WebPage","@id":"https:\/\/www.eldiario.net\/portal\/2024\/10\/13\/cometa-del-siglo-estara-cerca-de-la-tierra-y-no-se-vera-en-80-mil-anos\/","url":"https:\/\/www.eldiario.net\/portal\/2024\/10\/13\/cometa-del-siglo-estara-cerca-de-la-tierra-y-no-se-vera-en-80-mil-anos\/","name":"Cometa del siglo estar\u00e1 cerca de la tierra y no se ver\u00e1 en 80 mil a\u00f1os - El Diario - Bolivia","isPartOf":{"@id":"https:\/\/www.eldiario.net\/portal\/#website"},"primaryImageOfPage":{"@id":"https:\/\/www.eldiario.net\/portal\/2024\/10\/13\/cometa-del-siglo-estara-cerca-de-la-tierra-y-no-se-vera-en-80-mil-anos\/#primaryimage"},"image":{"@id":"https:\/\/www.eldiario.net\/portal\/2024\/10\/13\/cometa-del-siglo-estara-cerca-de-la-tierra-y-no-se-vera-en-80-mil-anos\/#primaryimage"},"thumbnailUrl":"https:\/\/www.eldiario.net\/portal\/wp-content\/uploads\/2024\/10\/COMETA-Max.jpg","datePublished":"2024-10-13T04:58:52+00:00","breadcrumb":{"@id":"https:\/\/www.eldiario.net\/portal\/2024\/10\/13\/cometa-del-siglo-estara-cerca-de-la-tierra-y-no-se-vera-en-80-mil-anos\/#breadcrumb"},"inLanguage":"es","potentialAction":[{"@type":"ReadAction","target":["https:\/\/www.eldiario.net\/portal\/2024\/10\/13\/cometa-del-siglo-estara-cerca-de-la-tierra-y-no-se-vera-en-80-mil-anos\/"]}]},{"@type":"ImageObject","inLanguage":"es","@id":"https:\/\/www.eldiario.net\/portal\/2024\/10\/13\/cometa-del-siglo-estara-cerca-de-la-tierra-y-no-se-vera-en-80-mil-anos\/#primaryimage","url":"https:\/\/www.eldiario.net\/portal\/wp-content\/uploads\/2024\/10\/COMETA-Max.jpg","contentUrl":"https:\/\/www.eldiario.net\/portal\/wp-content\/uploads\/2024\/10\/COMETA-Max.jpg","width":640,"height":359},{"@type":"BreadcrumbList","@id":"https:\/\/www.eldiario.net\/portal\/2024\/10\/13\/cometa-del-siglo-estara-cerca-de-la-tierra-y-no-se-vera-en-80-mil-anos\/#breadcrumb","itemListElement":[{"@type":"ListItem","position":1,"name":"Portada","item":"https:\/\/www.eldiario.net\/portal\/"},{"@type":"ListItem","position":2,"name":"Cometa del siglo estar\u00e1 cerca de la tierra y no se ver\u00e1 en 80 mil a\u00f1os"}]},{"@type":"WebSite","@id":"https:\/\/www.eldiario.net\/portal\/#website","url":"https:\/\/www.eldiario.net\/portal\/","name":"El Diario - Decano de la prensa nacional","description":"El Diario - Decano de la prensa nacional","publisher":{"@id":"https:\/\/www.eldiario.net\/portal\/#organization"},"potentialAction":[{"@type":"SearchAction","target":{"@type":"EntryPoint","urlTemplate":"https:\/\/www.eldiario.net\/portal\/?s={search_term_string}"},"query-input":{"@type":"PropertyValueSpecification","valueRequired":true,"valueName":"search_term_string"}}],"inLanguage":"es"},{"@type":"Organization","@id":"https:\/\/www.eldiario.net\/portal\/#organization","name":"El Diario - Decano de la prensa nacional","url":"https:\/\/www.eldiario.net\/portal\/","logo":{"@type":"ImageObject","inLanguage":"es","@id":"https:\/\/www.eldiario.net\/portal\/#\/schema\/logo\/image\/","url":"https:\/\/www.eldiario.net\/portal\/wp-content\/uploads\/2023\/07\/logo_ED.jpg","contentUrl":"https:\/\/www.eldiario.net\/portal\/wp-content\/uploads\/2023\/07\/logo_ED.jpg","width":272,"height":52,"caption":"El Diario - Decano de la prensa nacional"},"image":{"@id":"https:\/\/www.eldiario.net\/portal\/#\/schema\/logo\/image\/"},"sameAs":["https:\/\/www.facebook.com\/eldiario.bolivia\/","https:\/\/x.com\/eldiario_net"]},{"@type":"Person","@id":"https:\/\/www.eldiario.net\/portal\/#\/schema\/person\/f46445640444750d7d753ccd04ae01b7","name":"Jeanette","image":{"@type":"ImageObject","inLanguage":"es","@id":"https:\/\/secure.gravatar.com\/avatar\/3ea2118a5f7dad2b7138b1187a6b7ee55f160b9968b66013c3a3ef39dd7e5798?s=96&d=mm&r=g","url":"https:\/\/secure.gravatar.com\/avatar\/3ea2118a5f7dad2b7138b1187a6b7ee55f160b9968b66013c3a3ef39dd7e5798?s=96&d=mm&r=g","contentUrl":"https:\/\/secure.gravatar.com\/avatar\/3ea2118a5f7dad2b7138b1187a6b7ee55f160b9968b66013c3a3ef39dd7e5798?s=96&d=mm&r=g","caption":"Jeanette"},"sameAs":["https:\/\/www.eldiario.net\/portal"],"url":"https:\/\/www.eldiario.net\/portal\/author\/jeanette\/"}]}},"_links":{"self":[{"href":"https:\/\/www.eldiario.net\/portal\/wp-json\/wp\/v2\/posts\/253806","targetHints":{"allow":["GET"]}}],"collection":[{"href":"https:\/\/www.eldiario.net\/portal\/wp-json\/wp\/v2\/posts"}],"about":[{"href":"https:\/\/www.eldiario.net\/portal\/wp-json\/wp\/v2\/types\/post"}],"author":[{"embeddable":true,"href":"https:\/\/www.eldiario.net\/portal\/wp-json\/wp\/v2\/users\/1"}],"replies":[{"embeddable":true,"href":"https:\/\/www.eldiario.net\/portal\/wp-json\/wp\/v2\/comments?post=253806"}],"version-history":[{"count":1,"href":"https:\/\/www.eldiario.net\/portal\/wp-json\/wp\/v2\/posts\/253806\/revisions"}],"predecessor-version":[{"id":253808,"href":"https:\/\/www.eldiario.net\/portal\/wp-json\/wp\/v2\/posts\/253806\/revisions\/253808"}],"wp:featuredmedia":[{"embeddable":true,"href":"https:\/\/www.eldiario.net\/portal\/wp-json\/wp\/v2\/media\/253807"}],"wp:attachment":[{"href":"https:\/\/www.eldiario.net\/portal\/wp-json\/wp\/v2\/media?parent=253806"}],"wp:term":[{"taxonomy":"category","embeddable":true,"href":"https:\/\/www.eldiario.net\/portal\/wp-json\/wp\/v2\/categories?post=253806"},{"taxonomy":"post_tag","embeddable":true,"href":"https:\/\/www.eldiario.net\/portal\/wp-json\/wp\/v2\/tags?post=253806"}],"curies":[{"name":"wp","href":"https:\/\/api.w.org\/{rel}","templated":true}]}}