{"id":25371,"date":"2021-08-24T06:04:14","date_gmt":"2021-08-24T10:04:14","guid":{"rendered":"https:\/\/www.eldiario.net\/portal\/?p=25371"},"modified":"2021-08-24T06:04:14","modified_gmt":"2021-08-24T10:04:14","slug":"incendios-forestales-afectan-a-nueve-municipios-crucenos","status":"publish","type":"post","link":"https:\/\/www.eldiario.net\/portal\/2021\/08\/24\/incendios-forestales-afectan-a-nueve-municipios-crucenos\/","title":{"rendered":"Incendios forestales afectan a nueve municipios cruce\u00f1os"},"content":{"rendered":"<p>Los incendios forestales afectan a nueve municipios del departamento de Santa Cruz, inform\u00f3 este lunes Julio Fuentes, responsable del programa de fuego de la Gobernaci\u00f3n. La m\u00e1s afectada es San Jos\u00e9 de Chiquitos y est\u00e1 en alerta m\u00e1xima, por lo que las autoridades, tras un sobrevuelo por la regi\u00f3n, realizan evaluaciones correspondientes para emitir la declaratoria de desastre.<\/p>\n<p>Seg\u00fan El Deber, el municipio de\u00a0San Jos\u00e9 de Chiquitos est\u00e1 en alerta m\u00e1xima por los incendios forestales\u00a0y realiza las evaluaciones correspondientes para emitir la\u00a0declaratoria de desastre.\u00a0La regi\u00f3n se ha visto desbordada por el fuego que hace de las suyas en diferentes zonas de la jurisdicci\u00f3n chiquitana.<\/p>\n<p>Durante el fin de semana las autoridades de la regi\u00f3n realizaron un sobrevuelo en helic\u00f3ptero para observar la situaci\u00f3n que afecta, principalmente, a las zonas de\u00a0Los\u00a0Sotos, la Victoria, Providencia, Taperitas y Momoca.<\/p>\n<p>Adem\u00e1s, se reunieron el viceministro de Defensa Civil,\u00a0Juan Carlos Calvimontes, el\u00a0alcalde josesano Marvin Babery,\u00a0representantes de la subgobernaci\u00f3n de Chiquitos y de la Autoridad de Bosques y Tierras (ABT), as\u00ed como bomberos voluntarios, seg\u00fan el bolet\u00edn municipal, para analizar la situaci\u00f3n.<\/p>\n<p>\u00abPasamos por una etapa dif\u00edcil en San Jos\u00e9,\u00a0fuimos en el helic\u00f3ptero y documentamos todo para declarar zona de desastre,\u00a0esto porque hemos sido desbordados los incendios\u00bb, sostuvo el alcalde.<\/p>\n<p>Mientras que el concejal Jonatan Pe\u00f1a, encargado de los bomberos UUBR de San Jos\u00e9, explic\u00f3 que se coordin\u00f3 para\u00a0tener las coordenadas estudiadas en las zonas afectadas por el fuego\u00a0y determinar el reabastecimiento de agua. \u00abHaremos una descarga a\u00e9rea y terrestre\u00bb, precis\u00f3. Entretanto, el viceministro Calvimontes anunci\u00f3 que, desde este lunes, un helic\u00f3ptero\u00a0S\u00faper Puma realizar\u00e1 descargas de agua en la zona de incendio del municipio de Robor\u00e9.<\/p>\n<p>En esta jornada se realizaron reuniones de coordinaci\u00f3n con los equipos t\u00e9cnicos del gobierno municipal, las Fuerzas Armadas y la Polic\u00eda en Robor\u00e9 y San Jos\u00e9 de Chiquitos, para planificar la partida de las\u00a0primeras patrullas terrestres a los lugares donde se identific\u00f3 la posibilidad de afectaci\u00f3n del fuego.<\/p>\n<p>&nbsp;<\/p>\n","protected":false},"excerpt":{"rendered":"<p>Los incendios forestales afectan a nueve municipios del departamento de Santa Cruz, inform\u00f3 este lunes Julio Fuentes, responsable del programa de fuego de la Gobernaci\u00f3n. La m\u00e1s afectada es San Jos\u00e9 de Chiquitos y est\u00e1 en alerta m\u00e1xima, por lo que las autoridades, tras un sobrevuelo por la regi\u00f3n, realizan evaluaciones correspondientes para emitir la [&hellip;]<\/p>\n","protected":false},"author":1,"featured_media":25372,"comment_status":"closed","ping_status":"closed","sticky":false,"template":"","format":"standard","meta":{"_acf_changed":false,"footnotes":""},"categories":[12],"tags":[],"class_list":["post-25371","post","type-post","status-publish","format-standard","has-post-thumbnail","category-nacional"],"acf":{"antetitulo":""},"yoast_head":"<!-- This site is optimized with the Yoast SEO plugin v28.4 - https:\/\/yoast.com\/product\/yoast-seo-wordpress\/ -->\n<title>Incendios forestales afectan a nueve municipios cruce\u00f1os - El Diario - Bolivia<\/title>\n<meta name=\"robots\" content=\"index, follow, max-snippet:-1, max-image-preview:large, max-video-preview:-1\" \/>\n<link rel=\"canonical\" href=\"https:\/\/www.eldiario.net\/portal\/2021\/08\/24\/incendios-forestales-afectan-a-nueve-municipios-crucenos\/\" \/>\n<meta property=\"og:locale\" content=\"es_ES\" \/>\n<meta property=\"og:type\" content=\"article\" \/>\n<meta property=\"og:title\" content=\"Incendios forestales afectan a nueve municipios cruce\u00f1os - El Diario - Bolivia\" \/>\n<meta property=\"og:description\" content=\"Los incendios forestales afectan a nueve municipios del departamento de Santa Cruz, inform\u00f3 este lunes Julio Fuentes, responsable del programa de fuego de la Gobernaci\u00f3n. La m\u00e1s afectada es San Jos\u00e9 de Chiquitos y est\u00e1 en alerta m\u00e1xima, por lo que las autoridades, tras un sobrevuelo por la regi\u00f3n, realizan evaluaciones correspondientes para emitir la [&hellip;]\" \/>\n<meta property=\"og:url\" content=\"https:\/\/www.eldiario.net\/portal\/2021\/08\/24\/incendios-forestales-afectan-a-nueve-municipios-crucenos\/\" \/>\n<meta property=\"og:site_name\" content=\"El Diario - Bolivia\" \/>\n<meta property=\"article:publisher\" content=\"https:\/\/www.facebook.com\/eldiario.bolivia\/\" \/>\n<meta property=\"article:published_time\" content=\"2021-08-24T10:04:14+00:00\" \/>\n<meta name=\"author\" content=\"Jeanette\" \/>\n<meta name=\"twitter:card\" content=\"summary_large_image\" \/>\n<meta name=\"twitter:creator\" content=\"@eldiario_net\" \/>\n<meta name=\"twitter:site\" content=\"@eldiario_net\" \/>\n<meta name=\"twitter:label1\" content=\"Escrito por\" \/>\n\t<meta name=\"twitter:data1\" content=\"Jeanette\" \/>\n\t<meta name=\"twitter:label2\" content=\"Tiempo de lectura\" \/>\n\t<meta name=\"twitter:data2\" content=\"2 minutos\" \/>\n<script type=\"application\/ld+json\" class=\"yoast-schema-graph\">{\"@context\":\"https:\\\/\\\/schema.org\",\"@graph\":[{\"@type\":\"Article\",\"@id\":\"https:\\\/\\\/www.eldiario.net\\\/portal\\\/2021\\\/08\\\/24\\\/incendios-forestales-afectan-a-nueve-municipios-crucenos\\\/#article\",\"isPartOf\":{\"@id\":\"https:\\\/\\\/www.eldiario.net\\\/portal\\\/2021\\\/08\\\/24\\\/incendios-forestales-afectan-a-nueve-municipios-crucenos\\\/\"},\"author\":{\"name\":\"Jeanette\",\"@id\":\"https:\\\/\\\/www.eldiario.net\\\/portal\\\/#\\\/schema\\\/person\\\/2c57cf2b7a7ae032e449e4c9b1019eac\"},\"headline\":\"Incendios forestales afectan a nueve municipios cruce\u00f1os\",\"datePublished\":\"2021-08-24T10:04:14+00:00\",\"mainEntityOfPage\":{\"@id\":\"https:\\\/\\\/www.eldiario.net\\\/portal\\\/2021\\\/08\\\/24\\\/incendios-forestales-afectan-a-nueve-municipios-crucenos\\\/\"},\"wordCount\":368,\"publisher\":{\"@id\":\"https:\\\/\\\/www.eldiario.net\\\/portal\\\/#organization\"},\"image\":{\"@id\":\"https:\\\/\\\/www.eldiario.net\\\/portal\\\/2021\\\/08\\\/24\\\/incendios-forestales-afectan-a-nueve-municipios-crucenos\\\/#primaryimage\"},\"thumbnailUrl\":\"\",\"articleSection\":[\"Nacional\"],\"inLanguage\":\"es\"},{\"@type\":\"WebPage\",\"@id\":\"https:\\\/\\\/www.eldiario.net\\\/portal\\\/2021\\\/08\\\/24\\\/incendios-forestales-afectan-a-nueve-municipios-crucenos\\\/\",\"url\":\"https:\\\/\\\/www.eldiario.net\\\/portal\\\/2021\\\/08\\\/24\\\/incendios-forestales-afectan-a-nueve-municipios-crucenos\\\/\",\"name\":\"Incendios forestales afectan a nueve municipios cruce\u00f1os - El Diario - Bolivia\",\"isPartOf\":{\"@id\":\"https:\\\/\\\/www.eldiario.net\\\/portal\\\/#website\"},\"primaryImageOfPage\":{\"@id\":\"https:\\\/\\\/www.eldiario.net\\\/portal\\\/2021\\\/08\\\/24\\\/incendios-forestales-afectan-a-nueve-municipios-crucenos\\\/#primaryimage\"},\"image\":{\"@id\":\"https:\\\/\\\/www.eldiario.net\\\/portal\\\/2021\\\/08\\\/24\\\/incendios-forestales-afectan-a-nueve-municipios-crucenos\\\/#primaryimage\"},\"thumbnailUrl\":\"\",\"datePublished\":\"2021-08-24T10:04:14+00:00\",\"breadcrumb\":{\"@id\":\"https:\\\/\\\/www.eldiario.net\\\/portal\\\/2021\\\/08\\\/24\\\/incendios-forestales-afectan-a-nueve-municipios-crucenos\\\/#breadcrumb\"},\"inLanguage\":\"es\",\"potentialAction\":[{\"@type\":\"ReadAction\",\"target\":[\"https:\\\/\\\/www.eldiario.net\\\/portal\\\/2021\\\/08\\\/24\\\/incendios-forestales-afectan-a-nueve-municipios-crucenos\\\/\"]}]},{\"@type\":\"ImageObject\",\"inLanguage\":\"es\",\"@id\":\"https:\\\/\\\/www.eldiario.net\\\/portal\\\/2021\\\/08\\\/24\\\/incendios-forestales-afectan-a-nueve-municipios-crucenos\\\/#primaryimage\",\"url\":\"\",\"contentUrl\":\"\"},{\"@type\":\"BreadcrumbList\",\"@id\":\"https:\\\/\\\/www.eldiario.net\\\/portal\\\/2021\\\/08\\\/24\\\/incendios-forestales-afectan-a-nueve-municipios-crucenos\\\/#breadcrumb\",\"itemListElement\":[{\"@type\":\"ListItem\",\"position\":1,\"name\":\"Portada\",\"item\":\"https:\\\/\\\/www.eldiario.net\\\/portal\\\/\"},{\"@type\":\"ListItem\",\"position\":2,\"name\":\"Incendios forestales afectan a nueve municipios cruce\u00f1os\"}]},{\"@type\":\"WebSite\",\"@id\":\"https:\\\/\\\/www.eldiario.net\\\/portal\\\/#website\",\"url\":\"https:\\\/\\\/www.eldiario.net\\\/portal\\\/\",\"name\":\"El Diario - Decano de la prensa nacional\",\"description\":\"El Diario - Decano de la prensa nacional\",\"publisher\":{\"@id\":\"https:\\\/\\\/www.eldiario.net\\\/portal\\\/#organization\"},\"potentialAction\":[{\"@type\":\"SearchAction\",\"target\":{\"@type\":\"EntryPoint\",\"urlTemplate\":\"https:\\\/\\\/www.eldiario.net\\\/portal\\\/?s={search_term_string}\"},\"query-input\":{\"@type\":\"PropertyValueSpecification\",\"valueRequired\":true,\"valueName\":\"search_term_string\"}}],\"inLanguage\":\"es\"},{\"@type\":\"Organization\",\"@id\":\"https:\\\/\\\/www.eldiario.net\\\/portal\\\/#organization\",\"name\":\"El Diario - Decano de la prensa nacional\",\"url\":\"https:\\\/\\\/www.eldiario.net\\\/portal\\\/\",\"logo\":{\"@type\":\"ImageObject\",\"inLanguage\":\"es\",\"@id\":\"https:\\\/\\\/www.eldiario.net\\\/portal\\\/#\\\/schema\\\/logo\\\/image\\\/\",\"url\":\"https:\\\/\\\/www.eldiario.net\\\/portal\\\/wp-content\\\/uploads\\\/2023\\\/07\\\/logo_ED.jpg\",\"contentUrl\":\"https:\\\/\\\/www.eldiario.net\\\/portal\\\/wp-content\\\/uploads\\\/2023\\\/07\\\/logo_ED.jpg\",\"width\":272,\"height\":52,\"caption\":\"El Diario - Decano de la prensa nacional\"},\"image\":{\"@id\":\"https:\\\/\\\/www.eldiario.net\\\/portal\\\/#\\\/schema\\\/logo\\\/image\\\/\"},\"sameAs\":[\"https:\\\/\\\/www.facebook.com\\\/eldiario.bolivia\\\/\",\"https:\\\/\\\/x.com\\\/eldiario_net\"]},{\"@type\":\"Person\",\"@id\":\"https:\\\/\\\/www.eldiario.net\\\/portal\\\/#\\\/schema\\\/person\\\/2c57cf2b7a7ae032e449e4c9b1019eac\",\"name\":\"Jeanette\",\"image\":{\"@type\":\"ImageObject\",\"inLanguage\":\"es\",\"@id\":\"https:\\\/\\\/secure.gravatar.com\\\/avatar\\\/3ea2118a5f7dad2b7138b1187a6b7ee55f160b9968b66013c3a3ef39dd7e5798?s=96&d=mm&r=g\",\"url\":\"https:\\\/\\\/secure.gravatar.com\\\/avatar\\\/3ea2118a5f7dad2b7138b1187a6b7ee55f160b9968b66013c3a3ef39dd7e5798?s=96&d=mm&r=g\",\"contentUrl\":\"https:\\\/\\\/secure.gravatar.com\\\/avatar\\\/3ea2118a5f7dad2b7138b1187a6b7ee55f160b9968b66013c3a3ef39dd7e5798?s=96&d=mm&r=g\",\"caption\":\"Jeanette\"},\"sameAs\":[\"https:\\\/\\\/www.eldiario.net\\\/portal\"],\"url\":\"https:\\\/\\\/www.eldiario.net\\\/portal\\\/author\\\/jeanette\\\/\"}]}<\/script>\n<!-- \/ Yoast SEO plugin. -->","yoast_head_json":{"title":"Incendios forestales afectan a nueve municipios cruce\u00f1os - El Diario - Bolivia","robots":{"index":"index","follow":"follow","max-snippet":"max-snippet:-1","max-image-preview":"max-image-preview:large","max-video-preview":"max-video-preview:-1"},"canonical":"https:\/\/www.eldiario.net\/portal\/2021\/08\/24\/incendios-forestales-afectan-a-nueve-municipios-crucenos\/","og_locale":"es_ES","og_type":"article","og_title":"Incendios forestales afectan a nueve municipios cruce\u00f1os - El Diario - Bolivia","og_description":"Los incendios forestales afectan a nueve municipios del departamento de Santa Cruz, inform\u00f3 este lunes Julio Fuentes, responsable del programa de fuego de la Gobernaci\u00f3n. La m\u00e1s afectada es San Jos\u00e9 de Chiquitos y est\u00e1 en alerta m\u00e1xima, por lo que las autoridades, tras un sobrevuelo por la regi\u00f3n, realizan evaluaciones correspondientes para emitir la [&hellip;]","og_url":"https:\/\/www.eldiario.net\/portal\/2021\/08\/24\/incendios-forestales-afectan-a-nueve-municipios-crucenos\/","og_site_name":"El Diario - Bolivia","article_publisher":"https:\/\/www.facebook.com\/eldiario.bolivia\/","article_published_time":"2021-08-24T10:04:14+00:00","author":"Jeanette","twitter_card":"summary_large_image","twitter_creator":"@eldiario_net","twitter_site":"@eldiario_net","twitter_misc":{"Escrito por":"Jeanette","Tiempo de lectura":"2 minutos"},"schema":{"@context":"https:\/\/schema.org","@graph":[{"@type":"Article","@id":"https:\/\/www.eldiario.net\/portal\/2021\/08\/24\/incendios-forestales-afectan-a-nueve-municipios-crucenos\/#article","isPartOf":{"@id":"https:\/\/www.eldiario.net\/portal\/2021\/08\/24\/incendios-forestales-afectan-a-nueve-municipios-crucenos\/"},"author":{"name":"Jeanette","@id":"https:\/\/www.eldiario.net\/portal\/#\/schema\/person\/2c57cf2b7a7ae032e449e4c9b1019eac"},"headline":"Incendios forestales afectan a nueve municipios cruce\u00f1os","datePublished":"2021-08-24T10:04:14+00:00","mainEntityOfPage":{"@id":"https:\/\/www.eldiario.net\/portal\/2021\/08\/24\/incendios-forestales-afectan-a-nueve-municipios-crucenos\/"},"wordCount":368,"publisher":{"@id":"https:\/\/www.eldiario.net\/portal\/#organization"},"image":{"@id":"https:\/\/www.eldiario.net\/portal\/2021\/08\/24\/incendios-forestales-afectan-a-nueve-municipios-crucenos\/#primaryimage"},"thumbnailUrl":"","articleSection":["Nacional"],"inLanguage":"es"},{"@type":"WebPage","@id":"https:\/\/www.eldiario.net\/portal\/2021\/08\/24\/incendios-forestales-afectan-a-nueve-municipios-crucenos\/","url":"https:\/\/www.eldiario.net\/portal\/2021\/08\/24\/incendios-forestales-afectan-a-nueve-municipios-crucenos\/","name":"Incendios forestales afectan a nueve municipios cruce\u00f1os - El Diario - Bolivia","isPartOf":{"@id":"https:\/\/www.eldiario.net\/portal\/#website"},"primaryImageOfPage":{"@id":"https:\/\/www.eldiario.net\/portal\/2021\/08\/24\/incendios-forestales-afectan-a-nueve-municipios-crucenos\/#primaryimage"},"image":{"@id":"https:\/\/www.eldiario.net\/portal\/2021\/08\/24\/incendios-forestales-afectan-a-nueve-municipios-crucenos\/#primaryimage"},"thumbnailUrl":"","datePublished":"2021-08-24T10:04:14+00:00","breadcrumb":{"@id":"https:\/\/www.eldiario.net\/portal\/2021\/08\/24\/incendios-forestales-afectan-a-nueve-municipios-crucenos\/#breadcrumb"},"inLanguage":"es","potentialAction":[{"@type":"ReadAction","target":["https:\/\/www.eldiario.net\/portal\/2021\/08\/24\/incendios-forestales-afectan-a-nueve-municipios-crucenos\/"]}]},{"@type":"ImageObject","inLanguage":"es","@id":"https:\/\/www.eldiario.net\/portal\/2021\/08\/24\/incendios-forestales-afectan-a-nueve-municipios-crucenos\/#primaryimage","url":"","contentUrl":""},{"@type":"BreadcrumbList","@id":"https:\/\/www.eldiario.net\/portal\/2021\/08\/24\/incendios-forestales-afectan-a-nueve-municipios-crucenos\/#breadcrumb","itemListElement":[{"@type":"ListItem","position":1,"name":"Portada","item":"https:\/\/www.eldiario.net\/portal\/"},{"@type":"ListItem","position":2,"name":"Incendios forestales afectan a nueve municipios cruce\u00f1os"}]},{"@type":"WebSite","@id":"https:\/\/www.eldiario.net\/portal\/#website","url":"https:\/\/www.eldiario.net\/portal\/","name":"El Diario - Decano de la prensa nacional","description":"El Diario - Decano de la prensa nacional","publisher":{"@id":"https:\/\/www.eldiario.net\/portal\/#organization"},"potentialAction":[{"@type":"SearchAction","target":{"@type":"EntryPoint","urlTemplate":"https:\/\/www.eldiario.net\/portal\/?s={search_term_string}"},"query-input":{"@type":"PropertyValueSpecification","valueRequired":true,"valueName":"search_term_string"}}],"inLanguage":"es"},{"@type":"Organization","@id":"https:\/\/www.eldiario.net\/portal\/#organization","name":"El Diario - Decano de la prensa nacional","url":"https:\/\/www.eldiario.net\/portal\/","logo":{"@type":"ImageObject","inLanguage":"es","@id":"https:\/\/www.eldiario.net\/portal\/#\/schema\/logo\/image\/","url":"https:\/\/www.eldiario.net\/portal\/wp-content\/uploads\/2023\/07\/logo_ED.jpg","contentUrl":"https:\/\/www.eldiario.net\/portal\/wp-content\/uploads\/2023\/07\/logo_ED.jpg","width":272,"height":52,"caption":"El Diario - Decano de la prensa nacional"},"image":{"@id":"https:\/\/www.eldiario.net\/portal\/#\/schema\/logo\/image\/"},"sameAs":["https:\/\/www.facebook.com\/eldiario.bolivia\/","https:\/\/x.com\/eldiario_net"]},{"@type":"Person","@id":"https:\/\/www.eldiario.net\/portal\/#\/schema\/person\/2c57cf2b7a7ae032e449e4c9b1019eac","name":"Jeanette","image":{"@type":"ImageObject","inLanguage":"es","@id":"https:\/\/secure.gravatar.com\/avatar\/3ea2118a5f7dad2b7138b1187a6b7ee55f160b9968b66013c3a3ef39dd7e5798?s=96&d=mm&r=g","url":"https:\/\/secure.gravatar.com\/avatar\/3ea2118a5f7dad2b7138b1187a6b7ee55f160b9968b66013c3a3ef39dd7e5798?s=96&d=mm&r=g","contentUrl":"https:\/\/secure.gravatar.com\/avatar\/3ea2118a5f7dad2b7138b1187a6b7ee55f160b9968b66013c3a3ef39dd7e5798?s=96&d=mm&r=g","caption":"Jeanette"},"sameAs":["https:\/\/www.eldiario.net\/portal"],"url":"https:\/\/www.eldiario.net\/portal\/author\/jeanette\/"}]}},"_links":{"self":[{"href":"https:\/\/www.eldiario.net\/portal\/wp-json\/wp\/v2\/posts\/25371","targetHints":{"allow":["GET"]}}],"collection":[{"href":"https:\/\/www.eldiario.net\/portal\/wp-json\/wp\/v2\/posts"}],"about":[{"href":"https:\/\/www.eldiario.net\/portal\/wp-json\/wp\/v2\/types\/post"}],"author":[{"embeddable":true,"href":"https:\/\/www.eldiario.net\/portal\/wp-json\/wp\/v2\/users\/1"}],"replies":[{"embeddable":true,"href":"https:\/\/www.eldiario.net\/portal\/wp-json\/wp\/v2\/comments?post=25371"}],"version-history":[{"count":0,"href":"https:\/\/www.eldiario.net\/portal\/wp-json\/wp\/v2\/posts\/25371\/revisions"}],"wp:attachment":[{"href":"https:\/\/www.eldiario.net\/portal\/wp-json\/wp\/v2\/media?parent=25371"}],"wp:term":[{"taxonomy":"category","embeddable":true,"href":"https:\/\/www.eldiario.net\/portal\/wp-json\/wp\/v2\/categories?post=25371"},{"taxonomy":"post_tag","embeddable":true,"href":"https:\/\/www.eldiario.net\/portal\/wp-json\/wp\/v2\/tags?post=25371"}],"curies":[{"name":"wp","href":"https:\/\/api.w.org\/{rel}","templated":true}]}}