{"id":25368,"date":"2021-08-24T06:03:12","date_gmt":"2021-08-24T10:03:12","guid":{"rendered":"https:\/\/www.eldiario.net\/portal\/?p=25368"},"modified":"2021-08-24T06:03:12","modified_gmt":"2021-08-24T10:03:12","slug":"seis-municipios-afectados-por-fenomenos-naturales-en-tarija","status":"publish","type":"post","link":"https:\/\/www.eldiario.net\/portal\/2021\/08\/24\/seis-municipios-afectados-por-fenomenos-naturales-en-tarija\/","title":{"rendered":"Seis municipios afectados por fen\u00f3menos naturales en Tarija"},"content":{"rendered":"<p>Con prop\u00f3sito de lograr la declaratoria de emergencia por desastres naturales de parte del gobernador Oscar Montes, seis municipios de Tarija presionan para que los alcaldes emitan la declaratoria municipal para ayudar a las comunidades, debido a los efectos negativos de diferentes fen\u00f3menos naturales, inform\u00f3 el ejecutivo de la Federaci\u00f3n de Campesinos de Tarija, Aldo Vel\u00e1squez.<\/p>\n<p>\u201cLa anterior semana han mandado una nota al gobernador que declare emergencia para que pueda intervenir y podamos de alguna forma apoyar a las comunidades, pero \u00e9l dice que no lo hac\u00eda porque no ten\u00eda la declaratoria del municipio. Estamos presionando a los alcaldes para que ellos puedan emitir esta declaratoria\u201d, inform\u00f3.<\/p>\n<p>Asimismo, dijo a La Voz de Tarija, que son\u00a0seis municipios los que fueron afectados\u00a0por diferentes fen\u00f3menos naturales es por eso que requieren esta declaratoria de emergencia.<\/p>\n<p>\u201cSon m\u00e1s de 6 municipios que ya se han declarado en desastre entonces necesitamos que se hagan todos los tr\u00e1mites, nosotros vamos a tener una reuni\u00f3n para determinar acciones, enfatiz\u00f3.<\/p>\n","protected":false},"excerpt":{"rendered":"<p>Con prop\u00f3sito de lograr la declaratoria de emergencia por desastres naturales de parte del gobernador Oscar Montes, seis municipios de Tarija presionan para que los alcaldes emitan la declaratoria municipal para ayudar a las comunidades, debido a los efectos negativos de diferentes fen\u00f3menos naturales, inform\u00f3 el ejecutivo de la Federaci\u00f3n de Campesinos de Tarija, Aldo [&hellip;]<\/p>\n","protected":false},"author":1,"featured_media":25369,"comment_status":"closed","ping_status":"closed","sticky":false,"template":"","format":"standard","meta":{"_acf_changed":false,"footnotes":""},"categories":[12],"tags":[],"class_list":["post-25368","post","type-post","status-publish","format-standard","has-post-thumbnail","category-nacional"],"acf":{"antetitulo":""},"yoast_head":"<!-- This site is optimized with the Yoast SEO plugin v28.4 - https:\/\/yoast.com\/product\/yoast-seo-wordpress\/ -->\n<title>Seis municipios afectados por fen\u00f3menos naturales en Tarija - El Diario - Bolivia<\/title>\n<meta name=\"robots\" content=\"index, follow, max-snippet:-1, max-image-preview:large, max-video-preview:-1\" \/>\n<link rel=\"canonical\" href=\"https:\/\/www.eldiario.net\/portal\/2021\/08\/24\/seis-municipios-afectados-por-fenomenos-naturales-en-tarija\/\" \/>\n<meta property=\"og:locale\" content=\"es_ES\" \/>\n<meta property=\"og:type\" content=\"article\" \/>\n<meta property=\"og:title\" content=\"Seis municipios afectados por fen\u00f3menos naturales en Tarija - El Diario - Bolivia\" \/>\n<meta property=\"og:description\" content=\"Con prop\u00f3sito de lograr la declaratoria de emergencia por desastres naturales de parte del gobernador Oscar Montes, seis municipios de Tarija presionan para que los alcaldes emitan la declaratoria municipal para ayudar a las comunidades, debido a los efectos negativos de diferentes fen\u00f3menos naturales, inform\u00f3 el ejecutivo de la Federaci\u00f3n de Campesinos de Tarija, Aldo [&hellip;]\" \/>\n<meta property=\"og:url\" content=\"https:\/\/www.eldiario.net\/portal\/2021\/08\/24\/seis-municipios-afectados-por-fenomenos-naturales-en-tarija\/\" \/>\n<meta property=\"og:site_name\" content=\"El Diario - Bolivia\" \/>\n<meta property=\"article:publisher\" content=\"https:\/\/www.facebook.com\/eldiario.bolivia\/\" \/>\n<meta property=\"article:published_time\" content=\"2021-08-24T10:03:12+00:00\" \/>\n<meta name=\"author\" content=\"Jeanette\" \/>\n<meta name=\"twitter:card\" content=\"summary_large_image\" \/>\n<meta name=\"twitter:creator\" content=\"@eldiario_net\" \/>\n<meta name=\"twitter:site\" content=\"@eldiario_net\" \/>\n<meta name=\"twitter:label1\" content=\"Escrito por\" \/>\n\t<meta name=\"twitter:data1\" content=\"Jeanette\" \/>\n\t<meta name=\"twitter:label2\" content=\"Tiempo de lectura\" \/>\n\t<meta name=\"twitter:data2\" content=\"1 minuto\" \/>\n<script type=\"application\/ld+json\" class=\"yoast-schema-graph\">{\"@context\":\"https:\\\/\\\/schema.org\",\"@graph\":[{\"@type\":\"Article\",\"@id\":\"https:\\\/\\\/www.eldiario.net\\\/portal\\\/2021\\\/08\\\/24\\\/seis-municipios-afectados-por-fenomenos-naturales-en-tarija\\\/#article\",\"isPartOf\":{\"@id\":\"https:\\\/\\\/www.eldiario.net\\\/portal\\\/2021\\\/08\\\/24\\\/seis-municipios-afectados-por-fenomenos-naturales-en-tarija\\\/\"},\"author\":{\"name\":\"Jeanette\",\"@id\":\"https:\\\/\\\/www.eldiario.net\\\/portal\\\/#\\\/schema\\\/person\\\/2c57cf2b7a7ae032e449e4c9b1019eac\"},\"headline\":\"Seis municipios afectados por fen\u00f3menos naturales en Tarija\",\"datePublished\":\"2021-08-24T10:03:12+00:00\",\"mainEntityOfPage\":{\"@id\":\"https:\\\/\\\/www.eldiario.net\\\/portal\\\/2021\\\/08\\\/24\\\/seis-municipios-afectados-por-fenomenos-naturales-en-tarija\\\/\"},\"wordCount\":184,\"publisher\":{\"@id\":\"https:\\\/\\\/www.eldiario.net\\\/portal\\\/#organization\"},\"image\":{\"@id\":\"https:\\\/\\\/www.eldiario.net\\\/portal\\\/2021\\\/08\\\/24\\\/seis-municipios-afectados-por-fenomenos-naturales-en-tarija\\\/#primaryimage\"},\"thumbnailUrl\":\"\",\"articleSection\":[\"Nacional\"],\"inLanguage\":\"es\"},{\"@type\":\"WebPage\",\"@id\":\"https:\\\/\\\/www.eldiario.net\\\/portal\\\/2021\\\/08\\\/24\\\/seis-municipios-afectados-por-fenomenos-naturales-en-tarija\\\/\",\"url\":\"https:\\\/\\\/www.eldiario.net\\\/portal\\\/2021\\\/08\\\/24\\\/seis-municipios-afectados-por-fenomenos-naturales-en-tarija\\\/\",\"name\":\"Seis municipios afectados por fen\u00f3menos naturales en Tarija - El Diario - Bolivia\",\"isPartOf\":{\"@id\":\"https:\\\/\\\/www.eldiario.net\\\/portal\\\/#website\"},\"primaryImageOfPage\":{\"@id\":\"https:\\\/\\\/www.eldiario.net\\\/portal\\\/2021\\\/08\\\/24\\\/seis-municipios-afectados-por-fenomenos-naturales-en-tarija\\\/#primaryimage\"},\"image\":{\"@id\":\"https:\\\/\\\/www.eldiario.net\\\/portal\\\/2021\\\/08\\\/24\\\/seis-municipios-afectados-por-fenomenos-naturales-en-tarija\\\/#primaryimage\"},\"thumbnailUrl\":\"\",\"datePublished\":\"2021-08-24T10:03:12+00:00\",\"breadcrumb\":{\"@id\":\"https:\\\/\\\/www.eldiario.net\\\/portal\\\/2021\\\/08\\\/24\\\/seis-municipios-afectados-por-fenomenos-naturales-en-tarija\\\/#breadcrumb\"},\"inLanguage\":\"es\",\"potentialAction\":[{\"@type\":\"ReadAction\",\"target\":[\"https:\\\/\\\/www.eldiario.net\\\/portal\\\/2021\\\/08\\\/24\\\/seis-municipios-afectados-por-fenomenos-naturales-en-tarija\\\/\"]}]},{\"@type\":\"ImageObject\",\"inLanguage\":\"es\",\"@id\":\"https:\\\/\\\/www.eldiario.net\\\/portal\\\/2021\\\/08\\\/24\\\/seis-municipios-afectados-por-fenomenos-naturales-en-tarija\\\/#primaryimage\",\"url\":\"\",\"contentUrl\":\"\"},{\"@type\":\"BreadcrumbList\",\"@id\":\"https:\\\/\\\/www.eldiario.net\\\/portal\\\/2021\\\/08\\\/24\\\/seis-municipios-afectados-por-fenomenos-naturales-en-tarija\\\/#breadcrumb\",\"itemListElement\":[{\"@type\":\"ListItem\",\"position\":1,\"name\":\"Portada\",\"item\":\"https:\\\/\\\/www.eldiario.net\\\/portal\\\/\"},{\"@type\":\"ListItem\",\"position\":2,\"name\":\"Seis municipios afectados por fen\u00f3menos naturales en Tarija\"}]},{\"@type\":\"WebSite\",\"@id\":\"https:\\\/\\\/www.eldiario.net\\\/portal\\\/#website\",\"url\":\"https:\\\/\\\/www.eldiario.net\\\/portal\\\/\",\"name\":\"El Diario - Decano de la prensa nacional\",\"description\":\"El Diario - Decano de la prensa nacional\",\"publisher\":{\"@id\":\"https:\\\/\\\/www.eldiario.net\\\/portal\\\/#organization\"},\"potentialAction\":[{\"@type\":\"SearchAction\",\"target\":{\"@type\":\"EntryPoint\",\"urlTemplate\":\"https:\\\/\\\/www.eldiario.net\\\/portal\\\/?s={search_term_string}\"},\"query-input\":{\"@type\":\"PropertyValueSpecification\",\"valueRequired\":true,\"valueName\":\"search_term_string\"}}],\"inLanguage\":\"es\"},{\"@type\":\"Organization\",\"@id\":\"https:\\\/\\\/www.eldiario.net\\\/portal\\\/#organization\",\"name\":\"El Diario - Decano de la prensa nacional\",\"url\":\"https:\\\/\\\/www.eldiario.net\\\/portal\\\/\",\"logo\":{\"@type\":\"ImageObject\",\"inLanguage\":\"es\",\"@id\":\"https:\\\/\\\/www.eldiario.net\\\/portal\\\/#\\\/schema\\\/logo\\\/image\\\/\",\"url\":\"https:\\\/\\\/www.eldiario.net\\\/portal\\\/wp-content\\\/uploads\\\/2023\\\/07\\\/logo_ED.jpg\",\"contentUrl\":\"https:\\\/\\\/www.eldiario.net\\\/portal\\\/wp-content\\\/uploads\\\/2023\\\/07\\\/logo_ED.jpg\",\"width\":272,\"height\":52,\"caption\":\"El Diario - Decano de la prensa nacional\"},\"image\":{\"@id\":\"https:\\\/\\\/www.eldiario.net\\\/portal\\\/#\\\/schema\\\/logo\\\/image\\\/\"},\"sameAs\":[\"https:\\\/\\\/www.facebook.com\\\/eldiario.bolivia\\\/\",\"https:\\\/\\\/x.com\\\/eldiario_net\"]},{\"@type\":\"Person\",\"@id\":\"https:\\\/\\\/www.eldiario.net\\\/portal\\\/#\\\/schema\\\/person\\\/2c57cf2b7a7ae032e449e4c9b1019eac\",\"name\":\"Jeanette\",\"image\":{\"@type\":\"ImageObject\",\"inLanguage\":\"es\",\"@id\":\"https:\\\/\\\/secure.gravatar.com\\\/avatar\\\/3ea2118a5f7dad2b7138b1187a6b7ee55f160b9968b66013c3a3ef39dd7e5798?s=96&d=mm&r=g\",\"url\":\"https:\\\/\\\/secure.gravatar.com\\\/avatar\\\/3ea2118a5f7dad2b7138b1187a6b7ee55f160b9968b66013c3a3ef39dd7e5798?s=96&d=mm&r=g\",\"contentUrl\":\"https:\\\/\\\/secure.gravatar.com\\\/avatar\\\/3ea2118a5f7dad2b7138b1187a6b7ee55f160b9968b66013c3a3ef39dd7e5798?s=96&d=mm&r=g\",\"caption\":\"Jeanette\"},\"sameAs\":[\"https:\\\/\\\/www.eldiario.net\\\/portal\"],\"url\":\"https:\\\/\\\/www.eldiario.net\\\/portal\\\/author\\\/jeanette\\\/\"}]}<\/script>\n<!-- \/ Yoast SEO plugin. -->","yoast_head_json":{"title":"Seis municipios afectados por fen\u00f3menos naturales en Tarija - El Diario - Bolivia","robots":{"index":"index","follow":"follow","max-snippet":"max-snippet:-1","max-image-preview":"max-image-preview:large","max-video-preview":"max-video-preview:-1"},"canonical":"https:\/\/www.eldiario.net\/portal\/2021\/08\/24\/seis-municipios-afectados-por-fenomenos-naturales-en-tarija\/","og_locale":"es_ES","og_type":"article","og_title":"Seis municipios afectados por fen\u00f3menos naturales en Tarija - El Diario - Bolivia","og_description":"Con prop\u00f3sito de lograr la declaratoria de emergencia por desastres naturales de parte del gobernador Oscar Montes, seis municipios de Tarija presionan para que los alcaldes emitan la declaratoria municipal para ayudar a las comunidades, debido a los efectos negativos de diferentes fen\u00f3menos naturales, inform\u00f3 el ejecutivo de la Federaci\u00f3n de Campesinos de Tarija, Aldo [&hellip;]","og_url":"https:\/\/www.eldiario.net\/portal\/2021\/08\/24\/seis-municipios-afectados-por-fenomenos-naturales-en-tarija\/","og_site_name":"El Diario - Bolivia","article_publisher":"https:\/\/www.facebook.com\/eldiario.bolivia\/","article_published_time":"2021-08-24T10:03:12+00:00","author":"Jeanette","twitter_card":"summary_large_image","twitter_creator":"@eldiario_net","twitter_site":"@eldiario_net","twitter_misc":{"Escrito por":"Jeanette","Tiempo de lectura":"1 minuto"},"schema":{"@context":"https:\/\/schema.org","@graph":[{"@type":"Article","@id":"https:\/\/www.eldiario.net\/portal\/2021\/08\/24\/seis-municipios-afectados-por-fenomenos-naturales-en-tarija\/#article","isPartOf":{"@id":"https:\/\/www.eldiario.net\/portal\/2021\/08\/24\/seis-municipios-afectados-por-fenomenos-naturales-en-tarija\/"},"author":{"name":"Jeanette","@id":"https:\/\/www.eldiario.net\/portal\/#\/schema\/person\/2c57cf2b7a7ae032e449e4c9b1019eac"},"headline":"Seis municipios afectados por fen\u00f3menos naturales en Tarija","datePublished":"2021-08-24T10:03:12+00:00","mainEntityOfPage":{"@id":"https:\/\/www.eldiario.net\/portal\/2021\/08\/24\/seis-municipios-afectados-por-fenomenos-naturales-en-tarija\/"},"wordCount":184,"publisher":{"@id":"https:\/\/www.eldiario.net\/portal\/#organization"},"image":{"@id":"https:\/\/www.eldiario.net\/portal\/2021\/08\/24\/seis-municipios-afectados-por-fenomenos-naturales-en-tarija\/#primaryimage"},"thumbnailUrl":"","articleSection":["Nacional"],"inLanguage":"es"},{"@type":"WebPage","@id":"https:\/\/www.eldiario.net\/portal\/2021\/08\/24\/seis-municipios-afectados-por-fenomenos-naturales-en-tarija\/","url":"https:\/\/www.eldiario.net\/portal\/2021\/08\/24\/seis-municipios-afectados-por-fenomenos-naturales-en-tarija\/","name":"Seis municipios afectados por fen\u00f3menos naturales en Tarija - El Diario - Bolivia","isPartOf":{"@id":"https:\/\/www.eldiario.net\/portal\/#website"},"primaryImageOfPage":{"@id":"https:\/\/www.eldiario.net\/portal\/2021\/08\/24\/seis-municipios-afectados-por-fenomenos-naturales-en-tarija\/#primaryimage"},"image":{"@id":"https:\/\/www.eldiario.net\/portal\/2021\/08\/24\/seis-municipios-afectados-por-fenomenos-naturales-en-tarija\/#primaryimage"},"thumbnailUrl":"","datePublished":"2021-08-24T10:03:12+00:00","breadcrumb":{"@id":"https:\/\/www.eldiario.net\/portal\/2021\/08\/24\/seis-municipios-afectados-por-fenomenos-naturales-en-tarija\/#breadcrumb"},"inLanguage":"es","potentialAction":[{"@type":"ReadAction","target":["https:\/\/www.eldiario.net\/portal\/2021\/08\/24\/seis-municipios-afectados-por-fenomenos-naturales-en-tarija\/"]}]},{"@type":"ImageObject","inLanguage":"es","@id":"https:\/\/www.eldiario.net\/portal\/2021\/08\/24\/seis-municipios-afectados-por-fenomenos-naturales-en-tarija\/#primaryimage","url":"","contentUrl":""},{"@type":"BreadcrumbList","@id":"https:\/\/www.eldiario.net\/portal\/2021\/08\/24\/seis-municipios-afectados-por-fenomenos-naturales-en-tarija\/#breadcrumb","itemListElement":[{"@type":"ListItem","position":1,"name":"Portada","item":"https:\/\/www.eldiario.net\/portal\/"},{"@type":"ListItem","position":2,"name":"Seis municipios afectados por fen\u00f3menos naturales en Tarija"}]},{"@type":"WebSite","@id":"https:\/\/www.eldiario.net\/portal\/#website","url":"https:\/\/www.eldiario.net\/portal\/","name":"El Diario - Decano de la prensa nacional","description":"El Diario - Decano de la prensa nacional","publisher":{"@id":"https:\/\/www.eldiario.net\/portal\/#organization"},"potentialAction":[{"@type":"SearchAction","target":{"@type":"EntryPoint","urlTemplate":"https:\/\/www.eldiario.net\/portal\/?s={search_term_string}"},"query-input":{"@type":"PropertyValueSpecification","valueRequired":true,"valueName":"search_term_string"}}],"inLanguage":"es"},{"@type":"Organization","@id":"https:\/\/www.eldiario.net\/portal\/#organization","name":"El Diario - Decano de la prensa nacional","url":"https:\/\/www.eldiario.net\/portal\/","logo":{"@type":"ImageObject","inLanguage":"es","@id":"https:\/\/www.eldiario.net\/portal\/#\/schema\/logo\/image\/","url":"https:\/\/www.eldiario.net\/portal\/wp-content\/uploads\/2023\/07\/logo_ED.jpg","contentUrl":"https:\/\/www.eldiario.net\/portal\/wp-content\/uploads\/2023\/07\/logo_ED.jpg","width":272,"height":52,"caption":"El Diario - Decano de la prensa nacional"},"image":{"@id":"https:\/\/www.eldiario.net\/portal\/#\/schema\/logo\/image\/"},"sameAs":["https:\/\/www.facebook.com\/eldiario.bolivia\/","https:\/\/x.com\/eldiario_net"]},{"@type":"Person","@id":"https:\/\/www.eldiario.net\/portal\/#\/schema\/person\/2c57cf2b7a7ae032e449e4c9b1019eac","name":"Jeanette","image":{"@type":"ImageObject","inLanguage":"es","@id":"https:\/\/secure.gravatar.com\/avatar\/3ea2118a5f7dad2b7138b1187a6b7ee55f160b9968b66013c3a3ef39dd7e5798?s=96&d=mm&r=g","url":"https:\/\/secure.gravatar.com\/avatar\/3ea2118a5f7dad2b7138b1187a6b7ee55f160b9968b66013c3a3ef39dd7e5798?s=96&d=mm&r=g","contentUrl":"https:\/\/secure.gravatar.com\/avatar\/3ea2118a5f7dad2b7138b1187a6b7ee55f160b9968b66013c3a3ef39dd7e5798?s=96&d=mm&r=g","caption":"Jeanette"},"sameAs":["https:\/\/www.eldiario.net\/portal"],"url":"https:\/\/www.eldiario.net\/portal\/author\/jeanette\/"}]}},"_links":{"self":[{"href":"https:\/\/www.eldiario.net\/portal\/wp-json\/wp\/v2\/posts\/25368","targetHints":{"allow":["GET"]}}],"collection":[{"href":"https:\/\/www.eldiario.net\/portal\/wp-json\/wp\/v2\/posts"}],"about":[{"href":"https:\/\/www.eldiario.net\/portal\/wp-json\/wp\/v2\/types\/post"}],"author":[{"embeddable":true,"href":"https:\/\/www.eldiario.net\/portal\/wp-json\/wp\/v2\/users\/1"}],"replies":[{"embeddable":true,"href":"https:\/\/www.eldiario.net\/portal\/wp-json\/wp\/v2\/comments?post=25368"}],"version-history":[{"count":0,"href":"https:\/\/www.eldiario.net\/portal\/wp-json\/wp\/v2\/posts\/25368\/revisions"}],"wp:attachment":[{"href":"https:\/\/www.eldiario.net\/portal\/wp-json\/wp\/v2\/media?parent=25368"}],"wp:term":[{"taxonomy":"category","embeddable":true,"href":"https:\/\/www.eldiario.net\/portal\/wp-json\/wp\/v2\/categories?post=25368"},{"taxonomy":"post_tag","embeddable":true,"href":"https:\/\/www.eldiario.net\/portal\/wp-json\/wp\/v2\/tags?post=25368"}],"curies":[{"name":"wp","href":"https:\/\/api.w.org\/{rel}","templated":true}]}}