{"id":25365,"date":"2021-08-24T06:02:23","date_gmt":"2021-08-24T10:02:23","guid":{"rendered":"https:\/\/www.eldiario.net\/portal\/?p=25365"},"modified":"2021-08-24T06:02:23","modified_gmt":"2021-08-24T10:02:23","slug":"senamhi-pronostica-ingreso-de-frente-frio-al-pais-desde-hoy","status":"publish","type":"post","link":"https:\/\/www.eldiario.net\/portal\/2021\/08\/24\/senamhi-pronostica-ingreso-de-frente-frio-al-pais-desde-hoy\/","title":{"rendered":"Senamhi pronostica ingreso de frente fr\u00edo al pa\u00eds desde hoy"},"content":{"rendered":"<p>Tras la alta temperatura registrada en la v\u00edspera en la ciudad de Sucre, el Servicio Nacional de Meteorolog\u00eda e Hidrolog\u00eda (Senamhi) anunci\u00f3 el ingreso de un frente fr\u00edo al pa\u00eds a partir de este martes, lo que provocar\u00e1 un descenso de las temperaturas esta semana. No se tienen pron\u00f3sticos de lluvias para los siguientes d\u00edas.<\/p>\n<p>El paulatino aumento de las temperaturas que se observa estos d\u00edas en la ciudad y gran parte del departamento y el pa\u00eds traer\u00e1 consigo la presencia de intensas r\u00e1fagas de viento, caracter\u00edsticas de los meses de agosto y parte de septiembre, seg\u00fan inform\u00f3 a Correo del Sur el responsable regional del Senamhi, Franz Delgadillo, quien pidi\u00f3 a la poblaci\u00f3n e instituciones tomar los recaudos necesarios.<\/p>\n<p>\u201cHemos tenido una temperatura m\u00e1xima de 27.2 grados cent\u00edgrados que ser\u00eda una de las m\u00e1s altas en este mes, no es un r\u00e9cord (\u2026),\u00a0con vientos predominantes de nor \u2013 noreste, con velocidades que han estado oscilando, entre los 10 y 18 kil\u00f3metros por hora\u201d, dijo, respecto a lo registrado el pasado domingo. Sin embargo, est\u00e1 previsto el ingreso de un frente fr\u00edo y un descenso de temperaturas a partir del martes o mi\u00e9rcoles.<\/p>\n<p>&nbsp;<\/p>\n","protected":false},"excerpt":{"rendered":"<p>Tras la alta temperatura registrada en la v\u00edspera en la ciudad de Sucre, el Servicio Nacional de Meteorolog\u00eda e Hidrolog\u00eda (Senamhi) anunci\u00f3 el ingreso de un frente fr\u00edo al pa\u00eds a partir de este martes, lo que provocar\u00e1 un descenso de las temperaturas esta semana. No se tienen pron\u00f3sticos de lluvias para los siguientes d\u00edas. [&hellip;]<\/p>\n","protected":false},"author":1,"featured_media":25366,"comment_status":"closed","ping_status":"closed","sticky":false,"template":"","format":"standard","meta":{"_acf_changed":false,"footnotes":""},"categories":[12],"tags":[],"class_list":["post-25365","post","type-post","status-publish","format-standard","has-post-thumbnail","category-nacional"],"acf":{"antetitulo":""},"yoast_head":"<!-- This site is optimized with the Yoast SEO plugin v28.4 - https:\/\/yoast.com\/product\/yoast-seo-wordpress\/ -->\n<title>Senamhi pronostica ingreso de frente fr\u00edo al pa\u00eds desde hoy - El Diario - Bolivia<\/title>\n<meta name=\"robots\" content=\"index, follow, max-snippet:-1, max-image-preview:large, max-video-preview:-1\" \/>\n<link rel=\"canonical\" href=\"https:\/\/www.eldiario.net\/portal\/2021\/08\/24\/senamhi-pronostica-ingreso-de-frente-frio-al-pais-desde-hoy\/\" \/>\n<meta property=\"og:locale\" content=\"es_ES\" \/>\n<meta property=\"og:type\" content=\"article\" \/>\n<meta property=\"og:title\" content=\"Senamhi pronostica ingreso de frente fr\u00edo al pa\u00eds desde hoy - El Diario - Bolivia\" \/>\n<meta property=\"og:description\" content=\"Tras la alta temperatura registrada en la v\u00edspera en la ciudad de Sucre, el Servicio Nacional de Meteorolog\u00eda e Hidrolog\u00eda (Senamhi) anunci\u00f3 el ingreso de un frente fr\u00edo al pa\u00eds a partir de este martes, lo que provocar\u00e1 un descenso de las temperaturas esta semana. No se tienen pron\u00f3sticos de lluvias para los siguientes d\u00edas. [&hellip;]\" \/>\n<meta property=\"og:url\" content=\"https:\/\/www.eldiario.net\/portal\/2021\/08\/24\/senamhi-pronostica-ingreso-de-frente-frio-al-pais-desde-hoy\/\" \/>\n<meta property=\"og:site_name\" content=\"El Diario - Bolivia\" \/>\n<meta property=\"article:publisher\" content=\"https:\/\/www.facebook.com\/eldiario.bolivia\/\" \/>\n<meta property=\"article:published_time\" content=\"2021-08-24T10:02:23+00:00\" \/>\n<meta name=\"author\" content=\"Jeanette\" \/>\n<meta name=\"twitter:card\" content=\"summary_large_image\" \/>\n<meta name=\"twitter:creator\" content=\"@eldiario_net\" \/>\n<meta name=\"twitter:site\" content=\"@eldiario_net\" \/>\n<meta name=\"twitter:label1\" content=\"Escrito por\" \/>\n\t<meta name=\"twitter:data1\" content=\"Jeanette\" \/>\n\t<meta name=\"twitter:label2\" content=\"Tiempo de lectura\" \/>\n\t<meta name=\"twitter:data2\" content=\"1 minuto\" \/>\n<script type=\"application\/ld+json\" class=\"yoast-schema-graph\">{\"@context\":\"https:\\\/\\\/schema.org\",\"@graph\":[{\"@type\":\"Article\",\"@id\":\"https:\\\/\\\/www.eldiario.net\\\/portal\\\/2021\\\/08\\\/24\\\/senamhi-pronostica-ingreso-de-frente-frio-al-pais-desde-hoy\\\/#article\",\"isPartOf\":{\"@id\":\"https:\\\/\\\/www.eldiario.net\\\/portal\\\/2021\\\/08\\\/24\\\/senamhi-pronostica-ingreso-de-frente-frio-al-pais-desde-hoy\\\/\"},\"author\":{\"name\":\"Jeanette\",\"@id\":\"https:\\\/\\\/www.eldiario.net\\\/portal\\\/#\\\/schema\\\/person\\\/f46445640444750d7d753ccd04ae01b7\"},\"headline\":\"Senamhi pronostica ingreso de frente fr\u00edo al pa\u00eds desde hoy\",\"datePublished\":\"2021-08-24T10:02:23+00:00\",\"mainEntityOfPage\":{\"@id\":\"https:\\\/\\\/www.eldiario.net\\\/portal\\\/2021\\\/08\\\/24\\\/senamhi-pronostica-ingreso-de-frente-frio-al-pais-desde-hoy\\\/\"},\"wordCount\":223,\"publisher\":{\"@id\":\"https:\\\/\\\/www.eldiario.net\\\/portal\\\/#organization\"},\"image\":{\"@id\":\"https:\\\/\\\/www.eldiario.net\\\/portal\\\/2021\\\/08\\\/24\\\/senamhi-pronostica-ingreso-de-frente-frio-al-pais-desde-hoy\\\/#primaryimage\"},\"thumbnailUrl\":\"\",\"articleSection\":[\"Nacional\"],\"inLanguage\":\"es\"},{\"@type\":\"WebPage\",\"@id\":\"https:\\\/\\\/www.eldiario.net\\\/portal\\\/2021\\\/08\\\/24\\\/senamhi-pronostica-ingreso-de-frente-frio-al-pais-desde-hoy\\\/\",\"url\":\"https:\\\/\\\/www.eldiario.net\\\/portal\\\/2021\\\/08\\\/24\\\/senamhi-pronostica-ingreso-de-frente-frio-al-pais-desde-hoy\\\/\",\"name\":\"Senamhi pronostica ingreso de frente fr\u00edo al pa\u00eds desde hoy - El Diario - Bolivia\",\"isPartOf\":{\"@id\":\"https:\\\/\\\/www.eldiario.net\\\/portal\\\/#website\"},\"primaryImageOfPage\":{\"@id\":\"https:\\\/\\\/www.eldiario.net\\\/portal\\\/2021\\\/08\\\/24\\\/senamhi-pronostica-ingreso-de-frente-frio-al-pais-desde-hoy\\\/#primaryimage\"},\"image\":{\"@id\":\"https:\\\/\\\/www.eldiario.net\\\/portal\\\/2021\\\/08\\\/24\\\/senamhi-pronostica-ingreso-de-frente-frio-al-pais-desde-hoy\\\/#primaryimage\"},\"thumbnailUrl\":\"\",\"datePublished\":\"2021-08-24T10:02:23+00:00\",\"breadcrumb\":{\"@id\":\"https:\\\/\\\/www.eldiario.net\\\/portal\\\/2021\\\/08\\\/24\\\/senamhi-pronostica-ingreso-de-frente-frio-al-pais-desde-hoy\\\/#breadcrumb\"},\"inLanguage\":\"es\",\"potentialAction\":[{\"@type\":\"ReadAction\",\"target\":[\"https:\\\/\\\/www.eldiario.net\\\/portal\\\/2021\\\/08\\\/24\\\/senamhi-pronostica-ingreso-de-frente-frio-al-pais-desde-hoy\\\/\"]}]},{\"@type\":\"ImageObject\",\"inLanguage\":\"es\",\"@id\":\"https:\\\/\\\/www.eldiario.net\\\/portal\\\/2021\\\/08\\\/24\\\/senamhi-pronostica-ingreso-de-frente-frio-al-pais-desde-hoy\\\/#primaryimage\",\"url\":\"\",\"contentUrl\":\"\"},{\"@type\":\"BreadcrumbList\",\"@id\":\"https:\\\/\\\/www.eldiario.net\\\/portal\\\/2021\\\/08\\\/24\\\/senamhi-pronostica-ingreso-de-frente-frio-al-pais-desde-hoy\\\/#breadcrumb\",\"itemListElement\":[{\"@type\":\"ListItem\",\"position\":1,\"name\":\"Portada\",\"item\":\"https:\\\/\\\/www.eldiario.net\\\/portal\\\/\"},{\"@type\":\"ListItem\",\"position\":2,\"name\":\"Senamhi pronostica ingreso de frente fr\u00edo al pa\u00eds desde hoy\"}]},{\"@type\":\"WebSite\",\"@id\":\"https:\\\/\\\/www.eldiario.net\\\/portal\\\/#website\",\"url\":\"https:\\\/\\\/www.eldiario.net\\\/portal\\\/\",\"name\":\"El Diario - Decano de la prensa nacional\",\"description\":\"El Diario - Decano de la prensa nacional\",\"publisher\":{\"@id\":\"https:\\\/\\\/www.eldiario.net\\\/portal\\\/#organization\"},\"potentialAction\":[{\"@type\":\"SearchAction\",\"target\":{\"@type\":\"EntryPoint\",\"urlTemplate\":\"https:\\\/\\\/www.eldiario.net\\\/portal\\\/?s={search_term_string}\"},\"query-input\":{\"@type\":\"PropertyValueSpecification\",\"valueRequired\":true,\"valueName\":\"search_term_string\"}}],\"inLanguage\":\"es\"},{\"@type\":\"Organization\",\"@id\":\"https:\\\/\\\/www.eldiario.net\\\/portal\\\/#organization\",\"name\":\"El Diario - Decano de la prensa nacional\",\"url\":\"https:\\\/\\\/www.eldiario.net\\\/portal\\\/\",\"logo\":{\"@type\":\"ImageObject\",\"inLanguage\":\"es\",\"@id\":\"https:\\\/\\\/www.eldiario.net\\\/portal\\\/#\\\/schema\\\/logo\\\/image\\\/\",\"url\":\"https:\\\/\\\/www.eldiario.net\\\/portal\\\/wp-content\\\/uploads\\\/2023\\\/07\\\/logo_ED.jpg\",\"contentUrl\":\"https:\\\/\\\/www.eldiario.net\\\/portal\\\/wp-content\\\/uploads\\\/2023\\\/07\\\/logo_ED.jpg\",\"width\":272,\"height\":52,\"caption\":\"El Diario - Decano de la prensa nacional\"},\"image\":{\"@id\":\"https:\\\/\\\/www.eldiario.net\\\/portal\\\/#\\\/schema\\\/logo\\\/image\\\/\"},\"sameAs\":[\"https:\\\/\\\/www.facebook.com\\\/eldiario.bolivia\\\/\",\"https:\\\/\\\/x.com\\\/eldiario_net\"]},{\"@type\":\"Person\",\"@id\":\"https:\\\/\\\/www.eldiario.net\\\/portal\\\/#\\\/schema\\\/person\\\/f46445640444750d7d753ccd04ae01b7\",\"name\":\"Jeanette\",\"image\":{\"@type\":\"ImageObject\",\"inLanguage\":\"es\",\"@id\":\"https:\\\/\\\/secure.gravatar.com\\\/avatar\\\/3ea2118a5f7dad2b7138b1187a6b7ee55f160b9968b66013c3a3ef39dd7e5798?s=96&d=mm&r=g\",\"url\":\"https:\\\/\\\/secure.gravatar.com\\\/avatar\\\/3ea2118a5f7dad2b7138b1187a6b7ee55f160b9968b66013c3a3ef39dd7e5798?s=96&d=mm&r=g\",\"contentUrl\":\"https:\\\/\\\/secure.gravatar.com\\\/avatar\\\/3ea2118a5f7dad2b7138b1187a6b7ee55f160b9968b66013c3a3ef39dd7e5798?s=96&d=mm&r=g\",\"caption\":\"Jeanette\"},\"sameAs\":[\"https:\\\/\\\/www.eldiario.net\\\/portal\"],\"url\":\"https:\\\/\\\/www.eldiario.net\\\/portal\\\/author\\\/jeanette\\\/\"}]}<\/script>\n<!-- \/ Yoast SEO plugin. -->","yoast_head_json":{"title":"Senamhi pronostica ingreso de frente fr\u00edo al pa\u00eds desde hoy - El Diario - Bolivia","robots":{"index":"index","follow":"follow","max-snippet":"max-snippet:-1","max-image-preview":"max-image-preview:large","max-video-preview":"max-video-preview:-1"},"canonical":"https:\/\/www.eldiario.net\/portal\/2021\/08\/24\/senamhi-pronostica-ingreso-de-frente-frio-al-pais-desde-hoy\/","og_locale":"es_ES","og_type":"article","og_title":"Senamhi pronostica ingreso de frente fr\u00edo al pa\u00eds desde hoy - El Diario - Bolivia","og_description":"Tras la alta temperatura registrada en la v\u00edspera en la ciudad de Sucre, el Servicio Nacional de Meteorolog\u00eda e Hidrolog\u00eda (Senamhi) anunci\u00f3 el ingreso de un frente fr\u00edo al pa\u00eds a partir de este martes, lo que provocar\u00e1 un descenso de las temperaturas esta semana. No se tienen pron\u00f3sticos de lluvias para los siguientes d\u00edas. [&hellip;]","og_url":"https:\/\/www.eldiario.net\/portal\/2021\/08\/24\/senamhi-pronostica-ingreso-de-frente-frio-al-pais-desde-hoy\/","og_site_name":"El Diario - Bolivia","article_publisher":"https:\/\/www.facebook.com\/eldiario.bolivia\/","article_published_time":"2021-08-24T10:02:23+00:00","author":"Jeanette","twitter_card":"summary_large_image","twitter_creator":"@eldiario_net","twitter_site":"@eldiario_net","twitter_misc":{"Escrito por":"Jeanette","Tiempo de lectura":"1 minuto"},"schema":{"@context":"https:\/\/schema.org","@graph":[{"@type":"Article","@id":"https:\/\/www.eldiario.net\/portal\/2021\/08\/24\/senamhi-pronostica-ingreso-de-frente-frio-al-pais-desde-hoy\/#article","isPartOf":{"@id":"https:\/\/www.eldiario.net\/portal\/2021\/08\/24\/senamhi-pronostica-ingreso-de-frente-frio-al-pais-desde-hoy\/"},"author":{"name":"Jeanette","@id":"https:\/\/www.eldiario.net\/portal\/#\/schema\/person\/f46445640444750d7d753ccd04ae01b7"},"headline":"Senamhi pronostica ingreso de frente fr\u00edo al pa\u00eds desde hoy","datePublished":"2021-08-24T10:02:23+00:00","mainEntityOfPage":{"@id":"https:\/\/www.eldiario.net\/portal\/2021\/08\/24\/senamhi-pronostica-ingreso-de-frente-frio-al-pais-desde-hoy\/"},"wordCount":223,"publisher":{"@id":"https:\/\/www.eldiario.net\/portal\/#organization"},"image":{"@id":"https:\/\/www.eldiario.net\/portal\/2021\/08\/24\/senamhi-pronostica-ingreso-de-frente-frio-al-pais-desde-hoy\/#primaryimage"},"thumbnailUrl":"","articleSection":["Nacional"],"inLanguage":"es"},{"@type":"WebPage","@id":"https:\/\/www.eldiario.net\/portal\/2021\/08\/24\/senamhi-pronostica-ingreso-de-frente-frio-al-pais-desde-hoy\/","url":"https:\/\/www.eldiario.net\/portal\/2021\/08\/24\/senamhi-pronostica-ingreso-de-frente-frio-al-pais-desde-hoy\/","name":"Senamhi pronostica ingreso de frente fr\u00edo al pa\u00eds desde hoy - El Diario - Bolivia","isPartOf":{"@id":"https:\/\/www.eldiario.net\/portal\/#website"},"primaryImageOfPage":{"@id":"https:\/\/www.eldiario.net\/portal\/2021\/08\/24\/senamhi-pronostica-ingreso-de-frente-frio-al-pais-desde-hoy\/#primaryimage"},"image":{"@id":"https:\/\/www.eldiario.net\/portal\/2021\/08\/24\/senamhi-pronostica-ingreso-de-frente-frio-al-pais-desde-hoy\/#primaryimage"},"thumbnailUrl":"","datePublished":"2021-08-24T10:02:23+00:00","breadcrumb":{"@id":"https:\/\/www.eldiario.net\/portal\/2021\/08\/24\/senamhi-pronostica-ingreso-de-frente-frio-al-pais-desde-hoy\/#breadcrumb"},"inLanguage":"es","potentialAction":[{"@type":"ReadAction","target":["https:\/\/www.eldiario.net\/portal\/2021\/08\/24\/senamhi-pronostica-ingreso-de-frente-frio-al-pais-desde-hoy\/"]}]},{"@type":"ImageObject","inLanguage":"es","@id":"https:\/\/www.eldiario.net\/portal\/2021\/08\/24\/senamhi-pronostica-ingreso-de-frente-frio-al-pais-desde-hoy\/#primaryimage","url":"","contentUrl":""},{"@type":"BreadcrumbList","@id":"https:\/\/www.eldiario.net\/portal\/2021\/08\/24\/senamhi-pronostica-ingreso-de-frente-frio-al-pais-desde-hoy\/#breadcrumb","itemListElement":[{"@type":"ListItem","position":1,"name":"Portada","item":"https:\/\/www.eldiario.net\/portal\/"},{"@type":"ListItem","position":2,"name":"Senamhi pronostica ingreso de frente fr\u00edo al pa\u00eds desde hoy"}]},{"@type":"WebSite","@id":"https:\/\/www.eldiario.net\/portal\/#website","url":"https:\/\/www.eldiario.net\/portal\/","name":"El Diario - Decano de la prensa nacional","description":"El Diario - Decano de la prensa nacional","publisher":{"@id":"https:\/\/www.eldiario.net\/portal\/#organization"},"potentialAction":[{"@type":"SearchAction","target":{"@type":"EntryPoint","urlTemplate":"https:\/\/www.eldiario.net\/portal\/?s={search_term_string}"},"query-input":{"@type":"PropertyValueSpecification","valueRequired":true,"valueName":"search_term_string"}}],"inLanguage":"es"},{"@type":"Organization","@id":"https:\/\/www.eldiario.net\/portal\/#organization","name":"El Diario - Decano de la prensa nacional","url":"https:\/\/www.eldiario.net\/portal\/","logo":{"@type":"ImageObject","inLanguage":"es","@id":"https:\/\/www.eldiario.net\/portal\/#\/schema\/logo\/image\/","url":"https:\/\/www.eldiario.net\/portal\/wp-content\/uploads\/2023\/07\/logo_ED.jpg","contentUrl":"https:\/\/www.eldiario.net\/portal\/wp-content\/uploads\/2023\/07\/logo_ED.jpg","width":272,"height":52,"caption":"El Diario - Decano de la prensa nacional"},"image":{"@id":"https:\/\/www.eldiario.net\/portal\/#\/schema\/logo\/image\/"},"sameAs":["https:\/\/www.facebook.com\/eldiario.bolivia\/","https:\/\/x.com\/eldiario_net"]},{"@type":"Person","@id":"https:\/\/www.eldiario.net\/portal\/#\/schema\/person\/f46445640444750d7d753ccd04ae01b7","name":"Jeanette","image":{"@type":"ImageObject","inLanguage":"es","@id":"https:\/\/secure.gravatar.com\/avatar\/3ea2118a5f7dad2b7138b1187a6b7ee55f160b9968b66013c3a3ef39dd7e5798?s=96&d=mm&r=g","url":"https:\/\/secure.gravatar.com\/avatar\/3ea2118a5f7dad2b7138b1187a6b7ee55f160b9968b66013c3a3ef39dd7e5798?s=96&d=mm&r=g","contentUrl":"https:\/\/secure.gravatar.com\/avatar\/3ea2118a5f7dad2b7138b1187a6b7ee55f160b9968b66013c3a3ef39dd7e5798?s=96&d=mm&r=g","caption":"Jeanette"},"sameAs":["https:\/\/www.eldiario.net\/portal"],"url":"https:\/\/www.eldiario.net\/portal\/author\/jeanette\/"}]}},"_links":{"self":[{"href":"https:\/\/www.eldiario.net\/portal\/wp-json\/wp\/v2\/posts\/25365","targetHints":{"allow":["GET"]}}],"collection":[{"href":"https:\/\/www.eldiario.net\/portal\/wp-json\/wp\/v2\/posts"}],"about":[{"href":"https:\/\/www.eldiario.net\/portal\/wp-json\/wp\/v2\/types\/post"}],"author":[{"embeddable":true,"href":"https:\/\/www.eldiario.net\/portal\/wp-json\/wp\/v2\/users\/1"}],"replies":[{"embeddable":true,"href":"https:\/\/www.eldiario.net\/portal\/wp-json\/wp\/v2\/comments?post=25365"}],"version-history":[{"count":0,"href":"https:\/\/www.eldiario.net\/portal\/wp-json\/wp\/v2\/posts\/25365\/revisions"}],"wp:attachment":[{"href":"https:\/\/www.eldiario.net\/portal\/wp-json\/wp\/v2\/media?parent=25365"}],"wp:term":[{"taxonomy":"category","embeddable":true,"href":"https:\/\/www.eldiario.net\/portal\/wp-json\/wp\/v2\/categories?post=25365"},{"taxonomy":"post_tag","embeddable":true,"href":"https:\/\/www.eldiario.net\/portal\/wp-json\/wp\/v2\/tags?post=25365"}],"curies":[{"name":"wp","href":"https:\/\/api.w.org\/{rel}","templated":true}]}}