{"id":25359,"date":"2021-08-24T06:00:34","date_gmt":"2021-08-24T10:00:34","guid":{"rendered":"https:\/\/www.eldiario.net\/portal\/?p=25359"},"modified":"2021-08-24T06:00:34","modified_gmt":"2021-08-24T10:00:34","slug":"aurora-no-tiene-compasion-de-real-potosi","status":"publish","type":"post","link":"https:\/\/www.eldiario.net\/portal\/2021\/08\/24\/aurora-no-tiene-compasion-de-real-potosi\/","title":{"rendered":"Aurora no tiene compasi\u00f3n de Real Potos\u00ed"},"content":{"rendered":"<p>Sin contemplaciones. Aurora asegur\u00f3 temprano su triunfo sobre Real Potos\u00ed con los goles que llegaron en los primeros diez minutos, cerrando la d\u00e9cima s\u00e9ptima del campeonato con una goleada por 5-0, la noche de este lunes, en el estadio F\u00e9lix Capriles.<\/p>\n<p>El Equipo del Pueblo venci\u00f3 sin apuros y jugando a sus anchas. Aunque se mantuvo en la d\u00e9cima segunda posici\u00f3n, con 22 puntos, este triunfo permiti\u00f3 darle un alivio al traj\u00edn de los celestes que ven\u00edan cediendo puestos en la tabla y con esta victoria tranquilizadora ingresa en el receso para replantear su campa\u00f1a.<\/p>\n<p>Am\u00edlcar S\u00e1nchez convirti\u00f3 el 1-0 a los tres minutos con una media tijera capturando un bal\u00f3n suelto en el \u00e1rea. La alegr\u00eda celeste sigui\u00f3 a los seis minutos con el 2-0 convertido por Dar\u00edo Torrico, quien enganch\u00f3 para afuera y con un derechazo super\u00f3 al arquero Junior Pe\u00f1a.<\/p>\n<p>El compromiso result\u00f3 accesible para los auroristas con esta ventaja que agarr\u00f3 en los primeros minutos. Real Potos\u00ed reaccion\u00f3 reci\u00e9n cuando el encuentro estaba cuesta arriba, tuvo ocasiones de gol con Francisco Pastor y Bismark Ubah, pero siempre qued\u00f3 con la definici\u00f3n colgando delante del p\u00f3rtico.<\/p>\n<p>Gerardo Yecerotte, uno de los \u00edconos del elenco potosino, prob\u00f3 con un derechazo en un tiro libre y el arquero Germ\u00e1n Montoya coloc\u00f3 la mano abajo y a tiempo para evitar la llegada del descuento en el complemento.<\/p>\n<p>Con el arco de los celestes blindado, el cotejo estaba cerrado y Real Potos\u00ed perdi\u00f3 el orden, fue ah\u00ed cuando Aurora volvi\u00f3 a golpear aprovechando el desgaste f\u00edsico y mental del oponente. En la recta final cayeron tres goles.<\/p>\n<p>S\u00e1nchez marc\u00f3 el 3-0 con un golpe de cabeza, sin marcaci\u00f3n y con la libertad otorgada por los defensores para ingresar corriendo y conectar con potencia a los 83 minutos. La defensa de los lilas pas\u00f3 una mala noche.<\/p>\n<p>El delantero El\u00edas Alderete coloc\u00f3 el 4-0, a los 90\u00b4, reencontr\u00e1ndose con el gol gracias al descuido de la l\u00ednea defensiva que permiti\u00f3 la salida de un centro y dej\u00f3 desprotegido el segundo palo para el ingreso del atacante.<\/p>\n<p>La cuenta fue cerrada con el primer gol de Alejandro Barr\u00f3n en este certamen, a los 92\u00b4. El delantero s\u00f3lo tuvo que empujar el bal\u00f3n con la rodilla, debajo del p\u00f3rtico, en un mal despeje de Ronald Eguino dentro del \u00e1rea chica.<\/p>\n<p>Antes de ingresar al receso, Real Potos\u00ed se despidi\u00f3 de la competencia oficial como pen\u00faltimo con ocho puntos en medio de la preocupaci\u00f3n porque est\u00e1 en la zona del descenso indirecto de categor\u00eda. (APG)<\/p>\n","protected":false},"excerpt":{"rendered":"<p>Sin contemplaciones. Aurora asegur\u00f3 temprano su triunfo sobre Real Potos\u00ed con los goles que llegaron en los primeros diez minutos, cerrando la d\u00e9cima s\u00e9ptima del campeonato con una goleada por 5-0, la noche de este lunes, en el estadio F\u00e9lix Capriles. El Equipo del Pueblo venci\u00f3 sin apuros y jugando a sus anchas. Aunque se [&hellip;]<\/p>\n","protected":false},"author":1,"featured_media":25360,"comment_status":"closed","ping_status":"closed","sticky":false,"template":"","format":"standard","meta":{"_acf_changed":false,"footnotes":""},"categories":[6],"tags":[],"class_list":["post-25359","post","type-post","status-publish","format-standard","has-post-thumbnail","category-deportes"],"acf":{"antetitulo":""},"yoast_head":"<!-- This site is optimized with the Yoast SEO plugin v28.4 - https:\/\/yoast.com\/product\/yoast-seo-wordpress\/ -->\n<title>Aurora no tiene compasi\u00f3n de Real Potos\u00ed - El Diario - Bolivia<\/title>\n<meta name=\"robots\" content=\"index, follow, max-snippet:-1, max-image-preview:large, max-video-preview:-1\" \/>\n<link rel=\"canonical\" href=\"https:\/\/www.eldiario.net\/portal\/2021\/08\/24\/aurora-no-tiene-compasion-de-real-potosi\/\" \/>\n<meta property=\"og:locale\" content=\"es_ES\" \/>\n<meta property=\"og:type\" content=\"article\" \/>\n<meta property=\"og:title\" content=\"Aurora no tiene compasi\u00f3n de Real Potos\u00ed - El Diario - Bolivia\" \/>\n<meta property=\"og:description\" content=\"Sin contemplaciones. Aurora asegur\u00f3 temprano su triunfo sobre Real Potos\u00ed con los goles que llegaron en los primeros diez minutos, cerrando la d\u00e9cima s\u00e9ptima del campeonato con una goleada por 5-0, la noche de este lunes, en el estadio F\u00e9lix Capriles. El Equipo del Pueblo venci\u00f3 sin apuros y jugando a sus anchas. Aunque se [&hellip;]\" \/>\n<meta property=\"og:url\" content=\"https:\/\/www.eldiario.net\/portal\/2021\/08\/24\/aurora-no-tiene-compasion-de-real-potosi\/\" \/>\n<meta property=\"og:site_name\" content=\"El Diario - Bolivia\" \/>\n<meta property=\"article:publisher\" content=\"https:\/\/www.facebook.com\/eldiario.bolivia\/\" \/>\n<meta property=\"article:published_time\" content=\"2021-08-24T10:00:34+00:00\" \/>\n<meta name=\"author\" content=\"Jeanette\" \/>\n<meta name=\"twitter:card\" content=\"summary_large_image\" \/>\n<meta name=\"twitter:creator\" content=\"@eldiario_net\" \/>\n<meta name=\"twitter:site\" content=\"@eldiario_net\" \/>\n<meta name=\"twitter:label1\" content=\"Escrito por\" \/>\n\t<meta name=\"twitter:data1\" content=\"Jeanette\" \/>\n\t<meta name=\"twitter:label2\" content=\"Tiempo de lectura\" \/>\n\t<meta name=\"twitter:data2\" content=\"2 minutos\" \/>\n<script type=\"application\/ld+json\" class=\"yoast-schema-graph\">{\"@context\":\"https:\\\/\\\/schema.org\",\"@graph\":[{\"@type\":\"Article\",\"@id\":\"https:\\\/\\\/www.eldiario.net\\\/portal\\\/2021\\\/08\\\/24\\\/aurora-no-tiene-compasion-de-real-potosi\\\/#article\",\"isPartOf\":{\"@id\":\"https:\\\/\\\/www.eldiario.net\\\/portal\\\/2021\\\/08\\\/24\\\/aurora-no-tiene-compasion-de-real-potosi\\\/\"},\"author\":{\"name\":\"Jeanette\",\"@id\":\"https:\\\/\\\/www.eldiario.net\\\/portal\\\/#\\\/schema\\\/person\\\/2c57cf2b7a7ae032e449e4c9b1019eac\"},\"headline\":\"Aurora no tiene compasi\u00f3n de Real Potos\u00ed\",\"datePublished\":\"2021-08-24T10:00:34+00:00\",\"mainEntityOfPage\":{\"@id\":\"https:\\\/\\\/www.eldiario.net\\\/portal\\\/2021\\\/08\\\/24\\\/aurora-no-tiene-compasion-de-real-potosi\\\/\"},\"wordCount\":455,\"publisher\":{\"@id\":\"https:\\\/\\\/www.eldiario.net\\\/portal\\\/#organization\"},\"image\":{\"@id\":\"https:\\\/\\\/www.eldiario.net\\\/portal\\\/2021\\\/08\\\/24\\\/aurora-no-tiene-compasion-de-real-potosi\\\/#primaryimage\"},\"thumbnailUrl\":\"\",\"articleSection\":[\"Deportes\"],\"inLanguage\":\"es\"},{\"@type\":\"WebPage\",\"@id\":\"https:\\\/\\\/www.eldiario.net\\\/portal\\\/2021\\\/08\\\/24\\\/aurora-no-tiene-compasion-de-real-potosi\\\/\",\"url\":\"https:\\\/\\\/www.eldiario.net\\\/portal\\\/2021\\\/08\\\/24\\\/aurora-no-tiene-compasion-de-real-potosi\\\/\",\"name\":\"Aurora no tiene compasi\u00f3n de Real Potos\u00ed - El Diario - Bolivia\",\"isPartOf\":{\"@id\":\"https:\\\/\\\/www.eldiario.net\\\/portal\\\/#website\"},\"primaryImageOfPage\":{\"@id\":\"https:\\\/\\\/www.eldiario.net\\\/portal\\\/2021\\\/08\\\/24\\\/aurora-no-tiene-compasion-de-real-potosi\\\/#primaryimage\"},\"image\":{\"@id\":\"https:\\\/\\\/www.eldiario.net\\\/portal\\\/2021\\\/08\\\/24\\\/aurora-no-tiene-compasion-de-real-potosi\\\/#primaryimage\"},\"thumbnailUrl\":\"\",\"datePublished\":\"2021-08-24T10:00:34+00:00\",\"breadcrumb\":{\"@id\":\"https:\\\/\\\/www.eldiario.net\\\/portal\\\/2021\\\/08\\\/24\\\/aurora-no-tiene-compasion-de-real-potosi\\\/#breadcrumb\"},\"inLanguage\":\"es\",\"potentialAction\":[{\"@type\":\"ReadAction\",\"target\":[\"https:\\\/\\\/www.eldiario.net\\\/portal\\\/2021\\\/08\\\/24\\\/aurora-no-tiene-compasion-de-real-potosi\\\/\"]}]},{\"@type\":\"ImageObject\",\"inLanguage\":\"es\",\"@id\":\"https:\\\/\\\/www.eldiario.net\\\/portal\\\/2021\\\/08\\\/24\\\/aurora-no-tiene-compasion-de-real-potosi\\\/#primaryimage\",\"url\":\"\",\"contentUrl\":\"\"},{\"@type\":\"BreadcrumbList\",\"@id\":\"https:\\\/\\\/www.eldiario.net\\\/portal\\\/2021\\\/08\\\/24\\\/aurora-no-tiene-compasion-de-real-potosi\\\/#breadcrumb\",\"itemListElement\":[{\"@type\":\"ListItem\",\"position\":1,\"name\":\"Portada\",\"item\":\"https:\\\/\\\/www.eldiario.net\\\/portal\\\/\"},{\"@type\":\"ListItem\",\"position\":2,\"name\":\"Aurora no tiene compasi\u00f3n de Real Potos\u00ed\"}]},{\"@type\":\"WebSite\",\"@id\":\"https:\\\/\\\/www.eldiario.net\\\/portal\\\/#website\",\"url\":\"https:\\\/\\\/www.eldiario.net\\\/portal\\\/\",\"name\":\"El Diario - Decano de la prensa nacional\",\"description\":\"El Diario - Decano de la prensa nacional\",\"publisher\":{\"@id\":\"https:\\\/\\\/www.eldiario.net\\\/portal\\\/#organization\"},\"potentialAction\":[{\"@type\":\"SearchAction\",\"target\":{\"@type\":\"EntryPoint\",\"urlTemplate\":\"https:\\\/\\\/www.eldiario.net\\\/portal\\\/?s={search_term_string}\"},\"query-input\":{\"@type\":\"PropertyValueSpecification\",\"valueRequired\":true,\"valueName\":\"search_term_string\"}}],\"inLanguage\":\"es\"},{\"@type\":\"Organization\",\"@id\":\"https:\\\/\\\/www.eldiario.net\\\/portal\\\/#organization\",\"name\":\"El Diario - Decano de la prensa nacional\",\"url\":\"https:\\\/\\\/www.eldiario.net\\\/portal\\\/\",\"logo\":{\"@type\":\"ImageObject\",\"inLanguage\":\"es\",\"@id\":\"https:\\\/\\\/www.eldiario.net\\\/portal\\\/#\\\/schema\\\/logo\\\/image\\\/\",\"url\":\"https:\\\/\\\/www.eldiario.net\\\/portal\\\/wp-content\\\/uploads\\\/2023\\\/07\\\/logo_ED.jpg\",\"contentUrl\":\"https:\\\/\\\/www.eldiario.net\\\/portal\\\/wp-content\\\/uploads\\\/2023\\\/07\\\/logo_ED.jpg\",\"width\":272,\"height\":52,\"caption\":\"El Diario - Decano de la prensa nacional\"},\"image\":{\"@id\":\"https:\\\/\\\/www.eldiario.net\\\/portal\\\/#\\\/schema\\\/logo\\\/image\\\/\"},\"sameAs\":[\"https:\\\/\\\/www.facebook.com\\\/eldiario.bolivia\\\/\",\"https:\\\/\\\/x.com\\\/eldiario_net\"]},{\"@type\":\"Person\",\"@id\":\"https:\\\/\\\/www.eldiario.net\\\/portal\\\/#\\\/schema\\\/person\\\/2c57cf2b7a7ae032e449e4c9b1019eac\",\"name\":\"Jeanette\",\"image\":{\"@type\":\"ImageObject\",\"inLanguage\":\"es\",\"@id\":\"https:\\\/\\\/secure.gravatar.com\\\/avatar\\\/3ea2118a5f7dad2b7138b1187a6b7ee55f160b9968b66013c3a3ef39dd7e5798?s=96&d=mm&r=g\",\"url\":\"https:\\\/\\\/secure.gravatar.com\\\/avatar\\\/3ea2118a5f7dad2b7138b1187a6b7ee55f160b9968b66013c3a3ef39dd7e5798?s=96&d=mm&r=g\",\"contentUrl\":\"https:\\\/\\\/secure.gravatar.com\\\/avatar\\\/3ea2118a5f7dad2b7138b1187a6b7ee55f160b9968b66013c3a3ef39dd7e5798?s=96&d=mm&r=g\",\"caption\":\"Jeanette\"},\"sameAs\":[\"https:\\\/\\\/www.eldiario.net\\\/portal\"],\"url\":\"https:\\\/\\\/www.eldiario.net\\\/portal\\\/author\\\/jeanette\\\/\"}]}<\/script>\n<!-- \/ Yoast SEO plugin. -->","yoast_head_json":{"title":"Aurora no tiene compasi\u00f3n de Real Potos\u00ed - El Diario - Bolivia","robots":{"index":"index","follow":"follow","max-snippet":"max-snippet:-1","max-image-preview":"max-image-preview:large","max-video-preview":"max-video-preview:-1"},"canonical":"https:\/\/www.eldiario.net\/portal\/2021\/08\/24\/aurora-no-tiene-compasion-de-real-potosi\/","og_locale":"es_ES","og_type":"article","og_title":"Aurora no tiene compasi\u00f3n de Real Potos\u00ed - El Diario - Bolivia","og_description":"Sin contemplaciones. Aurora asegur\u00f3 temprano su triunfo sobre Real Potos\u00ed con los goles que llegaron en los primeros diez minutos, cerrando la d\u00e9cima s\u00e9ptima del campeonato con una goleada por 5-0, la noche de este lunes, en el estadio F\u00e9lix Capriles. El Equipo del Pueblo venci\u00f3 sin apuros y jugando a sus anchas. Aunque se [&hellip;]","og_url":"https:\/\/www.eldiario.net\/portal\/2021\/08\/24\/aurora-no-tiene-compasion-de-real-potosi\/","og_site_name":"El Diario - Bolivia","article_publisher":"https:\/\/www.facebook.com\/eldiario.bolivia\/","article_published_time":"2021-08-24T10:00:34+00:00","author":"Jeanette","twitter_card":"summary_large_image","twitter_creator":"@eldiario_net","twitter_site":"@eldiario_net","twitter_misc":{"Escrito por":"Jeanette","Tiempo de lectura":"2 minutos"},"schema":{"@context":"https:\/\/schema.org","@graph":[{"@type":"Article","@id":"https:\/\/www.eldiario.net\/portal\/2021\/08\/24\/aurora-no-tiene-compasion-de-real-potosi\/#article","isPartOf":{"@id":"https:\/\/www.eldiario.net\/portal\/2021\/08\/24\/aurora-no-tiene-compasion-de-real-potosi\/"},"author":{"name":"Jeanette","@id":"https:\/\/www.eldiario.net\/portal\/#\/schema\/person\/2c57cf2b7a7ae032e449e4c9b1019eac"},"headline":"Aurora no tiene compasi\u00f3n de Real Potos\u00ed","datePublished":"2021-08-24T10:00:34+00:00","mainEntityOfPage":{"@id":"https:\/\/www.eldiario.net\/portal\/2021\/08\/24\/aurora-no-tiene-compasion-de-real-potosi\/"},"wordCount":455,"publisher":{"@id":"https:\/\/www.eldiario.net\/portal\/#organization"},"image":{"@id":"https:\/\/www.eldiario.net\/portal\/2021\/08\/24\/aurora-no-tiene-compasion-de-real-potosi\/#primaryimage"},"thumbnailUrl":"","articleSection":["Deportes"],"inLanguage":"es"},{"@type":"WebPage","@id":"https:\/\/www.eldiario.net\/portal\/2021\/08\/24\/aurora-no-tiene-compasion-de-real-potosi\/","url":"https:\/\/www.eldiario.net\/portal\/2021\/08\/24\/aurora-no-tiene-compasion-de-real-potosi\/","name":"Aurora no tiene compasi\u00f3n de Real Potos\u00ed - El Diario - Bolivia","isPartOf":{"@id":"https:\/\/www.eldiario.net\/portal\/#website"},"primaryImageOfPage":{"@id":"https:\/\/www.eldiario.net\/portal\/2021\/08\/24\/aurora-no-tiene-compasion-de-real-potosi\/#primaryimage"},"image":{"@id":"https:\/\/www.eldiario.net\/portal\/2021\/08\/24\/aurora-no-tiene-compasion-de-real-potosi\/#primaryimage"},"thumbnailUrl":"","datePublished":"2021-08-24T10:00:34+00:00","breadcrumb":{"@id":"https:\/\/www.eldiario.net\/portal\/2021\/08\/24\/aurora-no-tiene-compasion-de-real-potosi\/#breadcrumb"},"inLanguage":"es","potentialAction":[{"@type":"ReadAction","target":["https:\/\/www.eldiario.net\/portal\/2021\/08\/24\/aurora-no-tiene-compasion-de-real-potosi\/"]}]},{"@type":"ImageObject","inLanguage":"es","@id":"https:\/\/www.eldiario.net\/portal\/2021\/08\/24\/aurora-no-tiene-compasion-de-real-potosi\/#primaryimage","url":"","contentUrl":""},{"@type":"BreadcrumbList","@id":"https:\/\/www.eldiario.net\/portal\/2021\/08\/24\/aurora-no-tiene-compasion-de-real-potosi\/#breadcrumb","itemListElement":[{"@type":"ListItem","position":1,"name":"Portada","item":"https:\/\/www.eldiario.net\/portal\/"},{"@type":"ListItem","position":2,"name":"Aurora no tiene compasi\u00f3n de Real Potos\u00ed"}]},{"@type":"WebSite","@id":"https:\/\/www.eldiario.net\/portal\/#website","url":"https:\/\/www.eldiario.net\/portal\/","name":"El Diario - Decano de la prensa nacional","description":"El Diario - Decano de la prensa nacional","publisher":{"@id":"https:\/\/www.eldiario.net\/portal\/#organization"},"potentialAction":[{"@type":"SearchAction","target":{"@type":"EntryPoint","urlTemplate":"https:\/\/www.eldiario.net\/portal\/?s={search_term_string}"},"query-input":{"@type":"PropertyValueSpecification","valueRequired":true,"valueName":"search_term_string"}}],"inLanguage":"es"},{"@type":"Organization","@id":"https:\/\/www.eldiario.net\/portal\/#organization","name":"El Diario - Decano de la prensa nacional","url":"https:\/\/www.eldiario.net\/portal\/","logo":{"@type":"ImageObject","inLanguage":"es","@id":"https:\/\/www.eldiario.net\/portal\/#\/schema\/logo\/image\/","url":"https:\/\/www.eldiario.net\/portal\/wp-content\/uploads\/2023\/07\/logo_ED.jpg","contentUrl":"https:\/\/www.eldiario.net\/portal\/wp-content\/uploads\/2023\/07\/logo_ED.jpg","width":272,"height":52,"caption":"El Diario - Decano de la prensa nacional"},"image":{"@id":"https:\/\/www.eldiario.net\/portal\/#\/schema\/logo\/image\/"},"sameAs":["https:\/\/www.facebook.com\/eldiario.bolivia\/","https:\/\/x.com\/eldiario_net"]},{"@type":"Person","@id":"https:\/\/www.eldiario.net\/portal\/#\/schema\/person\/2c57cf2b7a7ae032e449e4c9b1019eac","name":"Jeanette","image":{"@type":"ImageObject","inLanguage":"es","@id":"https:\/\/secure.gravatar.com\/avatar\/3ea2118a5f7dad2b7138b1187a6b7ee55f160b9968b66013c3a3ef39dd7e5798?s=96&d=mm&r=g","url":"https:\/\/secure.gravatar.com\/avatar\/3ea2118a5f7dad2b7138b1187a6b7ee55f160b9968b66013c3a3ef39dd7e5798?s=96&d=mm&r=g","contentUrl":"https:\/\/secure.gravatar.com\/avatar\/3ea2118a5f7dad2b7138b1187a6b7ee55f160b9968b66013c3a3ef39dd7e5798?s=96&d=mm&r=g","caption":"Jeanette"},"sameAs":["https:\/\/www.eldiario.net\/portal"],"url":"https:\/\/www.eldiario.net\/portal\/author\/jeanette\/"}]}},"_links":{"self":[{"href":"https:\/\/www.eldiario.net\/portal\/wp-json\/wp\/v2\/posts\/25359","targetHints":{"allow":["GET"]}}],"collection":[{"href":"https:\/\/www.eldiario.net\/portal\/wp-json\/wp\/v2\/posts"}],"about":[{"href":"https:\/\/www.eldiario.net\/portal\/wp-json\/wp\/v2\/types\/post"}],"author":[{"embeddable":true,"href":"https:\/\/www.eldiario.net\/portal\/wp-json\/wp\/v2\/users\/1"}],"replies":[{"embeddable":true,"href":"https:\/\/www.eldiario.net\/portal\/wp-json\/wp\/v2\/comments?post=25359"}],"version-history":[{"count":0,"href":"https:\/\/www.eldiario.net\/portal\/wp-json\/wp\/v2\/posts\/25359\/revisions"}],"wp:attachment":[{"href":"https:\/\/www.eldiario.net\/portal\/wp-json\/wp\/v2\/media?parent=25359"}],"wp:term":[{"taxonomy":"category","embeddable":true,"href":"https:\/\/www.eldiario.net\/portal\/wp-json\/wp\/v2\/categories?post=25359"},{"taxonomy":"post_tag","embeddable":true,"href":"https:\/\/www.eldiario.net\/portal\/wp-json\/wp\/v2\/tags?post=25359"}],"curies":[{"name":"wp","href":"https:\/\/api.w.org\/{rel}","templated":true}]}}