{"id":25356,"date":"2021-08-24T05:59:46","date_gmt":"2021-08-24T09:59:46","guid":{"rendered":"https:\/\/www.eldiario.net\/portal\/?p=25356"},"modified":"2021-08-24T05:59:46","modified_gmt":"2021-08-24T09:59:46","slug":"chile-llama-a-28-jugadores-pero-sin-alexis-sanchez","status":"publish","type":"post","link":"https:\/\/www.eldiario.net\/portal\/2021\/08\/24\/chile-llama-a-28-jugadores-pero-sin-alexis-sanchez\/","title":{"rendered":"Chile llama a 28 jugadores, pero sin Alexis S\u00e1nchez"},"content":{"rendered":"<p>El t\u00e9cnico de la selecci\u00f3n chilena, el uruguayo Mart\u00edn Lasarte, convoc\u00f3 este lunes a 28 jugadores para la triple fecha de las clasificatorias sudamericanas para el Mundial de Catar 2022 de septiembre, entre los que no aparece el lesionado delantero Alexis S\u00e1nchez.<\/p>\n<p>&nbsp;<\/p>\n<p>S\u00e1nchez, del Inter de Mil\u00e1n, se resinti\u00f3 de una lesi\u00f3n en la pantorrilla derecha en el partido en el que Chile perdi\u00f3 con Brasil por 1-0 en los cuartos de final de la Copa Am\u00e9rica de este a\u00f1o. Tras ello, no ha pisado un campo de juego y actualmente realiza un tratamiento en Barcelona, con un m\u00e9dico especializado en lesiones de deportistas de \u00e9lite.<\/p>\n<p>&nbsp;<\/p>\n<p>Sin Alexis, su compa\u00f1ero en el Inter, Arturo Vidal, pasa a ser la principal figura de un seleccionado necesitado de victorias para salir de la complicada situaci\u00f3n en la que se encuentra en el premundial: s\u00e9ptimo con seis unidades y por el momento fuera de la zona de clasificaci\u00f3n a Catar-2022.<\/p>\n<p>&nbsp;<\/p>\n<p>El panorama de la triple fecha tampoco es halag\u00fce\u00f1o. Debe jugar el 2 de septiembre con Brasil en Santiago, tres d\u00edas despu\u00e9s con Ecuador en la altura de Quito y el 9 de septiembre con Colombia en el infierno de Barranquilla.<\/p>\n<p>&nbsp;<\/p>\n<p>Para ello, Lasarte, quien ya adelant\u00f3 que en esta triple fecha se juega la vida, llam\u00f3 a lo mejor del abanico de jugadores chilenos, algunos con un buen pasar futbol\u00edstico en sus equipos. Vidal es un ejemplo de ello que sali\u00f3 de la banca para anotar un gol y una asistencia en el juego en que el Inter gole\u00f3 4-0 al G\u00e9nova en el retorno del Calcio, el fin de semana.<\/p>\n<p>&nbsp;<\/p>\n<p>Tambi\u00e9n destacan el joven volante de 22 a\u00f1os Tom\u00e1s Alarc\u00f3n, que milita en el C\u00e1diz de Espa\u00f1a, y el ariete Ben Brereton, del Blackburn Rovers que ha marcado tres goles en el actual torneo de la segunda divisi\u00f3n inglesa.<\/p>\n<p>&nbsp;<\/p>\n<p>Igualmente llam\u00f3 la atenci\u00f3n la primera convocatoria de Robbie Robinson, del Inter de Miami. El joven delantero de 22 a\u00f1os, cuya madre es chilena, pasa por una buena racha en su club. La prensa local habl\u00f3 en los \u00faltimos d\u00edas del inter\u00e9s de Lasarte por llamarlo a la Roja.<\/p>\n<p>&nbsp;<\/p>\n<p>Los entreamientos comenzar\u00e1n el lunes 30 de agosto en el Complejo Deportivo Juan Pinto Duran, en Santiago.<\/p>\n<p>&nbsp;<\/p>\n<p>A continuaci\u00f3n la lista de convocados de la selecci\u00f3n chilena de f\u00fatbol:<\/p>\n<p>&nbsp;<\/p>\n<p>Arqueros: Claudio Bravo (Betis\/Espa\u00f1a), Gabriel Arias (Racing\/Argentina), Gabriel Castell\u00f3n (Huachipato).<\/p>\n<p>&nbsp;<\/p>\n<p>Defensas: Mauricio Isla (Flamengo\/Brasil), Eugenio Mena (Racing\/Argentina), Paulo D\u00edaz (River Plate\/Argentina), Guillermo Marip\u00e1n (M\u00f3naco\/Francia), Gary Medel (Bolonia\/Italia), Enzo Rocco (Elche\/Espa\u00f1a), Francisco Sierralta (Watford\/Inglaterra), Sebasti\u00e1n Vegas (Monterrey\/M\u00e9xico), Nicol\u00e1s D\u00edaz (Mazatl\u00e1n\/M\u00e9xico).<\/p>\n<p>&nbsp;<\/p>\n<p>Mediocampistas: Tom\u00e1s Alarc\u00f3n (C\u00e1diz\/Espa\u00f1a), Marcelo Allende (Torque\/Uruguay), Charles Ar\u00e1nguiz (Bayer Leverkusen\/Alemania), Claudio Baeza (Toluca\/M\u00e9xico), Pablo Galdames (sin club), Luis Jim\u00e9nez (Palestino), Marcelino N\u00fa\u00f1ez (Universidad Cat\u00f3lica), Erick Pulgar (Florentina\/Italia), Diego Vald\u00e9s (Santos Laguna\/M\u00e9xico), Arturo Vidal (Inter\/Italia), Carlos Palacios (Internacional\/Brasil).<\/p>\n<p>&nbsp;<\/p>\n<p>Delantero: Ben Brereton (Blackburn Rovers\/Inglaterra), Jean Meneses (Le\u00f3n\/M\u00e9xico), Iv\u00e1n Morales (Colo Colo), Robbie Robinson (Inter de Miami\/EEUU), Eduardo Vargas (Atl\u00e9tico Mineiro\/Brasil).<\/p>\n","protected":false},"excerpt":{"rendered":"<p>El t\u00e9cnico de la selecci\u00f3n chilena, el uruguayo Mart\u00edn Lasarte, convoc\u00f3 este lunes a 28 jugadores para la triple fecha de las clasificatorias sudamericanas para el Mundial de Catar 2022 de septiembre, entre los que no aparece el lesionado delantero Alexis S\u00e1nchez. &nbsp; S\u00e1nchez, del Inter de Mil\u00e1n, se resinti\u00f3 de una lesi\u00f3n en la [&hellip;]<\/p>\n","protected":false},"author":1,"featured_media":25357,"comment_status":"closed","ping_status":"closed","sticky":false,"template":"","format":"standard","meta":{"_acf_changed":false,"footnotes":""},"categories":[6],"tags":[],"class_list":["post-25356","post","type-post","status-publish","format-standard","has-post-thumbnail","category-deportes"],"acf":{"antetitulo":""},"yoast_head":"<!-- This site is optimized with the Yoast SEO plugin v28.4 - https:\/\/yoast.com\/product\/yoast-seo-wordpress\/ -->\n<title>Chile llama a 28 jugadores, pero sin Alexis S\u00e1nchez - El Diario - Bolivia<\/title>\n<meta name=\"robots\" content=\"index, follow, max-snippet:-1, max-image-preview:large, max-video-preview:-1\" \/>\n<link rel=\"canonical\" href=\"https:\/\/www.eldiario.net\/portal\/2021\/08\/24\/chile-llama-a-28-jugadores-pero-sin-alexis-sanchez\/\" \/>\n<meta property=\"og:locale\" content=\"es_ES\" \/>\n<meta property=\"og:type\" content=\"article\" \/>\n<meta property=\"og:title\" content=\"Chile llama a 28 jugadores, pero sin Alexis S\u00e1nchez - El Diario - Bolivia\" \/>\n<meta property=\"og:description\" content=\"El t\u00e9cnico de la selecci\u00f3n chilena, el uruguayo Mart\u00edn Lasarte, convoc\u00f3 este lunes a 28 jugadores para la triple fecha de las clasificatorias sudamericanas para el Mundial de Catar 2022 de septiembre, entre los que no aparece el lesionado delantero Alexis S\u00e1nchez. &nbsp; S\u00e1nchez, del Inter de Mil\u00e1n, se resinti\u00f3 de una lesi\u00f3n en la [&hellip;]\" \/>\n<meta property=\"og:url\" content=\"https:\/\/www.eldiario.net\/portal\/2021\/08\/24\/chile-llama-a-28-jugadores-pero-sin-alexis-sanchez\/\" \/>\n<meta property=\"og:site_name\" content=\"El Diario - Bolivia\" \/>\n<meta property=\"article:publisher\" content=\"https:\/\/www.facebook.com\/eldiario.bolivia\/\" \/>\n<meta property=\"article:published_time\" content=\"2021-08-24T09:59:46+00:00\" \/>\n<meta name=\"author\" content=\"Jeanette\" \/>\n<meta name=\"twitter:card\" content=\"summary_large_image\" \/>\n<meta name=\"twitter:creator\" content=\"@eldiario_net\" \/>\n<meta name=\"twitter:site\" content=\"@eldiario_net\" \/>\n<meta name=\"twitter:label1\" content=\"Escrito por\" \/>\n\t<meta name=\"twitter:data1\" content=\"Jeanette\" \/>\n\t<meta name=\"twitter:label2\" content=\"Tiempo de lectura\" \/>\n\t<meta name=\"twitter:data2\" content=\"3 minutos\" \/>\n<script type=\"application\/ld+json\" class=\"yoast-schema-graph\">{\"@context\":\"https:\\\/\\\/schema.org\",\"@graph\":[{\"@type\":\"Article\",\"@id\":\"https:\\\/\\\/www.eldiario.net\\\/portal\\\/2021\\\/08\\\/24\\\/chile-llama-a-28-jugadores-pero-sin-alexis-sanchez\\\/#article\",\"isPartOf\":{\"@id\":\"https:\\\/\\\/www.eldiario.net\\\/portal\\\/2021\\\/08\\\/24\\\/chile-llama-a-28-jugadores-pero-sin-alexis-sanchez\\\/\"},\"author\":{\"name\":\"Jeanette\",\"@id\":\"https:\\\/\\\/www.eldiario.net\\\/portal\\\/#\\\/schema\\\/person\\\/f46445640444750d7d753ccd04ae01b7\"},\"headline\":\"Chile llama a 28 jugadores, pero sin Alexis S\u00e1nchez\",\"datePublished\":\"2021-08-24T09:59:46+00:00\",\"mainEntityOfPage\":{\"@id\":\"https:\\\/\\\/www.eldiario.net\\\/portal\\\/2021\\\/08\\\/24\\\/chile-llama-a-28-jugadores-pero-sin-alexis-sanchez\\\/\"},\"wordCount\":583,\"publisher\":{\"@id\":\"https:\\\/\\\/www.eldiario.net\\\/portal\\\/#organization\"},\"image\":{\"@id\":\"https:\\\/\\\/www.eldiario.net\\\/portal\\\/2021\\\/08\\\/24\\\/chile-llama-a-28-jugadores-pero-sin-alexis-sanchez\\\/#primaryimage\"},\"thumbnailUrl\":\"\",\"articleSection\":[\"Deportes\"],\"inLanguage\":\"es\"},{\"@type\":\"WebPage\",\"@id\":\"https:\\\/\\\/www.eldiario.net\\\/portal\\\/2021\\\/08\\\/24\\\/chile-llama-a-28-jugadores-pero-sin-alexis-sanchez\\\/\",\"url\":\"https:\\\/\\\/www.eldiario.net\\\/portal\\\/2021\\\/08\\\/24\\\/chile-llama-a-28-jugadores-pero-sin-alexis-sanchez\\\/\",\"name\":\"Chile llama a 28 jugadores, pero sin Alexis S\u00e1nchez - El Diario - Bolivia\",\"isPartOf\":{\"@id\":\"https:\\\/\\\/www.eldiario.net\\\/portal\\\/#website\"},\"primaryImageOfPage\":{\"@id\":\"https:\\\/\\\/www.eldiario.net\\\/portal\\\/2021\\\/08\\\/24\\\/chile-llama-a-28-jugadores-pero-sin-alexis-sanchez\\\/#primaryimage\"},\"image\":{\"@id\":\"https:\\\/\\\/www.eldiario.net\\\/portal\\\/2021\\\/08\\\/24\\\/chile-llama-a-28-jugadores-pero-sin-alexis-sanchez\\\/#primaryimage\"},\"thumbnailUrl\":\"\",\"datePublished\":\"2021-08-24T09:59:46+00:00\",\"breadcrumb\":{\"@id\":\"https:\\\/\\\/www.eldiario.net\\\/portal\\\/2021\\\/08\\\/24\\\/chile-llama-a-28-jugadores-pero-sin-alexis-sanchez\\\/#breadcrumb\"},\"inLanguage\":\"es\",\"potentialAction\":[{\"@type\":\"ReadAction\",\"target\":[\"https:\\\/\\\/www.eldiario.net\\\/portal\\\/2021\\\/08\\\/24\\\/chile-llama-a-28-jugadores-pero-sin-alexis-sanchez\\\/\"]}]},{\"@type\":\"ImageObject\",\"inLanguage\":\"es\",\"@id\":\"https:\\\/\\\/www.eldiario.net\\\/portal\\\/2021\\\/08\\\/24\\\/chile-llama-a-28-jugadores-pero-sin-alexis-sanchez\\\/#primaryimage\",\"url\":\"\",\"contentUrl\":\"\"},{\"@type\":\"BreadcrumbList\",\"@id\":\"https:\\\/\\\/www.eldiario.net\\\/portal\\\/2021\\\/08\\\/24\\\/chile-llama-a-28-jugadores-pero-sin-alexis-sanchez\\\/#breadcrumb\",\"itemListElement\":[{\"@type\":\"ListItem\",\"position\":1,\"name\":\"Portada\",\"item\":\"https:\\\/\\\/www.eldiario.net\\\/portal\\\/\"},{\"@type\":\"ListItem\",\"position\":2,\"name\":\"Chile llama a 28 jugadores, pero sin Alexis S\u00e1nchez\"}]},{\"@type\":\"WebSite\",\"@id\":\"https:\\\/\\\/www.eldiario.net\\\/portal\\\/#website\",\"url\":\"https:\\\/\\\/www.eldiario.net\\\/portal\\\/\",\"name\":\"El Diario - Decano de la prensa nacional\",\"description\":\"El Diario - Decano de la prensa nacional\",\"publisher\":{\"@id\":\"https:\\\/\\\/www.eldiario.net\\\/portal\\\/#organization\"},\"potentialAction\":[{\"@type\":\"SearchAction\",\"target\":{\"@type\":\"EntryPoint\",\"urlTemplate\":\"https:\\\/\\\/www.eldiario.net\\\/portal\\\/?s={search_term_string}\"},\"query-input\":{\"@type\":\"PropertyValueSpecification\",\"valueRequired\":true,\"valueName\":\"search_term_string\"}}],\"inLanguage\":\"es\"},{\"@type\":\"Organization\",\"@id\":\"https:\\\/\\\/www.eldiario.net\\\/portal\\\/#organization\",\"name\":\"El Diario - Decano de la prensa nacional\",\"url\":\"https:\\\/\\\/www.eldiario.net\\\/portal\\\/\",\"logo\":{\"@type\":\"ImageObject\",\"inLanguage\":\"es\",\"@id\":\"https:\\\/\\\/www.eldiario.net\\\/portal\\\/#\\\/schema\\\/logo\\\/image\\\/\",\"url\":\"https:\\\/\\\/www.eldiario.net\\\/portal\\\/wp-content\\\/uploads\\\/2023\\\/07\\\/logo_ED.jpg\",\"contentUrl\":\"https:\\\/\\\/www.eldiario.net\\\/portal\\\/wp-content\\\/uploads\\\/2023\\\/07\\\/logo_ED.jpg\",\"width\":272,\"height\":52,\"caption\":\"El Diario - Decano de la prensa nacional\"},\"image\":{\"@id\":\"https:\\\/\\\/www.eldiario.net\\\/portal\\\/#\\\/schema\\\/logo\\\/image\\\/\"},\"sameAs\":[\"https:\\\/\\\/www.facebook.com\\\/eldiario.bolivia\\\/\",\"https:\\\/\\\/x.com\\\/eldiario_net\"]},{\"@type\":\"Person\",\"@id\":\"https:\\\/\\\/www.eldiario.net\\\/portal\\\/#\\\/schema\\\/person\\\/f46445640444750d7d753ccd04ae01b7\",\"name\":\"Jeanette\",\"image\":{\"@type\":\"ImageObject\",\"inLanguage\":\"es\",\"@id\":\"https:\\\/\\\/secure.gravatar.com\\\/avatar\\\/3ea2118a5f7dad2b7138b1187a6b7ee55f160b9968b66013c3a3ef39dd7e5798?s=96&d=mm&r=g\",\"url\":\"https:\\\/\\\/secure.gravatar.com\\\/avatar\\\/3ea2118a5f7dad2b7138b1187a6b7ee55f160b9968b66013c3a3ef39dd7e5798?s=96&d=mm&r=g\",\"contentUrl\":\"https:\\\/\\\/secure.gravatar.com\\\/avatar\\\/3ea2118a5f7dad2b7138b1187a6b7ee55f160b9968b66013c3a3ef39dd7e5798?s=96&d=mm&r=g\",\"caption\":\"Jeanette\"},\"sameAs\":[\"https:\\\/\\\/www.eldiario.net\\\/portal\"],\"url\":\"https:\\\/\\\/www.eldiario.net\\\/portal\\\/author\\\/jeanette\\\/\"}]}<\/script>\n<!-- \/ Yoast SEO plugin. -->","yoast_head_json":{"title":"Chile llama a 28 jugadores, pero sin Alexis S\u00e1nchez - El Diario - Bolivia","robots":{"index":"index","follow":"follow","max-snippet":"max-snippet:-1","max-image-preview":"max-image-preview:large","max-video-preview":"max-video-preview:-1"},"canonical":"https:\/\/www.eldiario.net\/portal\/2021\/08\/24\/chile-llama-a-28-jugadores-pero-sin-alexis-sanchez\/","og_locale":"es_ES","og_type":"article","og_title":"Chile llama a 28 jugadores, pero sin Alexis S\u00e1nchez - El Diario - Bolivia","og_description":"El t\u00e9cnico de la selecci\u00f3n chilena, el uruguayo Mart\u00edn Lasarte, convoc\u00f3 este lunes a 28 jugadores para la triple fecha de las clasificatorias sudamericanas para el Mundial de Catar 2022 de septiembre, entre los que no aparece el lesionado delantero Alexis S\u00e1nchez. &nbsp; S\u00e1nchez, del Inter de Mil\u00e1n, se resinti\u00f3 de una lesi\u00f3n en la [&hellip;]","og_url":"https:\/\/www.eldiario.net\/portal\/2021\/08\/24\/chile-llama-a-28-jugadores-pero-sin-alexis-sanchez\/","og_site_name":"El Diario - Bolivia","article_publisher":"https:\/\/www.facebook.com\/eldiario.bolivia\/","article_published_time":"2021-08-24T09:59:46+00:00","author":"Jeanette","twitter_card":"summary_large_image","twitter_creator":"@eldiario_net","twitter_site":"@eldiario_net","twitter_misc":{"Escrito por":"Jeanette","Tiempo de lectura":"3 minutos"},"schema":{"@context":"https:\/\/schema.org","@graph":[{"@type":"Article","@id":"https:\/\/www.eldiario.net\/portal\/2021\/08\/24\/chile-llama-a-28-jugadores-pero-sin-alexis-sanchez\/#article","isPartOf":{"@id":"https:\/\/www.eldiario.net\/portal\/2021\/08\/24\/chile-llama-a-28-jugadores-pero-sin-alexis-sanchez\/"},"author":{"name":"Jeanette","@id":"https:\/\/www.eldiario.net\/portal\/#\/schema\/person\/f46445640444750d7d753ccd04ae01b7"},"headline":"Chile llama a 28 jugadores, pero sin Alexis S\u00e1nchez","datePublished":"2021-08-24T09:59:46+00:00","mainEntityOfPage":{"@id":"https:\/\/www.eldiario.net\/portal\/2021\/08\/24\/chile-llama-a-28-jugadores-pero-sin-alexis-sanchez\/"},"wordCount":583,"publisher":{"@id":"https:\/\/www.eldiario.net\/portal\/#organization"},"image":{"@id":"https:\/\/www.eldiario.net\/portal\/2021\/08\/24\/chile-llama-a-28-jugadores-pero-sin-alexis-sanchez\/#primaryimage"},"thumbnailUrl":"","articleSection":["Deportes"],"inLanguage":"es"},{"@type":"WebPage","@id":"https:\/\/www.eldiario.net\/portal\/2021\/08\/24\/chile-llama-a-28-jugadores-pero-sin-alexis-sanchez\/","url":"https:\/\/www.eldiario.net\/portal\/2021\/08\/24\/chile-llama-a-28-jugadores-pero-sin-alexis-sanchez\/","name":"Chile llama a 28 jugadores, pero sin Alexis S\u00e1nchez - El Diario - Bolivia","isPartOf":{"@id":"https:\/\/www.eldiario.net\/portal\/#website"},"primaryImageOfPage":{"@id":"https:\/\/www.eldiario.net\/portal\/2021\/08\/24\/chile-llama-a-28-jugadores-pero-sin-alexis-sanchez\/#primaryimage"},"image":{"@id":"https:\/\/www.eldiario.net\/portal\/2021\/08\/24\/chile-llama-a-28-jugadores-pero-sin-alexis-sanchez\/#primaryimage"},"thumbnailUrl":"","datePublished":"2021-08-24T09:59:46+00:00","breadcrumb":{"@id":"https:\/\/www.eldiario.net\/portal\/2021\/08\/24\/chile-llama-a-28-jugadores-pero-sin-alexis-sanchez\/#breadcrumb"},"inLanguage":"es","potentialAction":[{"@type":"ReadAction","target":["https:\/\/www.eldiario.net\/portal\/2021\/08\/24\/chile-llama-a-28-jugadores-pero-sin-alexis-sanchez\/"]}]},{"@type":"ImageObject","inLanguage":"es","@id":"https:\/\/www.eldiario.net\/portal\/2021\/08\/24\/chile-llama-a-28-jugadores-pero-sin-alexis-sanchez\/#primaryimage","url":"","contentUrl":""},{"@type":"BreadcrumbList","@id":"https:\/\/www.eldiario.net\/portal\/2021\/08\/24\/chile-llama-a-28-jugadores-pero-sin-alexis-sanchez\/#breadcrumb","itemListElement":[{"@type":"ListItem","position":1,"name":"Portada","item":"https:\/\/www.eldiario.net\/portal\/"},{"@type":"ListItem","position":2,"name":"Chile llama a 28 jugadores, pero sin Alexis S\u00e1nchez"}]},{"@type":"WebSite","@id":"https:\/\/www.eldiario.net\/portal\/#website","url":"https:\/\/www.eldiario.net\/portal\/","name":"El Diario - Decano de la prensa nacional","description":"El Diario - Decano de la prensa nacional","publisher":{"@id":"https:\/\/www.eldiario.net\/portal\/#organization"},"potentialAction":[{"@type":"SearchAction","target":{"@type":"EntryPoint","urlTemplate":"https:\/\/www.eldiario.net\/portal\/?s={search_term_string}"},"query-input":{"@type":"PropertyValueSpecification","valueRequired":true,"valueName":"search_term_string"}}],"inLanguage":"es"},{"@type":"Organization","@id":"https:\/\/www.eldiario.net\/portal\/#organization","name":"El Diario - Decano de la prensa nacional","url":"https:\/\/www.eldiario.net\/portal\/","logo":{"@type":"ImageObject","inLanguage":"es","@id":"https:\/\/www.eldiario.net\/portal\/#\/schema\/logo\/image\/","url":"https:\/\/www.eldiario.net\/portal\/wp-content\/uploads\/2023\/07\/logo_ED.jpg","contentUrl":"https:\/\/www.eldiario.net\/portal\/wp-content\/uploads\/2023\/07\/logo_ED.jpg","width":272,"height":52,"caption":"El Diario - Decano de la prensa nacional"},"image":{"@id":"https:\/\/www.eldiario.net\/portal\/#\/schema\/logo\/image\/"},"sameAs":["https:\/\/www.facebook.com\/eldiario.bolivia\/","https:\/\/x.com\/eldiario_net"]},{"@type":"Person","@id":"https:\/\/www.eldiario.net\/portal\/#\/schema\/person\/f46445640444750d7d753ccd04ae01b7","name":"Jeanette","image":{"@type":"ImageObject","inLanguage":"es","@id":"https:\/\/secure.gravatar.com\/avatar\/3ea2118a5f7dad2b7138b1187a6b7ee55f160b9968b66013c3a3ef39dd7e5798?s=96&d=mm&r=g","url":"https:\/\/secure.gravatar.com\/avatar\/3ea2118a5f7dad2b7138b1187a6b7ee55f160b9968b66013c3a3ef39dd7e5798?s=96&d=mm&r=g","contentUrl":"https:\/\/secure.gravatar.com\/avatar\/3ea2118a5f7dad2b7138b1187a6b7ee55f160b9968b66013c3a3ef39dd7e5798?s=96&d=mm&r=g","caption":"Jeanette"},"sameAs":["https:\/\/www.eldiario.net\/portal"],"url":"https:\/\/www.eldiario.net\/portal\/author\/jeanette\/"}]}},"_links":{"self":[{"href":"https:\/\/www.eldiario.net\/portal\/wp-json\/wp\/v2\/posts\/25356","targetHints":{"allow":["GET"]}}],"collection":[{"href":"https:\/\/www.eldiario.net\/portal\/wp-json\/wp\/v2\/posts"}],"about":[{"href":"https:\/\/www.eldiario.net\/portal\/wp-json\/wp\/v2\/types\/post"}],"author":[{"embeddable":true,"href":"https:\/\/www.eldiario.net\/portal\/wp-json\/wp\/v2\/users\/1"}],"replies":[{"embeddable":true,"href":"https:\/\/www.eldiario.net\/portal\/wp-json\/wp\/v2\/comments?post=25356"}],"version-history":[{"count":0,"href":"https:\/\/www.eldiario.net\/portal\/wp-json\/wp\/v2\/posts\/25356\/revisions"}],"wp:attachment":[{"href":"https:\/\/www.eldiario.net\/portal\/wp-json\/wp\/v2\/media?parent=25356"}],"wp:term":[{"taxonomy":"category","embeddable":true,"href":"https:\/\/www.eldiario.net\/portal\/wp-json\/wp\/v2\/categories?post=25356"},{"taxonomy":"post_tag","embeddable":true,"href":"https:\/\/www.eldiario.net\/portal\/wp-json\/wp\/v2\/tags?post=25356"}],"curies":[{"name":"wp","href":"https:\/\/api.w.org\/{rel}","templated":true}]}}