{"id":25353,"date":"2021-08-24T05:59:05","date_gmt":"2021-08-24T09:59:05","guid":{"rendered":"https:\/\/www.eldiario.net\/portal\/?p=25353"},"modified":"2021-08-24T05:59:05","modified_gmt":"2021-08-24T09:59:05","slug":"enoumba-el-primer-africano-en-la-seleccion-nacional","status":"publish","type":"post","link":"https:\/\/www.eldiario.net\/portal\/2021\/08\/24\/enoumba-el-primer-africano-en-la-seleccion-nacional\/","title":{"rendered":"Enoumba, el primer africano en la Selecci\u00f3n Nacional"},"content":{"rendered":"<p>De \u00faltimo momento. El director t\u00e9cnico de la Selecci\u00f3n boliviana de f\u00fatbol, C\u00e9sar Far\u00edas, convoc\u00f3 ayer al central de Always Ready, Marc Francois Enoumba. El jugador camerun\u00e9s naturalizado boliviano se sum\u00f3 ayer por la noche a la concentraci\u00f3n de la Verde de cara a la triple fecha de las clasificatorias Sudamericanas.<\/p>\n<p>\u201cEl Cuerpo T\u00e9cnico de la Selecci\u00f3n Nacional informa que el jugador de Always Ready, Marc Francois Enoumba, ha sido convocado para encarar la triple fecha de septiembre de las Eliminatorias Sudamericanas rumbo al mundial de Catar 2022\u201d, dice el comunicado oficial de la Selecci\u00f3n.<\/p>\n<p>Enoumba, que naci\u00f3 el 3 de marzo de 1993 en Duala, Camer\u00fan, el 23 de julio pasado concluy\u00f3 los tr\u00e1mites, de manera satisfactoria, para tener la nacionalidad boliviana. El ahora boliviano lleg\u00f3 al pa\u00eds el 2016 y desde el 2018 demuestra sus cualidades en el cuadro Millonario. Esta convocatoria se transformar\u00e1 para \u00e9l su primera experiencia jugando en una selecci\u00f3n absoluta. Adem\u00e1s, es la primera vez en la historia que un jugador africano ser\u00e1 parte del equipo nacional.<\/p>\n<p>Enoumba ser\u00e1 un elemento de mucha utilidad para el estratega Far\u00edas ya que es un futbolista polifuncional en el campo de juego. La Verde que trabaja primero de cara el duelo ante Colombia el 2 de septiembre (La Paz) luego ante Uruguay el 5 (Montevideo) y finalmente frente a Argentina el 9. (Buenos Aires).<\/p>\n<p>UN INVITADO ATIGRADO<\/p>\n<p>El delantero juvenil de The Strongest, Jos\u00e9 Flores, tambi\u00e9n se sum\u00f3 ayer al primer equipo de la Selecci\u00f3n. El jugador de 18 a\u00f1os fue invitado por Far\u00edas para que trabaje junto al equipo mayor a la espera de una oportunidad para ser tomado en cuenta para los pr\u00f3ximos retos nacionales.<\/p>\n<p>MA\u00d1ANA TRABAJAN EN HUARINA<\/p>\n<p>El equipo nacional trabaj\u00f3 ayer a doble turno. En la ma\u00f1ana realizaron una sesi\u00f3n de gimnasio y ya en la tarde entrenaron en el estadio Hernando Siles, de La Paz, un grupo reducido de futbolistas. Desde ma\u00f1ana trabajar\u00e1n en el Centro de Alto Rendimiento del club Always Ready, en el municipio de Huarina, donde en la pasada fecha ya hab\u00edan entrenado.<\/p>\n<p>En ese municipio, que dista a 60 kil\u00f3metros de la urbe pace\u00f1a, la Verde trabajar\u00e1 hasta el d\u00eda domingo. El lunes retomar\u00e1n entrenamientos en La Paz para ultimar detalles para su duelo ante los cafetaleros que se jugar\u00e1 en el principal escenario miraflorino desde las 16.00.<\/p>\n","protected":false},"excerpt":{"rendered":"<p>De \u00faltimo momento. El director t\u00e9cnico de la Selecci\u00f3n boliviana de f\u00fatbol, C\u00e9sar Far\u00edas, convoc\u00f3 ayer al central de Always Ready, Marc Francois Enoumba. El jugador camerun\u00e9s naturalizado boliviano se sum\u00f3 ayer por la noche a la concentraci\u00f3n de la Verde de cara a la triple fecha de las clasificatorias Sudamericanas. \u201cEl Cuerpo T\u00e9cnico de [&hellip;]<\/p>\n","protected":false},"author":1,"featured_media":25354,"comment_status":"closed","ping_status":"closed","sticky":false,"template":"","format":"standard","meta":{"_acf_changed":false,"footnotes":""},"categories":[6],"tags":[],"class_list":["post-25353","post","type-post","status-publish","format-standard","has-post-thumbnail","category-deportes"],"acf":{"antetitulo":""},"yoast_head":"<!-- This site is optimized with the Yoast SEO plugin v28.4 - https:\/\/yoast.com\/product\/yoast-seo-wordpress\/ -->\n<title>Enoumba, el primer africano en la Selecci\u00f3n Nacional - El Diario - Bolivia<\/title>\n<meta name=\"robots\" content=\"index, follow, max-snippet:-1, max-image-preview:large, max-video-preview:-1\" \/>\n<link rel=\"canonical\" href=\"https:\/\/www.eldiario.net\/portal\/2021\/08\/24\/enoumba-el-primer-africano-en-la-seleccion-nacional\/\" \/>\n<meta property=\"og:locale\" content=\"es_ES\" \/>\n<meta property=\"og:type\" content=\"article\" \/>\n<meta property=\"og:title\" content=\"Enoumba, el primer africano en la Selecci\u00f3n Nacional - El Diario - Bolivia\" \/>\n<meta property=\"og:description\" content=\"De \u00faltimo momento. El director t\u00e9cnico de la Selecci\u00f3n boliviana de f\u00fatbol, C\u00e9sar Far\u00edas, convoc\u00f3 ayer al central de Always Ready, Marc Francois Enoumba. El jugador camerun\u00e9s naturalizado boliviano se sum\u00f3 ayer por la noche a la concentraci\u00f3n de la Verde de cara a la triple fecha de las clasificatorias Sudamericanas. \u201cEl Cuerpo T\u00e9cnico de [&hellip;]\" \/>\n<meta property=\"og:url\" content=\"https:\/\/www.eldiario.net\/portal\/2021\/08\/24\/enoumba-el-primer-africano-en-la-seleccion-nacional\/\" \/>\n<meta property=\"og:site_name\" content=\"El Diario - Bolivia\" \/>\n<meta property=\"article:publisher\" content=\"https:\/\/www.facebook.com\/eldiario.bolivia\/\" \/>\n<meta property=\"article:published_time\" content=\"2021-08-24T09:59:05+00:00\" \/>\n<meta name=\"author\" content=\"Jeanette\" \/>\n<meta name=\"twitter:card\" content=\"summary_large_image\" \/>\n<meta name=\"twitter:creator\" content=\"@eldiario_net\" \/>\n<meta name=\"twitter:site\" content=\"@eldiario_net\" \/>\n<meta name=\"twitter:label1\" content=\"Escrito por\" \/>\n\t<meta name=\"twitter:data1\" content=\"Jeanette\" \/>\n\t<meta name=\"twitter:label2\" content=\"Tiempo de lectura\" \/>\n\t<meta name=\"twitter:data2\" content=\"2 minutos\" \/>\n<script type=\"application\/ld+json\" class=\"yoast-schema-graph\">{\"@context\":\"https:\\\/\\\/schema.org\",\"@graph\":[{\"@type\":\"Article\",\"@id\":\"https:\\\/\\\/www.eldiario.net\\\/portal\\\/2021\\\/08\\\/24\\\/enoumba-el-primer-africano-en-la-seleccion-nacional\\\/#article\",\"isPartOf\":{\"@id\":\"https:\\\/\\\/www.eldiario.net\\\/portal\\\/2021\\\/08\\\/24\\\/enoumba-el-primer-africano-en-la-seleccion-nacional\\\/\"},\"author\":{\"name\":\"Jeanette\",\"@id\":\"https:\\\/\\\/www.eldiario.net\\\/portal\\\/#\\\/schema\\\/person\\\/f46445640444750d7d753ccd04ae01b7\"},\"headline\":\"Enoumba, el primer africano en la Selecci\u00f3n Nacional\",\"datePublished\":\"2021-08-24T09:59:05+00:00\",\"mainEntityOfPage\":{\"@id\":\"https:\\\/\\\/www.eldiario.net\\\/portal\\\/2021\\\/08\\\/24\\\/enoumba-el-primer-africano-en-la-seleccion-nacional\\\/\"},\"wordCount\":419,\"publisher\":{\"@id\":\"https:\\\/\\\/www.eldiario.net\\\/portal\\\/#organization\"},\"image\":{\"@id\":\"https:\\\/\\\/www.eldiario.net\\\/portal\\\/2021\\\/08\\\/24\\\/enoumba-el-primer-africano-en-la-seleccion-nacional\\\/#primaryimage\"},\"thumbnailUrl\":\"\",\"articleSection\":[\"Deportes\"],\"inLanguage\":\"es\"},{\"@type\":\"WebPage\",\"@id\":\"https:\\\/\\\/www.eldiario.net\\\/portal\\\/2021\\\/08\\\/24\\\/enoumba-el-primer-africano-en-la-seleccion-nacional\\\/\",\"url\":\"https:\\\/\\\/www.eldiario.net\\\/portal\\\/2021\\\/08\\\/24\\\/enoumba-el-primer-africano-en-la-seleccion-nacional\\\/\",\"name\":\"Enoumba, el primer africano en la Selecci\u00f3n Nacional - El Diario - Bolivia\",\"isPartOf\":{\"@id\":\"https:\\\/\\\/www.eldiario.net\\\/portal\\\/#website\"},\"primaryImageOfPage\":{\"@id\":\"https:\\\/\\\/www.eldiario.net\\\/portal\\\/2021\\\/08\\\/24\\\/enoumba-el-primer-africano-en-la-seleccion-nacional\\\/#primaryimage\"},\"image\":{\"@id\":\"https:\\\/\\\/www.eldiario.net\\\/portal\\\/2021\\\/08\\\/24\\\/enoumba-el-primer-africano-en-la-seleccion-nacional\\\/#primaryimage\"},\"thumbnailUrl\":\"\",\"datePublished\":\"2021-08-24T09:59:05+00:00\",\"breadcrumb\":{\"@id\":\"https:\\\/\\\/www.eldiario.net\\\/portal\\\/2021\\\/08\\\/24\\\/enoumba-el-primer-africano-en-la-seleccion-nacional\\\/#breadcrumb\"},\"inLanguage\":\"es\",\"potentialAction\":[{\"@type\":\"ReadAction\",\"target\":[\"https:\\\/\\\/www.eldiario.net\\\/portal\\\/2021\\\/08\\\/24\\\/enoumba-el-primer-africano-en-la-seleccion-nacional\\\/\"]}]},{\"@type\":\"ImageObject\",\"inLanguage\":\"es\",\"@id\":\"https:\\\/\\\/www.eldiario.net\\\/portal\\\/2021\\\/08\\\/24\\\/enoumba-el-primer-africano-en-la-seleccion-nacional\\\/#primaryimage\",\"url\":\"\",\"contentUrl\":\"\"},{\"@type\":\"BreadcrumbList\",\"@id\":\"https:\\\/\\\/www.eldiario.net\\\/portal\\\/2021\\\/08\\\/24\\\/enoumba-el-primer-africano-en-la-seleccion-nacional\\\/#breadcrumb\",\"itemListElement\":[{\"@type\":\"ListItem\",\"position\":1,\"name\":\"Portada\",\"item\":\"https:\\\/\\\/www.eldiario.net\\\/portal\\\/\"},{\"@type\":\"ListItem\",\"position\":2,\"name\":\"Enoumba, el primer africano en la Selecci\u00f3n Nacional\"}]},{\"@type\":\"WebSite\",\"@id\":\"https:\\\/\\\/www.eldiario.net\\\/portal\\\/#website\",\"url\":\"https:\\\/\\\/www.eldiario.net\\\/portal\\\/\",\"name\":\"El Diario - Decano de la prensa nacional\",\"description\":\"El Diario - Decano de la prensa nacional\",\"publisher\":{\"@id\":\"https:\\\/\\\/www.eldiario.net\\\/portal\\\/#organization\"},\"potentialAction\":[{\"@type\":\"SearchAction\",\"target\":{\"@type\":\"EntryPoint\",\"urlTemplate\":\"https:\\\/\\\/www.eldiario.net\\\/portal\\\/?s={search_term_string}\"},\"query-input\":{\"@type\":\"PropertyValueSpecification\",\"valueRequired\":true,\"valueName\":\"search_term_string\"}}],\"inLanguage\":\"es\"},{\"@type\":\"Organization\",\"@id\":\"https:\\\/\\\/www.eldiario.net\\\/portal\\\/#organization\",\"name\":\"El Diario - Decano de la prensa nacional\",\"url\":\"https:\\\/\\\/www.eldiario.net\\\/portal\\\/\",\"logo\":{\"@type\":\"ImageObject\",\"inLanguage\":\"es\",\"@id\":\"https:\\\/\\\/www.eldiario.net\\\/portal\\\/#\\\/schema\\\/logo\\\/image\\\/\",\"url\":\"https:\\\/\\\/www.eldiario.net\\\/portal\\\/wp-content\\\/uploads\\\/2023\\\/07\\\/logo_ED.jpg\",\"contentUrl\":\"https:\\\/\\\/www.eldiario.net\\\/portal\\\/wp-content\\\/uploads\\\/2023\\\/07\\\/logo_ED.jpg\",\"width\":272,\"height\":52,\"caption\":\"El Diario - Decano de la prensa nacional\"},\"image\":{\"@id\":\"https:\\\/\\\/www.eldiario.net\\\/portal\\\/#\\\/schema\\\/logo\\\/image\\\/\"},\"sameAs\":[\"https:\\\/\\\/www.facebook.com\\\/eldiario.bolivia\\\/\",\"https:\\\/\\\/x.com\\\/eldiario_net\"]},{\"@type\":\"Person\",\"@id\":\"https:\\\/\\\/www.eldiario.net\\\/portal\\\/#\\\/schema\\\/person\\\/f46445640444750d7d753ccd04ae01b7\",\"name\":\"Jeanette\",\"image\":{\"@type\":\"ImageObject\",\"inLanguage\":\"es\",\"@id\":\"https:\\\/\\\/secure.gravatar.com\\\/avatar\\\/3ea2118a5f7dad2b7138b1187a6b7ee55f160b9968b66013c3a3ef39dd7e5798?s=96&d=mm&r=g\",\"url\":\"https:\\\/\\\/secure.gravatar.com\\\/avatar\\\/3ea2118a5f7dad2b7138b1187a6b7ee55f160b9968b66013c3a3ef39dd7e5798?s=96&d=mm&r=g\",\"contentUrl\":\"https:\\\/\\\/secure.gravatar.com\\\/avatar\\\/3ea2118a5f7dad2b7138b1187a6b7ee55f160b9968b66013c3a3ef39dd7e5798?s=96&d=mm&r=g\",\"caption\":\"Jeanette\"},\"sameAs\":[\"https:\\\/\\\/www.eldiario.net\\\/portal\"],\"url\":\"https:\\\/\\\/www.eldiario.net\\\/portal\\\/author\\\/jeanette\\\/\"}]}<\/script>\n<!-- \/ Yoast SEO plugin. -->","yoast_head_json":{"title":"Enoumba, el primer africano en la Selecci\u00f3n Nacional - El Diario - Bolivia","robots":{"index":"index","follow":"follow","max-snippet":"max-snippet:-1","max-image-preview":"max-image-preview:large","max-video-preview":"max-video-preview:-1"},"canonical":"https:\/\/www.eldiario.net\/portal\/2021\/08\/24\/enoumba-el-primer-africano-en-la-seleccion-nacional\/","og_locale":"es_ES","og_type":"article","og_title":"Enoumba, el primer africano en la Selecci\u00f3n Nacional - El Diario - Bolivia","og_description":"De \u00faltimo momento. El director t\u00e9cnico de la Selecci\u00f3n boliviana de f\u00fatbol, C\u00e9sar Far\u00edas, convoc\u00f3 ayer al central de Always Ready, Marc Francois Enoumba. El jugador camerun\u00e9s naturalizado boliviano se sum\u00f3 ayer por la noche a la concentraci\u00f3n de la Verde de cara a la triple fecha de las clasificatorias Sudamericanas. \u201cEl Cuerpo T\u00e9cnico de [&hellip;]","og_url":"https:\/\/www.eldiario.net\/portal\/2021\/08\/24\/enoumba-el-primer-africano-en-la-seleccion-nacional\/","og_site_name":"El Diario - Bolivia","article_publisher":"https:\/\/www.facebook.com\/eldiario.bolivia\/","article_published_time":"2021-08-24T09:59:05+00:00","author":"Jeanette","twitter_card":"summary_large_image","twitter_creator":"@eldiario_net","twitter_site":"@eldiario_net","twitter_misc":{"Escrito por":"Jeanette","Tiempo de lectura":"2 minutos"},"schema":{"@context":"https:\/\/schema.org","@graph":[{"@type":"Article","@id":"https:\/\/www.eldiario.net\/portal\/2021\/08\/24\/enoumba-el-primer-africano-en-la-seleccion-nacional\/#article","isPartOf":{"@id":"https:\/\/www.eldiario.net\/portal\/2021\/08\/24\/enoumba-el-primer-africano-en-la-seleccion-nacional\/"},"author":{"name":"Jeanette","@id":"https:\/\/www.eldiario.net\/portal\/#\/schema\/person\/f46445640444750d7d753ccd04ae01b7"},"headline":"Enoumba, el primer africano en la Selecci\u00f3n Nacional","datePublished":"2021-08-24T09:59:05+00:00","mainEntityOfPage":{"@id":"https:\/\/www.eldiario.net\/portal\/2021\/08\/24\/enoumba-el-primer-africano-en-la-seleccion-nacional\/"},"wordCount":419,"publisher":{"@id":"https:\/\/www.eldiario.net\/portal\/#organization"},"image":{"@id":"https:\/\/www.eldiario.net\/portal\/2021\/08\/24\/enoumba-el-primer-africano-en-la-seleccion-nacional\/#primaryimage"},"thumbnailUrl":"","articleSection":["Deportes"],"inLanguage":"es"},{"@type":"WebPage","@id":"https:\/\/www.eldiario.net\/portal\/2021\/08\/24\/enoumba-el-primer-africano-en-la-seleccion-nacional\/","url":"https:\/\/www.eldiario.net\/portal\/2021\/08\/24\/enoumba-el-primer-africano-en-la-seleccion-nacional\/","name":"Enoumba, el primer africano en la Selecci\u00f3n Nacional - El Diario - Bolivia","isPartOf":{"@id":"https:\/\/www.eldiario.net\/portal\/#website"},"primaryImageOfPage":{"@id":"https:\/\/www.eldiario.net\/portal\/2021\/08\/24\/enoumba-el-primer-africano-en-la-seleccion-nacional\/#primaryimage"},"image":{"@id":"https:\/\/www.eldiario.net\/portal\/2021\/08\/24\/enoumba-el-primer-africano-en-la-seleccion-nacional\/#primaryimage"},"thumbnailUrl":"","datePublished":"2021-08-24T09:59:05+00:00","breadcrumb":{"@id":"https:\/\/www.eldiario.net\/portal\/2021\/08\/24\/enoumba-el-primer-africano-en-la-seleccion-nacional\/#breadcrumb"},"inLanguage":"es","potentialAction":[{"@type":"ReadAction","target":["https:\/\/www.eldiario.net\/portal\/2021\/08\/24\/enoumba-el-primer-africano-en-la-seleccion-nacional\/"]}]},{"@type":"ImageObject","inLanguage":"es","@id":"https:\/\/www.eldiario.net\/portal\/2021\/08\/24\/enoumba-el-primer-africano-en-la-seleccion-nacional\/#primaryimage","url":"","contentUrl":""},{"@type":"BreadcrumbList","@id":"https:\/\/www.eldiario.net\/portal\/2021\/08\/24\/enoumba-el-primer-africano-en-la-seleccion-nacional\/#breadcrumb","itemListElement":[{"@type":"ListItem","position":1,"name":"Portada","item":"https:\/\/www.eldiario.net\/portal\/"},{"@type":"ListItem","position":2,"name":"Enoumba, el primer africano en la Selecci\u00f3n Nacional"}]},{"@type":"WebSite","@id":"https:\/\/www.eldiario.net\/portal\/#website","url":"https:\/\/www.eldiario.net\/portal\/","name":"El Diario - Decano de la prensa nacional","description":"El Diario - Decano de la prensa nacional","publisher":{"@id":"https:\/\/www.eldiario.net\/portal\/#organization"},"potentialAction":[{"@type":"SearchAction","target":{"@type":"EntryPoint","urlTemplate":"https:\/\/www.eldiario.net\/portal\/?s={search_term_string}"},"query-input":{"@type":"PropertyValueSpecification","valueRequired":true,"valueName":"search_term_string"}}],"inLanguage":"es"},{"@type":"Organization","@id":"https:\/\/www.eldiario.net\/portal\/#organization","name":"El Diario - Decano de la prensa nacional","url":"https:\/\/www.eldiario.net\/portal\/","logo":{"@type":"ImageObject","inLanguage":"es","@id":"https:\/\/www.eldiario.net\/portal\/#\/schema\/logo\/image\/","url":"https:\/\/www.eldiario.net\/portal\/wp-content\/uploads\/2023\/07\/logo_ED.jpg","contentUrl":"https:\/\/www.eldiario.net\/portal\/wp-content\/uploads\/2023\/07\/logo_ED.jpg","width":272,"height":52,"caption":"El Diario - Decano de la prensa nacional"},"image":{"@id":"https:\/\/www.eldiario.net\/portal\/#\/schema\/logo\/image\/"},"sameAs":["https:\/\/www.facebook.com\/eldiario.bolivia\/","https:\/\/x.com\/eldiario_net"]},{"@type":"Person","@id":"https:\/\/www.eldiario.net\/portal\/#\/schema\/person\/f46445640444750d7d753ccd04ae01b7","name":"Jeanette","image":{"@type":"ImageObject","inLanguage":"es","@id":"https:\/\/secure.gravatar.com\/avatar\/3ea2118a5f7dad2b7138b1187a6b7ee55f160b9968b66013c3a3ef39dd7e5798?s=96&d=mm&r=g","url":"https:\/\/secure.gravatar.com\/avatar\/3ea2118a5f7dad2b7138b1187a6b7ee55f160b9968b66013c3a3ef39dd7e5798?s=96&d=mm&r=g","contentUrl":"https:\/\/secure.gravatar.com\/avatar\/3ea2118a5f7dad2b7138b1187a6b7ee55f160b9968b66013c3a3ef39dd7e5798?s=96&d=mm&r=g","caption":"Jeanette"},"sameAs":["https:\/\/www.eldiario.net\/portal"],"url":"https:\/\/www.eldiario.net\/portal\/author\/jeanette\/"}]}},"_links":{"self":[{"href":"https:\/\/www.eldiario.net\/portal\/wp-json\/wp\/v2\/posts\/25353","targetHints":{"allow":["GET"]}}],"collection":[{"href":"https:\/\/www.eldiario.net\/portal\/wp-json\/wp\/v2\/posts"}],"about":[{"href":"https:\/\/www.eldiario.net\/portal\/wp-json\/wp\/v2\/types\/post"}],"author":[{"embeddable":true,"href":"https:\/\/www.eldiario.net\/portal\/wp-json\/wp\/v2\/users\/1"}],"replies":[{"embeddable":true,"href":"https:\/\/www.eldiario.net\/portal\/wp-json\/wp\/v2\/comments?post=25353"}],"version-history":[{"count":0,"href":"https:\/\/www.eldiario.net\/portal\/wp-json\/wp\/v2\/posts\/25353\/revisions"}],"wp:attachment":[{"href":"https:\/\/www.eldiario.net\/portal\/wp-json\/wp\/v2\/media?parent=25353"}],"wp:term":[{"taxonomy":"category","embeddable":true,"href":"https:\/\/www.eldiario.net\/portal\/wp-json\/wp\/v2\/categories?post=25353"},{"taxonomy":"post_tag","embeddable":true,"href":"https:\/\/www.eldiario.net\/portal\/wp-json\/wp\/v2\/tags?post=25353"}],"curies":[{"name":"wp","href":"https:\/\/api.w.org\/{rel}","templated":true}]}}