{"id":25344,"date":"2021-08-24T05:57:05","date_gmt":"2021-08-24T09:57:05","guid":{"rendered":"https:\/\/www.eldiario.net\/portal\/?p=25344"},"modified":"2021-08-24T05:57:05","modified_gmt":"2021-08-24T09:57:05","slug":"messi-retorna-a-su-romance-con-la-albiceleste","status":"publish","type":"post","link":"https:\/\/www.eldiario.net\/portal\/2021\/08\/24\/messi-retorna-a-su-romance-con-la-albiceleste\/","title":{"rendered":"Messi retorna a su romance con la \u201calbiceleste\u201d"},"content":{"rendered":"<p>El capit\u00e1n y goleador argentino, Lionel Messi, retomar\u00e1 su romance con la Albiceleste en la triple fecha de la clasificatoria sudamericana al Mundial de Catar-2022, la \u00fanica perla que le falta sumar a su collar de trofeos.<\/p>\n<p>A los 34 a\u00f1os, Messi ha reiterado la mayor ambici\u00f3n que a\u00fan cobija en su fuero \u00edntimo: \u00abQuiero ganar un Mundial\u00bb. En principio rompi\u00f3 un hechizo de no poder triunfar en un campeonato de mayores con la selecci\u00f3n al conquistar la Copa Am\u00e9rica frente a Brasil (1-0) el 11 de julio en el estadio Maracan\u00e1.<\/p>\n<p>El DT Lionel Scaloni, muy elogiado siempre por el astro, confirm\u00f3, sin grandes sopresas, un plantel con Paulo Dybala y Lautaro Mart\u00ednez entre los que podr\u00edan finalmente acompa\u00f1ar a La Pulga en el ataque.<\/p>\n<p>Quedaron afuera por lesi\u00f3n Sergio &#8216;Kun&#8217; Ag\u00fcero y Mauro Icardi. Scaloni reaafirm\u00f3 tambi\u00e9n la vigencia con la Albiceleste de \u00c1ngel D\u00ed Mar\u00eda, autor de un hermoso gol de emboquillada para vencer a los brasile\u00f1os.<\/p>\n<p>\u00abConf\u00edo mucho en este grupo. Siempre tira para adelante\u00bb, sostuvo quien tuvo una despedida triste del FC Barcelona de Espa\u00f1a, tras una carrera rutilante. Ha dado el salto al Par\u00eds Saint-Germa\u00edn (PSG), donde todav\u00eda no debut\u00f3.<\/p>\n<p>Argentina debe visitar a Venezuela el 2 de septiembre y luego a Brasil el 5 de ese mes en lo que ser\u00e1 la revancha de facto de la final copera en Rio. El programa triple se completar\u00e1 al recibir a Bolivia el 9 de septiembre.<\/p>\n<p>\u00abHay que aprovechar el envi\u00f3n (de la Copa Am\u00e9rica) y sobre todo a esta camada de jugadores. Les dije que ellos eran el futuro de la Selecci\u00f3n y no me equivoqu\u00e9\u00bb, ponder\u00f3 Messi despu\u00e9s de la conquista sudamericana.<\/p>\n<p>El l\u00edder de la clasificatoria es Brasil, con el ideal de 18 puntos en seis partidos. Argentina lo escolta con 12 unidades, Ecuador se ubica tercero con 9 y Uruguay y Colombia los siguen con 8 unidades.<\/p>\n<p>El torneo premundial regional otorga cuatro plazas directas al Mundial y la quinta para una repesca intercontinental.<\/p>\n<p>Ante Venezuela, Scaloni no podr\u00e1 contar con Leandro Paredes ni con Cristian Romero, el zaguero que fue la gran aparici\u00f3n en la defensa y acaba de ser transferido al Tottenham Hotspur ingl\u00e9s. Ambos sufren sendas suspensiones.<\/p>\n<p>Hay siete jugadores que de recibir una tarjeta amarilla m\u00e1s ser\u00e1n inhabilitados autom\u00e1ticamente por una jornada, justo frente a Brasil.<\/p>\n<p>Est\u00e1n en capilla Lautaro Mart\u00ednez, Rodrigo De Paul, Nicol\u00e1s Tagliafico, Giovani Lo Celso, Gonzalo Montiel, Lucas Mart\u00ednez Quarta y Exequiel Palacios.<\/p>\n<p>De la cantera riverplatnese, viene asomando Juli\u00e1n \u00c1lvarez. Una baja para el arco es la de Agust\u00edn Masrches\u00edn, reci\u00e9n operado de un menisco.<\/p>\n<p>Los ojos el mundo futbol\u00edstico estar\u00e1n puestos sin duda en el supercl\u00e1sico sudamericano entre Argentina y Brasil, que se disputar\u00e1 el 5 de septiembre en Sao Paulo, correspondiente a la sexta fecha, aplazada en marzo por la pandemia del covid.<\/p>\n<p>Amigos en la vida, antiguos compa\u00f1eros del Bar\u00e7a y futuros socios en el PSG donde el capit\u00e1n argentino a\u00fan no debut\u00f3, Messi y Neymar volver\u00e1n a enfrentarse para revivir la final sudamericana.<\/p>\n<p>La n\u00f3mina completa de Argentina es la siguiente:<\/p>\n<p>Arqueros: Franco Armani (River Plate, ARG), Emiliano Mart\u00ednez (Aston Villa, ENG), Juan Musso (Atalanta, ITA), Ger\u00f3nimo Rulli (Villarreal, ESP).<\/p>\n<p>Defensores: Gonzalo Montiel (Sevilla, ESP), Nahuel Molina (Udinese, ITA), Cristian Romero (Tottenham, ENG), Nicol\u00e1s Otamendi (Benfica, POR), Juan Foyth (Villarreal, ESP), Lucas Mart\u00ednez Quarta (Fiorentina, ITA), Germ\u00e1n Pezzella (Betis, ESP), Lisandro Mart\u00ednez (Ajax, NED), Nicol\u00e1s Tagliafico (Ajax, NED), y Marcos Acu\u00f1a (Sevilla, ESP).<\/p>\n<p>Volantes: Rodrigo De Paul (Atl\u00e9tico Madrid, ESP), Leandro Paredes (Paris Saint-Germain, FRA), Giovani Lo Celso (Tottenham Hotspur, ENG), Exequiel Palacios (Bayer Leverkusen, GER), Guido Rodr\u00edguez (Real Betis, ESP), Nicol\u00e1s Dom\u00ednguez (Bologna, ITA), Alejandro G\u00f3mez (Sevilla, ESP), \u00c1ngel Di Mar\u00eda (PSG, FRA).<\/p>\n<p>Delanteros: Lionel Messi (PSG, FRA), Emiliano Buend\u00eda (Aston Villa, ENG), Lautaro Mart\u00ednez (Inter, ITA), Nicol\u00e1s Gonz\u00e1lez (Fiorentina, ITA), \u00c1ngel Correa (Atl\u00e9tico Madrid, ESP), Juli\u00e1n \u00c1lvarez (River, ARG), Joaqu\u00edn Correa (Lazio, ITA), Paulo Dybala (Juventus, ITA).<\/p>\n","protected":false},"excerpt":{"rendered":"<p>El capit\u00e1n y goleador argentino, Lionel Messi, retomar\u00e1 su romance con la Albiceleste en la triple fecha de la clasificatoria sudamericana al Mundial de Catar-2022, la \u00fanica perla que le falta sumar a su collar de trofeos. A los 34 a\u00f1os, Messi ha reiterado la mayor ambici\u00f3n que a\u00fan cobija en su fuero \u00edntimo: \u00abQuiero [&hellip;]<\/p>\n","protected":false},"author":1,"featured_media":25345,"comment_status":"closed","ping_status":"closed","sticky":false,"template":"","format":"standard","meta":{"_acf_changed":false,"footnotes":""},"categories":[6],"tags":[],"class_list":["post-25344","post","type-post","status-publish","format-standard","has-post-thumbnail","category-deportes"],"acf":{"antetitulo":""},"yoast_head":"<!-- This site is optimized with the Yoast SEO plugin v28.4 - https:\/\/yoast.com\/product\/yoast-seo-wordpress\/ -->\n<title>Messi retorna a su romance con la \u201calbiceleste\u201d - El Diario - Bolivia<\/title>\n<meta name=\"robots\" content=\"index, follow, max-snippet:-1, max-image-preview:large, max-video-preview:-1\" \/>\n<link rel=\"canonical\" href=\"https:\/\/www.eldiario.net\/portal\/2021\/08\/24\/messi-retorna-a-su-romance-con-la-albiceleste\/\" \/>\n<meta property=\"og:locale\" content=\"es_ES\" \/>\n<meta property=\"og:type\" content=\"article\" \/>\n<meta property=\"og:title\" content=\"Messi retorna a su romance con la \u201calbiceleste\u201d - El Diario - Bolivia\" \/>\n<meta property=\"og:description\" content=\"El capit\u00e1n y goleador argentino, Lionel Messi, retomar\u00e1 su romance con la Albiceleste en la triple fecha de la clasificatoria sudamericana al Mundial de Catar-2022, la \u00fanica perla que le falta sumar a su collar de trofeos. A los 34 a\u00f1os, Messi ha reiterado la mayor ambici\u00f3n que a\u00fan cobija en su fuero \u00edntimo: \u00abQuiero [&hellip;]\" \/>\n<meta property=\"og:url\" content=\"https:\/\/www.eldiario.net\/portal\/2021\/08\/24\/messi-retorna-a-su-romance-con-la-albiceleste\/\" \/>\n<meta property=\"og:site_name\" content=\"El Diario - Bolivia\" \/>\n<meta property=\"article:publisher\" content=\"https:\/\/www.facebook.com\/eldiario.bolivia\/\" \/>\n<meta property=\"article:published_time\" content=\"2021-08-24T09:57:05+00:00\" \/>\n<meta name=\"author\" content=\"Jeanette\" \/>\n<meta name=\"twitter:card\" content=\"summary_large_image\" \/>\n<meta name=\"twitter:creator\" content=\"@eldiario_net\" \/>\n<meta name=\"twitter:site\" content=\"@eldiario_net\" \/>\n<meta name=\"twitter:label1\" content=\"Escrito por\" \/>\n\t<meta name=\"twitter:data1\" content=\"Jeanette\" \/>\n\t<meta name=\"twitter:label2\" content=\"Tiempo de lectura\" \/>\n\t<meta name=\"twitter:data2\" content=\"3 minutos\" \/>\n<script type=\"application\/ld+json\" class=\"yoast-schema-graph\">{\"@context\":\"https:\\\/\\\/schema.org\",\"@graph\":[{\"@type\":\"Article\",\"@id\":\"https:\\\/\\\/www.eldiario.net\\\/portal\\\/2021\\\/08\\\/24\\\/messi-retorna-a-su-romance-con-la-albiceleste\\\/#article\",\"isPartOf\":{\"@id\":\"https:\\\/\\\/www.eldiario.net\\\/portal\\\/2021\\\/08\\\/24\\\/messi-retorna-a-su-romance-con-la-albiceleste\\\/\"},\"author\":{\"name\":\"Jeanette\",\"@id\":\"https:\\\/\\\/www.eldiario.net\\\/portal\\\/#\\\/schema\\\/person\\\/2c57cf2b7a7ae032e449e4c9b1019eac\"},\"headline\":\"Messi retorna a su romance con la \u201calbiceleste\u201d\",\"datePublished\":\"2021-08-24T09:57:05+00:00\",\"mainEntityOfPage\":{\"@id\":\"https:\\\/\\\/www.eldiario.net\\\/portal\\\/2021\\\/08\\\/24\\\/messi-retorna-a-su-romance-con-la-albiceleste\\\/\"},\"wordCount\":716,\"publisher\":{\"@id\":\"https:\\\/\\\/www.eldiario.net\\\/portal\\\/#organization\"},\"image\":{\"@id\":\"https:\\\/\\\/www.eldiario.net\\\/portal\\\/2021\\\/08\\\/24\\\/messi-retorna-a-su-romance-con-la-albiceleste\\\/#primaryimage\"},\"thumbnailUrl\":\"\",\"articleSection\":[\"Deportes\"],\"inLanguage\":\"es\"},{\"@type\":\"WebPage\",\"@id\":\"https:\\\/\\\/www.eldiario.net\\\/portal\\\/2021\\\/08\\\/24\\\/messi-retorna-a-su-romance-con-la-albiceleste\\\/\",\"url\":\"https:\\\/\\\/www.eldiario.net\\\/portal\\\/2021\\\/08\\\/24\\\/messi-retorna-a-su-romance-con-la-albiceleste\\\/\",\"name\":\"Messi retorna a su romance con la \u201calbiceleste\u201d - El Diario - Bolivia\",\"isPartOf\":{\"@id\":\"https:\\\/\\\/www.eldiario.net\\\/portal\\\/#website\"},\"primaryImageOfPage\":{\"@id\":\"https:\\\/\\\/www.eldiario.net\\\/portal\\\/2021\\\/08\\\/24\\\/messi-retorna-a-su-romance-con-la-albiceleste\\\/#primaryimage\"},\"image\":{\"@id\":\"https:\\\/\\\/www.eldiario.net\\\/portal\\\/2021\\\/08\\\/24\\\/messi-retorna-a-su-romance-con-la-albiceleste\\\/#primaryimage\"},\"thumbnailUrl\":\"\",\"datePublished\":\"2021-08-24T09:57:05+00:00\",\"breadcrumb\":{\"@id\":\"https:\\\/\\\/www.eldiario.net\\\/portal\\\/2021\\\/08\\\/24\\\/messi-retorna-a-su-romance-con-la-albiceleste\\\/#breadcrumb\"},\"inLanguage\":\"es\",\"potentialAction\":[{\"@type\":\"ReadAction\",\"target\":[\"https:\\\/\\\/www.eldiario.net\\\/portal\\\/2021\\\/08\\\/24\\\/messi-retorna-a-su-romance-con-la-albiceleste\\\/\"]}]},{\"@type\":\"ImageObject\",\"inLanguage\":\"es\",\"@id\":\"https:\\\/\\\/www.eldiario.net\\\/portal\\\/2021\\\/08\\\/24\\\/messi-retorna-a-su-romance-con-la-albiceleste\\\/#primaryimage\",\"url\":\"\",\"contentUrl\":\"\"},{\"@type\":\"BreadcrumbList\",\"@id\":\"https:\\\/\\\/www.eldiario.net\\\/portal\\\/2021\\\/08\\\/24\\\/messi-retorna-a-su-romance-con-la-albiceleste\\\/#breadcrumb\",\"itemListElement\":[{\"@type\":\"ListItem\",\"position\":1,\"name\":\"Portada\",\"item\":\"https:\\\/\\\/www.eldiario.net\\\/portal\\\/\"},{\"@type\":\"ListItem\",\"position\":2,\"name\":\"Messi retorna a su romance con la \u201calbiceleste\u201d\"}]},{\"@type\":\"WebSite\",\"@id\":\"https:\\\/\\\/www.eldiario.net\\\/portal\\\/#website\",\"url\":\"https:\\\/\\\/www.eldiario.net\\\/portal\\\/\",\"name\":\"El Diario - Decano de la prensa nacional\",\"description\":\"El Diario - Decano de la prensa nacional\",\"publisher\":{\"@id\":\"https:\\\/\\\/www.eldiario.net\\\/portal\\\/#organization\"},\"potentialAction\":[{\"@type\":\"SearchAction\",\"target\":{\"@type\":\"EntryPoint\",\"urlTemplate\":\"https:\\\/\\\/www.eldiario.net\\\/portal\\\/?s={search_term_string}\"},\"query-input\":{\"@type\":\"PropertyValueSpecification\",\"valueRequired\":true,\"valueName\":\"search_term_string\"}}],\"inLanguage\":\"es\"},{\"@type\":\"Organization\",\"@id\":\"https:\\\/\\\/www.eldiario.net\\\/portal\\\/#organization\",\"name\":\"El Diario - Decano de la prensa nacional\",\"url\":\"https:\\\/\\\/www.eldiario.net\\\/portal\\\/\",\"logo\":{\"@type\":\"ImageObject\",\"inLanguage\":\"es\",\"@id\":\"https:\\\/\\\/www.eldiario.net\\\/portal\\\/#\\\/schema\\\/logo\\\/image\\\/\",\"url\":\"https:\\\/\\\/www.eldiario.net\\\/portal\\\/wp-content\\\/uploads\\\/2023\\\/07\\\/logo_ED.jpg\",\"contentUrl\":\"https:\\\/\\\/www.eldiario.net\\\/portal\\\/wp-content\\\/uploads\\\/2023\\\/07\\\/logo_ED.jpg\",\"width\":272,\"height\":52,\"caption\":\"El Diario - Decano de la prensa nacional\"},\"image\":{\"@id\":\"https:\\\/\\\/www.eldiario.net\\\/portal\\\/#\\\/schema\\\/logo\\\/image\\\/\"},\"sameAs\":[\"https:\\\/\\\/www.facebook.com\\\/eldiario.bolivia\\\/\",\"https:\\\/\\\/x.com\\\/eldiario_net\"]},{\"@type\":\"Person\",\"@id\":\"https:\\\/\\\/www.eldiario.net\\\/portal\\\/#\\\/schema\\\/person\\\/2c57cf2b7a7ae032e449e4c9b1019eac\",\"name\":\"Jeanette\",\"image\":{\"@type\":\"ImageObject\",\"inLanguage\":\"es\",\"@id\":\"https:\\\/\\\/secure.gravatar.com\\\/avatar\\\/3ea2118a5f7dad2b7138b1187a6b7ee55f160b9968b66013c3a3ef39dd7e5798?s=96&d=mm&r=g\",\"url\":\"https:\\\/\\\/secure.gravatar.com\\\/avatar\\\/3ea2118a5f7dad2b7138b1187a6b7ee55f160b9968b66013c3a3ef39dd7e5798?s=96&d=mm&r=g\",\"contentUrl\":\"https:\\\/\\\/secure.gravatar.com\\\/avatar\\\/3ea2118a5f7dad2b7138b1187a6b7ee55f160b9968b66013c3a3ef39dd7e5798?s=96&d=mm&r=g\",\"caption\":\"Jeanette\"},\"sameAs\":[\"https:\\\/\\\/www.eldiario.net\\\/portal\"],\"url\":\"https:\\\/\\\/www.eldiario.net\\\/portal\\\/author\\\/jeanette\\\/\"}]}<\/script>\n<!-- \/ Yoast SEO plugin. -->","yoast_head_json":{"title":"Messi retorna a su romance con la \u201calbiceleste\u201d - El Diario - Bolivia","robots":{"index":"index","follow":"follow","max-snippet":"max-snippet:-1","max-image-preview":"max-image-preview:large","max-video-preview":"max-video-preview:-1"},"canonical":"https:\/\/www.eldiario.net\/portal\/2021\/08\/24\/messi-retorna-a-su-romance-con-la-albiceleste\/","og_locale":"es_ES","og_type":"article","og_title":"Messi retorna a su romance con la \u201calbiceleste\u201d - El Diario - Bolivia","og_description":"El capit\u00e1n y goleador argentino, Lionel Messi, retomar\u00e1 su romance con la Albiceleste en la triple fecha de la clasificatoria sudamericana al Mundial de Catar-2022, la \u00fanica perla que le falta sumar a su collar de trofeos. A los 34 a\u00f1os, Messi ha reiterado la mayor ambici\u00f3n que a\u00fan cobija en su fuero \u00edntimo: \u00abQuiero [&hellip;]","og_url":"https:\/\/www.eldiario.net\/portal\/2021\/08\/24\/messi-retorna-a-su-romance-con-la-albiceleste\/","og_site_name":"El Diario - Bolivia","article_publisher":"https:\/\/www.facebook.com\/eldiario.bolivia\/","article_published_time":"2021-08-24T09:57:05+00:00","author":"Jeanette","twitter_card":"summary_large_image","twitter_creator":"@eldiario_net","twitter_site":"@eldiario_net","twitter_misc":{"Escrito por":"Jeanette","Tiempo de lectura":"3 minutos"},"schema":{"@context":"https:\/\/schema.org","@graph":[{"@type":"Article","@id":"https:\/\/www.eldiario.net\/portal\/2021\/08\/24\/messi-retorna-a-su-romance-con-la-albiceleste\/#article","isPartOf":{"@id":"https:\/\/www.eldiario.net\/portal\/2021\/08\/24\/messi-retorna-a-su-romance-con-la-albiceleste\/"},"author":{"name":"Jeanette","@id":"https:\/\/www.eldiario.net\/portal\/#\/schema\/person\/2c57cf2b7a7ae032e449e4c9b1019eac"},"headline":"Messi retorna a su romance con la \u201calbiceleste\u201d","datePublished":"2021-08-24T09:57:05+00:00","mainEntityOfPage":{"@id":"https:\/\/www.eldiario.net\/portal\/2021\/08\/24\/messi-retorna-a-su-romance-con-la-albiceleste\/"},"wordCount":716,"publisher":{"@id":"https:\/\/www.eldiario.net\/portal\/#organization"},"image":{"@id":"https:\/\/www.eldiario.net\/portal\/2021\/08\/24\/messi-retorna-a-su-romance-con-la-albiceleste\/#primaryimage"},"thumbnailUrl":"","articleSection":["Deportes"],"inLanguage":"es"},{"@type":"WebPage","@id":"https:\/\/www.eldiario.net\/portal\/2021\/08\/24\/messi-retorna-a-su-romance-con-la-albiceleste\/","url":"https:\/\/www.eldiario.net\/portal\/2021\/08\/24\/messi-retorna-a-su-romance-con-la-albiceleste\/","name":"Messi retorna a su romance con la \u201calbiceleste\u201d - El Diario - Bolivia","isPartOf":{"@id":"https:\/\/www.eldiario.net\/portal\/#website"},"primaryImageOfPage":{"@id":"https:\/\/www.eldiario.net\/portal\/2021\/08\/24\/messi-retorna-a-su-romance-con-la-albiceleste\/#primaryimage"},"image":{"@id":"https:\/\/www.eldiario.net\/portal\/2021\/08\/24\/messi-retorna-a-su-romance-con-la-albiceleste\/#primaryimage"},"thumbnailUrl":"","datePublished":"2021-08-24T09:57:05+00:00","breadcrumb":{"@id":"https:\/\/www.eldiario.net\/portal\/2021\/08\/24\/messi-retorna-a-su-romance-con-la-albiceleste\/#breadcrumb"},"inLanguage":"es","potentialAction":[{"@type":"ReadAction","target":["https:\/\/www.eldiario.net\/portal\/2021\/08\/24\/messi-retorna-a-su-romance-con-la-albiceleste\/"]}]},{"@type":"ImageObject","inLanguage":"es","@id":"https:\/\/www.eldiario.net\/portal\/2021\/08\/24\/messi-retorna-a-su-romance-con-la-albiceleste\/#primaryimage","url":"","contentUrl":""},{"@type":"BreadcrumbList","@id":"https:\/\/www.eldiario.net\/portal\/2021\/08\/24\/messi-retorna-a-su-romance-con-la-albiceleste\/#breadcrumb","itemListElement":[{"@type":"ListItem","position":1,"name":"Portada","item":"https:\/\/www.eldiario.net\/portal\/"},{"@type":"ListItem","position":2,"name":"Messi retorna a su romance con la \u201calbiceleste\u201d"}]},{"@type":"WebSite","@id":"https:\/\/www.eldiario.net\/portal\/#website","url":"https:\/\/www.eldiario.net\/portal\/","name":"El Diario - Decano de la prensa nacional","description":"El Diario - Decano de la prensa nacional","publisher":{"@id":"https:\/\/www.eldiario.net\/portal\/#organization"},"potentialAction":[{"@type":"SearchAction","target":{"@type":"EntryPoint","urlTemplate":"https:\/\/www.eldiario.net\/portal\/?s={search_term_string}"},"query-input":{"@type":"PropertyValueSpecification","valueRequired":true,"valueName":"search_term_string"}}],"inLanguage":"es"},{"@type":"Organization","@id":"https:\/\/www.eldiario.net\/portal\/#organization","name":"El Diario - Decano de la prensa nacional","url":"https:\/\/www.eldiario.net\/portal\/","logo":{"@type":"ImageObject","inLanguage":"es","@id":"https:\/\/www.eldiario.net\/portal\/#\/schema\/logo\/image\/","url":"https:\/\/www.eldiario.net\/portal\/wp-content\/uploads\/2023\/07\/logo_ED.jpg","contentUrl":"https:\/\/www.eldiario.net\/portal\/wp-content\/uploads\/2023\/07\/logo_ED.jpg","width":272,"height":52,"caption":"El Diario - Decano de la prensa nacional"},"image":{"@id":"https:\/\/www.eldiario.net\/portal\/#\/schema\/logo\/image\/"},"sameAs":["https:\/\/www.facebook.com\/eldiario.bolivia\/","https:\/\/x.com\/eldiario_net"]},{"@type":"Person","@id":"https:\/\/www.eldiario.net\/portal\/#\/schema\/person\/2c57cf2b7a7ae032e449e4c9b1019eac","name":"Jeanette","image":{"@type":"ImageObject","inLanguage":"es","@id":"https:\/\/secure.gravatar.com\/avatar\/3ea2118a5f7dad2b7138b1187a6b7ee55f160b9968b66013c3a3ef39dd7e5798?s=96&d=mm&r=g","url":"https:\/\/secure.gravatar.com\/avatar\/3ea2118a5f7dad2b7138b1187a6b7ee55f160b9968b66013c3a3ef39dd7e5798?s=96&d=mm&r=g","contentUrl":"https:\/\/secure.gravatar.com\/avatar\/3ea2118a5f7dad2b7138b1187a6b7ee55f160b9968b66013c3a3ef39dd7e5798?s=96&d=mm&r=g","caption":"Jeanette"},"sameAs":["https:\/\/www.eldiario.net\/portal"],"url":"https:\/\/www.eldiario.net\/portal\/author\/jeanette\/"}]}},"_links":{"self":[{"href":"https:\/\/www.eldiario.net\/portal\/wp-json\/wp\/v2\/posts\/25344","targetHints":{"allow":["GET"]}}],"collection":[{"href":"https:\/\/www.eldiario.net\/portal\/wp-json\/wp\/v2\/posts"}],"about":[{"href":"https:\/\/www.eldiario.net\/portal\/wp-json\/wp\/v2\/types\/post"}],"author":[{"embeddable":true,"href":"https:\/\/www.eldiario.net\/portal\/wp-json\/wp\/v2\/users\/1"}],"replies":[{"embeddable":true,"href":"https:\/\/www.eldiario.net\/portal\/wp-json\/wp\/v2\/comments?post=25344"}],"version-history":[{"count":0,"href":"https:\/\/www.eldiario.net\/portal\/wp-json\/wp\/v2\/posts\/25344\/revisions"}],"wp:attachment":[{"href":"https:\/\/www.eldiario.net\/portal\/wp-json\/wp\/v2\/media?parent=25344"}],"wp:term":[{"taxonomy":"category","embeddable":true,"href":"https:\/\/www.eldiario.net\/portal\/wp-json\/wp\/v2\/categories?post=25344"},{"taxonomy":"post_tag","embeddable":true,"href":"https:\/\/www.eldiario.net\/portal\/wp-json\/wp\/v2\/tags?post=25344"}],"curies":[{"name":"wp","href":"https:\/\/api.w.org\/{rel}","templated":true}]}}