{"id":25341,"date":"2021-08-24T05:56:26","date_gmt":"2021-08-24T09:56:26","guid":{"rendered":"https:\/\/www.eldiario.net\/portal\/?p=25341"},"modified":"2021-08-24T05:56:26","modified_gmt":"2021-08-24T09:56:26","slug":"nacional-potosi-y-pichincha-reeditan-la-final-de-la-libobasquet","status":"publish","type":"post","link":"https:\/\/www.eldiario.net\/portal\/2021\/08\/24\/nacional-potosi-y-pichincha-reeditan-la-final-de-la-libobasquet\/","title":{"rendered":"Nacional Potos\u00ed y Pichincha reeditan la final de la Libobasquet"},"content":{"rendered":"<p>Los planteles potosinos de Nacional Potos\u00ed y Pichincha jugar\u00e1n este martes, desde las 20:00, en el coliseo Ciudad de Potos\u00ed, la primera de las tres finales del campeonato extraordinario de la Liga Boliviana de B\u00e1squetbol (Libobasquet), de la rama masculina.<\/p>\n<p>Nacional Potos\u00ed y Pichincha reeditar\u00e1n la final de la edici\u00f3n 2019, ocasi\u00f3n en la cual el cuadro pichinche\u00f1o fue el vencedor con tres triunfos a su favor. Despu\u00e9s de un a\u00f1o sin actividad por la pandemia, la Liga regres\u00f3 esta gesti\u00f3n con s\u00f3lo cinco clubes, de los cuales los potosinos marcaron el ritmo e ir\u00e1n por el t\u00edtulo y la clasificaci\u00f3n a la Liga Sudamericana 2021.<\/p>\n<p>El primer choque entre estos elencos se jugar\u00e1 este martes 24 de agosto, la segunda final se llevar\u00e1 adelante el jueves 26 de agosto (20:00) y el tercer partido se cumplir\u00e1 el viernes 27 de agosto (20:00). El mejor de tres cotejos ser\u00e1 el campe\u00f3n boliviano.<\/p>\n<p>La clasificaci\u00f3n a la final fue resuelta por estos planteles con los triunfos en la vuelva, luego de perder en la ida ante Rubair de Quillacollo y Calero de Potos\u00ed, que obligaron a un desempate en la diferencia de cestos a favor y en contra.<\/p>\n<p>Luego de perder 78-80 contra Rubair, Pichincha se impuso por 81-60 el fin de semana, con un promedio de cestos de 1,136, con Antone Dean Robinson Jr. como la figura por su aporte de 22 puntos, sin dejar a un lado la producci\u00f3n de Tony Christiopher Farmer y Ren\u00e9 Calvo, cada uno con 11 anotaciones.<\/p>\n<p>La llave entre Nacional Potos\u00ed y Calero, Calero comenz\u00f3 con el pie derecho con un 76-74, aunque la ventaja de dos puntos fue insuficiente y la banca roja se desquit\u00f3 con un 73-58, para alcanzar un promedio 1,097, y colocar su nombre en la ronda final conducido por: Armando Choque (16 puntos), Adriano Barreras (14) y Rodrigo Acu\u00f1a (13).<\/p>\n<p>Con la definici\u00f3n del t\u00edtulo, quedar\u00e1 completo el grupo \u00abB\u00bb de la Liga Sudamericana, que tiene como sede a Isla Margarita, Venezuela, donde se jugar\u00e1n los partidos del 14 al 16 de octubre con la participaci\u00f3n de Corinthians (Brasil); Tigrillos de Antioquia (Colombia) y como anfitri\u00f3n Fundaci\u00f3n Guaiqueries.<\/p>\n","protected":false},"excerpt":{"rendered":"<p>Los planteles potosinos de Nacional Potos\u00ed y Pichincha jugar\u00e1n este martes, desde las 20:00, en el coliseo Ciudad de Potos\u00ed, la primera de las tres finales del campeonato extraordinario de la Liga Boliviana de B\u00e1squetbol (Libobasquet), de la rama masculina. Nacional Potos\u00ed y Pichincha reeditar\u00e1n la final de la edici\u00f3n 2019, ocasi\u00f3n en la cual [&hellip;]<\/p>\n","protected":false},"author":1,"featured_media":25342,"comment_status":"closed","ping_status":"closed","sticky":false,"template":"","format":"standard","meta":{"_acf_changed":false,"footnotes":""},"categories":[6],"tags":[],"class_list":["post-25341","post","type-post","status-publish","format-standard","has-post-thumbnail","category-deportes"],"acf":{"antetitulo":""},"yoast_head":"<!-- This site is optimized with the Yoast SEO plugin v28.4 - https:\/\/yoast.com\/product\/yoast-seo-wordpress\/ -->\n<title>Nacional Potos\u00ed y Pichincha reeditan la final de la Libobasquet - El Diario - Bolivia<\/title>\n<meta name=\"robots\" content=\"index, follow, max-snippet:-1, max-image-preview:large, max-video-preview:-1\" \/>\n<link rel=\"canonical\" href=\"https:\/\/www.eldiario.net\/portal\/2021\/08\/24\/nacional-potosi-y-pichincha-reeditan-la-final-de-la-libobasquet\/\" \/>\n<meta property=\"og:locale\" content=\"es_ES\" \/>\n<meta property=\"og:type\" content=\"article\" \/>\n<meta property=\"og:title\" content=\"Nacional Potos\u00ed y Pichincha reeditan la final de la Libobasquet - El Diario - Bolivia\" \/>\n<meta property=\"og:description\" content=\"Los planteles potosinos de Nacional Potos\u00ed y Pichincha jugar\u00e1n este martes, desde las 20:00, en el coliseo Ciudad de Potos\u00ed, la primera de las tres finales del campeonato extraordinario de la Liga Boliviana de B\u00e1squetbol (Libobasquet), de la rama masculina. Nacional Potos\u00ed y Pichincha reeditar\u00e1n la final de la edici\u00f3n 2019, ocasi\u00f3n en la cual [&hellip;]\" \/>\n<meta property=\"og:url\" content=\"https:\/\/www.eldiario.net\/portal\/2021\/08\/24\/nacional-potosi-y-pichincha-reeditan-la-final-de-la-libobasquet\/\" \/>\n<meta property=\"og:site_name\" content=\"El Diario - Bolivia\" \/>\n<meta property=\"article:publisher\" content=\"https:\/\/www.facebook.com\/eldiario.bolivia\/\" \/>\n<meta property=\"article:published_time\" content=\"2021-08-24T09:56:26+00:00\" \/>\n<meta name=\"author\" content=\"Jeanette\" \/>\n<meta name=\"twitter:card\" content=\"summary_large_image\" \/>\n<meta name=\"twitter:creator\" content=\"@eldiario_net\" \/>\n<meta name=\"twitter:site\" content=\"@eldiario_net\" \/>\n<meta name=\"twitter:label1\" content=\"Escrito por\" \/>\n\t<meta name=\"twitter:data1\" content=\"Jeanette\" \/>\n\t<meta name=\"twitter:label2\" content=\"Tiempo de lectura\" \/>\n\t<meta name=\"twitter:data2\" content=\"2 minutos\" \/>\n<script type=\"application\/ld+json\" class=\"yoast-schema-graph\">{\"@context\":\"https:\\\/\\\/schema.org\",\"@graph\":[{\"@type\":\"Article\",\"@id\":\"https:\\\/\\\/www.eldiario.net\\\/portal\\\/2021\\\/08\\\/24\\\/nacional-potosi-y-pichincha-reeditan-la-final-de-la-libobasquet\\\/#article\",\"isPartOf\":{\"@id\":\"https:\\\/\\\/www.eldiario.net\\\/portal\\\/2021\\\/08\\\/24\\\/nacional-potosi-y-pichincha-reeditan-la-final-de-la-libobasquet\\\/\"},\"author\":{\"name\":\"Jeanette\",\"@id\":\"https:\\\/\\\/www.eldiario.net\\\/portal\\\/#\\\/schema\\\/person\\\/2c57cf2b7a7ae032e449e4c9b1019eac\"},\"headline\":\"Nacional Potos\u00ed y Pichincha reeditan la final de la Libobasquet\",\"datePublished\":\"2021-08-24T09:56:26+00:00\",\"mainEntityOfPage\":{\"@id\":\"https:\\\/\\\/www.eldiario.net\\\/portal\\\/2021\\\/08\\\/24\\\/nacional-potosi-y-pichincha-reeditan-la-final-de-la-libobasquet\\\/\"},\"wordCount\":375,\"publisher\":{\"@id\":\"https:\\\/\\\/www.eldiario.net\\\/portal\\\/#organization\"},\"image\":{\"@id\":\"https:\\\/\\\/www.eldiario.net\\\/portal\\\/2021\\\/08\\\/24\\\/nacional-potosi-y-pichincha-reeditan-la-final-de-la-libobasquet\\\/#primaryimage\"},\"thumbnailUrl\":\"\",\"articleSection\":[\"Deportes\"],\"inLanguage\":\"es\"},{\"@type\":\"WebPage\",\"@id\":\"https:\\\/\\\/www.eldiario.net\\\/portal\\\/2021\\\/08\\\/24\\\/nacional-potosi-y-pichincha-reeditan-la-final-de-la-libobasquet\\\/\",\"url\":\"https:\\\/\\\/www.eldiario.net\\\/portal\\\/2021\\\/08\\\/24\\\/nacional-potosi-y-pichincha-reeditan-la-final-de-la-libobasquet\\\/\",\"name\":\"Nacional Potos\u00ed y Pichincha reeditan la final de la Libobasquet - El Diario - Bolivia\",\"isPartOf\":{\"@id\":\"https:\\\/\\\/www.eldiario.net\\\/portal\\\/#website\"},\"primaryImageOfPage\":{\"@id\":\"https:\\\/\\\/www.eldiario.net\\\/portal\\\/2021\\\/08\\\/24\\\/nacional-potosi-y-pichincha-reeditan-la-final-de-la-libobasquet\\\/#primaryimage\"},\"image\":{\"@id\":\"https:\\\/\\\/www.eldiario.net\\\/portal\\\/2021\\\/08\\\/24\\\/nacional-potosi-y-pichincha-reeditan-la-final-de-la-libobasquet\\\/#primaryimage\"},\"thumbnailUrl\":\"\",\"datePublished\":\"2021-08-24T09:56:26+00:00\",\"breadcrumb\":{\"@id\":\"https:\\\/\\\/www.eldiario.net\\\/portal\\\/2021\\\/08\\\/24\\\/nacional-potosi-y-pichincha-reeditan-la-final-de-la-libobasquet\\\/#breadcrumb\"},\"inLanguage\":\"es\",\"potentialAction\":[{\"@type\":\"ReadAction\",\"target\":[\"https:\\\/\\\/www.eldiario.net\\\/portal\\\/2021\\\/08\\\/24\\\/nacional-potosi-y-pichincha-reeditan-la-final-de-la-libobasquet\\\/\"]}]},{\"@type\":\"ImageObject\",\"inLanguage\":\"es\",\"@id\":\"https:\\\/\\\/www.eldiario.net\\\/portal\\\/2021\\\/08\\\/24\\\/nacional-potosi-y-pichincha-reeditan-la-final-de-la-libobasquet\\\/#primaryimage\",\"url\":\"\",\"contentUrl\":\"\"},{\"@type\":\"BreadcrumbList\",\"@id\":\"https:\\\/\\\/www.eldiario.net\\\/portal\\\/2021\\\/08\\\/24\\\/nacional-potosi-y-pichincha-reeditan-la-final-de-la-libobasquet\\\/#breadcrumb\",\"itemListElement\":[{\"@type\":\"ListItem\",\"position\":1,\"name\":\"Portada\",\"item\":\"https:\\\/\\\/www.eldiario.net\\\/portal\\\/\"},{\"@type\":\"ListItem\",\"position\":2,\"name\":\"Nacional Potos\u00ed y Pichincha reeditan la final de la Libobasquet\"}]},{\"@type\":\"WebSite\",\"@id\":\"https:\\\/\\\/www.eldiario.net\\\/portal\\\/#website\",\"url\":\"https:\\\/\\\/www.eldiario.net\\\/portal\\\/\",\"name\":\"El Diario - Decano de la prensa nacional\",\"description\":\"El Diario - Decano de la prensa nacional\",\"publisher\":{\"@id\":\"https:\\\/\\\/www.eldiario.net\\\/portal\\\/#organization\"},\"potentialAction\":[{\"@type\":\"SearchAction\",\"target\":{\"@type\":\"EntryPoint\",\"urlTemplate\":\"https:\\\/\\\/www.eldiario.net\\\/portal\\\/?s={search_term_string}\"},\"query-input\":{\"@type\":\"PropertyValueSpecification\",\"valueRequired\":true,\"valueName\":\"search_term_string\"}}],\"inLanguage\":\"es\"},{\"@type\":\"Organization\",\"@id\":\"https:\\\/\\\/www.eldiario.net\\\/portal\\\/#organization\",\"name\":\"El Diario - Decano de la prensa nacional\",\"url\":\"https:\\\/\\\/www.eldiario.net\\\/portal\\\/\",\"logo\":{\"@type\":\"ImageObject\",\"inLanguage\":\"es\",\"@id\":\"https:\\\/\\\/www.eldiario.net\\\/portal\\\/#\\\/schema\\\/logo\\\/image\\\/\",\"url\":\"https:\\\/\\\/www.eldiario.net\\\/portal\\\/wp-content\\\/uploads\\\/2023\\\/07\\\/logo_ED.jpg\",\"contentUrl\":\"https:\\\/\\\/www.eldiario.net\\\/portal\\\/wp-content\\\/uploads\\\/2023\\\/07\\\/logo_ED.jpg\",\"width\":272,\"height\":52,\"caption\":\"El Diario - Decano de la prensa nacional\"},\"image\":{\"@id\":\"https:\\\/\\\/www.eldiario.net\\\/portal\\\/#\\\/schema\\\/logo\\\/image\\\/\"},\"sameAs\":[\"https:\\\/\\\/www.facebook.com\\\/eldiario.bolivia\\\/\",\"https:\\\/\\\/x.com\\\/eldiario_net\"]},{\"@type\":\"Person\",\"@id\":\"https:\\\/\\\/www.eldiario.net\\\/portal\\\/#\\\/schema\\\/person\\\/2c57cf2b7a7ae032e449e4c9b1019eac\",\"name\":\"Jeanette\",\"image\":{\"@type\":\"ImageObject\",\"inLanguage\":\"es\",\"@id\":\"https:\\\/\\\/secure.gravatar.com\\\/avatar\\\/3ea2118a5f7dad2b7138b1187a6b7ee55f160b9968b66013c3a3ef39dd7e5798?s=96&d=mm&r=g\",\"url\":\"https:\\\/\\\/secure.gravatar.com\\\/avatar\\\/3ea2118a5f7dad2b7138b1187a6b7ee55f160b9968b66013c3a3ef39dd7e5798?s=96&d=mm&r=g\",\"contentUrl\":\"https:\\\/\\\/secure.gravatar.com\\\/avatar\\\/3ea2118a5f7dad2b7138b1187a6b7ee55f160b9968b66013c3a3ef39dd7e5798?s=96&d=mm&r=g\",\"caption\":\"Jeanette\"},\"sameAs\":[\"https:\\\/\\\/www.eldiario.net\\\/portal\"],\"url\":\"https:\\\/\\\/www.eldiario.net\\\/portal\\\/author\\\/jeanette\\\/\"}]}<\/script>\n<!-- \/ Yoast SEO plugin. -->","yoast_head_json":{"title":"Nacional Potos\u00ed y Pichincha reeditan la final de la Libobasquet - El Diario - Bolivia","robots":{"index":"index","follow":"follow","max-snippet":"max-snippet:-1","max-image-preview":"max-image-preview:large","max-video-preview":"max-video-preview:-1"},"canonical":"https:\/\/www.eldiario.net\/portal\/2021\/08\/24\/nacional-potosi-y-pichincha-reeditan-la-final-de-la-libobasquet\/","og_locale":"es_ES","og_type":"article","og_title":"Nacional Potos\u00ed y Pichincha reeditan la final de la Libobasquet - El Diario - Bolivia","og_description":"Los planteles potosinos de Nacional Potos\u00ed y Pichincha jugar\u00e1n este martes, desde las 20:00, en el coliseo Ciudad de Potos\u00ed, la primera de las tres finales del campeonato extraordinario de la Liga Boliviana de B\u00e1squetbol (Libobasquet), de la rama masculina. Nacional Potos\u00ed y Pichincha reeditar\u00e1n la final de la edici\u00f3n 2019, ocasi\u00f3n en la cual [&hellip;]","og_url":"https:\/\/www.eldiario.net\/portal\/2021\/08\/24\/nacional-potosi-y-pichincha-reeditan-la-final-de-la-libobasquet\/","og_site_name":"El Diario - Bolivia","article_publisher":"https:\/\/www.facebook.com\/eldiario.bolivia\/","article_published_time":"2021-08-24T09:56:26+00:00","author":"Jeanette","twitter_card":"summary_large_image","twitter_creator":"@eldiario_net","twitter_site":"@eldiario_net","twitter_misc":{"Escrito por":"Jeanette","Tiempo de lectura":"2 minutos"},"schema":{"@context":"https:\/\/schema.org","@graph":[{"@type":"Article","@id":"https:\/\/www.eldiario.net\/portal\/2021\/08\/24\/nacional-potosi-y-pichincha-reeditan-la-final-de-la-libobasquet\/#article","isPartOf":{"@id":"https:\/\/www.eldiario.net\/portal\/2021\/08\/24\/nacional-potosi-y-pichincha-reeditan-la-final-de-la-libobasquet\/"},"author":{"name":"Jeanette","@id":"https:\/\/www.eldiario.net\/portal\/#\/schema\/person\/2c57cf2b7a7ae032e449e4c9b1019eac"},"headline":"Nacional Potos\u00ed y Pichincha reeditan la final de la Libobasquet","datePublished":"2021-08-24T09:56:26+00:00","mainEntityOfPage":{"@id":"https:\/\/www.eldiario.net\/portal\/2021\/08\/24\/nacional-potosi-y-pichincha-reeditan-la-final-de-la-libobasquet\/"},"wordCount":375,"publisher":{"@id":"https:\/\/www.eldiario.net\/portal\/#organization"},"image":{"@id":"https:\/\/www.eldiario.net\/portal\/2021\/08\/24\/nacional-potosi-y-pichincha-reeditan-la-final-de-la-libobasquet\/#primaryimage"},"thumbnailUrl":"","articleSection":["Deportes"],"inLanguage":"es"},{"@type":"WebPage","@id":"https:\/\/www.eldiario.net\/portal\/2021\/08\/24\/nacional-potosi-y-pichincha-reeditan-la-final-de-la-libobasquet\/","url":"https:\/\/www.eldiario.net\/portal\/2021\/08\/24\/nacional-potosi-y-pichincha-reeditan-la-final-de-la-libobasquet\/","name":"Nacional Potos\u00ed y Pichincha reeditan la final de la Libobasquet - El Diario - Bolivia","isPartOf":{"@id":"https:\/\/www.eldiario.net\/portal\/#website"},"primaryImageOfPage":{"@id":"https:\/\/www.eldiario.net\/portal\/2021\/08\/24\/nacional-potosi-y-pichincha-reeditan-la-final-de-la-libobasquet\/#primaryimage"},"image":{"@id":"https:\/\/www.eldiario.net\/portal\/2021\/08\/24\/nacional-potosi-y-pichincha-reeditan-la-final-de-la-libobasquet\/#primaryimage"},"thumbnailUrl":"","datePublished":"2021-08-24T09:56:26+00:00","breadcrumb":{"@id":"https:\/\/www.eldiario.net\/portal\/2021\/08\/24\/nacional-potosi-y-pichincha-reeditan-la-final-de-la-libobasquet\/#breadcrumb"},"inLanguage":"es","potentialAction":[{"@type":"ReadAction","target":["https:\/\/www.eldiario.net\/portal\/2021\/08\/24\/nacional-potosi-y-pichincha-reeditan-la-final-de-la-libobasquet\/"]}]},{"@type":"ImageObject","inLanguage":"es","@id":"https:\/\/www.eldiario.net\/portal\/2021\/08\/24\/nacional-potosi-y-pichincha-reeditan-la-final-de-la-libobasquet\/#primaryimage","url":"","contentUrl":""},{"@type":"BreadcrumbList","@id":"https:\/\/www.eldiario.net\/portal\/2021\/08\/24\/nacional-potosi-y-pichincha-reeditan-la-final-de-la-libobasquet\/#breadcrumb","itemListElement":[{"@type":"ListItem","position":1,"name":"Portada","item":"https:\/\/www.eldiario.net\/portal\/"},{"@type":"ListItem","position":2,"name":"Nacional Potos\u00ed y Pichincha reeditan la final de la Libobasquet"}]},{"@type":"WebSite","@id":"https:\/\/www.eldiario.net\/portal\/#website","url":"https:\/\/www.eldiario.net\/portal\/","name":"El Diario - Decano de la prensa nacional","description":"El Diario - Decano de la prensa nacional","publisher":{"@id":"https:\/\/www.eldiario.net\/portal\/#organization"},"potentialAction":[{"@type":"SearchAction","target":{"@type":"EntryPoint","urlTemplate":"https:\/\/www.eldiario.net\/portal\/?s={search_term_string}"},"query-input":{"@type":"PropertyValueSpecification","valueRequired":true,"valueName":"search_term_string"}}],"inLanguage":"es"},{"@type":"Organization","@id":"https:\/\/www.eldiario.net\/portal\/#organization","name":"El Diario - Decano de la prensa nacional","url":"https:\/\/www.eldiario.net\/portal\/","logo":{"@type":"ImageObject","inLanguage":"es","@id":"https:\/\/www.eldiario.net\/portal\/#\/schema\/logo\/image\/","url":"https:\/\/www.eldiario.net\/portal\/wp-content\/uploads\/2023\/07\/logo_ED.jpg","contentUrl":"https:\/\/www.eldiario.net\/portal\/wp-content\/uploads\/2023\/07\/logo_ED.jpg","width":272,"height":52,"caption":"El Diario - Decano de la prensa nacional"},"image":{"@id":"https:\/\/www.eldiario.net\/portal\/#\/schema\/logo\/image\/"},"sameAs":["https:\/\/www.facebook.com\/eldiario.bolivia\/","https:\/\/x.com\/eldiario_net"]},{"@type":"Person","@id":"https:\/\/www.eldiario.net\/portal\/#\/schema\/person\/2c57cf2b7a7ae032e449e4c9b1019eac","name":"Jeanette","image":{"@type":"ImageObject","inLanguage":"es","@id":"https:\/\/secure.gravatar.com\/avatar\/3ea2118a5f7dad2b7138b1187a6b7ee55f160b9968b66013c3a3ef39dd7e5798?s=96&d=mm&r=g","url":"https:\/\/secure.gravatar.com\/avatar\/3ea2118a5f7dad2b7138b1187a6b7ee55f160b9968b66013c3a3ef39dd7e5798?s=96&d=mm&r=g","contentUrl":"https:\/\/secure.gravatar.com\/avatar\/3ea2118a5f7dad2b7138b1187a6b7ee55f160b9968b66013c3a3ef39dd7e5798?s=96&d=mm&r=g","caption":"Jeanette"},"sameAs":["https:\/\/www.eldiario.net\/portal"],"url":"https:\/\/www.eldiario.net\/portal\/author\/jeanette\/"}]}},"_links":{"self":[{"href":"https:\/\/www.eldiario.net\/portal\/wp-json\/wp\/v2\/posts\/25341","targetHints":{"allow":["GET"]}}],"collection":[{"href":"https:\/\/www.eldiario.net\/portal\/wp-json\/wp\/v2\/posts"}],"about":[{"href":"https:\/\/www.eldiario.net\/portal\/wp-json\/wp\/v2\/types\/post"}],"author":[{"embeddable":true,"href":"https:\/\/www.eldiario.net\/portal\/wp-json\/wp\/v2\/users\/1"}],"replies":[{"embeddable":true,"href":"https:\/\/www.eldiario.net\/portal\/wp-json\/wp\/v2\/comments?post=25341"}],"version-history":[{"count":0,"href":"https:\/\/www.eldiario.net\/portal\/wp-json\/wp\/v2\/posts\/25341\/revisions"}],"wp:attachment":[{"href":"https:\/\/www.eldiario.net\/portal\/wp-json\/wp\/v2\/media?parent=25341"}],"wp:term":[{"taxonomy":"category","embeddable":true,"href":"https:\/\/www.eldiario.net\/portal\/wp-json\/wp\/v2\/categories?post=25341"},{"taxonomy":"post_tag","embeddable":true,"href":"https:\/\/www.eldiario.net\/portal\/wp-json\/wp\/v2\/tags?post=25341"}],"curies":[{"name":"wp","href":"https:\/\/api.w.org\/{rel}","templated":true}]}}