{"id":25338,"date":"2021-08-24T05:55:48","date_gmt":"2021-08-24T09:55:48","guid":{"rendered":"https:\/\/www.eldiario.net\/portal\/?p=25338"},"modified":"2021-08-24T05:55:48","modified_gmt":"2021-08-24T09:55:48","slug":"real-santa-cruz-de-la-mano-de-reyes","status":"publish","type":"post","link":"https:\/\/www.eldiario.net\/portal\/2021\/08\/24\/real-santa-cruz-de-la-mano-de-reyes\/","title":{"rendered":"Real Santa Cruz, de la mano de Reyes"},"content":{"rendered":"<p>De nuevo, el delantero Edarlyn Reyes condujo a Real Santa Cruz hacia la victoria con el gol que consigui\u00f3 a los 89 minutos con el cual el cuadro cruce\u00f1o venci\u00f3 a Mcepal Vinto Palmaflor por 1-0 cuando el empate parec\u00eda encajarse en el marcador del compromiso disputado la tarde de este lunes en el estadio de propiedad de los albos.<\/p>\n<p>Real Santa Cruz pas\u00f3 del empate a la victoria ag\u00f3nica en el complemento de la d\u00e9cima s\u00e9ptima fecha, con este resultado los leones blancos del pajonal siguen en la posici\u00f3n 11 del torneo, aunque con 22 puntos, salvando la tarde en el estadio Real Santa Cruz.<\/p>\n<p>Mcepal Vinto Palmaflor tuvo las oportunidades para adelantarse en el marcador con la carga ofensiva que despleg\u00f3 Elcarlos Gomes y Oswaldo Blanco, dupla que inici\u00f3 de titular el cotejo y que gan\u00f3 en velocidad a los contrarios, apareci\u00f3 a espaldas de los defensores hasta quedar delante del arquero Carlos Franco.<\/p>\n<p>Gomes y Blanco desafiaron a Franco en un mano a mano cada uno, en un inicio flojo para la l\u00ednea defensiva de los albos, que tambi\u00e9n fall\u00f3 en la marcaci\u00f3n dentro del \u00e1rea en los centros. Por esta v\u00eda Gustavo Olgu\u00edn pudo conectar un cabezazo, pero la pelota sali\u00f3 desviada.<\/p>\n<p>Las ocasiones desperdiciadas por Palmaflor ser\u00edan lamentadas al final del compromiso, porque esa falta de efectividad le quit\u00f3 la chance de sumar, al menos, un punto fuera de Cochabamba para seguir pidiendo la palabra por obtener un puesto entre los escoltas que miran de cerca la cima del campeonato.<\/p>\n<p>Los albos pisaron \u00e1rea contraria gracias a Reyes, el delantero dominicano encar\u00f3 a Jhohan Guti\u00e9rrez con un disparo al ras que el arquero pudo desviar. El mismo jugador abri\u00f3 los espacios con desbordes y remates que en uno de los avances termin\u00f3 en el travesa\u00f1o con un rebote en un compa\u00f1ero.<\/p>\n<p>A pocos minutos del final del encuentro, Reyes se abri\u00f3 paso para quedar con el perfil zurdo y sac\u00f3 un disparo desde fuera del \u00e1rea que pic\u00f3 y enga\u00f1\u00f3 a Guti\u00e9rrez consiguiendo de esta forma el 1-0. A lo largo de la tarde, Guti\u00e9rrez hizo un buen trabajo protegiendo el p\u00f3rtico.<\/p>\n<p>Las modificaciones tard\u00edas que hizo la visita no mejoraron el trabajo en ofensiva, ese error le cost\u00f3 el compromiso. Ricardo Noir, Maximiliano G\u00f3mez ni Luis Sald\u00edas no dieron respuesta a los problemas de Palmaflor, que se qued\u00f3 como sexto con 29 puntos. (APG)<\/p>\n<p>&nbsp;<\/p>\n","protected":false},"excerpt":{"rendered":"<p>De nuevo, el delantero Edarlyn Reyes condujo a Real Santa Cruz hacia la victoria con el gol que consigui\u00f3 a los 89 minutos con el cual el cuadro cruce\u00f1o venci\u00f3 a Mcepal Vinto Palmaflor por 1-0 cuando el empate parec\u00eda encajarse en el marcador del compromiso disputado la tarde de este lunes en el estadio [&hellip;]<\/p>\n","protected":false},"author":1,"featured_media":25339,"comment_status":"closed","ping_status":"closed","sticky":false,"template":"","format":"standard","meta":{"_acf_changed":false,"footnotes":""},"categories":[6],"tags":[],"class_list":["post-25338","post","type-post","status-publish","format-standard","has-post-thumbnail","category-deportes"],"acf":{"antetitulo":""},"yoast_head":"<!-- This site is optimized with the Yoast SEO plugin v28.4 - https:\/\/yoast.com\/product\/yoast-seo-wordpress\/ -->\n<title>Real Santa Cruz, de la mano de Reyes - El Diario - Bolivia<\/title>\n<meta name=\"robots\" content=\"index, follow, max-snippet:-1, max-image-preview:large, max-video-preview:-1\" \/>\n<link rel=\"canonical\" href=\"https:\/\/www.eldiario.net\/portal\/2021\/08\/24\/real-santa-cruz-de-la-mano-de-reyes\/\" \/>\n<meta property=\"og:locale\" content=\"es_ES\" \/>\n<meta property=\"og:type\" content=\"article\" \/>\n<meta property=\"og:title\" content=\"Real Santa Cruz, de la mano de Reyes - El Diario - Bolivia\" \/>\n<meta property=\"og:description\" content=\"De nuevo, el delantero Edarlyn Reyes condujo a Real Santa Cruz hacia la victoria con el gol que consigui\u00f3 a los 89 minutos con el cual el cuadro cruce\u00f1o venci\u00f3 a Mcepal Vinto Palmaflor por 1-0 cuando el empate parec\u00eda encajarse en el marcador del compromiso disputado la tarde de este lunes en el estadio [&hellip;]\" \/>\n<meta property=\"og:url\" content=\"https:\/\/www.eldiario.net\/portal\/2021\/08\/24\/real-santa-cruz-de-la-mano-de-reyes\/\" \/>\n<meta property=\"og:site_name\" content=\"El Diario - Bolivia\" \/>\n<meta property=\"article:publisher\" content=\"https:\/\/www.facebook.com\/eldiario.bolivia\/\" \/>\n<meta property=\"article:published_time\" content=\"2021-08-24T09:55:48+00:00\" \/>\n<meta name=\"author\" content=\"Jeanette\" \/>\n<meta name=\"twitter:card\" content=\"summary_large_image\" \/>\n<meta name=\"twitter:creator\" content=\"@eldiario_net\" \/>\n<meta name=\"twitter:site\" content=\"@eldiario_net\" \/>\n<meta name=\"twitter:label1\" content=\"Escrito por\" \/>\n\t<meta name=\"twitter:data1\" content=\"Jeanette\" \/>\n\t<meta name=\"twitter:label2\" content=\"Tiempo de lectura\" \/>\n\t<meta name=\"twitter:data2\" content=\"2 minutos\" \/>\n<script type=\"application\/ld+json\" class=\"yoast-schema-graph\">{\"@context\":\"https:\\\/\\\/schema.org\",\"@graph\":[{\"@type\":\"Article\",\"@id\":\"https:\\\/\\\/www.eldiario.net\\\/portal\\\/2021\\\/08\\\/24\\\/real-santa-cruz-de-la-mano-de-reyes\\\/#article\",\"isPartOf\":{\"@id\":\"https:\\\/\\\/www.eldiario.net\\\/portal\\\/2021\\\/08\\\/24\\\/real-santa-cruz-de-la-mano-de-reyes\\\/\"},\"author\":{\"name\":\"Jeanette\",\"@id\":\"https:\\\/\\\/www.eldiario.net\\\/portal\\\/#\\\/schema\\\/person\\\/2c57cf2b7a7ae032e449e4c9b1019eac\"},\"headline\":\"Real Santa Cruz, de la mano de Reyes\",\"datePublished\":\"2021-08-24T09:55:48+00:00\",\"mainEntityOfPage\":{\"@id\":\"https:\\\/\\\/www.eldiario.net\\\/portal\\\/2021\\\/08\\\/24\\\/real-santa-cruz-de-la-mano-de-reyes\\\/\"},\"wordCount\":426,\"publisher\":{\"@id\":\"https:\\\/\\\/www.eldiario.net\\\/portal\\\/#organization\"},\"image\":{\"@id\":\"https:\\\/\\\/www.eldiario.net\\\/portal\\\/2021\\\/08\\\/24\\\/real-santa-cruz-de-la-mano-de-reyes\\\/#primaryimage\"},\"thumbnailUrl\":\"\",\"articleSection\":[\"Deportes\"],\"inLanguage\":\"es\"},{\"@type\":\"WebPage\",\"@id\":\"https:\\\/\\\/www.eldiario.net\\\/portal\\\/2021\\\/08\\\/24\\\/real-santa-cruz-de-la-mano-de-reyes\\\/\",\"url\":\"https:\\\/\\\/www.eldiario.net\\\/portal\\\/2021\\\/08\\\/24\\\/real-santa-cruz-de-la-mano-de-reyes\\\/\",\"name\":\"Real Santa Cruz, de la mano de Reyes - El Diario - Bolivia\",\"isPartOf\":{\"@id\":\"https:\\\/\\\/www.eldiario.net\\\/portal\\\/#website\"},\"primaryImageOfPage\":{\"@id\":\"https:\\\/\\\/www.eldiario.net\\\/portal\\\/2021\\\/08\\\/24\\\/real-santa-cruz-de-la-mano-de-reyes\\\/#primaryimage\"},\"image\":{\"@id\":\"https:\\\/\\\/www.eldiario.net\\\/portal\\\/2021\\\/08\\\/24\\\/real-santa-cruz-de-la-mano-de-reyes\\\/#primaryimage\"},\"thumbnailUrl\":\"\",\"datePublished\":\"2021-08-24T09:55:48+00:00\",\"breadcrumb\":{\"@id\":\"https:\\\/\\\/www.eldiario.net\\\/portal\\\/2021\\\/08\\\/24\\\/real-santa-cruz-de-la-mano-de-reyes\\\/#breadcrumb\"},\"inLanguage\":\"es\",\"potentialAction\":[{\"@type\":\"ReadAction\",\"target\":[\"https:\\\/\\\/www.eldiario.net\\\/portal\\\/2021\\\/08\\\/24\\\/real-santa-cruz-de-la-mano-de-reyes\\\/\"]}]},{\"@type\":\"ImageObject\",\"inLanguage\":\"es\",\"@id\":\"https:\\\/\\\/www.eldiario.net\\\/portal\\\/2021\\\/08\\\/24\\\/real-santa-cruz-de-la-mano-de-reyes\\\/#primaryimage\",\"url\":\"\",\"contentUrl\":\"\"},{\"@type\":\"BreadcrumbList\",\"@id\":\"https:\\\/\\\/www.eldiario.net\\\/portal\\\/2021\\\/08\\\/24\\\/real-santa-cruz-de-la-mano-de-reyes\\\/#breadcrumb\",\"itemListElement\":[{\"@type\":\"ListItem\",\"position\":1,\"name\":\"Portada\",\"item\":\"https:\\\/\\\/www.eldiario.net\\\/portal\\\/\"},{\"@type\":\"ListItem\",\"position\":2,\"name\":\"Real Santa Cruz, de la mano de Reyes\"}]},{\"@type\":\"WebSite\",\"@id\":\"https:\\\/\\\/www.eldiario.net\\\/portal\\\/#website\",\"url\":\"https:\\\/\\\/www.eldiario.net\\\/portal\\\/\",\"name\":\"El Diario - Decano de la prensa nacional\",\"description\":\"El Diario - Decano de la prensa nacional\",\"publisher\":{\"@id\":\"https:\\\/\\\/www.eldiario.net\\\/portal\\\/#organization\"},\"potentialAction\":[{\"@type\":\"SearchAction\",\"target\":{\"@type\":\"EntryPoint\",\"urlTemplate\":\"https:\\\/\\\/www.eldiario.net\\\/portal\\\/?s={search_term_string}\"},\"query-input\":{\"@type\":\"PropertyValueSpecification\",\"valueRequired\":true,\"valueName\":\"search_term_string\"}}],\"inLanguage\":\"es\"},{\"@type\":\"Organization\",\"@id\":\"https:\\\/\\\/www.eldiario.net\\\/portal\\\/#organization\",\"name\":\"El Diario - Decano de la prensa nacional\",\"url\":\"https:\\\/\\\/www.eldiario.net\\\/portal\\\/\",\"logo\":{\"@type\":\"ImageObject\",\"inLanguage\":\"es\",\"@id\":\"https:\\\/\\\/www.eldiario.net\\\/portal\\\/#\\\/schema\\\/logo\\\/image\\\/\",\"url\":\"https:\\\/\\\/www.eldiario.net\\\/portal\\\/wp-content\\\/uploads\\\/2023\\\/07\\\/logo_ED.jpg\",\"contentUrl\":\"https:\\\/\\\/www.eldiario.net\\\/portal\\\/wp-content\\\/uploads\\\/2023\\\/07\\\/logo_ED.jpg\",\"width\":272,\"height\":52,\"caption\":\"El Diario - Decano de la prensa nacional\"},\"image\":{\"@id\":\"https:\\\/\\\/www.eldiario.net\\\/portal\\\/#\\\/schema\\\/logo\\\/image\\\/\"},\"sameAs\":[\"https:\\\/\\\/www.facebook.com\\\/eldiario.bolivia\\\/\",\"https:\\\/\\\/x.com\\\/eldiario_net\"]},{\"@type\":\"Person\",\"@id\":\"https:\\\/\\\/www.eldiario.net\\\/portal\\\/#\\\/schema\\\/person\\\/2c57cf2b7a7ae032e449e4c9b1019eac\",\"name\":\"Jeanette\",\"image\":{\"@type\":\"ImageObject\",\"inLanguage\":\"es\",\"@id\":\"https:\\\/\\\/secure.gravatar.com\\\/avatar\\\/3ea2118a5f7dad2b7138b1187a6b7ee55f160b9968b66013c3a3ef39dd7e5798?s=96&d=mm&r=g\",\"url\":\"https:\\\/\\\/secure.gravatar.com\\\/avatar\\\/3ea2118a5f7dad2b7138b1187a6b7ee55f160b9968b66013c3a3ef39dd7e5798?s=96&d=mm&r=g\",\"contentUrl\":\"https:\\\/\\\/secure.gravatar.com\\\/avatar\\\/3ea2118a5f7dad2b7138b1187a6b7ee55f160b9968b66013c3a3ef39dd7e5798?s=96&d=mm&r=g\",\"caption\":\"Jeanette\"},\"sameAs\":[\"https:\\\/\\\/www.eldiario.net\\\/portal\"],\"url\":\"https:\\\/\\\/www.eldiario.net\\\/portal\\\/author\\\/jeanette\\\/\"}]}<\/script>\n<!-- \/ Yoast SEO plugin. -->","yoast_head_json":{"title":"Real Santa Cruz, de la mano de Reyes - El Diario - Bolivia","robots":{"index":"index","follow":"follow","max-snippet":"max-snippet:-1","max-image-preview":"max-image-preview:large","max-video-preview":"max-video-preview:-1"},"canonical":"https:\/\/www.eldiario.net\/portal\/2021\/08\/24\/real-santa-cruz-de-la-mano-de-reyes\/","og_locale":"es_ES","og_type":"article","og_title":"Real Santa Cruz, de la mano de Reyes - El Diario - Bolivia","og_description":"De nuevo, el delantero Edarlyn Reyes condujo a Real Santa Cruz hacia la victoria con el gol que consigui\u00f3 a los 89 minutos con el cual el cuadro cruce\u00f1o venci\u00f3 a Mcepal Vinto Palmaflor por 1-0 cuando el empate parec\u00eda encajarse en el marcador del compromiso disputado la tarde de este lunes en el estadio [&hellip;]","og_url":"https:\/\/www.eldiario.net\/portal\/2021\/08\/24\/real-santa-cruz-de-la-mano-de-reyes\/","og_site_name":"El Diario - Bolivia","article_publisher":"https:\/\/www.facebook.com\/eldiario.bolivia\/","article_published_time":"2021-08-24T09:55:48+00:00","author":"Jeanette","twitter_card":"summary_large_image","twitter_creator":"@eldiario_net","twitter_site":"@eldiario_net","twitter_misc":{"Escrito por":"Jeanette","Tiempo de lectura":"2 minutos"},"schema":{"@context":"https:\/\/schema.org","@graph":[{"@type":"Article","@id":"https:\/\/www.eldiario.net\/portal\/2021\/08\/24\/real-santa-cruz-de-la-mano-de-reyes\/#article","isPartOf":{"@id":"https:\/\/www.eldiario.net\/portal\/2021\/08\/24\/real-santa-cruz-de-la-mano-de-reyes\/"},"author":{"name":"Jeanette","@id":"https:\/\/www.eldiario.net\/portal\/#\/schema\/person\/2c57cf2b7a7ae032e449e4c9b1019eac"},"headline":"Real Santa Cruz, de la mano de Reyes","datePublished":"2021-08-24T09:55:48+00:00","mainEntityOfPage":{"@id":"https:\/\/www.eldiario.net\/portal\/2021\/08\/24\/real-santa-cruz-de-la-mano-de-reyes\/"},"wordCount":426,"publisher":{"@id":"https:\/\/www.eldiario.net\/portal\/#organization"},"image":{"@id":"https:\/\/www.eldiario.net\/portal\/2021\/08\/24\/real-santa-cruz-de-la-mano-de-reyes\/#primaryimage"},"thumbnailUrl":"","articleSection":["Deportes"],"inLanguage":"es"},{"@type":"WebPage","@id":"https:\/\/www.eldiario.net\/portal\/2021\/08\/24\/real-santa-cruz-de-la-mano-de-reyes\/","url":"https:\/\/www.eldiario.net\/portal\/2021\/08\/24\/real-santa-cruz-de-la-mano-de-reyes\/","name":"Real Santa Cruz, de la mano de Reyes - El Diario - Bolivia","isPartOf":{"@id":"https:\/\/www.eldiario.net\/portal\/#website"},"primaryImageOfPage":{"@id":"https:\/\/www.eldiario.net\/portal\/2021\/08\/24\/real-santa-cruz-de-la-mano-de-reyes\/#primaryimage"},"image":{"@id":"https:\/\/www.eldiario.net\/portal\/2021\/08\/24\/real-santa-cruz-de-la-mano-de-reyes\/#primaryimage"},"thumbnailUrl":"","datePublished":"2021-08-24T09:55:48+00:00","breadcrumb":{"@id":"https:\/\/www.eldiario.net\/portal\/2021\/08\/24\/real-santa-cruz-de-la-mano-de-reyes\/#breadcrumb"},"inLanguage":"es","potentialAction":[{"@type":"ReadAction","target":["https:\/\/www.eldiario.net\/portal\/2021\/08\/24\/real-santa-cruz-de-la-mano-de-reyes\/"]}]},{"@type":"ImageObject","inLanguage":"es","@id":"https:\/\/www.eldiario.net\/portal\/2021\/08\/24\/real-santa-cruz-de-la-mano-de-reyes\/#primaryimage","url":"","contentUrl":""},{"@type":"BreadcrumbList","@id":"https:\/\/www.eldiario.net\/portal\/2021\/08\/24\/real-santa-cruz-de-la-mano-de-reyes\/#breadcrumb","itemListElement":[{"@type":"ListItem","position":1,"name":"Portada","item":"https:\/\/www.eldiario.net\/portal\/"},{"@type":"ListItem","position":2,"name":"Real Santa Cruz, de la mano de Reyes"}]},{"@type":"WebSite","@id":"https:\/\/www.eldiario.net\/portal\/#website","url":"https:\/\/www.eldiario.net\/portal\/","name":"El Diario - Decano de la prensa nacional","description":"El Diario - Decano de la prensa nacional","publisher":{"@id":"https:\/\/www.eldiario.net\/portal\/#organization"},"potentialAction":[{"@type":"SearchAction","target":{"@type":"EntryPoint","urlTemplate":"https:\/\/www.eldiario.net\/portal\/?s={search_term_string}"},"query-input":{"@type":"PropertyValueSpecification","valueRequired":true,"valueName":"search_term_string"}}],"inLanguage":"es"},{"@type":"Organization","@id":"https:\/\/www.eldiario.net\/portal\/#organization","name":"El Diario - Decano de la prensa nacional","url":"https:\/\/www.eldiario.net\/portal\/","logo":{"@type":"ImageObject","inLanguage":"es","@id":"https:\/\/www.eldiario.net\/portal\/#\/schema\/logo\/image\/","url":"https:\/\/www.eldiario.net\/portal\/wp-content\/uploads\/2023\/07\/logo_ED.jpg","contentUrl":"https:\/\/www.eldiario.net\/portal\/wp-content\/uploads\/2023\/07\/logo_ED.jpg","width":272,"height":52,"caption":"El Diario - Decano de la prensa nacional"},"image":{"@id":"https:\/\/www.eldiario.net\/portal\/#\/schema\/logo\/image\/"},"sameAs":["https:\/\/www.facebook.com\/eldiario.bolivia\/","https:\/\/x.com\/eldiario_net"]},{"@type":"Person","@id":"https:\/\/www.eldiario.net\/portal\/#\/schema\/person\/2c57cf2b7a7ae032e449e4c9b1019eac","name":"Jeanette","image":{"@type":"ImageObject","inLanguage":"es","@id":"https:\/\/secure.gravatar.com\/avatar\/3ea2118a5f7dad2b7138b1187a6b7ee55f160b9968b66013c3a3ef39dd7e5798?s=96&d=mm&r=g","url":"https:\/\/secure.gravatar.com\/avatar\/3ea2118a5f7dad2b7138b1187a6b7ee55f160b9968b66013c3a3ef39dd7e5798?s=96&d=mm&r=g","contentUrl":"https:\/\/secure.gravatar.com\/avatar\/3ea2118a5f7dad2b7138b1187a6b7ee55f160b9968b66013c3a3ef39dd7e5798?s=96&d=mm&r=g","caption":"Jeanette"},"sameAs":["https:\/\/www.eldiario.net\/portal"],"url":"https:\/\/www.eldiario.net\/portal\/author\/jeanette\/"}]}},"_links":{"self":[{"href":"https:\/\/www.eldiario.net\/portal\/wp-json\/wp\/v2\/posts\/25338","targetHints":{"allow":["GET"]}}],"collection":[{"href":"https:\/\/www.eldiario.net\/portal\/wp-json\/wp\/v2\/posts"}],"about":[{"href":"https:\/\/www.eldiario.net\/portal\/wp-json\/wp\/v2\/types\/post"}],"author":[{"embeddable":true,"href":"https:\/\/www.eldiario.net\/portal\/wp-json\/wp\/v2\/users\/1"}],"replies":[{"embeddable":true,"href":"https:\/\/www.eldiario.net\/portal\/wp-json\/wp\/v2\/comments?post=25338"}],"version-history":[{"count":0,"href":"https:\/\/www.eldiario.net\/portal\/wp-json\/wp\/v2\/posts\/25338\/revisions"}],"wp:attachment":[{"href":"https:\/\/www.eldiario.net\/portal\/wp-json\/wp\/v2\/media?parent=25338"}],"wp:term":[{"taxonomy":"category","embeddable":true,"href":"https:\/\/www.eldiario.net\/portal\/wp-json\/wp\/v2\/categories?post=25338"},{"taxonomy":"post_tag","embeddable":true,"href":"https:\/\/www.eldiario.net\/portal\/wp-json\/wp\/v2\/tags?post=25338"}],"curies":[{"name":"wp","href":"https:\/\/api.w.org\/{rel}","templated":true}]}}