{"id":25336,"date":"2021-08-24T05:55:04","date_gmt":"2021-08-24T09:55:04","guid":{"rendered":"https:\/\/www.eldiario.net\/portal\/?p=25336"},"modified":"2021-08-24T05:55:04","modified_gmt":"2021-08-24T09:55:04","slug":"eeuu-sale-de-afganistan-pero-no-sera-dar-paso-al-terrorismo","status":"publish","type":"post","link":"https:\/\/www.eldiario.net\/portal\/2021\/08\/24\/eeuu-sale-de-afganistan-pero-no-sera-dar-paso-al-terrorismo\/","title":{"rendered":"EEUU sale de Afganist\u00e1n, pero \u00bfno ser\u00e1 dar paso al terrorismo?"},"content":{"rendered":"<p><em><span class=\"dropcap \" style=\"background-color: #ffffff; color: #000000; border-color: #ffffff;\">D<\/span>ando cumplimiento a pol\u00edticas y compromisos asumidos por el gobierno de Donald Trump, el Presidente de Estados Unidos dio luz verde para que las fuerzas militares acantonadas desde hace veinte a\u00f1os en Afganist\u00e1n, abandonen este pa\u00eds. Conseguidos los primeros abandonos de militares de la Uni\u00f3n, los talibanes, encabezando fuerzas bien armadas, se apropiaron del gobierno y del pa\u00eds sin encontrar resistencia alguna, ni del gobierno ni de las fuerzas afganas ni de EEUU y otros pa\u00edses.<\/em><\/p>\n<p><em>El l\u00edder rebelde declar\u00f3 su intenci\u00f3n de \u201cgobernar con todos los afganos, sin distinci\u00f3n alguna, que respetar\u00e1 acuerdos internacionales y que promover\u00e1 la paz y concordia en su pa\u00eds con la finalidad de conseguir la unidad nacional\u201d; palabras que la opini\u00f3n p\u00fablica las tom\u00f3 como \u201csimples promesas\u201d, en raz\u00f3n a que hay precedentes sobre el hecho de que el talibanismo ha sido \u201cpara\u00edso del terrorismo\u201d y a ello se ha debido la invasi\u00f3n de EEUU y otros pa\u00edses que, igualmente, ahora han expresado la intenci\u00f3n de abandonar este pa\u00eds y, como consecuencia de esto, los extranjeros se han concentrado en el aeropuerto de Kabul en espera de ser trasladados a sus pa\u00edses.<\/em><\/p>\n<p><em>La decisi\u00f3n del se\u00f1or Joe Biden ha provocado reacci\u00f3n contraria en su pa\u00eds, condena porque se teme el resurgimiento del terrorismo con una reimplantaci\u00f3n terrorista que, en el pasado, destruy\u00f3 propiedades y asesin\u00f3 a mucha gente. Esa decisi\u00f3n caus\u00f3 sorpresa y hasta indignaci\u00f3n. Se atribuye a que se pec\u00f3 de ingenuidad al creer en quienes son capaces de cometer las peores atrocidades, como de jurar y prometer lo que no se sabe si hay la intenci\u00f3n de cumplir o que pueda resurgir en cualquier momento.<\/em><\/p>\n<p>&nbsp;<\/p>\n<p><em>El abandono del personal militar de Estados Unidos y posterior alejamiento de soldados de otros pa\u00edses, es colocar sobre el mundo una \u201cespada de Damocles\u201d, por el temor a que el terrorismo adquiera m\u00e1s poder y pretenda implantar el terror en el mundo, a m\u00e1s de cobrar venganzas en su pa\u00eds por los veinte a\u00f1os pasados.<\/em><\/p>\n<p><em>Entretanto, al margen de los temores, quedan latentes las preguntas: \u00bfQui\u00e9n cree en los talibanes? \u00bfA qu\u00e9 peligros est\u00e1 condenada la humanidad? Adem\u00e1s, circula en el mundo el interrogante sobre las reacciones que pueda haber en Paquist\u00e1n y otros pa\u00edses de la regi\u00f3n. La situaci\u00f3n est\u00e1 en un mar de dudas, temores y resquemores que, de momento, nadie podr\u00eda despejar.<\/em><\/p>\n","protected":false},"excerpt":{"rendered":"<p>Dando cumplimiento a pol\u00edticas y compromisos asumidos por el gobierno de Donald Trump, el Presidente de Estados Unidos dio luz verde para que las fuerzas militares acantonadas desde hace veinte a\u00f1os en Afganist\u00e1n, abandonen este pa\u00eds. Conseguidos los primeros abandonos de militares de la Uni\u00f3n, los talibanes, encabezando fuerzas bien armadas, se apropiaron del gobierno [&hellip;]<\/p>\n","protected":false},"author":1,"featured_media":0,"comment_status":"closed","ping_status":"closed","sticky":false,"template":"","format":"standard","meta":{"_acf_changed":false,"footnotes":""},"categories":[4],"tags":[],"class_list":["post-25336","post","type-post","status-publish","format-standard","category-editorial"],"acf":{"antetitulo":""},"yoast_head":"<!-- This site is optimized with the Yoast SEO plugin v28.4 - https:\/\/yoast.com\/product\/yoast-seo-wordpress\/ -->\n<title>EEUU sale de Afganist\u00e1n, pero \u00bfno ser\u00e1 dar paso al terrorismo? - El Diario - Bolivia<\/title>\n<meta name=\"robots\" content=\"index, follow, max-snippet:-1, max-image-preview:large, max-video-preview:-1\" \/>\n<link rel=\"canonical\" href=\"https:\/\/www.eldiario.net\/portal\/2021\/08\/24\/eeuu-sale-de-afganistan-pero-no-sera-dar-paso-al-terrorismo\/\" \/>\n<meta property=\"og:locale\" content=\"es_ES\" \/>\n<meta property=\"og:type\" content=\"article\" \/>\n<meta property=\"og:title\" content=\"EEUU sale de Afganist\u00e1n, pero \u00bfno ser\u00e1 dar paso al terrorismo? - El Diario - Bolivia\" \/>\n<meta property=\"og:description\" content=\"Dando cumplimiento a pol\u00edticas y compromisos asumidos por el gobierno de Donald Trump, el Presidente de Estados Unidos dio luz verde para que las fuerzas militares acantonadas desde hace veinte a\u00f1os en Afganist\u00e1n, abandonen este pa\u00eds. Conseguidos los primeros abandonos de militares de la Uni\u00f3n, los talibanes, encabezando fuerzas bien armadas, se apropiaron del gobierno [&hellip;]\" \/>\n<meta property=\"og:url\" content=\"https:\/\/www.eldiario.net\/portal\/2021\/08\/24\/eeuu-sale-de-afganistan-pero-no-sera-dar-paso-al-terrorismo\/\" \/>\n<meta property=\"og:site_name\" content=\"El Diario - Bolivia\" \/>\n<meta property=\"article:publisher\" content=\"https:\/\/www.facebook.com\/eldiario.bolivia\/\" \/>\n<meta property=\"article:published_time\" content=\"2021-08-24T09:55:04+00:00\" \/>\n<meta name=\"author\" content=\"Jeanette\" \/>\n<meta name=\"twitter:card\" content=\"summary_large_image\" \/>\n<meta name=\"twitter:creator\" content=\"@eldiario_net\" \/>\n<meta name=\"twitter:site\" content=\"@eldiario_net\" \/>\n<meta name=\"twitter:label1\" content=\"Escrito por\" \/>\n\t<meta name=\"twitter:data1\" content=\"Jeanette\" \/>\n\t<meta name=\"twitter:label2\" content=\"Tiempo de lectura\" \/>\n\t<meta name=\"twitter:data2\" content=\"2 minutos\" \/>\n<script type=\"application\/ld+json\" class=\"yoast-schema-graph\">{\"@context\":\"https:\\\/\\\/schema.org\",\"@graph\":[{\"@type\":\"Article\",\"@id\":\"https:\\\/\\\/www.eldiario.net\\\/portal\\\/2021\\\/08\\\/24\\\/eeuu-sale-de-afganistan-pero-no-sera-dar-paso-al-terrorismo\\\/#article\",\"isPartOf\":{\"@id\":\"https:\\\/\\\/www.eldiario.net\\\/portal\\\/2021\\\/08\\\/24\\\/eeuu-sale-de-afganistan-pero-no-sera-dar-paso-al-terrorismo\\\/\"},\"author\":{\"name\":\"Jeanette\",\"@id\":\"https:\\\/\\\/www.eldiario.net\\\/portal\\\/#\\\/schema\\\/person\\\/2c57cf2b7a7ae032e449e4c9b1019eac\"},\"headline\":\"EEUU sale de Afganist\u00e1n, pero \u00bfno ser\u00e1 dar paso al terrorismo?\",\"datePublished\":\"2021-08-24T09:55:04+00:00\",\"mainEntityOfPage\":{\"@id\":\"https:\\\/\\\/www.eldiario.net\\\/portal\\\/2021\\\/08\\\/24\\\/eeuu-sale-de-afganistan-pero-no-sera-dar-paso-al-terrorismo\\\/\"},\"wordCount\":442,\"publisher\":{\"@id\":\"https:\\\/\\\/www.eldiario.net\\\/portal\\\/#organization\"},\"articleSection\":[\"Editorial\"],\"inLanguage\":\"es\"},{\"@type\":\"WebPage\",\"@id\":\"https:\\\/\\\/www.eldiario.net\\\/portal\\\/2021\\\/08\\\/24\\\/eeuu-sale-de-afganistan-pero-no-sera-dar-paso-al-terrorismo\\\/\",\"url\":\"https:\\\/\\\/www.eldiario.net\\\/portal\\\/2021\\\/08\\\/24\\\/eeuu-sale-de-afganistan-pero-no-sera-dar-paso-al-terrorismo\\\/\",\"name\":\"EEUU sale de Afganist\u00e1n, pero \u00bfno ser\u00e1 dar paso al terrorismo? - El Diario - Bolivia\",\"isPartOf\":{\"@id\":\"https:\\\/\\\/www.eldiario.net\\\/portal\\\/#website\"},\"datePublished\":\"2021-08-24T09:55:04+00:00\",\"breadcrumb\":{\"@id\":\"https:\\\/\\\/www.eldiario.net\\\/portal\\\/2021\\\/08\\\/24\\\/eeuu-sale-de-afganistan-pero-no-sera-dar-paso-al-terrorismo\\\/#breadcrumb\"},\"inLanguage\":\"es\",\"potentialAction\":[{\"@type\":\"ReadAction\",\"target\":[\"https:\\\/\\\/www.eldiario.net\\\/portal\\\/2021\\\/08\\\/24\\\/eeuu-sale-de-afganistan-pero-no-sera-dar-paso-al-terrorismo\\\/\"]}]},{\"@type\":\"BreadcrumbList\",\"@id\":\"https:\\\/\\\/www.eldiario.net\\\/portal\\\/2021\\\/08\\\/24\\\/eeuu-sale-de-afganistan-pero-no-sera-dar-paso-al-terrorismo\\\/#breadcrumb\",\"itemListElement\":[{\"@type\":\"ListItem\",\"position\":1,\"name\":\"Portada\",\"item\":\"https:\\\/\\\/www.eldiario.net\\\/portal\\\/\"},{\"@type\":\"ListItem\",\"position\":2,\"name\":\"EEUU sale de Afganist\u00e1n, pero \u00bfno ser\u00e1 dar paso al terrorismo?\"}]},{\"@type\":\"WebSite\",\"@id\":\"https:\\\/\\\/www.eldiario.net\\\/portal\\\/#website\",\"url\":\"https:\\\/\\\/www.eldiario.net\\\/portal\\\/\",\"name\":\"El Diario - Decano de la prensa nacional\",\"description\":\"El Diario - Decano de la prensa nacional\",\"publisher\":{\"@id\":\"https:\\\/\\\/www.eldiario.net\\\/portal\\\/#organization\"},\"potentialAction\":[{\"@type\":\"SearchAction\",\"target\":{\"@type\":\"EntryPoint\",\"urlTemplate\":\"https:\\\/\\\/www.eldiario.net\\\/portal\\\/?s={search_term_string}\"},\"query-input\":{\"@type\":\"PropertyValueSpecification\",\"valueRequired\":true,\"valueName\":\"search_term_string\"}}],\"inLanguage\":\"es\"},{\"@type\":\"Organization\",\"@id\":\"https:\\\/\\\/www.eldiario.net\\\/portal\\\/#organization\",\"name\":\"El Diario - Decano de la prensa nacional\",\"url\":\"https:\\\/\\\/www.eldiario.net\\\/portal\\\/\",\"logo\":{\"@type\":\"ImageObject\",\"inLanguage\":\"es\",\"@id\":\"https:\\\/\\\/www.eldiario.net\\\/portal\\\/#\\\/schema\\\/logo\\\/image\\\/\",\"url\":\"https:\\\/\\\/www.eldiario.net\\\/portal\\\/wp-content\\\/uploads\\\/2023\\\/07\\\/logo_ED.jpg\",\"contentUrl\":\"https:\\\/\\\/www.eldiario.net\\\/portal\\\/wp-content\\\/uploads\\\/2023\\\/07\\\/logo_ED.jpg\",\"width\":272,\"height\":52,\"caption\":\"El Diario - Decano de la prensa nacional\"},\"image\":{\"@id\":\"https:\\\/\\\/www.eldiario.net\\\/portal\\\/#\\\/schema\\\/logo\\\/image\\\/\"},\"sameAs\":[\"https:\\\/\\\/www.facebook.com\\\/eldiario.bolivia\\\/\",\"https:\\\/\\\/x.com\\\/eldiario_net\"]},{\"@type\":\"Person\",\"@id\":\"https:\\\/\\\/www.eldiario.net\\\/portal\\\/#\\\/schema\\\/person\\\/2c57cf2b7a7ae032e449e4c9b1019eac\",\"name\":\"Jeanette\",\"image\":{\"@type\":\"ImageObject\",\"inLanguage\":\"es\",\"@id\":\"https:\\\/\\\/secure.gravatar.com\\\/avatar\\\/3ea2118a5f7dad2b7138b1187a6b7ee55f160b9968b66013c3a3ef39dd7e5798?s=96&d=mm&r=g\",\"url\":\"https:\\\/\\\/secure.gravatar.com\\\/avatar\\\/3ea2118a5f7dad2b7138b1187a6b7ee55f160b9968b66013c3a3ef39dd7e5798?s=96&d=mm&r=g\",\"contentUrl\":\"https:\\\/\\\/secure.gravatar.com\\\/avatar\\\/3ea2118a5f7dad2b7138b1187a6b7ee55f160b9968b66013c3a3ef39dd7e5798?s=96&d=mm&r=g\",\"caption\":\"Jeanette\"},\"sameAs\":[\"https:\\\/\\\/www.eldiario.net\\\/portal\"],\"url\":\"https:\\\/\\\/www.eldiario.net\\\/portal\\\/author\\\/jeanette\\\/\"}]}<\/script>\n<!-- \/ Yoast SEO plugin. -->","yoast_head_json":{"title":"EEUU sale de Afganist\u00e1n, pero \u00bfno ser\u00e1 dar paso al terrorismo? - El Diario - Bolivia","robots":{"index":"index","follow":"follow","max-snippet":"max-snippet:-1","max-image-preview":"max-image-preview:large","max-video-preview":"max-video-preview:-1"},"canonical":"https:\/\/www.eldiario.net\/portal\/2021\/08\/24\/eeuu-sale-de-afganistan-pero-no-sera-dar-paso-al-terrorismo\/","og_locale":"es_ES","og_type":"article","og_title":"EEUU sale de Afganist\u00e1n, pero \u00bfno ser\u00e1 dar paso al terrorismo? - El Diario - Bolivia","og_description":"Dando cumplimiento a pol\u00edticas y compromisos asumidos por el gobierno de Donald Trump, el Presidente de Estados Unidos dio luz verde para que las fuerzas militares acantonadas desde hace veinte a\u00f1os en Afganist\u00e1n, abandonen este pa\u00eds. Conseguidos los primeros abandonos de militares de la Uni\u00f3n, los talibanes, encabezando fuerzas bien armadas, se apropiaron del gobierno [&hellip;]","og_url":"https:\/\/www.eldiario.net\/portal\/2021\/08\/24\/eeuu-sale-de-afganistan-pero-no-sera-dar-paso-al-terrorismo\/","og_site_name":"El Diario - Bolivia","article_publisher":"https:\/\/www.facebook.com\/eldiario.bolivia\/","article_published_time":"2021-08-24T09:55:04+00:00","author":"Jeanette","twitter_card":"summary_large_image","twitter_creator":"@eldiario_net","twitter_site":"@eldiario_net","twitter_misc":{"Escrito por":"Jeanette","Tiempo de lectura":"2 minutos"},"schema":{"@context":"https:\/\/schema.org","@graph":[{"@type":"Article","@id":"https:\/\/www.eldiario.net\/portal\/2021\/08\/24\/eeuu-sale-de-afganistan-pero-no-sera-dar-paso-al-terrorismo\/#article","isPartOf":{"@id":"https:\/\/www.eldiario.net\/portal\/2021\/08\/24\/eeuu-sale-de-afganistan-pero-no-sera-dar-paso-al-terrorismo\/"},"author":{"name":"Jeanette","@id":"https:\/\/www.eldiario.net\/portal\/#\/schema\/person\/2c57cf2b7a7ae032e449e4c9b1019eac"},"headline":"EEUU sale de Afganist\u00e1n, pero \u00bfno ser\u00e1 dar paso al terrorismo?","datePublished":"2021-08-24T09:55:04+00:00","mainEntityOfPage":{"@id":"https:\/\/www.eldiario.net\/portal\/2021\/08\/24\/eeuu-sale-de-afganistan-pero-no-sera-dar-paso-al-terrorismo\/"},"wordCount":442,"publisher":{"@id":"https:\/\/www.eldiario.net\/portal\/#organization"},"articleSection":["Editorial"],"inLanguage":"es"},{"@type":"WebPage","@id":"https:\/\/www.eldiario.net\/portal\/2021\/08\/24\/eeuu-sale-de-afganistan-pero-no-sera-dar-paso-al-terrorismo\/","url":"https:\/\/www.eldiario.net\/portal\/2021\/08\/24\/eeuu-sale-de-afganistan-pero-no-sera-dar-paso-al-terrorismo\/","name":"EEUU sale de Afganist\u00e1n, pero \u00bfno ser\u00e1 dar paso al terrorismo? - El Diario - Bolivia","isPartOf":{"@id":"https:\/\/www.eldiario.net\/portal\/#website"},"datePublished":"2021-08-24T09:55:04+00:00","breadcrumb":{"@id":"https:\/\/www.eldiario.net\/portal\/2021\/08\/24\/eeuu-sale-de-afganistan-pero-no-sera-dar-paso-al-terrorismo\/#breadcrumb"},"inLanguage":"es","potentialAction":[{"@type":"ReadAction","target":["https:\/\/www.eldiario.net\/portal\/2021\/08\/24\/eeuu-sale-de-afganistan-pero-no-sera-dar-paso-al-terrorismo\/"]}]},{"@type":"BreadcrumbList","@id":"https:\/\/www.eldiario.net\/portal\/2021\/08\/24\/eeuu-sale-de-afganistan-pero-no-sera-dar-paso-al-terrorismo\/#breadcrumb","itemListElement":[{"@type":"ListItem","position":1,"name":"Portada","item":"https:\/\/www.eldiario.net\/portal\/"},{"@type":"ListItem","position":2,"name":"EEUU sale de Afganist\u00e1n, pero \u00bfno ser\u00e1 dar paso al terrorismo?"}]},{"@type":"WebSite","@id":"https:\/\/www.eldiario.net\/portal\/#website","url":"https:\/\/www.eldiario.net\/portal\/","name":"El Diario - Decano de la prensa nacional","description":"El Diario - Decano de la prensa nacional","publisher":{"@id":"https:\/\/www.eldiario.net\/portal\/#organization"},"potentialAction":[{"@type":"SearchAction","target":{"@type":"EntryPoint","urlTemplate":"https:\/\/www.eldiario.net\/portal\/?s={search_term_string}"},"query-input":{"@type":"PropertyValueSpecification","valueRequired":true,"valueName":"search_term_string"}}],"inLanguage":"es"},{"@type":"Organization","@id":"https:\/\/www.eldiario.net\/portal\/#organization","name":"El Diario - Decano de la prensa nacional","url":"https:\/\/www.eldiario.net\/portal\/","logo":{"@type":"ImageObject","inLanguage":"es","@id":"https:\/\/www.eldiario.net\/portal\/#\/schema\/logo\/image\/","url":"https:\/\/www.eldiario.net\/portal\/wp-content\/uploads\/2023\/07\/logo_ED.jpg","contentUrl":"https:\/\/www.eldiario.net\/portal\/wp-content\/uploads\/2023\/07\/logo_ED.jpg","width":272,"height":52,"caption":"El Diario - Decano de la prensa nacional"},"image":{"@id":"https:\/\/www.eldiario.net\/portal\/#\/schema\/logo\/image\/"},"sameAs":["https:\/\/www.facebook.com\/eldiario.bolivia\/","https:\/\/x.com\/eldiario_net"]},{"@type":"Person","@id":"https:\/\/www.eldiario.net\/portal\/#\/schema\/person\/2c57cf2b7a7ae032e449e4c9b1019eac","name":"Jeanette","image":{"@type":"ImageObject","inLanguage":"es","@id":"https:\/\/secure.gravatar.com\/avatar\/3ea2118a5f7dad2b7138b1187a6b7ee55f160b9968b66013c3a3ef39dd7e5798?s=96&d=mm&r=g","url":"https:\/\/secure.gravatar.com\/avatar\/3ea2118a5f7dad2b7138b1187a6b7ee55f160b9968b66013c3a3ef39dd7e5798?s=96&d=mm&r=g","contentUrl":"https:\/\/secure.gravatar.com\/avatar\/3ea2118a5f7dad2b7138b1187a6b7ee55f160b9968b66013c3a3ef39dd7e5798?s=96&d=mm&r=g","caption":"Jeanette"},"sameAs":["https:\/\/www.eldiario.net\/portal"],"url":"https:\/\/www.eldiario.net\/portal\/author\/jeanette\/"}]}},"_links":{"self":[{"href":"https:\/\/www.eldiario.net\/portal\/wp-json\/wp\/v2\/posts\/25336","targetHints":{"allow":["GET"]}}],"collection":[{"href":"https:\/\/www.eldiario.net\/portal\/wp-json\/wp\/v2\/posts"}],"about":[{"href":"https:\/\/www.eldiario.net\/portal\/wp-json\/wp\/v2\/types\/post"}],"author":[{"embeddable":true,"href":"https:\/\/www.eldiario.net\/portal\/wp-json\/wp\/v2\/users\/1"}],"replies":[{"embeddable":true,"href":"https:\/\/www.eldiario.net\/portal\/wp-json\/wp\/v2\/comments?post=25336"}],"version-history":[{"count":0,"href":"https:\/\/www.eldiario.net\/portal\/wp-json\/wp\/v2\/posts\/25336\/revisions"}],"wp:attachment":[{"href":"https:\/\/www.eldiario.net\/portal\/wp-json\/wp\/v2\/media?parent=25336"}],"wp:term":[{"taxonomy":"category","embeddable":true,"href":"https:\/\/www.eldiario.net\/portal\/wp-json\/wp\/v2\/categories?post=25336"},{"taxonomy":"post_tag","embeddable":true,"href":"https:\/\/www.eldiario.net\/portal\/wp-json\/wp\/v2\/tags?post=25336"}],"curies":[{"name":"wp","href":"https:\/\/api.w.org\/{rel}","templated":true}]}}