{"id":253242,"date":"2024-10-10T06:17:44","date_gmt":"2024-10-10T10:17:44","guid":{"rendered":"https:\/\/www.eldiario.net\/portal\/?p=253242"},"modified":"2024-10-10T06:17:44","modified_gmt":"2024-10-10T10:17:44","slug":"villegas-tiene-confianza-de-hacer-un-buen-partido","status":"publish","type":"post","link":"https:\/\/www.eldiario.net\/portal\/2024\/10\/10\/villegas-tiene-confianza-de-hacer-un-buen-partido\/","title":{"rendered":"Villegas tiene confianza de hacer un buen partido"},"content":{"rendered":"<p>El seleccionador \u00d3scar Villegas qued\u00f3 despreocupado por el hecho de que el factor de la altura de la ciudad de El Alto est\u00e9 en primera fila en los comentarios en el lado de Colombia antes del juego contra Bolivia, partido que se disputar\u00e1 este jueves, desde las 16:00, por la novena fecha de las clasificatorias a la Copa Mundial 2026.<\/p>\n<div dir=\"auto\"><\/div>\n<div dir=\"auto\">\u00abCuando uno se ocupa de otros aspectos futbol\u00edsticos es cuando le come m\u00e1s la cabeza al jugador, me parece muy bien que se hable m\u00e1s de la altura\u00bb, declar\u00f3 Villegas en la conferencia, la noche de este mi\u00e9rcoles, en La Paz.<\/div>\n<div dir=\"auto\"><\/div>\n<div dir=\"auto\">Como ocurri\u00f3 en el seleccionado de Venezuela (4-0), desde Colombia atribuyen la fortaleza del plantel boliviano al hecho de subir a los 4.150 metros sobre el nivel del mar para jugar los partidos de las clasificatorias en lugar del estadio Hernando Siles (3.600 metros), donde desde hace 23 a\u00f1os que los colombianos no pierden en partidos oficiales.<\/div>\n<div dir=\"auto\"><\/div>\n<div dir=\"auto\">\u00abCapaz que tiene m\u00e1s trascendencia hablar m\u00e1s de lo f\u00edsico cuando se viene a jugar ac\u00e1, lo cierto es que lo t\u00e9cnico, lo mental, lo t\u00e1ctico terminan siendo importantes en ese global de un partido. Hay partidos que se ganan con estrategia, vamos a tomar todos los detalles para ser efectivos en todos esos aspectos\u00bb, agreg\u00f3 Villegas.<\/div>\n<div dir=\"auto\"><\/div>\n<div dir=\"auto\">Dejando de lado el criterio de los periodistas extranjeros sobre la altura, el entrenador cochabambino indic\u00f3 que eligi\u00f3 a los jugadores que est\u00e1n en condiciones de desarrollar su idea de juego y ha notado una mejor\u00eda, pero que hay que mantener la cautela, pensando siempre en el proceso.<\/div>\n<div dir=\"auto\"><\/div>\n<div dir=\"auto\">\u00abHemos tenidos los d\u00edas suficientes parar generar un buen ambiente, buen trabajo, tener una recuperaci\u00f3n, porque los jugadores que est\u00e1n en el pa\u00eds han tenido una seguidilla de partidos. Ha habido muchos lesionados convocables. Tenemos argumentos para hacernos fuertes de local\u00bb, concluy\u00f3 Villegas en el \u00faltimo contacto antes del cotejo contra los colombianos.<\/div>\n<div dir=\"auto\"><\/div>\n<div dir=\"auto\">Una veintena de hinchas estuvieron la noche de este mi\u00e9rcoles en el hotel de concentraci\u00f3n de la Selecci\u00f3n Nacional para brindar su apoyo a los jugadores y sacarse fotograf\u00edas. Los futbolistas atendieron esta solicitud para bajar de sus habitaciones y compartir con la gente, como Miguel Terceros.<\/div>\n","protected":false},"excerpt":{"rendered":"<p>El seleccionador \u00d3scar Villegas qued\u00f3 despreocupado por el hecho de que el factor de la altura de la ciudad de El Alto est\u00e9 en primera fila en los comentarios en el lado de Colombia antes del juego contra Bolivia, partido que se disputar\u00e1 este jueves, desde las 16:00, por la novena fecha de las clasificatorias [&hellip;]<\/p>\n","protected":false},"author":1,"featured_media":253243,"comment_status":"open","ping_status":"open","sticky":false,"template":"","format":"standard","meta":{"_acf_changed":false,"footnotes":""},"categories":[6],"tags":[],"class_list":["post-253242","post","type-post","status-publish","format-standard","has-post-thumbnail","category-deportes"],"acf":{"antetitulo":""},"yoast_head":"<!-- This site is optimized with the Yoast SEO plugin v28.3 - https:\/\/yoast.com\/product\/yoast-seo-wordpress\/ -->\n<title>Villegas tiene confianza de hacer un buen partido - El Diario - Bolivia<\/title>\n<meta name=\"robots\" content=\"index, follow, max-snippet:-1, max-image-preview:large, max-video-preview:-1\" \/>\n<link rel=\"canonical\" href=\"https:\/\/www.eldiario.net\/portal\/2024\/10\/10\/villegas-tiene-confianza-de-hacer-un-buen-partido\/\" \/>\n<meta property=\"og:locale\" content=\"es_ES\" \/>\n<meta property=\"og:type\" content=\"article\" \/>\n<meta property=\"og:title\" content=\"Villegas tiene confianza de hacer un buen partido - El Diario - Bolivia\" \/>\n<meta property=\"og:description\" content=\"El seleccionador \u00d3scar Villegas qued\u00f3 despreocupado por el hecho de que el factor de la altura de la ciudad de El Alto est\u00e9 en primera fila en los comentarios en el lado de Colombia antes del juego contra Bolivia, partido que se disputar\u00e1 este jueves, desde las 16:00, por la novena fecha de las clasificatorias [&hellip;]\" \/>\n<meta property=\"og:url\" content=\"https:\/\/www.eldiario.net\/portal\/2024\/10\/10\/villegas-tiene-confianza-de-hacer-un-buen-partido\/\" \/>\n<meta property=\"og:site_name\" content=\"El Diario - Bolivia\" \/>\n<meta property=\"article:publisher\" content=\"https:\/\/www.facebook.com\/eldiario.bolivia\/\" \/>\n<meta property=\"article:published_time\" content=\"2024-10-10T10:17:44+00:00\" \/>\n<meta property=\"og:image\" content=\"https:\/\/www.eldiario.net\/portal\/wp-content\/uploads\/2024\/10\/IMG-20241009-WA0145-scaled.jpg\" \/>\n\t<meta property=\"og:image:width\" content=\"2560\" \/>\n\t<meta property=\"og:image:height\" content=\"1707\" \/>\n\t<meta property=\"og:image:type\" content=\"image\/jpeg\" \/>\n<meta name=\"author\" content=\"Jeanette\" \/>\n<meta name=\"twitter:card\" content=\"summary_large_image\" \/>\n<meta name=\"twitter:creator\" content=\"@eldiario_net\" \/>\n<meta name=\"twitter:site\" content=\"@eldiario_net\" \/>\n<meta name=\"twitter:label1\" content=\"Escrito por\" \/>\n\t<meta name=\"twitter:data1\" content=\"Jeanette\" \/>\n\t<meta name=\"twitter:label2\" content=\"Tiempo de lectura\" \/>\n\t<meta name=\"twitter:data2\" content=\"2 minutos\" \/>\n<script type=\"application\/ld+json\" class=\"yoast-schema-graph\">{\"@context\":\"https:\\\/\\\/schema.org\",\"@graph\":[{\"@type\":\"Article\",\"@id\":\"https:\\\/\\\/www.eldiario.net\\\/portal\\\/2024\\\/10\\\/10\\\/villegas-tiene-confianza-de-hacer-un-buen-partido\\\/#article\",\"isPartOf\":{\"@id\":\"https:\\\/\\\/www.eldiario.net\\\/portal\\\/2024\\\/10\\\/10\\\/villegas-tiene-confianza-de-hacer-un-buen-partido\\\/\"},\"author\":{\"name\":\"Jeanette\",\"@id\":\"https:\\\/\\\/www.eldiario.net\\\/portal\\\/#\\\/schema\\\/person\\\/f46445640444750d7d753ccd04ae01b7\"},\"headline\":\"Villegas tiene confianza de hacer un buen partido\",\"datePublished\":\"2024-10-10T10:17:44+00:00\",\"mainEntityOfPage\":{\"@id\":\"https:\\\/\\\/www.eldiario.net\\\/portal\\\/2024\\\/10\\\/10\\\/villegas-tiene-confianza-de-hacer-un-buen-partido\\\/\"},\"wordCount\":386,\"commentCount\":0,\"publisher\":{\"@id\":\"https:\\\/\\\/www.eldiario.net\\\/portal\\\/#organization\"},\"image\":{\"@id\":\"https:\\\/\\\/www.eldiario.net\\\/portal\\\/2024\\\/10\\\/10\\\/villegas-tiene-confianza-de-hacer-un-buen-partido\\\/#primaryimage\"},\"thumbnailUrl\":\"https:\\\/\\\/www.eldiario.net\\\/portal\\\/wp-content\\\/uploads\\\/2024\\\/10\\\/IMG-20241009-WA0145-scaled.jpg\",\"articleSection\":[\"Deportes\"],\"inLanguage\":\"es\",\"potentialAction\":[{\"@type\":\"CommentAction\",\"name\":\"Comment\",\"target\":[\"https:\\\/\\\/www.eldiario.net\\\/portal\\\/2024\\\/10\\\/10\\\/villegas-tiene-confianza-de-hacer-un-buen-partido\\\/#respond\"]}]},{\"@type\":\"WebPage\",\"@id\":\"https:\\\/\\\/www.eldiario.net\\\/portal\\\/2024\\\/10\\\/10\\\/villegas-tiene-confianza-de-hacer-un-buen-partido\\\/\",\"url\":\"https:\\\/\\\/www.eldiario.net\\\/portal\\\/2024\\\/10\\\/10\\\/villegas-tiene-confianza-de-hacer-un-buen-partido\\\/\",\"name\":\"Villegas tiene confianza de hacer un buen partido - El Diario - Bolivia\",\"isPartOf\":{\"@id\":\"https:\\\/\\\/www.eldiario.net\\\/portal\\\/#website\"},\"primaryImageOfPage\":{\"@id\":\"https:\\\/\\\/www.eldiario.net\\\/portal\\\/2024\\\/10\\\/10\\\/villegas-tiene-confianza-de-hacer-un-buen-partido\\\/#primaryimage\"},\"image\":{\"@id\":\"https:\\\/\\\/www.eldiario.net\\\/portal\\\/2024\\\/10\\\/10\\\/villegas-tiene-confianza-de-hacer-un-buen-partido\\\/#primaryimage\"},\"thumbnailUrl\":\"https:\\\/\\\/www.eldiario.net\\\/portal\\\/wp-content\\\/uploads\\\/2024\\\/10\\\/IMG-20241009-WA0145-scaled.jpg\",\"datePublished\":\"2024-10-10T10:17:44+00:00\",\"breadcrumb\":{\"@id\":\"https:\\\/\\\/www.eldiario.net\\\/portal\\\/2024\\\/10\\\/10\\\/villegas-tiene-confianza-de-hacer-un-buen-partido\\\/#breadcrumb\"},\"inLanguage\":\"es\",\"potentialAction\":[{\"@type\":\"ReadAction\",\"target\":[\"https:\\\/\\\/www.eldiario.net\\\/portal\\\/2024\\\/10\\\/10\\\/villegas-tiene-confianza-de-hacer-un-buen-partido\\\/\"]}]},{\"@type\":\"ImageObject\",\"inLanguage\":\"es\",\"@id\":\"https:\\\/\\\/www.eldiario.net\\\/portal\\\/2024\\\/10\\\/10\\\/villegas-tiene-confianza-de-hacer-un-buen-partido\\\/#primaryimage\",\"url\":\"https:\\\/\\\/www.eldiario.net\\\/portal\\\/wp-content\\\/uploads\\\/2024\\\/10\\\/IMG-20241009-WA0145-scaled.jpg\",\"contentUrl\":\"https:\\\/\\\/www.eldiario.net\\\/portal\\\/wp-content\\\/uploads\\\/2024\\\/10\\\/IMG-20241009-WA0145-scaled.jpg\",\"width\":2560,\"height\":1707},{\"@type\":\"BreadcrumbList\",\"@id\":\"https:\\\/\\\/www.eldiario.net\\\/portal\\\/2024\\\/10\\\/10\\\/villegas-tiene-confianza-de-hacer-un-buen-partido\\\/#breadcrumb\",\"itemListElement\":[{\"@type\":\"ListItem\",\"position\":1,\"name\":\"Portada\",\"item\":\"https:\\\/\\\/www.eldiario.net\\\/portal\\\/\"},{\"@type\":\"ListItem\",\"position\":2,\"name\":\"Villegas tiene confianza de hacer un buen partido\"}]},{\"@type\":\"WebSite\",\"@id\":\"https:\\\/\\\/www.eldiario.net\\\/portal\\\/#website\",\"url\":\"https:\\\/\\\/www.eldiario.net\\\/portal\\\/\",\"name\":\"El Diario - Decano de la prensa nacional\",\"description\":\"El Diario - Decano de la prensa nacional\",\"publisher\":{\"@id\":\"https:\\\/\\\/www.eldiario.net\\\/portal\\\/#organization\"},\"potentialAction\":[{\"@type\":\"SearchAction\",\"target\":{\"@type\":\"EntryPoint\",\"urlTemplate\":\"https:\\\/\\\/www.eldiario.net\\\/portal\\\/?s={search_term_string}\"},\"query-input\":{\"@type\":\"PropertyValueSpecification\",\"valueRequired\":true,\"valueName\":\"search_term_string\"}}],\"inLanguage\":\"es\"},{\"@type\":\"Organization\",\"@id\":\"https:\\\/\\\/www.eldiario.net\\\/portal\\\/#organization\",\"name\":\"El Diario - Decano de la prensa nacional\",\"url\":\"https:\\\/\\\/www.eldiario.net\\\/portal\\\/\",\"logo\":{\"@type\":\"ImageObject\",\"inLanguage\":\"es\",\"@id\":\"https:\\\/\\\/www.eldiario.net\\\/portal\\\/#\\\/schema\\\/logo\\\/image\\\/\",\"url\":\"https:\\\/\\\/www.eldiario.net\\\/portal\\\/wp-content\\\/uploads\\\/2023\\\/07\\\/logo_ED.jpg\",\"contentUrl\":\"https:\\\/\\\/www.eldiario.net\\\/portal\\\/wp-content\\\/uploads\\\/2023\\\/07\\\/logo_ED.jpg\",\"width\":272,\"height\":52,\"caption\":\"El Diario - Decano de la prensa nacional\"},\"image\":{\"@id\":\"https:\\\/\\\/www.eldiario.net\\\/portal\\\/#\\\/schema\\\/logo\\\/image\\\/\"},\"sameAs\":[\"https:\\\/\\\/www.facebook.com\\\/eldiario.bolivia\\\/\",\"https:\\\/\\\/x.com\\\/eldiario_net\"]},{\"@type\":\"Person\",\"@id\":\"https:\\\/\\\/www.eldiario.net\\\/portal\\\/#\\\/schema\\\/person\\\/f46445640444750d7d753ccd04ae01b7\",\"name\":\"Jeanette\",\"image\":{\"@type\":\"ImageObject\",\"inLanguage\":\"es\",\"@id\":\"https:\\\/\\\/secure.gravatar.com\\\/avatar\\\/3ea2118a5f7dad2b7138b1187a6b7ee55f160b9968b66013c3a3ef39dd7e5798?s=96&d=mm&r=g\",\"url\":\"https:\\\/\\\/secure.gravatar.com\\\/avatar\\\/3ea2118a5f7dad2b7138b1187a6b7ee55f160b9968b66013c3a3ef39dd7e5798?s=96&d=mm&r=g\",\"contentUrl\":\"https:\\\/\\\/secure.gravatar.com\\\/avatar\\\/3ea2118a5f7dad2b7138b1187a6b7ee55f160b9968b66013c3a3ef39dd7e5798?s=96&d=mm&r=g\",\"caption\":\"Jeanette\"},\"sameAs\":[\"https:\\\/\\\/www.eldiario.net\\\/portal\"],\"url\":\"https:\\\/\\\/www.eldiario.net\\\/portal\\\/author\\\/jeanette\\\/\"}]}<\/script>\n<!-- \/ Yoast SEO plugin. -->","yoast_head_json":{"title":"Villegas tiene confianza de hacer un buen partido - El Diario - Bolivia","robots":{"index":"index","follow":"follow","max-snippet":"max-snippet:-1","max-image-preview":"max-image-preview:large","max-video-preview":"max-video-preview:-1"},"canonical":"https:\/\/www.eldiario.net\/portal\/2024\/10\/10\/villegas-tiene-confianza-de-hacer-un-buen-partido\/","og_locale":"es_ES","og_type":"article","og_title":"Villegas tiene confianza de hacer un buen partido - El Diario - Bolivia","og_description":"El seleccionador \u00d3scar Villegas qued\u00f3 despreocupado por el hecho de que el factor de la altura de la ciudad de El Alto est\u00e9 en primera fila en los comentarios en el lado de Colombia antes del juego contra Bolivia, partido que se disputar\u00e1 este jueves, desde las 16:00, por la novena fecha de las clasificatorias [&hellip;]","og_url":"https:\/\/www.eldiario.net\/portal\/2024\/10\/10\/villegas-tiene-confianza-de-hacer-un-buen-partido\/","og_site_name":"El Diario - Bolivia","article_publisher":"https:\/\/www.facebook.com\/eldiario.bolivia\/","article_published_time":"2024-10-10T10:17:44+00:00","og_image":[{"width":2560,"height":1707,"url":"https:\/\/www.eldiario.net\/portal\/wp-content\/uploads\/2024\/10\/IMG-20241009-WA0145-scaled.jpg","type":"image\/jpeg"}],"author":"Jeanette","twitter_card":"summary_large_image","twitter_creator":"@eldiario_net","twitter_site":"@eldiario_net","twitter_misc":{"Escrito por":"Jeanette","Tiempo de lectura":"2 minutos"},"schema":{"@context":"https:\/\/schema.org","@graph":[{"@type":"Article","@id":"https:\/\/www.eldiario.net\/portal\/2024\/10\/10\/villegas-tiene-confianza-de-hacer-un-buen-partido\/#article","isPartOf":{"@id":"https:\/\/www.eldiario.net\/portal\/2024\/10\/10\/villegas-tiene-confianza-de-hacer-un-buen-partido\/"},"author":{"name":"Jeanette","@id":"https:\/\/www.eldiario.net\/portal\/#\/schema\/person\/f46445640444750d7d753ccd04ae01b7"},"headline":"Villegas tiene confianza de hacer un buen partido","datePublished":"2024-10-10T10:17:44+00:00","mainEntityOfPage":{"@id":"https:\/\/www.eldiario.net\/portal\/2024\/10\/10\/villegas-tiene-confianza-de-hacer-un-buen-partido\/"},"wordCount":386,"commentCount":0,"publisher":{"@id":"https:\/\/www.eldiario.net\/portal\/#organization"},"image":{"@id":"https:\/\/www.eldiario.net\/portal\/2024\/10\/10\/villegas-tiene-confianza-de-hacer-un-buen-partido\/#primaryimage"},"thumbnailUrl":"https:\/\/www.eldiario.net\/portal\/wp-content\/uploads\/2024\/10\/IMG-20241009-WA0145-scaled.jpg","articleSection":["Deportes"],"inLanguage":"es","potentialAction":[{"@type":"CommentAction","name":"Comment","target":["https:\/\/www.eldiario.net\/portal\/2024\/10\/10\/villegas-tiene-confianza-de-hacer-un-buen-partido\/#respond"]}]},{"@type":"WebPage","@id":"https:\/\/www.eldiario.net\/portal\/2024\/10\/10\/villegas-tiene-confianza-de-hacer-un-buen-partido\/","url":"https:\/\/www.eldiario.net\/portal\/2024\/10\/10\/villegas-tiene-confianza-de-hacer-un-buen-partido\/","name":"Villegas tiene confianza de hacer un buen partido - El Diario - Bolivia","isPartOf":{"@id":"https:\/\/www.eldiario.net\/portal\/#website"},"primaryImageOfPage":{"@id":"https:\/\/www.eldiario.net\/portal\/2024\/10\/10\/villegas-tiene-confianza-de-hacer-un-buen-partido\/#primaryimage"},"image":{"@id":"https:\/\/www.eldiario.net\/portal\/2024\/10\/10\/villegas-tiene-confianza-de-hacer-un-buen-partido\/#primaryimage"},"thumbnailUrl":"https:\/\/www.eldiario.net\/portal\/wp-content\/uploads\/2024\/10\/IMG-20241009-WA0145-scaled.jpg","datePublished":"2024-10-10T10:17:44+00:00","breadcrumb":{"@id":"https:\/\/www.eldiario.net\/portal\/2024\/10\/10\/villegas-tiene-confianza-de-hacer-un-buen-partido\/#breadcrumb"},"inLanguage":"es","potentialAction":[{"@type":"ReadAction","target":["https:\/\/www.eldiario.net\/portal\/2024\/10\/10\/villegas-tiene-confianza-de-hacer-un-buen-partido\/"]}]},{"@type":"ImageObject","inLanguage":"es","@id":"https:\/\/www.eldiario.net\/portal\/2024\/10\/10\/villegas-tiene-confianza-de-hacer-un-buen-partido\/#primaryimage","url":"https:\/\/www.eldiario.net\/portal\/wp-content\/uploads\/2024\/10\/IMG-20241009-WA0145-scaled.jpg","contentUrl":"https:\/\/www.eldiario.net\/portal\/wp-content\/uploads\/2024\/10\/IMG-20241009-WA0145-scaled.jpg","width":2560,"height":1707},{"@type":"BreadcrumbList","@id":"https:\/\/www.eldiario.net\/portal\/2024\/10\/10\/villegas-tiene-confianza-de-hacer-un-buen-partido\/#breadcrumb","itemListElement":[{"@type":"ListItem","position":1,"name":"Portada","item":"https:\/\/www.eldiario.net\/portal\/"},{"@type":"ListItem","position":2,"name":"Villegas tiene confianza de hacer un buen partido"}]},{"@type":"WebSite","@id":"https:\/\/www.eldiario.net\/portal\/#website","url":"https:\/\/www.eldiario.net\/portal\/","name":"El Diario - Decano de la prensa nacional","description":"El Diario - Decano de la prensa nacional","publisher":{"@id":"https:\/\/www.eldiario.net\/portal\/#organization"},"potentialAction":[{"@type":"SearchAction","target":{"@type":"EntryPoint","urlTemplate":"https:\/\/www.eldiario.net\/portal\/?s={search_term_string}"},"query-input":{"@type":"PropertyValueSpecification","valueRequired":true,"valueName":"search_term_string"}}],"inLanguage":"es"},{"@type":"Organization","@id":"https:\/\/www.eldiario.net\/portal\/#organization","name":"El Diario - Decano de la prensa nacional","url":"https:\/\/www.eldiario.net\/portal\/","logo":{"@type":"ImageObject","inLanguage":"es","@id":"https:\/\/www.eldiario.net\/portal\/#\/schema\/logo\/image\/","url":"https:\/\/www.eldiario.net\/portal\/wp-content\/uploads\/2023\/07\/logo_ED.jpg","contentUrl":"https:\/\/www.eldiario.net\/portal\/wp-content\/uploads\/2023\/07\/logo_ED.jpg","width":272,"height":52,"caption":"El Diario - Decano de la prensa nacional"},"image":{"@id":"https:\/\/www.eldiario.net\/portal\/#\/schema\/logo\/image\/"},"sameAs":["https:\/\/www.facebook.com\/eldiario.bolivia\/","https:\/\/x.com\/eldiario_net"]},{"@type":"Person","@id":"https:\/\/www.eldiario.net\/portal\/#\/schema\/person\/f46445640444750d7d753ccd04ae01b7","name":"Jeanette","image":{"@type":"ImageObject","inLanguage":"es","@id":"https:\/\/secure.gravatar.com\/avatar\/3ea2118a5f7dad2b7138b1187a6b7ee55f160b9968b66013c3a3ef39dd7e5798?s=96&d=mm&r=g","url":"https:\/\/secure.gravatar.com\/avatar\/3ea2118a5f7dad2b7138b1187a6b7ee55f160b9968b66013c3a3ef39dd7e5798?s=96&d=mm&r=g","contentUrl":"https:\/\/secure.gravatar.com\/avatar\/3ea2118a5f7dad2b7138b1187a6b7ee55f160b9968b66013c3a3ef39dd7e5798?s=96&d=mm&r=g","caption":"Jeanette"},"sameAs":["https:\/\/www.eldiario.net\/portal"],"url":"https:\/\/www.eldiario.net\/portal\/author\/jeanette\/"}]}},"_links":{"self":[{"href":"https:\/\/www.eldiario.net\/portal\/wp-json\/wp\/v2\/posts\/253242","targetHints":{"allow":["GET"]}}],"collection":[{"href":"https:\/\/www.eldiario.net\/portal\/wp-json\/wp\/v2\/posts"}],"about":[{"href":"https:\/\/www.eldiario.net\/portal\/wp-json\/wp\/v2\/types\/post"}],"author":[{"embeddable":true,"href":"https:\/\/www.eldiario.net\/portal\/wp-json\/wp\/v2\/users\/1"}],"replies":[{"embeddable":true,"href":"https:\/\/www.eldiario.net\/portal\/wp-json\/wp\/v2\/comments?post=253242"}],"version-history":[{"count":1,"href":"https:\/\/www.eldiario.net\/portal\/wp-json\/wp\/v2\/posts\/253242\/revisions"}],"predecessor-version":[{"id":253244,"href":"https:\/\/www.eldiario.net\/portal\/wp-json\/wp\/v2\/posts\/253242\/revisions\/253244"}],"wp:featuredmedia":[{"embeddable":true,"href":"https:\/\/www.eldiario.net\/portal\/wp-json\/wp\/v2\/media\/253243"}],"wp:attachment":[{"href":"https:\/\/www.eldiario.net\/portal\/wp-json\/wp\/v2\/media?parent=253242"}],"wp:term":[{"taxonomy":"category","embeddable":true,"href":"https:\/\/www.eldiario.net\/portal\/wp-json\/wp\/v2\/categories?post=253242"},{"taxonomy":"post_tag","embeddable":true,"href":"https:\/\/www.eldiario.net\/portal\/wp-json\/wp\/v2\/tags?post=253242"}],"curies":[{"name":"wp","href":"https:\/\/api.w.org\/{rel}","templated":true}]}}