{"id":253239,"date":"2024-10-10T06:17:07","date_gmt":"2024-10-10T10:17:07","guid":{"rendered":"https:\/\/www.eldiario.net\/portal\/?p=253239"},"modified":"2024-10-10T06:17:07","modified_gmt":"2024-10-10T10:17:07","slug":"a-terminar-el-invicto-de-colombia","status":"publish","type":"post","link":"https:\/\/www.eldiario.net\/portal\/2024\/10\/10\/a-terminar-el-invicto-de-colombia\/","title":{"rendered":"A terminar el invicto de Colombia"},"content":{"rendered":"<p>Vigorizado por los recientes resultados y con el apoyo de la afici\u00f3n en el cierre de pr\u00e1cticas, la Selecci\u00f3n de Bolivia ir\u00e1 de frente contra Colombia este jueves, desde las 16:00, tratando de hacer valer su condici\u00f3n de local en su nueva casa, el estadio Municipal de El Alto, para sumar los tres puntos y quitarle el invicto de ocho partidos al rival en el cierre de la primera rueda de las clasificatorias a la Copa Mundial 2026.<\/p>\n<div dir=\"auto\"><\/div>\n<div dir=\"auto\">De la noche a la ma\u00f1ana, Bolivia cambi\u00f3 su fisonom\u00eda de juego y su actitud en el terreno, este giro ser\u00e1 puesto a prueba contra un rival de peso y con mayor jerarqu\u00eda en cuanto a elemento humano, en relaci\u00f3n a lo que mostraron Venezuela (4-0) y Chile (2-1). La propuesta futbol\u00edstica ser\u00e1 la misma, con la motivaci\u00f3n rebalsando por los costados.<\/div>\n<div dir=\"auto\"><\/div>\n<div dir=\"auto\">El seleccionador del cuadro verde, \u00d3scar Villegas, quiere seguir sacando provecho de este buen momento de sus jugadores camino a convertir el estadio Municipal en una fortaleza impasable y colocarse en la pelea por la clasificaci\u00f3n a la cita mundialista.<\/div>\n<div dir=\"auto\"><\/div>\n<div dir=\"auto\">Los dos triunfos obtenidos en la pasada doble fecha, han opacado, quieran o no, la idea del proceso a diez a\u00f1os que anunci\u00f3 la Federaci\u00f3n Boliviana de F\u00fatbol (FBF) y ahora el objetivo est\u00e1 en llegar a la Copa Mundial. Esta meta se har\u00e1 visible con la conquista de una victoria este jueves, con lo cual el elenco de Villegas llegar\u00e1 a los 12 puntos, abri\u00e9ndose paso entre las dem\u00e1s selecciones.<\/div>\n<div dir=\"auto\"><\/div>\n<div dir=\"auto\">La pr\u00e1ctica de este mi\u00e9rcoles cerr\u00f3 la preparaci\u00f3n bajo un ambiente distendido en el estadio Rafael Mendoza Castell\u00f3n, con la asistencia de 300 personas, aproximadamente, entre hinchas, curiosos, ni\u00f1os y una banda de m\u00fasica, d\u00e1ndole un matiz colorido al trabajo.<\/div>\n<div dir=\"auto\"><\/div>\n<div dir=\"auto\">A diferencia del anterior partido de local, Villegas tendr\u00e1 como baja a Roberto Fern\u00e1ndez por acumulaci\u00f3n de amonestaciones; adem\u00e1s de Carlos Lampe y Henry Vaca por lesiones. Sin estos jugadores, se abri\u00f3 paso a la incorporaci\u00f3n de Guillermo Viscarra, Miguel Terceros y Jhon Vel\u00e1squez, aunque Jeyson Chura se asoma a la titularidad por el extremo izquierdo de la ofensiva.<\/div>\n<div dir=\"auto\"><\/div>\n<div dir=\"auto\">La delegaci\u00f3n de Colombia lleg\u00f3 el fin de semana a Cochabamba, como parte del proceso de adaptaci\u00f3n a la altitud que enfrentar\u00e1 en El Alto. Entre estas ciudades, hay 1.500 metros de diferencia, el experimento del entrenador, N\u00e9stor Lorenzo, espera que sus jugadores puedan rendir sin dificultad.<\/div>\n<div dir=\"auto\"><\/div>\n<div dir=\"auto\">Adem\u00e1s de su invicto en estas clasificatorias, Colombia lleva nueve partidos sin perder ante este rival en las eliminatorias, con nueve triunfos y dos empates y hace 21 a\u00f1os que Bolivia no ha podido vencer a los colombianos en condici\u00f3n de local.<\/div>\n<div dir=\"auto\"><\/div>\n<div dir=\"auto\">Con 16 puntos, Colombia est\u00e1 como segundo, dos por debajo de Argentina, en la tabla. En El Alto tratar\u00e1 de sumar para seguir asom\u00e1ndose a la siguiente Copa Mundial.<\/div>\n<div dir=\"auto\"><\/div>\n<div dir=\"auto\">El \u00e1rbitro brasile\u00f1o Wilton Sampaio controlar\u00e1 las acciones, asistido por: Bruno Boschilia y Nailton de Souza. Daniel Nobre (Brasil) ser\u00e1 el juez VAR y Pablo Gonz\u00e1lez, el AVAR.<\/div>\n<div dir=\"auto\"><\/div>\n<div dir=\"auto\">Equipos:<\/div>\n<div dir=\"auto\">Bolivia: Guillermo Viscarra; Diego Medina, Luis Haqu\u00edn, Marcelo Su\u00e1rez, Jos\u00e9 Sagredo, H\u00e9ctor Cu\u00e9llar, Robson Tome, Ramiro Vaca, Miguel Terceros, Jhon Vel\u00e1squez y Carmelo Algara\u00f1az.<\/div>\n<div dir=\"auto\">DT: \u00d3scar Villegas.<\/div>\n<div dir=\"auto\"><\/div>\n<div dir=\"auto\">Colombia: Camilo Vargas; Santiago Arias, Davinson S\u00e1nchez, Juan Cabal, Jhon Lucum\u00ed, Matheus Uribe, Jefferson Lerma, Jhon Arias, James Rodr\u00edguez, Luis D\u00edaz y Roger Mart\u00ednez.<\/div>\n<div dir=\"auto\">DT: N\u00e9stor Lorenzo.<\/div>\n","protected":false},"excerpt":{"rendered":"<p>Vigorizado por los recientes resultados y con el apoyo de la afici\u00f3n en el cierre de pr\u00e1cticas, la Selecci\u00f3n de Bolivia ir\u00e1 de frente contra Colombia este jueves, desde las 16:00, tratando de hacer valer su condici\u00f3n de local en su nueva casa, el estadio Municipal de El Alto, para sumar los tres puntos y [&hellip;]<\/p>\n","protected":false},"author":1,"featured_media":253240,"comment_status":"open","ping_status":"open","sticky":false,"template":"","format":"standard","meta":{"_acf_changed":false,"footnotes":""},"categories":[6],"tags":[],"class_list":["post-253239","post","type-post","status-publish","format-standard","has-post-thumbnail","category-deportes"],"acf":{"antetitulo":""},"yoast_head":"<!-- This site is optimized with the Yoast SEO plugin v28.3 - https:\/\/yoast.com\/product\/yoast-seo-wordpress\/ -->\n<title>A terminar el invicto de Colombia - El Diario - Bolivia<\/title>\n<meta name=\"robots\" content=\"index, follow, max-snippet:-1, max-image-preview:large, max-video-preview:-1\" \/>\n<link rel=\"canonical\" href=\"https:\/\/www.eldiario.net\/portal\/2024\/10\/10\/a-terminar-el-invicto-de-colombia\/\" \/>\n<meta property=\"og:locale\" content=\"es_ES\" \/>\n<meta property=\"og:type\" content=\"article\" \/>\n<meta property=\"og:title\" content=\"A terminar el invicto de Colombia - El Diario - Bolivia\" \/>\n<meta property=\"og:description\" content=\"Vigorizado por los recientes resultados y con el apoyo de la afici\u00f3n en el cierre de pr\u00e1cticas, la Selecci\u00f3n de Bolivia ir\u00e1 de frente contra Colombia este jueves, desde las 16:00, tratando de hacer valer su condici\u00f3n de local en su nueva casa, el estadio Municipal de El Alto, para sumar los tres puntos y [&hellip;]\" \/>\n<meta property=\"og:url\" content=\"https:\/\/www.eldiario.net\/portal\/2024\/10\/10\/a-terminar-el-invicto-de-colombia\/\" \/>\n<meta property=\"og:site_name\" content=\"El Diario - Bolivia\" \/>\n<meta property=\"article:publisher\" content=\"https:\/\/www.facebook.com\/eldiario.bolivia\/\" \/>\n<meta property=\"article:published_time\" content=\"2024-10-10T10:17:07+00:00\" \/>\n<meta property=\"og:image\" content=\"https:\/\/www.eldiario.net\/portal\/wp-content\/uploads\/2024\/10\/IMG-20241009-WA0040.jpg\" \/>\n\t<meta property=\"og:image:width\" content=\"1200\" \/>\n\t<meta property=\"og:image:height\" content=\"800\" \/>\n\t<meta property=\"og:image:type\" content=\"image\/jpeg\" \/>\n<meta name=\"author\" content=\"Jeanette\" \/>\n<meta name=\"twitter:card\" content=\"summary_large_image\" \/>\n<meta name=\"twitter:creator\" content=\"@eldiario_net\" \/>\n<meta name=\"twitter:site\" content=\"@eldiario_net\" \/>\n<meta name=\"twitter:label1\" content=\"Escrito por\" \/>\n\t<meta name=\"twitter:data1\" content=\"Jeanette\" \/>\n\t<meta name=\"twitter:label2\" content=\"Tiempo de lectura\" \/>\n\t<meta name=\"twitter:data2\" content=\"3 minutos\" \/>\n<script type=\"application\/ld+json\" class=\"yoast-schema-graph\">{\"@context\":\"https:\\\/\\\/schema.org\",\"@graph\":[{\"@type\":\"Article\",\"@id\":\"https:\\\/\\\/www.eldiario.net\\\/portal\\\/2024\\\/10\\\/10\\\/a-terminar-el-invicto-de-colombia\\\/#article\",\"isPartOf\":{\"@id\":\"https:\\\/\\\/www.eldiario.net\\\/portal\\\/2024\\\/10\\\/10\\\/a-terminar-el-invicto-de-colombia\\\/\"},\"author\":{\"name\":\"Jeanette\",\"@id\":\"https:\\\/\\\/www.eldiario.net\\\/portal\\\/#\\\/schema\\\/person\\\/f46445640444750d7d753ccd04ae01b7\"},\"headline\":\"A terminar el invicto de Colombia\",\"datePublished\":\"2024-10-10T10:17:07+00:00\",\"mainEntityOfPage\":{\"@id\":\"https:\\\/\\\/www.eldiario.net\\\/portal\\\/2024\\\/10\\\/10\\\/a-terminar-el-invicto-de-colombia\\\/\"},\"wordCount\":598,\"commentCount\":0,\"publisher\":{\"@id\":\"https:\\\/\\\/www.eldiario.net\\\/portal\\\/#organization\"},\"image\":{\"@id\":\"https:\\\/\\\/www.eldiario.net\\\/portal\\\/2024\\\/10\\\/10\\\/a-terminar-el-invicto-de-colombia\\\/#primaryimage\"},\"thumbnailUrl\":\"https:\\\/\\\/www.eldiario.net\\\/portal\\\/wp-content\\\/uploads\\\/2024\\\/10\\\/IMG-20241009-WA0040.jpg\",\"articleSection\":[\"Deportes\"],\"inLanguage\":\"es\",\"potentialAction\":[{\"@type\":\"CommentAction\",\"name\":\"Comment\",\"target\":[\"https:\\\/\\\/www.eldiario.net\\\/portal\\\/2024\\\/10\\\/10\\\/a-terminar-el-invicto-de-colombia\\\/#respond\"]}]},{\"@type\":\"WebPage\",\"@id\":\"https:\\\/\\\/www.eldiario.net\\\/portal\\\/2024\\\/10\\\/10\\\/a-terminar-el-invicto-de-colombia\\\/\",\"url\":\"https:\\\/\\\/www.eldiario.net\\\/portal\\\/2024\\\/10\\\/10\\\/a-terminar-el-invicto-de-colombia\\\/\",\"name\":\"A terminar el invicto de Colombia - El Diario - Bolivia\",\"isPartOf\":{\"@id\":\"https:\\\/\\\/www.eldiario.net\\\/portal\\\/#website\"},\"primaryImageOfPage\":{\"@id\":\"https:\\\/\\\/www.eldiario.net\\\/portal\\\/2024\\\/10\\\/10\\\/a-terminar-el-invicto-de-colombia\\\/#primaryimage\"},\"image\":{\"@id\":\"https:\\\/\\\/www.eldiario.net\\\/portal\\\/2024\\\/10\\\/10\\\/a-terminar-el-invicto-de-colombia\\\/#primaryimage\"},\"thumbnailUrl\":\"https:\\\/\\\/www.eldiario.net\\\/portal\\\/wp-content\\\/uploads\\\/2024\\\/10\\\/IMG-20241009-WA0040.jpg\",\"datePublished\":\"2024-10-10T10:17:07+00:00\",\"breadcrumb\":{\"@id\":\"https:\\\/\\\/www.eldiario.net\\\/portal\\\/2024\\\/10\\\/10\\\/a-terminar-el-invicto-de-colombia\\\/#breadcrumb\"},\"inLanguage\":\"es\",\"potentialAction\":[{\"@type\":\"ReadAction\",\"target\":[\"https:\\\/\\\/www.eldiario.net\\\/portal\\\/2024\\\/10\\\/10\\\/a-terminar-el-invicto-de-colombia\\\/\"]}]},{\"@type\":\"ImageObject\",\"inLanguage\":\"es\",\"@id\":\"https:\\\/\\\/www.eldiario.net\\\/portal\\\/2024\\\/10\\\/10\\\/a-terminar-el-invicto-de-colombia\\\/#primaryimage\",\"url\":\"https:\\\/\\\/www.eldiario.net\\\/portal\\\/wp-content\\\/uploads\\\/2024\\\/10\\\/IMG-20241009-WA0040.jpg\",\"contentUrl\":\"https:\\\/\\\/www.eldiario.net\\\/portal\\\/wp-content\\\/uploads\\\/2024\\\/10\\\/IMG-20241009-WA0040.jpg\",\"width\":1200,\"height\":800},{\"@type\":\"BreadcrumbList\",\"@id\":\"https:\\\/\\\/www.eldiario.net\\\/portal\\\/2024\\\/10\\\/10\\\/a-terminar-el-invicto-de-colombia\\\/#breadcrumb\",\"itemListElement\":[{\"@type\":\"ListItem\",\"position\":1,\"name\":\"Portada\",\"item\":\"https:\\\/\\\/www.eldiario.net\\\/portal\\\/\"},{\"@type\":\"ListItem\",\"position\":2,\"name\":\"A terminar el invicto de Colombia\"}]},{\"@type\":\"WebSite\",\"@id\":\"https:\\\/\\\/www.eldiario.net\\\/portal\\\/#website\",\"url\":\"https:\\\/\\\/www.eldiario.net\\\/portal\\\/\",\"name\":\"El Diario - Decano de la prensa nacional\",\"description\":\"El Diario - Decano de la prensa nacional\",\"publisher\":{\"@id\":\"https:\\\/\\\/www.eldiario.net\\\/portal\\\/#organization\"},\"potentialAction\":[{\"@type\":\"SearchAction\",\"target\":{\"@type\":\"EntryPoint\",\"urlTemplate\":\"https:\\\/\\\/www.eldiario.net\\\/portal\\\/?s={search_term_string}\"},\"query-input\":{\"@type\":\"PropertyValueSpecification\",\"valueRequired\":true,\"valueName\":\"search_term_string\"}}],\"inLanguage\":\"es\"},{\"@type\":\"Organization\",\"@id\":\"https:\\\/\\\/www.eldiario.net\\\/portal\\\/#organization\",\"name\":\"El Diario - Decano de la prensa nacional\",\"url\":\"https:\\\/\\\/www.eldiario.net\\\/portal\\\/\",\"logo\":{\"@type\":\"ImageObject\",\"inLanguage\":\"es\",\"@id\":\"https:\\\/\\\/www.eldiario.net\\\/portal\\\/#\\\/schema\\\/logo\\\/image\\\/\",\"url\":\"https:\\\/\\\/www.eldiario.net\\\/portal\\\/wp-content\\\/uploads\\\/2023\\\/07\\\/logo_ED.jpg\",\"contentUrl\":\"https:\\\/\\\/www.eldiario.net\\\/portal\\\/wp-content\\\/uploads\\\/2023\\\/07\\\/logo_ED.jpg\",\"width\":272,\"height\":52,\"caption\":\"El Diario - Decano de la prensa nacional\"},\"image\":{\"@id\":\"https:\\\/\\\/www.eldiario.net\\\/portal\\\/#\\\/schema\\\/logo\\\/image\\\/\"},\"sameAs\":[\"https:\\\/\\\/www.facebook.com\\\/eldiario.bolivia\\\/\",\"https:\\\/\\\/x.com\\\/eldiario_net\"]},{\"@type\":\"Person\",\"@id\":\"https:\\\/\\\/www.eldiario.net\\\/portal\\\/#\\\/schema\\\/person\\\/f46445640444750d7d753ccd04ae01b7\",\"name\":\"Jeanette\",\"image\":{\"@type\":\"ImageObject\",\"inLanguage\":\"es\",\"@id\":\"https:\\\/\\\/secure.gravatar.com\\\/avatar\\\/3ea2118a5f7dad2b7138b1187a6b7ee55f160b9968b66013c3a3ef39dd7e5798?s=96&d=mm&r=g\",\"url\":\"https:\\\/\\\/secure.gravatar.com\\\/avatar\\\/3ea2118a5f7dad2b7138b1187a6b7ee55f160b9968b66013c3a3ef39dd7e5798?s=96&d=mm&r=g\",\"contentUrl\":\"https:\\\/\\\/secure.gravatar.com\\\/avatar\\\/3ea2118a5f7dad2b7138b1187a6b7ee55f160b9968b66013c3a3ef39dd7e5798?s=96&d=mm&r=g\",\"caption\":\"Jeanette\"},\"sameAs\":[\"https:\\\/\\\/www.eldiario.net\\\/portal\"],\"url\":\"https:\\\/\\\/www.eldiario.net\\\/portal\\\/author\\\/jeanette\\\/\"}]}<\/script>\n<!-- \/ Yoast SEO plugin. -->","yoast_head_json":{"title":"A terminar el invicto de Colombia - El Diario - Bolivia","robots":{"index":"index","follow":"follow","max-snippet":"max-snippet:-1","max-image-preview":"max-image-preview:large","max-video-preview":"max-video-preview:-1"},"canonical":"https:\/\/www.eldiario.net\/portal\/2024\/10\/10\/a-terminar-el-invicto-de-colombia\/","og_locale":"es_ES","og_type":"article","og_title":"A terminar el invicto de Colombia - El Diario - Bolivia","og_description":"Vigorizado por los recientes resultados y con el apoyo de la afici\u00f3n en el cierre de pr\u00e1cticas, la Selecci\u00f3n de Bolivia ir\u00e1 de frente contra Colombia este jueves, desde las 16:00, tratando de hacer valer su condici\u00f3n de local en su nueva casa, el estadio Municipal de El Alto, para sumar los tres puntos y [&hellip;]","og_url":"https:\/\/www.eldiario.net\/portal\/2024\/10\/10\/a-terminar-el-invicto-de-colombia\/","og_site_name":"El Diario - Bolivia","article_publisher":"https:\/\/www.facebook.com\/eldiario.bolivia\/","article_published_time":"2024-10-10T10:17:07+00:00","og_image":[{"width":1200,"height":800,"url":"https:\/\/www.eldiario.net\/portal\/wp-content\/uploads\/2024\/10\/IMG-20241009-WA0040.jpg","type":"image\/jpeg"}],"author":"Jeanette","twitter_card":"summary_large_image","twitter_creator":"@eldiario_net","twitter_site":"@eldiario_net","twitter_misc":{"Escrito por":"Jeanette","Tiempo de lectura":"3 minutos"},"schema":{"@context":"https:\/\/schema.org","@graph":[{"@type":"Article","@id":"https:\/\/www.eldiario.net\/portal\/2024\/10\/10\/a-terminar-el-invicto-de-colombia\/#article","isPartOf":{"@id":"https:\/\/www.eldiario.net\/portal\/2024\/10\/10\/a-terminar-el-invicto-de-colombia\/"},"author":{"name":"Jeanette","@id":"https:\/\/www.eldiario.net\/portal\/#\/schema\/person\/f46445640444750d7d753ccd04ae01b7"},"headline":"A terminar el invicto de Colombia","datePublished":"2024-10-10T10:17:07+00:00","mainEntityOfPage":{"@id":"https:\/\/www.eldiario.net\/portal\/2024\/10\/10\/a-terminar-el-invicto-de-colombia\/"},"wordCount":598,"commentCount":0,"publisher":{"@id":"https:\/\/www.eldiario.net\/portal\/#organization"},"image":{"@id":"https:\/\/www.eldiario.net\/portal\/2024\/10\/10\/a-terminar-el-invicto-de-colombia\/#primaryimage"},"thumbnailUrl":"https:\/\/www.eldiario.net\/portal\/wp-content\/uploads\/2024\/10\/IMG-20241009-WA0040.jpg","articleSection":["Deportes"],"inLanguage":"es","potentialAction":[{"@type":"CommentAction","name":"Comment","target":["https:\/\/www.eldiario.net\/portal\/2024\/10\/10\/a-terminar-el-invicto-de-colombia\/#respond"]}]},{"@type":"WebPage","@id":"https:\/\/www.eldiario.net\/portal\/2024\/10\/10\/a-terminar-el-invicto-de-colombia\/","url":"https:\/\/www.eldiario.net\/portal\/2024\/10\/10\/a-terminar-el-invicto-de-colombia\/","name":"A terminar el invicto de Colombia - El Diario - Bolivia","isPartOf":{"@id":"https:\/\/www.eldiario.net\/portal\/#website"},"primaryImageOfPage":{"@id":"https:\/\/www.eldiario.net\/portal\/2024\/10\/10\/a-terminar-el-invicto-de-colombia\/#primaryimage"},"image":{"@id":"https:\/\/www.eldiario.net\/portal\/2024\/10\/10\/a-terminar-el-invicto-de-colombia\/#primaryimage"},"thumbnailUrl":"https:\/\/www.eldiario.net\/portal\/wp-content\/uploads\/2024\/10\/IMG-20241009-WA0040.jpg","datePublished":"2024-10-10T10:17:07+00:00","breadcrumb":{"@id":"https:\/\/www.eldiario.net\/portal\/2024\/10\/10\/a-terminar-el-invicto-de-colombia\/#breadcrumb"},"inLanguage":"es","potentialAction":[{"@type":"ReadAction","target":["https:\/\/www.eldiario.net\/portal\/2024\/10\/10\/a-terminar-el-invicto-de-colombia\/"]}]},{"@type":"ImageObject","inLanguage":"es","@id":"https:\/\/www.eldiario.net\/portal\/2024\/10\/10\/a-terminar-el-invicto-de-colombia\/#primaryimage","url":"https:\/\/www.eldiario.net\/portal\/wp-content\/uploads\/2024\/10\/IMG-20241009-WA0040.jpg","contentUrl":"https:\/\/www.eldiario.net\/portal\/wp-content\/uploads\/2024\/10\/IMG-20241009-WA0040.jpg","width":1200,"height":800},{"@type":"BreadcrumbList","@id":"https:\/\/www.eldiario.net\/portal\/2024\/10\/10\/a-terminar-el-invicto-de-colombia\/#breadcrumb","itemListElement":[{"@type":"ListItem","position":1,"name":"Portada","item":"https:\/\/www.eldiario.net\/portal\/"},{"@type":"ListItem","position":2,"name":"A terminar el invicto de Colombia"}]},{"@type":"WebSite","@id":"https:\/\/www.eldiario.net\/portal\/#website","url":"https:\/\/www.eldiario.net\/portal\/","name":"El Diario - Decano de la prensa nacional","description":"El Diario - Decano de la prensa nacional","publisher":{"@id":"https:\/\/www.eldiario.net\/portal\/#organization"},"potentialAction":[{"@type":"SearchAction","target":{"@type":"EntryPoint","urlTemplate":"https:\/\/www.eldiario.net\/portal\/?s={search_term_string}"},"query-input":{"@type":"PropertyValueSpecification","valueRequired":true,"valueName":"search_term_string"}}],"inLanguage":"es"},{"@type":"Organization","@id":"https:\/\/www.eldiario.net\/portal\/#organization","name":"El Diario - Decano de la prensa nacional","url":"https:\/\/www.eldiario.net\/portal\/","logo":{"@type":"ImageObject","inLanguage":"es","@id":"https:\/\/www.eldiario.net\/portal\/#\/schema\/logo\/image\/","url":"https:\/\/www.eldiario.net\/portal\/wp-content\/uploads\/2023\/07\/logo_ED.jpg","contentUrl":"https:\/\/www.eldiario.net\/portal\/wp-content\/uploads\/2023\/07\/logo_ED.jpg","width":272,"height":52,"caption":"El Diario - Decano de la prensa nacional"},"image":{"@id":"https:\/\/www.eldiario.net\/portal\/#\/schema\/logo\/image\/"},"sameAs":["https:\/\/www.facebook.com\/eldiario.bolivia\/","https:\/\/x.com\/eldiario_net"]},{"@type":"Person","@id":"https:\/\/www.eldiario.net\/portal\/#\/schema\/person\/f46445640444750d7d753ccd04ae01b7","name":"Jeanette","image":{"@type":"ImageObject","inLanguage":"es","@id":"https:\/\/secure.gravatar.com\/avatar\/3ea2118a5f7dad2b7138b1187a6b7ee55f160b9968b66013c3a3ef39dd7e5798?s=96&d=mm&r=g","url":"https:\/\/secure.gravatar.com\/avatar\/3ea2118a5f7dad2b7138b1187a6b7ee55f160b9968b66013c3a3ef39dd7e5798?s=96&d=mm&r=g","contentUrl":"https:\/\/secure.gravatar.com\/avatar\/3ea2118a5f7dad2b7138b1187a6b7ee55f160b9968b66013c3a3ef39dd7e5798?s=96&d=mm&r=g","caption":"Jeanette"},"sameAs":["https:\/\/www.eldiario.net\/portal"],"url":"https:\/\/www.eldiario.net\/portal\/author\/jeanette\/"}]}},"_links":{"self":[{"href":"https:\/\/www.eldiario.net\/portal\/wp-json\/wp\/v2\/posts\/253239","targetHints":{"allow":["GET"]}}],"collection":[{"href":"https:\/\/www.eldiario.net\/portal\/wp-json\/wp\/v2\/posts"}],"about":[{"href":"https:\/\/www.eldiario.net\/portal\/wp-json\/wp\/v2\/types\/post"}],"author":[{"embeddable":true,"href":"https:\/\/www.eldiario.net\/portal\/wp-json\/wp\/v2\/users\/1"}],"replies":[{"embeddable":true,"href":"https:\/\/www.eldiario.net\/portal\/wp-json\/wp\/v2\/comments?post=253239"}],"version-history":[{"count":1,"href":"https:\/\/www.eldiario.net\/portal\/wp-json\/wp\/v2\/posts\/253239\/revisions"}],"predecessor-version":[{"id":253241,"href":"https:\/\/www.eldiario.net\/portal\/wp-json\/wp\/v2\/posts\/253239\/revisions\/253241"}],"wp:featuredmedia":[{"embeddable":true,"href":"https:\/\/www.eldiario.net\/portal\/wp-json\/wp\/v2\/media\/253240"}],"wp:attachment":[{"href":"https:\/\/www.eldiario.net\/portal\/wp-json\/wp\/v2\/media?parent=253239"}],"wp:term":[{"taxonomy":"category","embeddable":true,"href":"https:\/\/www.eldiario.net\/portal\/wp-json\/wp\/v2\/categories?post=253239"},{"taxonomy":"post_tag","embeddable":true,"href":"https:\/\/www.eldiario.net\/portal\/wp-json\/wp\/v2\/tags?post=253239"}],"curies":[{"name":"wp","href":"https:\/\/api.w.org\/{rel}","templated":true}]}}