{"id":253230,"date":"2024-10-10T06:13:38","date_gmt":"2024-10-10T10:13:38","guid":{"rendered":"https:\/\/www.eldiario.net\/portal\/?p=253230"},"modified":"2024-10-10T06:13:38","modified_gmt":"2024-10-10T10:13:38","slug":"chile-buscara-el-triunfo-frente-a-brasil","status":"publish","type":"post","link":"https:\/\/www.eldiario.net\/portal\/2024\/10\/10\/chile-buscara-el-triunfo-frente-a-brasil\/","title":{"rendered":"Chile buscar\u00e1 el triunfo frente a Brasil"},"content":{"rendered":"<p>Este jueves en Santiago, el seleccionado que dirige Ricardo Gareca buscar\u00e1 tres puntos que lo saquen del fondo de la tabla y le devuelvan la esperanza de seguir peleando por meterse en el pr\u00f3ximo Mundial. Ante ellos, una irregular Canarinha que no contar\u00e1 con Vinicius Jr.<\/p>\n<p>Chile y Brasil se enfrentar\u00e1n el jueves a las 21 horas en el Estadio Nacional Julio Mart\u00ednez Pr\u00e1danos, en Santiago, en el marco de la novena jornada de las Eliminatorias Sudamericanas hacia el Mundial 2026.<\/p>\n<p>La Roja, dirigida por Ricardo Gareca, buscar\u00e1 un triunfo que lo meta de nuevo en la pelea por la clasificaci\u00f3n a la Copa del Mundo venidera, pero para ello deber\u00e1 superar a la Verdeamarela, que no tendr\u00e1 a Vinicius e intentar\u00e1 reencontrarse con su mejor versi\u00f3n.<\/p>\n<p>Chile vive un momento complejo en este ciclo pre mundialista, que le cost\u00f3 el puesto a Eduardo Berizzo. Gareca asumi\u00f3, y hab\u00eda dejado una buena impresi\u00f3n en los amistosos previos a la Copa Am\u00e9rica -triunfo ante Albania, derrota ante Francia y victoria sobre Paraguay-. No obstante, vino la Copa y volvi\u00f3 a caer en los fantasmas del ciclo anterior: perdi\u00f3 con Argentina, empat\u00f3 con Per\u00fa y Canad\u00e1, y se fue sin victorias y sin haber marcado goles.<\/p>\n<p>Brasil tambi\u00e9n vive momentos de tensi\u00f3n ya que ha perdido 4 de los \u00faltimos 5 partidos disputados por las Eliminatorias. Despu\u00e9s del interinato Fernando D\u00edniz se hizo cargo del equipo Dorival Junior, quien comenz\u00f3 el ciclo con buenos resultados en la gira europea: triunfo ante Inglaterra, igualdad con Espa\u00f1a, victoria ante M\u00e9xico y empate con Estados Unidos.<\/p>\n<p>Sin embargo, en la Copa Am\u00e9rica cay\u00f3 con Uruguay en cuartos, en lo que fue una p\u00e9sima actuaci\u00f3n, mientras que por las Eliminatorias le gan\u00f3 a Ecuador, pero llega a duelo ante Chile habiendo perdido con Paraguay en Asunci\u00f3n. En la fecha 10 ser\u00e1 local de Per\u00fa en el Man\u00e9 Garrincha de Brasilia.<\/p>\n<p>&nbsp;<\/p>\n<p>POSIBLES ALINEACIONES<\/p>\n<p>CHILE<\/p>\n<p>Brayan Cort\u00e9s; Felipe Loyola, Benjam\u00edn Kuscevic, Guillermo Marip\u00e1n, Thomas Galdames; Erick Pulgar, Rodrigo Echeverr\u00eda; Gonzalo Tapia, Carlos Palacios, V\u00edctor D\u00e1vila; Eduardo Vargas. DT: Ricardo Gareca.<\/p>\n<p>Por las Eliminatorias tiene una sola victoria, ante Per\u00fa en la jornada 3, y viene de tres derrotas consecutivas (Ecuador, Argentina y Bolivia). Luego de recibir a Brasil, visitar\u00e1 a Colombia en Barranquilla.<\/p>\n<p>BRASIL<\/p>\n<p>Ederson; Danilo, Marquinhos, Gabriel, Abner, Paquet\u00e1, Andr\u00e9; Savinho, Rodrygo, Raphinha, Igor Jes\u00fas. DT: Dorival Junior.<\/p>\n","protected":false},"excerpt":{"rendered":"<p>Este jueves en Santiago, el seleccionado que dirige Ricardo Gareca buscar\u00e1 tres puntos que lo saquen del fondo de la tabla y le devuelvan la esperanza de seguir peleando por meterse en el pr\u00f3ximo Mundial. Ante ellos, una irregular Canarinha que no contar\u00e1 con Vinicius Jr. Chile y Brasil se enfrentar\u00e1n el jueves a las [&hellip;]<\/p>\n","protected":false},"author":1,"featured_media":253231,"comment_status":"open","ping_status":"open","sticky":false,"template":"","format":"standard","meta":{"_acf_changed":false,"footnotes":""},"categories":[6],"tags":[],"class_list":["post-253230","post","type-post","status-publish","format-standard","has-post-thumbnail","category-deportes"],"acf":{"antetitulo":""},"yoast_head":"<!-- This site is optimized with the Yoast SEO plugin v28.3 - https:\/\/yoast.com\/product\/yoast-seo-wordpress\/ -->\n<title>Chile buscar\u00e1 el triunfo frente a Brasil - El Diario - Bolivia<\/title>\n<meta name=\"robots\" content=\"index, follow, max-snippet:-1, max-image-preview:large, max-video-preview:-1\" \/>\n<link rel=\"canonical\" href=\"https:\/\/www.eldiario.net\/portal\/2024\/10\/10\/chile-buscara-el-triunfo-frente-a-brasil\/\" \/>\n<meta property=\"og:locale\" content=\"es_ES\" \/>\n<meta property=\"og:type\" content=\"article\" \/>\n<meta property=\"og:title\" content=\"Chile buscar\u00e1 el triunfo frente a Brasil - El Diario - Bolivia\" \/>\n<meta property=\"og:description\" content=\"Este jueves en Santiago, el seleccionado que dirige Ricardo Gareca buscar\u00e1 tres puntos que lo saquen del fondo de la tabla y le devuelvan la esperanza de seguir peleando por meterse en el pr\u00f3ximo Mundial. Ante ellos, una irregular Canarinha que no contar\u00e1 con Vinicius Jr. Chile y Brasil se enfrentar\u00e1n el jueves a las [&hellip;]\" \/>\n<meta property=\"og:url\" content=\"https:\/\/www.eldiario.net\/portal\/2024\/10\/10\/chile-buscara-el-triunfo-frente-a-brasil\/\" \/>\n<meta property=\"og:site_name\" content=\"El Diario - Bolivia\" \/>\n<meta property=\"article:publisher\" content=\"https:\/\/www.facebook.com\/eldiario.bolivia\/\" \/>\n<meta property=\"article:published_time\" content=\"2024-10-10T10:13:38+00:00\" \/>\n<meta property=\"og:image\" content=\"https:\/\/www.eldiario.net\/portal\/wp-content\/uploads\/2024\/10\/Brasil-09.jpg\" \/>\n\t<meta property=\"og:image:width\" content=\"720\" \/>\n\t<meta property=\"og:image:height\" content=\"418\" \/>\n\t<meta property=\"og:image:type\" content=\"image\/jpeg\" \/>\n<meta name=\"author\" content=\"Jeanette\" \/>\n<meta name=\"twitter:card\" content=\"summary_large_image\" \/>\n<meta name=\"twitter:creator\" content=\"@eldiario_net\" \/>\n<meta name=\"twitter:site\" content=\"@eldiario_net\" \/>\n<meta name=\"twitter:label1\" content=\"Escrito por\" \/>\n\t<meta name=\"twitter:data1\" content=\"Jeanette\" \/>\n\t<meta name=\"twitter:label2\" content=\"Tiempo de lectura\" \/>\n\t<meta name=\"twitter:data2\" content=\"2 minutos\" \/>\n<script type=\"application\/ld+json\" class=\"yoast-schema-graph\">{\"@context\":\"https:\\\/\\\/schema.org\",\"@graph\":[{\"@type\":\"Article\",\"@id\":\"https:\\\/\\\/www.eldiario.net\\\/portal\\\/2024\\\/10\\\/10\\\/chile-buscara-el-triunfo-frente-a-brasil\\\/#article\",\"isPartOf\":{\"@id\":\"https:\\\/\\\/www.eldiario.net\\\/portal\\\/2024\\\/10\\\/10\\\/chile-buscara-el-triunfo-frente-a-brasil\\\/\"},\"author\":{\"name\":\"Jeanette\",\"@id\":\"https:\\\/\\\/www.eldiario.net\\\/portal\\\/#\\\/schema\\\/person\\\/f46445640444750d7d753ccd04ae01b7\"},\"headline\":\"Chile buscar\u00e1 el triunfo frente a Brasil\",\"datePublished\":\"2024-10-10T10:13:38+00:00\",\"mainEntityOfPage\":{\"@id\":\"https:\\\/\\\/www.eldiario.net\\\/portal\\\/2024\\\/10\\\/10\\\/chile-buscara-el-triunfo-frente-a-brasil\\\/\"},\"wordCount\":419,\"commentCount\":0,\"publisher\":{\"@id\":\"https:\\\/\\\/www.eldiario.net\\\/portal\\\/#organization\"},\"image\":{\"@id\":\"https:\\\/\\\/www.eldiario.net\\\/portal\\\/2024\\\/10\\\/10\\\/chile-buscara-el-triunfo-frente-a-brasil\\\/#primaryimage\"},\"thumbnailUrl\":\"https:\\\/\\\/www.eldiario.net\\\/portal\\\/wp-content\\\/uploads\\\/2024\\\/10\\\/Brasil-09.jpg\",\"articleSection\":[\"Deportes\"],\"inLanguage\":\"es\",\"potentialAction\":[{\"@type\":\"CommentAction\",\"name\":\"Comment\",\"target\":[\"https:\\\/\\\/www.eldiario.net\\\/portal\\\/2024\\\/10\\\/10\\\/chile-buscara-el-triunfo-frente-a-brasil\\\/#respond\"]}]},{\"@type\":\"WebPage\",\"@id\":\"https:\\\/\\\/www.eldiario.net\\\/portal\\\/2024\\\/10\\\/10\\\/chile-buscara-el-triunfo-frente-a-brasil\\\/\",\"url\":\"https:\\\/\\\/www.eldiario.net\\\/portal\\\/2024\\\/10\\\/10\\\/chile-buscara-el-triunfo-frente-a-brasil\\\/\",\"name\":\"Chile buscar\u00e1 el triunfo frente a Brasil - El Diario - Bolivia\",\"isPartOf\":{\"@id\":\"https:\\\/\\\/www.eldiario.net\\\/portal\\\/#website\"},\"primaryImageOfPage\":{\"@id\":\"https:\\\/\\\/www.eldiario.net\\\/portal\\\/2024\\\/10\\\/10\\\/chile-buscara-el-triunfo-frente-a-brasil\\\/#primaryimage\"},\"image\":{\"@id\":\"https:\\\/\\\/www.eldiario.net\\\/portal\\\/2024\\\/10\\\/10\\\/chile-buscara-el-triunfo-frente-a-brasil\\\/#primaryimage\"},\"thumbnailUrl\":\"https:\\\/\\\/www.eldiario.net\\\/portal\\\/wp-content\\\/uploads\\\/2024\\\/10\\\/Brasil-09.jpg\",\"datePublished\":\"2024-10-10T10:13:38+00:00\",\"breadcrumb\":{\"@id\":\"https:\\\/\\\/www.eldiario.net\\\/portal\\\/2024\\\/10\\\/10\\\/chile-buscara-el-triunfo-frente-a-brasil\\\/#breadcrumb\"},\"inLanguage\":\"es\",\"potentialAction\":[{\"@type\":\"ReadAction\",\"target\":[\"https:\\\/\\\/www.eldiario.net\\\/portal\\\/2024\\\/10\\\/10\\\/chile-buscara-el-triunfo-frente-a-brasil\\\/\"]}]},{\"@type\":\"ImageObject\",\"inLanguage\":\"es\",\"@id\":\"https:\\\/\\\/www.eldiario.net\\\/portal\\\/2024\\\/10\\\/10\\\/chile-buscara-el-triunfo-frente-a-brasil\\\/#primaryimage\",\"url\":\"https:\\\/\\\/www.eldiario.net\\\/portal\\\/wp-content\\\/uploads\\\/2024\\\/10\\\/Brasil-09.jpg\",\"contentUrl\":\"https:\\\/\\\/www.eldiario.net\\\/portal\\\/wp-content\\\/uploads\\\/2024\\\/10\\\/Brasil-09.jpg\",\"width\":720,\"height\":418},{\"@type\":\"BreadcrumbList\",\"@id\":\"https:\\\/\\\/www.eldiario.net\\\/portal\\\/2024\\\/10\\\/10\\\/chile-buscara-el-triunfo-frente-a-brasil\\\/#breadcrumb\",\"itemListElement\":[{\"@type\":\"ListItem\",\"position\":1,\"name\":\"Portada\",\"item\":\"https:\\\/\\\/www.eldiario.net\\\/portal\\\/\"},{\"@type\":\"ListItem\",\"position\":2,\"name\":\"Chile buscar\u00e1 el triunfo frente a Brasil\"}]},{\"@type\":\"WebSite\",\"@id\":\"https:\\\/\\\/www.eldiario.net\\\/portal\\\/#website\",\"url\":\"https:\\\/\\\/www.eldiario.net\\\/portal\\\/\",\"name\":\"El Diario - Decano de la prensa nacional\",\"description\":\"El Diario - Decano de la prensa nacional\",\"publisher\":{\"@id\":\"https:\\\/\\\/www.eldiario.net\\\/portal\\\/#organization\"},\"potentialAction\":[{\"@type\":\"SearchAction\",\"target\":{\"@type\":\"EntryPoint\",\"urlTemplate\":\"https:\\\/\\\/www.eldiario.net\\\/portal\\\/?s={search_term_string}\"},\"query-input\":{\"@type\":\"PropertyValueSpecification\",\"valueRequired\":true,\"valueName\":\"search_term_string\"}}],\"inLanguage\":\"es\"},{\"@type\":\"Organization\",\"@id\":\"https:\\\/\\\/www.eldiario.net\\\/portal\\\/#organization\",\"name\":\"El Diario - Decano de la prensa nacional\",\"url\":\"https:\\\/\\\/www.eldiario.net\\\/portal\\\/\",\"logo\":{\"@type\":\"ImageObject\",\"inLanguage\":\"es\",\"@id\":\"https:\\\/\\\/www.eldiario.net\\\/portal\\\/#\\\/schema\\\/logo\\\/image\\\/\",\"url\":\"https:\\\/\\\/www.eldiario.net\\\/portal\\\/wp-content\\\/uploads\\\/2023\\\/07\\\/logo_ED.jpg\",\"contentUrl\":\"https:\\\/\\\/www.eldiario.net\\\/portal\\\/wp-content\\\/uploads\\\/2023\\\/07\\\/logo_ED.jpg\",\"width\":272,\"height\":52,\"caption\":\"El Diario - Decano de la prensa nacional\"},\"image\":{\"@id\":\"https:\\\/\\\/www.eldiario.net\\\/portal\\\/#\\\/schema\\\/logo\\\/image\\\/\"},\"sameAs\":[\"https:\\\/\\\/www.facebook.com\\\/eldiario.bolivia\\\/\",\"https:\\\/\\\/x.com\\\/eldiario_net\"]},{\"@type\":\"Person\",\"@id\":\"https:\\\/\\\/www.eldiario.net\\\/portal\\\/#\\\/schema\\\/person\\\/f46445640444750d7d753ccd04ae01b7\",\"name\":\"Jeanette\",\"image\":{\"@type\":\"ImageObject\",\"inLanguage\":\"es\",\"@id\":\"https:\\\/\\\/secure.gravatar.com\\\/avatar\\\/3ea2118a5f7dad2b7138b1187a6b7ee55f160b9968b66013c3a3ef39dd7e5798?s=96&d=mm&r=g\",\"url\":\"https:\\\/\\\/secure.gravatar.com\\\/avatar\\\/3ea2118a5f7dad2b7138b1187a6b7ee55f160b9968b66013c3a3ef39dd7e5798?s=96&d=mm&r=g\",\"contentUrl\":\"https:\\\/\\\/secure.gravatar.com\\\/avatar\\\/3ea2118a5f7dad2b7138b1187a6b7ee55f160b9968b66013c3a3ef39dd7e5798?s=96&d=mm&r=g\",\"caption\":\"Jeanette\"},\"sameAs\":[\"https:\\\/\\\/www.eldiario.net\\\/portal\"],\"url\":\"https:\\\/\\\/www.eldiario.net\\\/portal\\\/author\\\/jeanette\\\/\"}]}<\/script>\n<!-- \/ Yoast SEO plugin. -->","yoast_head_json":{"title":"Chile buscar\u00e1 el triunfo frente a Brasil - El Diario - Bolivia","robots":{"index":"index","follow":"follow","max-snippet":"max-snippet:-1","max-image-preview":"max-image-preview:large","max-video-preview":"max-video-preview:-1"},"canonical":"https:\/\/www.eldiario.net\/portal\/2024\/10\/10\/chile-buscara-el-triunfo-frente-a-brasil\/","og_locale":"es_ES","og_type":"article","og_title":"Chile buscar\u00e1 el triunfo frente a Brasil - El Diario - Bolivia","og_description":"Este jueves en Santiago, el seleccionado que dirige Ricardo Gareca buscar\u00e1 tres puntos que lo saquen del fondo de la tabla y le devuelvan la esperanza de seguir peleando por meterse en el pr\u00f3ximo Mundial. Ante ellos, una irregular Canarinha que no contar\u00e1 con Vinicius Jr. Chile y Brasil se enfrentar\u00e1n el jueves a las [&hellip;]","og_url":"https:\/\/www.eldiario.net\/portal\/2024\/10\/10\/chile-buscara-el-triunfo-frente-a-brasil\/","og_site_name":"El Diario - Bolivia","article_publisher":"https:\/\/www.facebook.com\/eldiario.bolivia\/","article_published_time":"2024-10-10T10:13:38+00:00","og_image":[{"width":720,"height":418,"url":"https:\/\/www.eldiario.net\/portal\/wp-content\/uploads\/2024\/10\/Brasil-09.jpg","type":"image\/jpeg"}],"author":"Jeanette","twitter_card":"summary_large_image","twitter_creator":"@eldiario_net","twitter_site":"@eldiario_net","twitter_misc":{"Escrito por":"Jeanette","Tiempo de lectura":"2 minutos"},"schema":{"@context":"https:\/\/schema.org","@graph":[{"@type":"Article","@id":"https:\/\/www.eldiario.net\/portal\/2024\/10\/10\/chile-buscara-el-triunfo-frente-a-brasil\/#article","isPartOf":{"@id":"https:\/\/www.eldiario.net\/portal\/2024\/10\/10\/chile-buscara-el-triunfo-frente-a-brasil\/"},"author":{"name":"Jeanette","@id":"https:\/\/www.eldiario.net\/portal\/#\/schema\/person\/f46445640444750d7d753ccd04ae01b7"},"headline":"Chile buscar\u00e1 el triunfo frente a Brasil","datePublished":"2024-10-10T10:13:38+00:00","mainEntityOfPage":{"@id":"https:\/\/www.eldiario.net\/portal\/2024\/10\/10\/chile-buscara-el-triunfo-frente-a-brasil\/"},"wordCount":419,"commentCount":0,"publisher":{"@id":"https:\/\/www.eldiario.net\/portal\/#organization"},"image":{"@id":"https:\/\/www.eldiario.net\/portal\/2024\/10\/10\/chile-buscara-el-triunfo-frente-a-brasil\/#primaryimage"},"thumbnailUrl":"https:\/\/www.eldiario.net\/portal\/wp-content\/uploads\/2024\/10\/Brasil-09.jpg","articleSection":["Deportes"],"inLanguage":"es","potentialAction":[{"@type":"CommentAction","name":"Comment","target":["https:\/\/www.eldiario.net\/portal\/2024\/10\/10\/chile-buscara-el-triunfo-frente-a-brasil\/#respond"]}]},{"@type":"WebPage","@id":"https:\/\/www.eldiario.net\/portal\/2024\/10\/10\/chile-buscara-el-triunfo-frente-a-brasil\/","url":"https:\/\/www.eldiario.net\/portal\/2024\/10\/10\/chile-buscara-el-triunfo-frente-a-brasil\/","name":"Chile buscar\u00e1 el triunfo frente a Brasil - El Diario - Bolivia","isPartOf":{"@id":"https:\/\/www.eldiario.net\/portal\/#website"},"primaryImageOfPage":{"@id":"https:\/\/www.eldiario.net\/portal\/2024\/10\/10\/chile-buscara-el-triunfo-frente-a-brasil\/#primaryimage"},"image":{"@id":"https:\/\/www.eldiario.net\/portal\/2024\/10\/10\/chile-buscara-el-triunfo-frente-a-brasil\/#primaryimage"},"thumbnailUrl":"https:\/\/www.eldiario.net\/portal\/wp-content\/uploads\/2024\/10\/Brasil-09.jpg","datePublished":"2024-10-10T10:13:38+00:00","breadcrumb":{"@id":"https:\/\/www.eldiario.net\/portal\/2024\/10\/10\/chile-buscara-el-triunfo-frente-a-brasil\/#breadcrumb"},"inLanguage":"es","potentialAction":[{"@type":"ReadAction","target":["https:\/\/www.eldiario.net\/portal\/2024\/10\/10\/chile-buscara-el-triunfo-frente-a-brasil\/"]}]},{"@type":"ImageObject","inLanguage":"es","@id":"https:\/\/www.eldiario.net\/portal\/2024\/10\/10\/chile-buscara-el-triunfo-frente-a-brasil\/#primaryimage","url":"https:\/\/www.eldiario.net\/portal\/wp-content\/uploads\/2024\/10\/Brasil-09.jpg","contentUrl":"https:\/\/www.eldiario.net\/portal\/wp-content\/uploads\/2024\/10\/Brasil-09.jpg","width":720,"height":418},{"@type":"BreadcrumbList","@id":"https:\/\/www.eldiario.net\/portal\/2024\/10\/10\/chile-buscara-el-triunfo-frente-a-brasil\/#breadcrumb","itemListElement":[{"@type":"ListItem","position":1,"name":"Portada","item":"https:\/\/www.eldiario.net\/portal\/"},{"@type":"ListItem","position":2,"name":"Chile buscar\u00e1 el triunfo frente a Brasil"}]},{"@type":"WebSite","@id":"https:\/\/www.eldiario.net\/portal\/#website","url":"https:\/\/www.eldiario.net\/portal\/","name":"El Diario - Decano de la prensa nacional","description":"El Diario - Decano de la prensa nacional","publisher":{"@id":"https:\/\/www.eldiario.net\/portal\/#organization"},"potentialAction":[{"@type":"SearchAction","target":{"@type":"EntryPoint","urlTemplate":"https:\/\/www.eldiario.net\/portal\/?s={search_term_string}"},"query-input":{"@type":"PropertyValueSpecification","valueRequired":true,"valueName":"search_term_string"}}],"inLanguage":"es"},{"@type":"Organization","@id":"https:\/\/www.eldiario.net\/portal\/#organization","name":"El Diario - Decano de la prensa nacional","url":"https:\/\/www.eldiario.net\/portal\/","logo":{"@type":"ImageObject","inLanguage":"es","@id":"https:\/\/www.eldiario.net\/portal\/#\/schema\/logo\/image\/","url":"https:\/\/www.eldiario.net\/portal\/wp-content\/uploads\/2023\/07\/logo_ED.jpg","contentUrl":"https:\/\/www.eldiario.net\/portal\/wp-content\/uploads\/2023\/07\/logo_ED.jpg","width":272,"height":52,"caption":"El Diario - Decano de la prensa nacional"},"image":{"@id":"https:\/\/www.eldiario.net\/portal\/#\/schema\/logo\/image\/"},"sameAs":["https:\/\/www.facebook.com\/eldiario.bolivia\/","https:\/\/x.com\/eldiario_net"]},{"@type":"Person","@id":"https:\/\/www.eldiario.net\/portal\/#\/schema\/person\/f46445640444750d7d753ccd04ae01b7","name":"Jeanette","image":{"@type":"ImageObject","inLanguage":"es","@id":"https:\/\/secure.gravatar.com\/avatar\/3ea2118a5f7dad2b7138b1187a6b7ee55f160b9968b66013c3a3ef39dd7e5798?s=96&d=mm&r=g","url":"https:\/\/secure.gravatar.com\/avatar\/3ea2118a5f7dad2b7138b1187a6b7ee55f160b9968b66013c3a3ef39dd7e5798?s=96&d=mm&r=g","contentUrl":"https:\/\/secure.gravatar.com\/avatar\/3ea2118a5f7dad2b7138b1187a6b7ee55f160b9968b66013c3a3ef39dd7e5798?s=96&d=mm&r=g","caption":"Jeanette"},"sameAs":["https:\/\/www.eldiario.net\/portal"],"url":"https:\/\/www.eldiario.net\/portal\/author\/jeanette\/"}]}},"_links":{"self":[{"href":"https:\/\/www.eldiario.net\/portal\/wp-json\/wp\/v2\/posts\/253230","targetHints":{"allow":["GET"]}}],"collection":[{"href":"https:\/\/www.eldiario.net\/portal\/wp-json\/wp\/v2\/posts"}],"about":[{"href":"https:\/\/www.eldiario.net\/portal\/wp-json\/wp\/v2\/types\/post"}],"author":[{"embeddable":true,"href":"https:\/\/www.eldiario.net\/portal\/wp-json\/wp\/v2\/users\/1"}],"replies":[{"embeddable":true,"href":"https:\/\/www.eldiario.net\/portal\/wp-json\/wp\/v2\/comments?post=253230"}],"version-history":[{"count":1,"href":"https:\/\/www.eldiario.net\/portal\/wp-json\/wp\/v2\/posts\/253230\/revisions"}],"predecessor-version":[{"id":253232,"href":"https:\/\/www.eldiario.net\/portal\/wp-json\/wp\/v2\/posts\/253230\/revisions\/253232"}],"wp:featuredmedia":[{"embeddable":true,"href":"https:\/\/www.eldiario.net\/portal\/wp-json\/wp\/v2\/media\/253231"}],"wp:attachment":[{"href":"https:\/\/www.eldiario.net\/portal\/wp-json\/wp\/v2\/media?parent=253230"}],"wp:term":[{"taxonomy":"category","embeddable":true,"href":"https:\/\/www.eldiario.net\/portal\/wp-json\/wp\/v2\/categories?post=253230"},{"taxonomy":"post_tag","embeddable":true,"href":"https:\/\/www.eldiario.net\/portal\/wp-json\/wp\/v2\/tags?post=253230"}],"curies":[{"name":"wp","href":"https:\/\/api.w.org\/{rel}","templated":true}]}}