{"id":253227,"date":"2024-10-10T06:13:10","date_gmt":"2024-10-10T10:13:10","guid":{"rendered":"https:\/\/www.eldiario.net\/portal\/?p=253227"},"modified":"2024-10-10T06:13:10","modified_gmt":"2024-10-10T10:13:10","slug":"venezuela-espera-en-vilo-la-llegada-de-argentina-desde-las-tierras-de-messi","status":"publish","type":"post","link":"https:\/\/www.eldiario.net\/portal\/2024\/10\/10\/venezuela-espera-en-vilo-la-llegada-de-argentina-desde-las-tierras-de-messi\/","title":{"rendered":"Venezuela espera en vilo la llegada de Argentina desde las tierras de Messi"},"content":{"rendered":"<p>La selecci\u00f3n de Venezuela se prepara para enfrentar a Argentina en Matur\u00edn, a la espera de la llegada del equipo que dirige Lionel Scaloni, afectado por el hurac\u00e1n Milton<\/p>\n<p>La selecci\u00f3n argentina y Venezuela se enfrentan este jueves en el Monumental de Matur\u00edn, a partir de las 18 (horario argentino), en un partido correspondiente a la novena fecha de las eliminatorias sudamericanas rumbo al Mundial Estados Unidos-M\u00e9xico-Canad\u00e1 2026. En la previa del encuentro, el DT albiceleste, Lionel Scaloni, habl\u00f3 en conferencia de prensa, aunque, como de costumbre, no confirm\u00f3 el equipo titular. Sin embargo, habr\u00e1 tres cambios obligados con respecto a la derrota ante Colombia en la \u00faltima jornada: Emiliano Mart\u00ednez y Nicol\u00e1s Gonz\u00e1lez no forman parte de la convocatoria (\u2019Dibu\u2019 por una sanci\u00f3n y \u2018Nico\u2019 por lesi\u00f3n), mientras que Cristian \u2018Cuti\u2019 Romero debe cumplir una fecha de suspensi\u00f3n.<\/p>\n<p>La gran noticia es el regreso de Lionel Messi quien, ya recuperado de la lesi\u00f3n ligamentaria en el tobillo derecho que lo margin\u00f3 de los duelos ante Chile y Colombia, ser\u00eda titular contra la Vinotinto. El capit\u00e1n estuvo dos meses sin jugar luego de pedir el cambio en la final de la Copa Am\u00e9rica 2024 contra el seleccionado cafetero. Regres\u00f3 a las canchas para vestir la camiseta de Inter Miami el 14 de septiembre pasado. Desde entonces, suma seis partidos (cuatro de ellos como titular), con cinco goles y una asistencia. Adem\u00e1s, sum\u00f3 su t\u00edtulo 46 para reafirmarse como el m\u00e1s ganador de la historia (se qued\u00f3 con el MLS Supporter\u2019s Shield con Inter Miami por ser el mejor equipo de la temporada regular en Estados Unidos).<\/p>\n<p>En esta doble fecha FIFA, el seleccionado nacional tendr\u00e1 un nuevo obst\u00e1culo: no contar\u00e1 con \u2018Dibu\u2019 Mart\u00ednez, uno de los grandes baluartes del plantel, debido a que la Federaci\u00f3n Internacional de F\u00fatbol Asociaci\u00f3n (FIFA) lo sancion\u00f3 por \u201ccomportamiento ofensivo y violaci\u00f3n de los principios del juego limpio\u201d. Los hechos refieren a dos situaciones puntuales: la primera fue en los festejos por la obtenci\u00f3n de la Copa Am\u00e9rica post triunfo ante el conjunto trasandino, cuando \u2018Dibu\u2019 mir\u00f3 hacia la tribuna y se puso el trofeo en la pelvis; mientras que la segunda fue luego de la derrota contra Colombia, cuando le peg\u00f3 un manotazo al equipo de c\u00e1maras de la transmisi\u00f3n oficial del partido y tir\u00f3 al piso al camar\u00f3grafo.<\/p>\n<p>El 1 en Matur\u00edn -y probablemente tambi\u00e9n en Buenos Aires, ante Bolivia- ser\u00e1 Ger\u00f3nimo Rulli, amigo y principal competidor del due\u00f1o del arco nacional desde hace ya tres a\u00f1os, m\u00e1s a\u00fan desde el retiro voluntario de Franco Armani de la selecci\u00f3n argentina tras la Copa Am\u00e9rica de este a\u00f1o. Un arquero de vasta experiencia que debut\u00f3 en la mayor en 2018, frente a Guatemala, en el primer partido bajo la conducci\u00f3n de Scaloni. Hoy, con 32 a\u00f1os, defiende los tres palos de Olympique de Marsella (Francia), pero previamente, tras debutar en Estudiantes de La Plata, fue titular en equipos como Villarreal (Espa\u00f1a) y Ajax (Pa\u00edses Bajos), entre otros.<\/p>\n<p>El otro gran ausente es el \u2018Cuti\u2019 Romero, quien fue amonestado al t\u00e9rmino de la derrota ante Colombia y deber\u00e1 afrontar una fecha de suspensi\u00f3n por haber acumulado dos tarjetas amarillas (la otra fue en la derrota frente a Uruguay por 2 a 0, en la fecha 5). Una sanci\u00f3n que no cay\u00f3 bien en el cuerpo t\u00e9cnico por considerarse \u201cinnecesaria\u201d. \u201cEsperemos que estas cosas no vuelvan a pasar, sobre todo porque el equipo no se puede permitir no tener al \u2018Dibu\u2019 y a Romero. L\u00f3gicamente son cosas que como entrenador no me gustan para los jugadores y tenemos que hacer hincapi\u00e9 en eso, en que el jugador cuando es sancionado o expulsado sea por algo dentro del partido\u201d, coment\u00f3 Scaloni.<\/p>\n<p>La dupla central, entonces, estar\u00e1 conformada por Nicol\u00e1s Otamendi y Lisandro Mart\u00ednez (Germ\u00e1n Pezzella y Leonardo Balerdi estar\u00e1n en el banco de suplentes). El lateral izquierdo ser\u00e1 Nicol\u00e1s Tagliafico debido a que la \u00fanica alternativa en ese puesto es el juvenil Julio Soler, de Lan\u00fas. En el lateral derecho, como de costumbre, Nahuel Molina y Gonzalo Montiel pelean por un lugar en el once inicial, con el ex Boca con una ligera ventaja.<\/p>\n<p>En la mitad de la cancha, Alexis Mac Allister descansar\u00eda para dejarle su lugar a Giovani Lo Celso. El 10 de Liverpool fue reemplazado en el entretiempo del duelo del fin de semana entre su equipo y Crystal Palace por una molestia en la zona de la ingle. Leandro Paredes compartir\u00eda el eje con Enzo Fern\u00e1ndez, y Rodrigo De Paul se ubicar\u00eda por la derecha para conformar el t\u00e1ndem habitual con Molina. Adelante, Lautaro Mart\u00ednez acompa\u00f1ar\u00eda a Messi, relegando a Juli\u00e1n \u00c1lvarez al banco de suplentes.<\/p>\n<p>&nbsp;<\/p>\n<p>ODISEA PARA LLEGAR A VENEZUELA<\/p>\n<p>El combinado albiceleste se entrena en el predio de Inter Miami ubicado en Florida, Estados Unidos. La decisi\u00f3n se debe al impedimento vigente de que los aviones argentinos sobrevuelen territorio venezolano por diferencias diplom\u00e1ticas entre los gobiernos de Nicol\u00e1s Maduro y Javier Milei. El plantel viajar\u00eda a Matur\u00edn en un vuelo programado para este mi\u00e9rcoles, con escala en Colombia, aunque est\u00e1 a merced de lo que ocurra con el hurac\u00e1n Milton.<\/p>\n<p>La FIFA est\u00e1 pendiente de lo que ocurra con el fen\u00f3meno meteorol\u00f3gico, por lo que existe la posibilidad de que el enfrentamiento se postergue un d\u00eda en el caso de que la situaci\u00f3n clim\u00e1tica impidiera volar a Colombia para luego trasladarse por tierra a Matur\u00edn. \u201cHab\u00edamos pedido viajar hoy (por el martes), pero no nos autorizaron. Vamos a viajar te\u00f3ricamente ma\u00f1ana (por este mi\u00e9rcoles), si el tiempo lo permite. No tenemos m\u00e1s noticias que esa. Esperamos entrenar a la ma\u00f1ana y luego salir. Tuvimos mala suerte con esto\u201d, coment\u00f3 el DT en la conferencia de prensa previa al encuentro.<\/p>\n<p>Posible formaci\u00f3n de la selecci\u00f3n argentina vs. Venezuela<\/p>\n<p>Ger\u00f3nimo Rulli; Nahuel Molina, Nicol\u00e1s Otamendi, Lisandro Mart\u00ednez, Nicol\u00e1s Tagliafico; Rodrigo De Paul, Leandro Paredes, Enzo Fern\u00e1ndez, Giovani Lo Celso; Lionel Messi y Lautaro Mart\u00ednez.<\/p>\n<p><strong>(LA NACI\u00d3N)<\/strong><\/p>\n","protected":false},"excerpt":{"rendered":"<p>La selecci\u00f3n de Venezuela se prepara para enfrentar a Argentina en Matur\u00edn, a la espera de la llegada del equipo que dirige Lionel Scaloni, afectado por el hurac\u00e1n Milton La selecci\u00f3n argentina y Venezuela se enfrentan este jueves en el Monumental de Matur\u00edn, a partir de las 18 (horario argentino), en un partido correspondiente a [&hellip;]<\/p>\n","protected":false},"author":1,"featured_media":253228,"comment_status":"open","ping_status":"open","sticky":false,"template":"","format":"standard","meta":{"_acf_changed":false,"footnotes":""},"categories":[6],"tags":[],"class_list":["post-253227","post","type-post","status-publish","format-standard","has-post-thumbnail","category-deportes"],"acf":{"antetitulo":""},"yoast_head":"<!-- This site is optimized with the Yoast SEO plugin v28.3 - https:\/\/yoast.com\/product\/yoast-seo-wordpress\/ -->\n<title>Venezuela espera en vilo la llegada de Argentina desde las tierras de Messi - El Diario - Bolivia<\/title>\n<meta name=\"robots\" content=\"index, follow, max-snippet:-1, max-image-preview:large, max-video-preview:-1\" \/>\n<link rel=\"canonical\" href=\"https:\/\/www.eldiario.net\/portal\/2024\/10\/10\/venezuela-espera-en-vilo-la-llegada-de-argentina-desde-las-tierras-de-messi\/\" \/>\n<meta property=\"og:locale\" content=\"es_ES\" \/>\n<meta property=\"og:type\" content=\"article\" \/>\n<meta property=\"og:title\" content=\"Venezuela espera en vilo la llegada de Argentina desde las tierras de Messi - El Diario - Bolivia\" \/>\n<meta property=\"og:description\" content=\"La selecci\u00f3n de Venezuela se prepara para enfrentar a Argentina en Matur\u00edn, a la espera de la llegada del equipo que dirige Lionel Scaloni, afectado por el hurac\u00e1n Milton La selecci\u00f3n argentina y Venezuela se enfrentan este jueves en el Monumental de Matur\u00edn, a partir de las 18 (horario argentino), en un partido correspondiente a [&hellip;]\" \/>\n<meta property=\"og:url\" content=\"https:\/\/www.eldiario.net\/portal\/2024\/10\/10\/venezuela-espera-en-vilo-la-llegada-de-argentina-desde-las-tierras-de-messi\/\" \/>\n<meta property=\"og:site_name\" content=\"El Diario - Bolivia\" \/>\n<meta property=\"article:publisher\" content=\"https:\/\/www.facebook.com\/eldiario.bolivia\/\" \/>\n<meta property=\"article:published_time\" content=\"2024-10-10T10:13:10+00:00\" \/>\n<meta property=\"og:image\" content=\"https:\/\/www.eldiario.net\/portal\/wp-content\/uploads\/2024\/10\/Argentina-09.jpg\" \/>\n\t<meta property=\"og:image:width\" content=\"720\" \/>\n\t<meta property=\"og:image:height\" content=\"404\" \/>\n\t<meta property=\"og:image:type\" content=\"image\/jpeg\" \/>\n<meta name=\"author\" content=\"Jeanette\" \/>\n<meta name=\"twitter:card\" content=\"summary_large_image\" \/>\n<meta name=\"twitter:creator\" content=\"@eldiario_net\" \/>\n<meta name=\"twitter:site\" content=\"@eldiario_net\" \/>\n<meta name=\"twitter:label1\" content=\"Escrito por\" \/>\n\t<meta name=\"twitter:data1\" content=\"Jeanette\" \/>\n\t<meta name=\"twitter:label2\" content=\"Tiempo de lectura\" \/>\n\t<meta name=\"twitter:data2\" content=\"5 minutos\" \/>\n<script type=\"application\/ld+json\" class=\"yoast-schema-graph\">{\"@context\":\"https:\\\/\\\/schema.org\",\"@graph\":[{\"@type\":\"Article\",\"@id\":\"https:\\\/\\\/www.eldiario.net\\\/portal\\\/2024\\\/10\\\/10\\\/venezuela-espera-en-vilo-la-llegada-de-argentina-desde-las-tierras-de-messi\\\/#article\",\"isPartOf\":{\"@id\":\"https:\\\/\\\/www.eldiario.net\\\/portal\\\/2024\\\/10\\\/10\\\/venezuela-espera-en-vilo-la-llegada-de-argentina-desde-las-tierras-de-messi\\\/\"},\"author\":{\"name\":\"Jeanette\",\"@id\":\"https:\\\/\\\/www.eldiario.net\\\/portal\\\/#\\\/schema\\\/person\\\/f46445640444750d7d753ccd04ae01b7\"},\"headline\":\"Venezuela espera en vilo la llegada de Argentina desde las tierras de Messi\",\"datePublished\":\"2024-10-10T10:13:10+00:00\",\"mainEntityOfPage\":{\"@id\":\"https:\\\/\\\/www.eldiario.net\\\/portal\\\/2024\\\/10\\\/10\\\/venezuela-espera-en-vilo-la-llegada-de-argentina-desde-las-tierras-de-messi\\\/\"},\"wordCount\":1078,\"commentCount\":0,\"publisher\":{\"@id\":\"https:\\\/\\\/www.eldiario.net\\\/portal\\\/#organization\"},\"image\":{\"@id\":\"https:\\\/\\\/www.eldiario.net\\\/portal\\\/2024\\\/10\\\/10\\\/venezuela-espera-en-vilo-la-llegada-de-argentina-desde-las-tierras-de-messi\\\/#primaryimage\"},\"thumbnailUrl\":\"https:\\\/\\\/www.eldiario.net\\\/portal\\\/wp-content\\\/uploads\\\/2024\\\/10\\\/Argentina-09.jpg\",\"articleSection\":[\"Deportes\"],\"inLanguage\":\"es\",\"potentialAction\":[{\"@type\":\"CommentAction\",\"name\":\"Comment\",\"target\":[\"https:\\\/\\\/www.eldiario.net\\\/portal\\\/2024\\\/10\\\/10\\\/venezuela-espera-en-vilo-la-llegada-de-argentina-desde-las-tierras-de-messi\\\/#respond\"]}]},{\"@type\":\"WebPage\",\"@id\":\"https:\\\/\\\/www.eldiario.net\\\/portal\\\/2024\\\/10\\\/10\\\/venezuela-espera-en-vilo-la-llegada-de-argentina-desde-las-tierras-de-messi\\\/\",\"url\":\"https:\\\/\\\/www.eldiario.net\\\/portal\\\/2024\\\/10\\\/10\\\/venezuela-espera-en-vilo-la-llegada-de-argentina-desde-las-tierras-de-messi\\\/\",\"name\":\"Venezuela espera en vilo la llegada de Argentina desde las tierras de Messi - El Diario - Bolivia\",\"isPartOf\":{\"@id\":\"https:\\\/\\\/www.eldiario.net\\\/portal\\\/#website\"},\"primaryImageOfPage\":{\"@id\":\"https:\\\/\\\/www.eldiario.net\\\/portal\\\/2024\\\/10\\\/10\\\/venezuela-espera-en-vilo-la-llegada-de-argentina-desde-las-tierras-de-messi\\\/#primaryimage\"},\"image\":{\"@id\":\"https:\\\/\\\/www.eldiario.net\\\/portal\\\/2024\\\/10\\\/10\\\/venezuela-espera-en-vilo-la-llegada-de-argentina-desde-las-tierras-de-messi\\\/#primaryimage\"},\"thumbnailUrl\":\"https:\\\/\\\/www.eldiario.net\\\/portal\\\/wp-content\\\/uploads\\\/2024\\\/10\\\/Argentina-09.jpg\",\"datePublished\":\"2024-10-10T10:13:10+00:00\",\"breadcrumb\":{\"@id\":\"https:\\\/\\\/www.eldiario.net\\\/portal\\\/2024\\\/10\\\/10\\\/venezuela-espera-en-vilo-la-llegada-de-argentina-desde-las-tierras-de-messi\\\/#breadcrumb\"},\"inLanguage\":\"es\",\"potentialAction\":[{\"@type\":\"ReadAction\",\"target\":[\"https:\\\/\\\/www.eldiario.net\\\/portal\\\/2024\\\/10\\\/10\\\/venezuela-espera-en-vilo-la-llegada-de-argentina-desde-las-tierras-de-messi\\\/\"]}]},{\"@type\":\"ImageObject\",\"inLanguage\":\"es\",\"@id\":\"https:\\\/\\\/www.eldiario.net\\\/portal\\\/2024\\\/10\\\/10\\\/venezuela-espera-en-vilo-la-llegada-de-argentina-desde-las-tierras-de-messi\\\/#primaryimage\",\"url\":\"https:\\\/\\\/www.eldiario.net\\\/portal\\\/wp-content\\\/uploads\\\/2024\\\/10\\\/Argentina-09.jpg\",\"contentUrl\":\"https:\\\/\\\/www.eldiario.net\\\/portal\\\/wp-content\\\/uploads\\\/2024\\\/10\\\/Argentina-09.jpg\",\"width\":720,\"height\":404},{\"@type\":\"BreadcrumbList\",\"@id\":\"https:\\\/\\\/www.eldiario.net\\\/portal\\\/2024\\\/10\\\/10\\\/venezuela-espera-en-vilo-la-llegada-de-argentina-desde-las-tierras-de-messi\\\/#breadcrumb\",\"itemListElement\":[{\"@type\":\"ListItem\",\"position\":1,\"name\":\"Portada\",\"item\":\"https:\\\/\\\/www.eldiario.net\\\/portal\\\/\"},{\"@type\":\"ListItem\",\"position\":2,\"name\":\"Venezuela espera en vilo la llegada de Argentina desde las tierras de Messi\"}]},{\"@type\":\"WebSite\",\"@id\":\"https:\\\/\\\/www.eldiario.net\\\/portal\\\/#website\",\"url\":\"https:\\\/\\\/www.eldiario.net\\\/portal\\\/\",\"name\":\"El Diario - Decano de la prensa nacional\",\"description\":\"El Diario - Decano de la prensa nacional\",\"publisher\":{\"@id\":\"https:\\\/\\\/www.eldiario.net\\\/portal\\\/#organization\"},\"potentialAction\":[{\"@type\":\"SearchAction\",\"target\":{\"@type\":\"EntryPoint\",\"urlTemplate\":\"https:\\\/\\\/www.eldiario.net\\\/portal\\\/?s={search_term_string}\"},\"query-input\":{\"@type\":\"PropertyValueSpecification\",\"valueRequired\":true,\"valueName\":\"search_term_string\"}}],\"inLanguage\":\"es\"},{\"@type\":\"Organization\",\"@id\":\"https:\\\/\\\/www.eldiario.net\\\/portal\\\/#organization\",\"name\":\"El Diario - Decano de la prensa nacional\",\"url\":\"https:\\\/\\\/www.eldiario.net\\\/portal\\\/\",\"logo\":{\"@type\":\"ImageObject\",\"inLanguage\":\"es\",\"@id\":\"https:\\\/\\\/www.eldiario.net\\\/portal\\\/#\\\/schema\\\/logo\\\/image\\\/\",\"url\":\"https:\\\/\\\/www.eldiario.net\\\/portal\\\/wp-content\\\/uploads\\\/2023\\\/07\\\/logo_ED.jpg\",\"contentUrl\":\"https:\\\/\\\/www.eldiario.net\\\/portal\\\/wp-content\\\/uploads\\\/2023\\\/07\\\/logo_ED.jpg\",\"width\":272,\"height\":52,\"caption\":\"El Diario - Decano de la prensa nacional\"},\"image\":{\"@id\":\"https:\\\/\\\/www.eldiario.net\\\/portal\\\/#\\\/schema\\\/logo\\\/image\\\/\"},\"sameAs\":[\"https:\\\/\\\/www.facebook.com\\\/eldiario.bolivia\\\/\",\"https:\\\/\\\/x.com\\\/eldiario_net\"]},{\"@type\":\"Person\",\"@id\":\"https:\\\/\\\/www.eldiario.net\\\/portal\\\/#\\\/schema\\\/person\\\/f46445640444750d7d753ccd04ae01b7\",\"name\":\"Jeanette\",\"image\":{\"@type\":\"ImageObject\",\"inLanguage\":\"es\",\"@id\":\"https:\\\/\\\/secure.gravatar.com\\\/avatar\\\/3ea2118a5f7dad2b7138b1187a6b7ee55f160b9968b66013c3a3ef39dd7e5798?s=96&d=mm&r=g\",\"url\":\"https:\\\/\\\/secure.gravatar.com\\\/avatar\\\/3ea2118a5f7dad2b7138b1187a6b7ee55f160b9968b66013c3a3ef39dd7e5798?s=96&d=mm&r=g\",\"contentUrl\":\"https:\\\/\\\/secure.gravatar.com\\\/avatar\\\/3ea2118a5f7dad2b7138b1187a6b7ee55f160b9968b66013c3a3ef39dd7e5798?s=96&d=mm&r=g\",\"caption\":\"Jeanette\"},\"sameAs\":[\"https:\\\/\\\/www.eldiario.net\\\/portal\"],\"url\":\"https:\\\/\\\/www.eldiario.net\\\/portal\\\/author\\\/jeanette\\\/\"}]}<\/script>\n<!-- \/ Yoast SEO plugin. -->","yoast_head_json":{"title":"Venezuela espera en vilo la llegada de Argentina desde las tierras de Messi - El Diario - Bolivia","robots":{"index":"index","follow":"follow","max-snippet":"max-snippet:-1","max-image-preview":"max-image-preview:large","max-video-preview":"max-video-preview:-1"},"canonical":"https:\/\/www.eldiario.net\/portal\/2024\/10\/10\/venezuela-espera-en-vilo-la-llegada-de-argentina-desde-las-tierras-de-messi\/","og_locale":"es_ES","og_type":"article","og_title":"Venezuela espera en vilo la llegada de Argentina desde las tierras de Messi - El Diario - Bolivia","og_description":"La selecci\u00f3n de Venezuela se prepara para enfrentar a Argentina en Matur\u00edn, a la espera de la llegada del equipo que dirige Lionel Scaloni, afectado por el hurac\u00e1n Milton La selecci\u00f3n argentina y Venezuela se enfrentan este jueves en el Monumental de Matur\u00edn, a partir de las 18 (horario argentino), en un partido correspondiente a [&hellip;]","og_url":"https:\/\/www.eldiario.net\/portal\/2024\/10\/10\/venezuela-espera-en-vilo-la-llegada-de-argentina-desde-las-tierras-de-messi\/","og_site_name":"El Diario - Bolivia","article_publisher":"https:\/\/www.facebook.com\/eldiario.bolivia\/","article_published_time":"2024-10-10T10:13:10+00:00","og_image":[{"width":720,"height":404,"url":"https:\/\/www.eldiario.net\/portal\/wp-content\/uploads\/2024\/10\/Argentina-09.jpg","type":"image\/jpeg"}],"author":"Jeanette","twitter_card":"summary_large_image","twitter_creator":"@eldiario_net","twitter_site":"@eldiario_net","twitter_misc":{"Escrito por":"Jeanette","Tiempo de lectura":"5 minutos"},"schema":{"@context":"https:\/\/schema.org","@graph":[{"@type":"Article","@id":"https:\/\/www.eldiario.net\/portal\/2024\/10\/10\/venezuela-espera-en-vilo-la-llegada-de-argentina-desde-las-tierras-de-messi\/#article","isPartOf":{"@id":"https:\/\/www.eldiario.net\/portal\/2024\/10\/10\/venezuela-espera-en-vilo-la-llegada-de-argentina-desde-las-tierras-de-messi\/"},"author":{"name":"Jeanette","@id":"https:\/\/www.eldiario.net\/portal\/#\/schema\/person\/f46445640444750d7d753ccd04ae01b7"},"headline":"Venezuela espera en vilo la llegada de Argentina desde las tierras de Messi","datePublished":"2024-10-10T10:13:10+00:00","mainEntityOfPage":{"@id":"https:\/\/www.eldiario.net\/portal\/2024\/10\/10\/venezuela-espera-en-vilo-la-llegada-de-argentina-desde-las-tierras-de-messi\/"},"wordCount":1078,"commentCount":0,"publisher":{"@id":"https:\/\/www.eldiario.net\/portal\/#organization"},"image":{"@id":"https:\/\/www.eldiario.net\/portal\/2024\/10\/10\/venezuela-espera-en-vilo-la-llegada-de-argentina-desde-las-tierras-de-messi\/#primaryimage"},"thumbnailUrl":"https:\/\/www.eldiario.net\/portal\/wp-content\/uploads\/2024\/10\/Argentina-09.jpg","articleSection":["Deportes"],"inLanguage":"es","potentialAction":[{"@type":"CommentAction","name":"Comment","target":["https:\/\/www.eldiario.net\/portal\/2024\/10\/10\/venezuela-espera-en-vilo-la-llegada-de-argentina-desde-las-tierras-de-messi\/#respond"]}]},{"@type":"WebPage","@id":"https:\/\/www.eldiario.net\/portal\/2024\/10\/10\/venezuela-espera-en-vilo-la-llegada-de-argentina-desde-las-tierras-de-messi\/","url":"https:\/\/www.eldiario.net\/portal\/2024\/10\/10\/venezuela-espera-en-vilo-la-llegada-de-argentina-desde-las-tierras-de-messi\/","name":"Venezuela espera en vilo la llegada de Argentina desde las tierras de Messi - El Diario - Bolivia","isPartOf":{"@id":"https:\/\/www.eldiario.net\/portal\/#website"},"primaryImageOfPage":{"@id":"https:\/\/www.eldiario.net\/portal\/2024\/10\/10\/venezuela-espera-en-vilo-la-llegada-de-argentina-desde-las-tierras-de-messi\/#primaryimage"},"image":{"@id":"https:\/\/www.eldiario.net\/portal\/2024\/10\/10\/venezuela-espera-en-vilo-la-llegada-de-argentina-desde-las-tierras-de-messi\/#primaryimage"},"thumbnailUrl":"https:\/\/www.eldiario.net\/portal\/wp-content\/uploads\/2024\/10\/Argentina-09.jpg","datePublished":"2024-10-10T10:13:10+00:00","breadcrumb":{"@id":"https:\/\/www.eldiario.net\/portal\/2024\/10\/10\/venezuela-espera-en-vilo-la-llegada-de-argentina-desde-las-tierras-de-messi\/#breadcrumb"},"inLanguage":"es","potentialAction":[{"@type":"ReadAction","target":["https:\/\/www.eldiario.net\/portal\/2024\/10\/10\/venezuela-espera-en-vilo-la-llegada-de-argentina-desde-las-tierras-de-messi\/"]}]},{"@type":"ImageObject","inLanguage":"es","@id":"https:\/\/www.eldiario.net\/portal\/2024\/10\/10\/venezuela-espera-en-vilo-la-llegada-de-argentina-desde-las-tierras-de-messi\/#primaryimage","url":"https:\/\/www.eldiario.net\/portal\/wp-content\/uploads\/2024\/10\/Argentina-09.jpg","contentUrl":"https:\/\/www.eldiario.net\/portal\/wp-content\/uploads\/2024\/10\/Argentina-09.jpg","width":720,"height":404},{"@type":"BreadcrumbList","@id":"https:\/\/www.eldiario.net\/portal\/2024\/10\/10\/venezuela-espera-en-vilo-la-llegada-de-argentina-desde-las-tierras-de-messi\/#breadcrumb","itemListElement":[{"@type":"ListItem","position":1,"name":"Portada","item":"https:\/\/www.eldiario.net\/portal\/"},{"@type":"ListItem","position":2,"name":"Venezuela espera en vilo la llegada de Argentina desde las tierras de Messi"}]},{"@type":"WebSite","@id":"https:\/\/www.eldiario.net\/portal\/#website","url":"https:\/\/www.eldiario.net\/portal\/","name":"El Diario - Decano de la prensa nacional","description":"El Diario - Decano de la prensa nacional","publisher":{"@id":"https:\/\/www.eldiario.net\/portal\/#organization"},"potentialAction":[{"@type":"SearchAction","target":{"@type":"EntryPoint","urlTemplate":"https:\/\/www.eldiario.net\/portal\/?s={search_term_string}"},"query-input":{"@type":"PropertyValueSpecification","valueRequired":true,"valueName":"search_term_string"}}],"inLanguage":"es"},{"@type":"Organization","@id":"https:\/\/www.eldiario.net\/portal\/#organization","name":"El Diario - Decano de la prensa nacional","url":"https:\/\/www.eldiario.net\/portal\/","logo":{"@type":"ImageObject","inLanguage":"es","@id":"https:\/\/www.eldiario.net\/portal\/#\/schema\/logo\/image\/","url":"https:\/\/www.eldiario.net\/portal\/wp-content\/uploads\/2023\/07\/logo_ED.jpg","contentUrl":"https:\/\/www.eldiario.net\/portal\/wp-content\/uploads\/2023\/07\/logo_ED.jpg","width":272,"height":52,"caption":"El Diario - Decano de la prensa nacional"},"image":{"@id":"https:\/\/www.eldiario.net\/portal\/#\/schema\/logo\/image\/"},"sameAs":["https:\/\/www.facebook.com\/eldiario.bolivia\/","https:\/\/x.com\/eldiario_net"]},{"@type":"Person","@id":"https:\/\/www.eldiario.net\/portal\/#\/schema\/person\/f46445640444750d7d753ccd04ae01b7","name":"Jeanette","image":{"@type":"ImageObject","inLanguage":"es","@id":"https:\/\/secure.gravatar.com\/avatar\/3ea2118a5f7dad2b7138b1187a6b7ee55f160b9968b66013c3a3ef39dd7e5798?s=96&d=mm&r=g","url":"https:\/\/secure.gravatar.com\/avatar\/3ea2118a5f7dad2b7138b1187a6b7ee55f160b9968b66013c3a3ef39dd7e5798?s=96&d=mm&r=g","contentUrl":"https:\/\/secure.gravatar.com\/avatar\/3ea2118a5f7dad2b7138b1187a6b7ee55f160b9968b66013c3a3ef39dd7e5798?s=96&d=mm&r=g","caption":"Jeanette"},"sameAs":["https:\/\/www.eldiario.net\/portal"],"url":"https:\/\/www.eldiario.net\/portal\/author\/jeanette\/"}]}},"_links":{"self":[{"href":"https:\/\/www.eldiario.net\/portal\/wp-json\/wp\/v2\/posts\/253227","targetHints":{"allow":["GET"]}}],"collection":[{"href":"https:\/\/www.eldiario.net\/portal\/wp-json\/wp\/v2\/posts"}],"about":[{"href":"https:\/\/www.eldiario.net\/portal\/wp-json\/wp\/v2\/types\/post"}],"author":[{"embeddable":true,"href":"https:\/\/www.eldiario.net\/portal\/wp-json\/wp\/v2\/users\/1"}],"replies":[{"embeddable":true,"href":"https:\/\/www.eldiario.net\/portal\/wp-json\/wp\/v2\/comments?post=253227"}],"version-history":[{"count":1,"href":"https:\/\/www.eldiario.net\/portal\/wp-json\/wp\/v2\/posts\/253227\/revisions"}],"predecessor-version":[{"id":253229,"href":"https:\/\/www.eldiario.net\/portal\/wp-json\/wp\/v2\/posts\/253227\/revisions\/253229"}],"wp:featuredmedia":[{"embeddable":true,"href":"https:\/\/www.eldiario.net\/portal\/wp-json\/wp\/v2\/media\/253228"}],"wp:attachment":[{"href":"https:\/\/www.eldiario.net\/portal\/wp-json\/wp\/v2\/media?parent=253227"}],"wp:term":[{"taxonomy":"category","embeddable":true,"href":"https:\/\/www.eldiario.net\/portal\/wp-json\/wp\/v2\/categories?post=253227"},{"taxonomy":"post_tag","embeddable":true,"href":"https:\/\/www.eldiario.net\/portal\/wp-json\/wp\/v2\/tags?post=253227"}],"curies":[{"name":"wp","href":"https:\/\/api.w.org\/{rel}","templated":true}]}}