{"id":253220,"date":"2024-10-10T06:11:09","date_gmt":"2024-10-10T10:11:09","guid":{"rendered":"https:\/\/www.eldiario.net\/portal\/?p=253220"},"modified":"2024-10-10T06:11:09","modified_gmt":"2024-10-10T10:11:09","slug":"envian-a-la-carcel-a-dos-policias-acusados-de-favorecer-al-contrabando","status":"publish","type":"post","link":"https:\/\/www.eldiario.net\/portal\/2024\/10\/10\/envian-a-la-carcel-a-dos-policias-acusados-de-favorecer-al-contrabando\/","title":{"rendered":"Env\u00edan a la c\u00e1rcel a dos polic\u00edas  acusados de favorecer al contrabando"},"content":{"rendered":"<p>El Juzgado Octavo de Instrucci\u00f3n Penal de La Paz decidi\u00f3 ayer la detenci\u00f3n preventiva en la c\u00e1rcel de San Pedro para dos efectivos policiales, quienes fueron acusados de haber escoltado a camiones con mercader\u00eda de contrabando en el altiplano del departamento de La Paz.<\/p>\n<p>Durante la audiencia cautelar, la autoridad jurisdiccional estableci\u00f3 que se encuentran vigentes los riesgos de obstaculizaci\u00f3n, por lo que dispuso la reclusi\u00f3n de los uniformados por el lapso de cuatro meses, mientras se desarrollan las investigaciones, inform\u00f3 la fiscal Pamela Niva.<\/p>\n<p>Los dos efectivos, pertenecientes a la Polic\u00eda Caminera, fueron aprehendidos en el municipio de Patacamaya el lunes 7 de octubre cuando, presuntamente, escoltaban en un veh\u00edculo particular un convoy de camiones con contrabando.<\/p>\n<p>Seg\u00fan el informe preliminar, los militares del Comando Estrat\u00e9gico Operacional de Lucha Contra el Contrabando (CEO-LCC) estaban persiguiendo a los camiones, logrando interceptar al veh\u00edculo escolta y encontraron a los dos funcionarios policiales, uno de ellos, armado y con \u00abmiguelitos\u00bb. (Erbol)<\/p>\n","protected":false},"excerpt":{"rendered":"<p>El Juzgado Octavo de Instrucci\u00f3n Penal de La Paz decidi\u00f3 ayer la detenci\u00f3n preventiva en la c\u00e1rcel de San Pedro para dos efectivos policiales, quienes fueron acusados de haber escoltado a camiones con mercader\u00eda de contrabando en el altiplano del departamento de La Paz. Durante la audiencia cautelar, la autoridad jurisdiccional estableci\u00f3 que se encuentran [&hellip;]<\/p>\n","protected":false},"author":1,"featured_media":253221,"comment_status":"open","ping_status":"open","sticky":false,"template":"","format":"standard","meta":{"_acf_changed":false,"footnotes":""},"categories":[39],"tags":[],"class_list":["post-253220","post","type-post","status-publish","format-standard","has-post-thumbnail","category-sociedad"],"acf":{"antetitulo":""},"yoast_head":"<!-- This site is optimized with the Yoast SEO plugin v28.3 - https:\/\/yoast.com\/product\/yoast-seo-wordpress\/ -->\n<title>Env\u00edan a la c\u00e1rcel a dos polic\u00edas acusados de favorecer al contrabando - El Diario - Bolivia<\/title>\n<meta name=\"robots\" content=\"index, follow, max-snippet:-1, max-image-preview:large, max-video-preview:-1\" \/>\n<link rel=\"canonical\" href=\"https:\/\/www.eldiario.net\/portal\/2024\/10\/10\/envian-a-la-carcel-a-dos-policias-acusados-de-favorecer-al-contrabando\/\" \/>\n<meta property=\"og:locale\" content=\"es_ES\" \/>\n<meta property=\"og:type\" content=\"article\" \/>\n<meta property=\"og:title\" content=\"Env\u00edan a la c\u00e1rcel a dos polic\u00edas acusados de favorecer al contrabando - El Diario - Bolivia\" \/>\n<meta property=\"og:description\" content=\"El Juzgado Octavo de Instrucci\u00f3n Penal de La Paz decidi\u00f3 ayer la detenci\u00f3n preventiva en la c\u00e1rcel de San Pedro para dos efectivos policiales, quienes fueron acusados de haber escoltado a camiones con mercader\u00eda de contrabando en el altiplano del departamento de La Paz. Durante la audiencia cautelar, la autoridad jurisdiccional estableci\u00f3 que se encuentran [&hellip;]\" \/>\n<meta property=\"og:url\" content=\"https:\/\/www.eldiario.net\/portal\/2024\/10\/10\/envian-a-la-carcel-a-dos-policias-acusados-de-favorecer-al-contrabando\/\" \/>\n<meta property=\"og:site_name\" content=\"El Diario - Bolivia\" \/>\n<meta property=\"article:publisher\" content=\"https:\/\/www.facebook.com\/eldiario.bolivia\/\" \/>\n<meta property=\"article:published_time\" content=\"2024-10-10T10:11:09+00:00\" \/>\n<meta property=\"og:image\" content=\"https:\/\/www.eldiario.net\/portal\/wp-content\/uploads\/2024\/10\/DOS-FOTO.jpg\" \/>\n\t<meta property=\"og:image:width\" content=\"1068\" \/>\n\t<meta property=\"og:image:height\" content=\"604\" \/>\n\t<meta property=\"og:image:type\" content=\"image\/jpeg\" \/>\n<meta name=\"author\" content=\"Jeanette\" \/>\n<meta name=\"twitter:card\" content=\"summary_large_image\" \/>\n<meta name=\"twitter:creator\" content=\"@eldiario_net\" \/>\n<meta name=\"twitter:site\" content=\"@eldiario_net\" \/>\n<meta name=\"twitter:label1\" content=\"Escrito por\" \/>\n\t<meta name=\"twitter:data1\" content=\"Jeanette\" \/>\n\t<meta name=\"twitter:label2\" content=\"Tiempo de lectura\" \/>\n\t<meta name=\"twitter:data2\" content=\"1 minuto\" \/>\n<script type=\"application\/ld+json\" class=\"yoast-schema-graph\">{\"@context\":\"https:\\\/\\\/schema.org\",\"@graph\":[{\"@type\":\"Article\",\"@id\":\"https:\\\/\\\/www.eldiario.net\\\/portal\\\/2024\\\/10\\\/10\\\/envian-a-la-carcel-a-dos-policias-acusados-de-favorecer-al-contrabando\\\/#article\",\"isPartOf\":{\"@id\":\"https:\\\/\\\/www.eldiario.net\\\/portal\\\/2024\\\/10\\\/10\\\/envian-a-la-carcel-a-dos-policias-acusados-de-favorecer-al-contrabando\\\/\"},\"author\":{\"name\":\"Jeanette\",\"@id\":\"https:\\\/\\\/www.eldiario.net\\\/portal\\\/#\\\/schema\\\/person\\\/f46445640444750d7d753ccd04ae01b7\"},\"headline\":\"Env\u00edan a la c\u00e1rcel a dos polic\u00edas acusados de favorecer al contrabando\",\"datePublished\":\"2024-10-10T10:11:09+00:00\",\"mainEntityOfPage\":{\"@id\":\"https:\\\/\\\/www.eldiario.net\\\/portal\\\/2024\\\/10\\\/10\\\/envian-a-la-carcel-a-dos-policias-acusados-de-favorecer-al-contrabando\\\/\"},\"wordCount\":184,\"commentCount\":0,\"publisher\":{\"@id\":\"https:\\\/\\\/www.eldiario.net\\\/portal\\\/#organization\"},\"image\":{\"@id\":\"https:\\\/\\\/www.eldiario.net\\\/portal\\\/2024\\\/10\\\/10\\\/envian-a-la-carcel-a-dos-policias-acusados-de-favorecer-al-contrabando\\\/#primaryimage\"},\"thumbnailUrl\":\"https:\\\/\\\/www.eldiario.net\\\/portal\\\/wp-content\\\/uploads\\\/2024\\\/10\\\/DOS-FOTO.jpg\",\"articleSection\":[\"Sociedad - Seguridad\"],\"inLanguage\":\"es\",\"potentialAction\":[{\"@type\":\"CommentAction\",\"name\":\"Comment\",\"target\":[\"https:\\\/\\\/www.eldiario.net\\\/portal\\\/2024\\\/10\\\/10\\\/envian-a-la-carcel-a-dos-policias-acusados-de-favorecer-al-contrabando\\\/#respond\"]}]},{\"@type\":\"WebPage\",\"@id\":\"https:\\\/\\\/www.eldiario.net\\\/portal\\\/2024\\\/10\\\/10\\\/envian-a-la-carcel-a-dos-policias-acusados-de-favorecer-al-contrabando\\\/\",\"url\":\"https:\\\/\\\/www.eldiario.net\\\/portal\\\/2024\\\/10\\\/10\\\/envian-a-la-carcel-a-dos-policias-acusados-de-favorecer-al-contrabando\\\/\",\"name\":\"Env\u00edan a la c\u00e1rcel a dos polic\u00edas acusados de favorecer al contrabando - El Diario - Bolivia\",\"isPartOf\":{\"@id\":\"https:\\\/\\\/www.eldiario.net\\\/portal\\\/#website\"},\"primaryImageOfPage\":{\"@id\":\"https:\\\/\\\/www.eldiario.net\\\/portal\\\/2024\\\/10\\\/10\\\/envian-a-la-carcel-a-dos-policias-acusados-de-favorecer-al-contrabando\\\/#primaryimage\"},\"image\":{\"@id\":\"https:\\\/\\\/www.eldiario.net\\\/portal\\\/2024\\\/10\\\/10\\\/envian-a-la-carcel-a-dos-policias-acusados-de-favorecer-al-contrabando\\\/#primaryimage\"},\"thumbnailUrl\":\"https:\\\/\\\/www.eldiario.net\\\/portal\\\/wp-content\\\/uploads\\\/2024\\\/10\\\/DOS-FOTO.jpg\",\"datePublished\":\"2024-10-10T10:11:09+00:00\",\"breadcrumb\":{\"@id\":\"https:\\\/\\\/www.eldiario.net\\\/portal\\\/2024\\\/10\\\/10\\\/envian-a-la-carcel-a-dos-policias-acusados-de-favorecer-al-contrabando\\\/#breadcrumb\"},\"inLanguage\":\"es\",\"potentialAction\":[{\"@type\":\"ReadAction\",\"target\":[\"https:\\\/\\\/www.eldiario.net\\\/portal\\\/2024\\\/10\\\/10\\\/envian-a-la-carcel-a-dos-policias-acusados-de-favorecer-al-contrabando\\\/\"]}]},{\"@type\":\"ImageObject\",\"inLanguage\":\"es\",\"@id\":\"https:\\\/\\\/www.eldiario.net\\\/portal\\\/2024\\\/10\\\/10\\\/envian-a-la-carcel-a-dos-policias-acusados-de-favorecer-al-contrabando\\\/#primaryimage\",\"url\":\"https:\\\/\\\/www.eldiario.net\\\/portal\\\/wp-content\\\/uploads\\\/2024\\\/10\\\/DOS-FOTO.jpg\",\"contentUrl\":\"https:\\\/\\\/www.eldiario.net\\\/portal\\\/wp-content\\\/uploads\\\/2024\\\/10\\\/DOS-FOTO.jpg\",\"width\":1068,\"height\":604,\"caption\":\"Uno de los uniformados detenidos por los militares. Foto: captura video\"},{\"@type\":\"BreadcrumbList\",\"@id\":\"https:\\\/\\\/www.eldiario.net\\\/portal\\\/2024\\\/10\\\/10\\\/envian-a-la-carcel-a-dos-policias-acusados-de-favorecer-al-contrabando\\\/#breadcrumb\",\"itemListElement\":[{\"@type\":\"ListItem\",\"position\":1,\"name\":\"Portada\",\"item\":\"https:\\\/\\\/www.eldiario.net\\\/portal\\\/\"},{\"@type\":\"ListItem\",\"position\":2,\"name\":\"Env\u00edan a la c\u00e1rcel a dos polic\u00edas acusados de favorecer al contrabando\"}]},{\"@type\":\"WebSite\",\"@id\":\"https:\\\/\\\/www.eldiario.net\\\/portal\\\/#website\",\"url\":\"https:\\\/\\\/www.eldiario.net\\\/portal\\\/\",\"name\":\"El Diario - Decano de la prensa nacional\",\"description\":\"El Diario - Decano de la prensa nacional\",\"publisher\":{\"@id\":\"https:\\\/\\\/www.eldiario.net\\\/portal\\\/#organization\"},\"potentialAction\":[{\"@type\":\"SearchAction\",\"target\":{\"@type\":\"EntryPoint\",\"urlTemplate\":\"https:\\\/\\\/www.eldiario.net\\\/portal\\\/?s={search_term_string}\"},\"query-input\":{\"@type\":\"PropertyValueSpecification\",\"valueRequired\":true,\"valueName\":\"search_term_string\"}}],\"inLanguage\":\"es\"},{\"@type\":\"Organization\",\"@id\":\"https:\\\/\\\/www.eldiario.net\\\/portal\\\/#organization\",\"name\":\"El Diario - Decano de la prensa nacional\",\"url\":\"https:\\\/\\\/www.eldiario.net\\\/portal\\\/\",\"logo\":{\"@type\":\"ImageObject\",\"inLanguage\":\"es\",\"@id\":\"https:\\\/\\\/www.eldiario.net\\\/portal\\\/#\\\/schema\\\/logo\\\/image\\\/\",\"url\":\"https:\\\/\\\/www.eldiario.net\\\/portal\\\/wp-content\\\/uploads\\\/2023\\\/07\\\/logo_ED.jpg\",\"contentUrl\":\"https:\\\/\\\/www.eldiario.net\\\/portal\\\/wp-content\\\/uploads\\\/2023\\\/07\\\/logo_ED.jpg\",\"width\":272,\"height\":52,\"caption\":\"El Diario - Decano de la prensa nacional\"},\"image\":{\"@id\":\"https:\\\/\\\/www.eldiario.net\\\/portal\\\/#\\\/schema\\\/logo\\\/image\\\/\"},\"sameAs\":[\"https:\\\/\\\/www.facebook.com\\\/eldiario.bolivia\\\/\",\"https:\\\/\\\/x.com\\\/eldiario_net\"]},{\"@type\":\"Person\",\"@id\":\"https:\\\/\\\/www.eldiario.net\\\/portal\\\/#\\\/schema\\\/person\\\/f46445640444750d7d753ccd04ae01b7\",\"name\":\"Jeanette\",\"image\":{\"@type\":\"ImageObject\",\"inLanguage\":\"es\",\"@id\":\"https:\\\/\\\/secure.gravatar.com\\\/avatar\\\/3ea2118a5f7dad2b7138b1187a6b7ee55f160b9968b66013c3a3ef39dd7e5798?s=96&d=mm&r=g\",\"url\":\"https:\\\/\\\/secure.gravatar.com\\\/avatar\\\/3ea2118a5f7dad2b7138b1187a6b7ee55f160b9968b66013c3a3ef39dd7e5798?s=96&d=mm&r=g\",\"contentUrl\":\"https:\\\/\\\/secure.gravatar.com\\\/avatar\\\/3ea2118a5f7dad2b7138b1187a6b7ee55f160b9968b66013c3a3ef39dd7e5798?s=96&d=mm&r=g\",\"caption\":\"Jeanette\"},\"sameAs\":[\"https:\\\/\\\/www.eldiario.net\\\/portal\"],\"url\":\"https:\\\/\\\/www.eldiario.net\\\/portal\\\/author\\\/jeanette\\\/\"}]}<\/script>\n<!-- \/ Yoast SEO plugin. -->","yoast_head_json":{"title":"Env\u00edan a la c\u00e1rcel a dos polic\u00edas acusados de favorecer al contrabando - El Diario - Bolivia","robots":{"index":"index","follow":"follow","max-snippet":"max-snippet:-1","max-image-preview":"max-image-preview:large","max-video-preview":"max-video-preview:-1"},"canonical":"https:\/\/www.eldiario.net\/portal\/2024\/10\/10\/envian-a-la-carcel-a-dos-policias-acusados-de-favorecer-al-contrabando\/","og_locale":"es_ES","og_type":"article","og_title":"Env\u00edan a la c\u00e1rcel a dos polic\u00edas acusados de favorecer al contrabando - El Diario - Bolivia","og_description":"El Juzgado Octavo de Instrucci\u00f3n Penal de La Paz decidi\u00f3 ayer la detenci\u00f3n preventiva en la c\u00e1rcel de San Pedro para dos efectivos policiales, quienes fueron acusados de haber escoltado a camiones con mercader\u00eda de contrabando en el altiplano del departamento de La Paz. Durante la audiencia cautelar, la autoridad jurisdiccional estableci\u00f3 que se encuentran [&hellip;]","og_url":"https:\/\/www.eldiario.net\/portal\/2024\/10\/10\/envian-a-la-carcel-a-dos-policias-acusados-de-favorecer-al-contrabando\/","og_site_name":"El Diario - Bolivia","article_publisher":"https:\/\/www.facebook.com\/eldiario.bolivia\/","article_published_time":"2024-10-10T10:11:09+00:00","og_image":[{"width":1068,"height":604,"url":"https:\/\/www.eldiario.net\/portal\/wp-content\/uploads\/2024\/10\/DOS-FOTO.jpg","type":"image\/jpeg"}],"author":"Jeanette","twitter_card":"summary_large_image","twitter_creator":"@eldiario_net","twitter_site":"@eldiario_net","twitter_misc":{"Escrito por":"Jeanette","Tiempo de lectura":"1 minuto"},"schema":{"@context":"https:\/\/schema.org","@graph":[{"@type":"Article","@id":"https:\/\/www.eldiario.net\/portal\/2024\/10\/10\/envian-a-la-carcel-a-dos-policias-acusados-de-favorecer-al-contrabando\/#article","isPartOf":{"@id":"https:\/\/www.eldiario.net\/portal\/2024\/10\/10\/envian-a-la-carcel-a-dos-policias-acusados-de-favorecer-al-contrabando\/"},"author":{"name":"Jeanette","@id":"https:\/\/www.eldiario.net\/portal\/#\/schema\/person\/f46445640444750d7d753ccd04ae01b7"},"headline":"Env\u00edan a la c\u00e1rcel a dos polic\u00edas acusados de favorecer al contrabando","datePublished":"2024-10-10T10:11:09+00:00","mainEntityOfPage":{"@id":"https:\/\/www.eldiario.net\/portal\/2024\/10\/10\/envian-a-la-carcel-a-dos-policias-acusados-de-favorecer-al-contrabando\/"},"wordCount":184,"commentCount":0,"publisher":{"@id":"https:\/\/www.eldiario.net\/portal\/#organization"},"image":{"@id":"https:\/\/www.eldiario.net\/portal\/2024\/10\/10\/envian-a-la-carcel-a-dos-policias-acusados-de-favorecer-al-contrabando\/#primaryimage"},"thumbnailUrl":"https:\/\/www.eldiario.net\/portal\/wp-content\/uploads\/2024\/10\/DOS-FOTO.jpg","articleSection":["Sociedad - Seguridad"],"inLanguage":"es","potentialAction":[{"@type":"CommentAction","name":"Comment","target":["https:\/\/www.eldiario.net\/portal\/2024\/10\/10\/envian-a-la-carcel-a-dos-policias-acusados-de-favorecer-al-contrabando\/#respond"]}]},{"@type":"WebPage","@id":"https:\/\/www.eldiario.net\/portal\/2024\/10\/10\/envian-a-la-carcel-a-dos-policias-acusados-de-favorecer-al-contrabando\/","url":"https:\/\/www.eldiario.net\/portal\/2024\/10\/10\/envian-a-la-carcel-a-dos-policias-acusados-de-favorecer-al-contrabando\/","name":"Env\u00edan a la c\u00e1rcel a dos polic\u00edas acusados de favorecer al contrabando - El Diario - Bolivia","isPartOf":{"@id":"https:\/\/www.eldiario.net\/portal\/#website"},"primaryImageOfPage":{"@id":"https:\/\/www.eldiario.net\/portal\/2024\/10\/10\/envian-a-la-carcel-a-dos-policias-acusados-de-favorecer-al-contrabando\/#primaryimage"},"image":{"@id":"https:\/\/www.eldiario.net\/portal\/2024\/10\/10\/envian-a-la-carcel-a-dos-policias-acusados-de-favorecer-al-contrabando\/#primaryimage"},"thumbnailUrl":"https:\/\/www.eldiario.net\/portal\/wp-content\/uploads\/2024\/10\/DOS-FOTO.jpg","datePublished":"2024-10-10T10:11:09+00:00","breadcrumb":{"@id":"https:\/\/www.eldiario.net\/portal\/2024\/10\/10\/envian-a-la-carcel-a-dos-policias-acusados-de-favorecer-al-contrabando\/#breadcrumb"},"inLanguage":"es","potentialAction":[{"@type":"ReadAction","target":["https:\/\/www.eldiario.net\/portal\/2024\/10\/10\/envian-a-la-carcel-a-dos-policias-acusados-de-favorecer-al-contrabando\/"]}]},{"@type":"ImageObject","inLanguage":"es","@id":"https:\/\/www.eldiario.net\/portal\/2024\/10\/10\/envian-a-la-carcel-a-dos-policias-acusados-de-favorecer-al-contrabando\/#primaryimage","url":"https:\/\/www.eldiario.net\/portal\/wp-content\/uploads\/2024\/10\/DOS-FOTO.jpg","contentUrl":"https:\/\/www.eldiario.net\/portal\/wp-content\/uploads\/2024\/10\/DOS-FOTO.jpg","width":1068,"height":604,"caption":"Uno de los uniformados detenidos por los militares. Foto: captura video"},{"@type":"BreadcrumbList","@id":"https:\/\/www.eldiario.net\/portal\/2024\/10\/10\/envian-a-la-carcel-a-dos-policias-acusados-de-favorecer-al-contrabando\/#breadcrumb","itemListElement":[{"@type":"ListItem","position":1,"name":"Portada","item":"https:\/\/www.eldiario.net\/portal\/"},{"@type":"ListItem","position":2,"name":"Env\u00edan a la c\u00e1rcel a dos polic\u00edas acusados de favorecer al contrabando"}]},{"@type":"WebSite","@id":"https:\/\/www.eldiario.net\/portal\/#website","url":"https:\/\/www.eldiario.net\/portal\/","name":"El Diario - Decano de la prensa nacional","description":"El Diario - Decano de la prensa nacional","publisher":{"@id":"https:\/\/www.eldiario.net\/portal\/#organization"},"potentialAction":[{"@type":"SearchAction","target":{"@type":"EntryPoint","urlTemplate":"https:\/\/www.eldiario.net\/portal\/?s={search_term_string}"},"query-input":{"@type":"PropertyValueSpecification","valueRequired":true,"valueName":"search_term_string"}}],"inLanguage":"es"},{"@type":"Organization","@id":"https:\/\/www.eldiario.net\/portal\/#organization","name":"El Diario - Decano de la prensa nacional","url":"https:\/\/www.eldiario.net\/portal\/","logo":{"@type":"ImageObject","inLanguage":"es","@id":"https:\/\/www.eldiario.net\/portal\/#\/schema\/logo\/image\/","url":"https:\/\/www.eldiario.net\/portal\/wp-content\/uploads\/2023\/07\/logo_ED.jpg","contentUrl":"https:\/\/www.eldiario.net\/portal\/wp-content\/uploads\/2023\/07\/logo_ED.jpg","width":272,"height":52,"caption":"El Diario - Decano de la prensa nacional"},"image":{"@id":"https:\/\/www.eldiario.net\/portal\/#\/schema\/logo\/image\/"},"sameAs":["https:\/\/www.facebook.com\/eldiario.bolivia\/","https:\/\/x.com\/eldiario_net"]},{"@type":"Person","@id":"https:\/\/www.eldiario.net\/portal\/#\/schema\/person\/f46445640444750d7d753ccd04ae01b7","name":"Jeanette","image":{"@type":"ImageObject","inLanguage":"es","@id":"https:\/\/secure.gravatar.com\/avatar\/3ea2118a5f7dad2b7138b1187a6b7ee55f160b9968b66013c3a3ef39dd7e5798?s=96&d=mm&r=g","url":"https:\/\/secure.gravatar.com\/avatar\/3ea2118a5f7dad2b7138b1187a6b7ee55f160b9968b66013c3a3ef39dd7e5798?s=96&d=mm&r=g","contentUrl":"https:\/\/secure.gravatar.com\/avatar\/3ea2118a5f7dad2b7138b1187a6b7ee55f160b9968b66013c3a3ef39dd7e5798?s=96&d=mm&r=g","caption":"Jeanette"},"sameAs":["https:\/\/www.eldiario.net\/portal"],"url":"https:\/\/www.eldiario.net\/portal\/author\/jeanette\/"}]}},"_links":{"self":[{"href":"https:\/\/www.eldiario.net\/portal\/wp-json\/wp\/v2\/posts\/253220","targetHints":{"allow":["GET"]}}],"collection":[{"href":"https:\/\/www.eldiario.net\/portal\/wp-json\/wp\/v2\/posts"}],"about":[{"href":"https:\/\/www.eldiario.net\/portal\/wp-json\/wp\/v2\/types\/post"}],"author":[{"embeddable":true,"href":"https:\/\/www.eldiario.net\/portal\/wp-json\/wp\/v2\/users\/1"}],"replies":[{"embeddable":true,"href":"https:\/\/www.eldiario.net\/portal\/wp-json\/wp\/v2\/comments?post=253220"}],"version-history":[{"count":1,"href":"https:\/\/www.eldiario.net\/portal\/wp-json\/wp\/v2\/posts\/253220\/revisions"}],"predecessor-version":[{"id":253222,"href":"https:\/\/www.eldiario.net\/portal\/wp-json\/wp\/v2\/posts\/253220\/revisions\/253222"}],"wp:featuredmedia":[{"embeddable":true,"href":"https:\/\/www.eldiario.net\/portal\/wp-json\/wp\/v2\/media\/253221"}],"wp:attachment":[{"href":"https:\/\/www.eldiario.net\/portal\/wp-json\/wp\/v2\/media?parent=253220"}],"wp:term":[{"taxonomy":"category","embeddable":true,"href":"https:\/\/www.eldiario.net\/portal\/wp-json\/wp\/v2\/categories?post=253220"},{"taxonomy":"post_tag","embeddable":true,"href":"https:\/\/www.eldiario.net\/portal\/wp-json\/wp\/v2\/tags?post=253220"}],"curies":[{"name":"wp","href":"https:\/\/api.w.org\/{rel}","templated":true}]}}