{"id":253216,"date":"2024-10-10T06:10:37","date_gmt":"2024-10-10T10:10:37","guid":{"rendered":"https:\/\/www.eldiario.net\/portal\/?p=253216"},"modified":"2024-10-10T06:10:37","modified_gmt":"2024-10-10T10:10:37","slug":"policia-gasifica-a-prestatarios-afectados-denuncian-brutalidad","status":"publish","type":"post","link":"https:\/\/www.eldiario.net\/portal\/2024\/10\/10\/policia-gasifica-a-prestatarios-afectados-denuncian-brutalidad\/","title":{"rendered":"Polic\u00eda gasifica a prestatarios; afectados denuncian brutalidad"},"content":{"rendered":"<p>Un grupo de manifestantes de la Asociaci\u00f3n de Deudores de Buena Fe y presuntas v\u00edctimas de usura de los bancos fue reprimido ayer con agentes qu\u00edmicos en puertas del Ministerio de Econom\u00eda, mientras protestaban en contra del sistema financiero. Denunciaron brutalidad policial y uso de agentes qu\u00edmicos en contra de mujeres de la tercera edad.<\/p>\n<p>Los efectivos policiales rociaron gases no letales contra varios manifestantes que cortaron el paso en la avenida Mariscal Santa Cruz en horas de la tarde. Varios de ellos eran mujeres y personas de la tercera edad, de acuerdo con reportes de redes sociales. El hecho ocasion\u00f3 la interrupci\u00f3n del tr\u00e1fico en la principal arteria vehicular del centro pace\u00f1o durante varias horas.<\/p>\n<p>El abogado y exfiscal cruce\u00f1o, Jaime Soliz Phiel, denunci\u00f3 brutalidad policial y la violenta detenci\u00f3n de delegados de Potos\u00ed y de Tarija, reprochando que esa sea la respuesta del Gobierno frente a los requerimientos de este sector, el cual desde hace un mes viene protestando para exigir un alto a los supuestos atropellos del sistema financiero.<\/p>\n<p>\u201cHemos sufrido una brutal represi\u00f3n por parte de la Polic\u00eda, ordenada por el Ministerio de Gobierno. Lamentamos que el Gobierno responda a los requerimientos econ\u00f3micos de la poblaci\u00f3n con gases lacrim\u00f3genos, con brutalidad policial. Los polic\u00edas arremetieron con gases apuntando a los ojos a cientos de se\u00f1oras de la tercera edad, de ni\u00f1os y de mujeres embarazadas que hicieron una marcha pac\u00edfica simplemente pidiendo un nuevo sistema financiero\u201d, manifest\u00f3 Soliz, quien tambi\u00e9n fue gasificado.<\/p>\n<p>Una delegaci\u00f3n nacional de prestatarios de la banca, organizada en un cabildo movilizado, parti\u00f3 ayer desde la Cervecer\u00eda Boliviana, en la avenida Montes, hacia el Ministerio de Econom\u00eda, exigiendo la condonaci\u00f3n de intereses de los cr\u00e9ditos bancarios y el cese de la \u201cpersecuci\u00f3n judicial\u201d a deudores de buena fe, por parte de las entidades bancarias.<\/p>\n<figure id=\"attachment_253218\" aria-describedby=\"caption-attachment-253218\" style=\"width: 1600px\" class=\"wp-caption aligncenter\"><img loading=\"lazy\" decoding=\"async\" class=\"size-full wp-image-253218\" src=\"https:\/\/www.eldiario.net\/portal\/wp-content\/uploads\/2024\/10\/GASIF-FOTO-2.jpg\" alt=\"\" width=\"1600\" height=\"1216\" srcset=\"https:\/\/www.eldiario.net\/portal\/wp-content\/uploads\/2024\/10\/GASIF-FOTO-2.jpg 1600w, https:\/\/www.eldiario.net\/portal\/wp-content\/uploads\/2024\/10\/GASIF-FOTO-2-300x228.jpg 300w, https:\/\/www.eldiario.net\/portal\/wp-content\/uploads\/2024\/10\/GASIF-FOTO-2-1024x778.jpg 1024w, https:\/\/www.eldiario.net\/portal\/wp-content\/uploads\/2024\/10\/GASIF-FOTO-2-768x584.jpg 768w, https:\/\/www.eldiario.net\/portal\/wp-content\/uploads\/2024\/10\/GASIF-FOTO-2-1536x1167.jpg 1536w, https:\/\/www.eldiario.net\/portal\/wp-content\/uploads\/2024\/10\/GASIF-FOTO-2-553x420.jpg 553w, https:\/\/www.eldiario.net\/portal\/wp-content\/uploads\/2024\/10\/GASIF-FOTO-2-80x60.jpg 80w, https:\/\/www.eldiario.net\/portal\/wp-content\/uploads\/2024\/10\/GASIF-FOTO-2-696x529.jpg 696w, https:\/\/www.eldiario.net\/portal\/wp-content\/uploads\/2024\/10\/GASIF-FOTO-2-1068x812.jpg 1068w\" sizes=\"auto, (max-width: 1600px) 100vw, 1600px\" \/><figcaption id=\"caption-attachment-253218\" class=\"wp-caption-text\">La Polic\u00eda emple\u00f3 agentes qu\u00edmicos para reprimir la manifestaci\u00f3n.<br \/>Foto: Capturas RRSS<\/figcaption><\/figure>\n","protected":false},"excerpt":{"rendered":"<p>Un grupo de manifestantes de la Asociaci\u00f3n de Deudores de Buena Fe y presuntas v\u00edctimas de usura de los bancos fue reprimido ayer con agentes qu\u00edmicos en puertas del Ministerio de Econom\u00eda, mientras protestaban en contra del sistema financiero. Denunciaron brutalidad policial y uso de agentes qu\u00edmicos en contra de mujeres de la tercera edad. [&hellip;]<\/p>\n","protected":false},"author":1,"featured_media":253217,"comment_status":"open","ping_status":"open","sticky":false,"template":"","format":"standard","meta":{"_acf_changed":false,"footnotes":""},"categories":[39],"tags":[],"class_list":["post-253216","post","type-post","status-publish","format-standard","has-post-thumbnail","category-sociedad"],"acf":{"antetitulo":""},"yoast_head":"<!-- This site is optimized with the Yoast SEO plugin v28.3 - https:\/\/yoast.com\/product\/yoast-seo-wordpress\/ -->\n<title>Polic\u00eda gasifica a prestatarios; afectados denuncian brutalidad - El Diario - Bolivia<\/title>\n<meta name=\"robots\" content=\"index, follow, max-snippet:-1, max-image-preview:large, max-video-preview:-1\" \/>\n<link rel=\"canonical\" href=\"https:\/\/www.eldiario.net\/portal\/2024\/10\/10\/policia-gasifica-a-prestatarios-afectados-denuncian-brutalidad\/\" \/>\n<meta property=\"og:locale\" content=\"es_ES\" \/>\n<meta property=\"og:type\" content=\"article\" \/>\n<meta property=\"og:title\" content=\"Polic\u00eda gasifica a prestatarios; afectados denuncian brutalidad - El Diario - Bolivia\" \/>\n<meta property=\"og:description\" content=\"Un grupo de manifestantes de la Asociaci\u00f3n de Deudores de Buena Fe y presuntas v\u00edctimas de usura de los bancos fue reprimido ayer con agentes qu\u00edmicos en puertas del Ministerio de Econom\u00eda, mientras protestaban en contra del sistema financiero. Denunciaron brutalidad policial y uso de agentes qu\u00edmicos en contra de mujeres de la tercera edad. [&hellip;]\" \/>\n<meta property=\"og:url\" content=\"https:\/\/www.eldiario.net\/portal\/2024\/10\/10\/policia-gasifica-a-prestatarios-afectados-denuncian-brutalidad\/\" \/>\n<meta property=\"og:site_name\" content=\"El Diario - Bolivia\" \/>\n<meta property=\"article:publisher\" content=\"https:\/\/www.facebook.com\/eldiario.bolivia\/\" \/>\n<meta property=\"article:published_time\" content=\"2024-10-10T10:10:37+00:00\" \/>\n<meta property=\"og:image\" content=\"https:\/\/www.eldiario.net\/portal\/wp-content\/uploads\/2024\/10\/GASIF-FOTO-1.jpg\" \/>\n\t<meta property=\"og:image:width\" content=\"1600\" \/>\n\t<meta property=\"og:image:height\" content=\"900\" \/>\n\t<meta property=\"og:image:type\" content=\"image\/jpeg\" \/>\n<meta name=\"author\" content=\"Jeanette\" \/>\n<meta name=\"twitter:card\" content=\"summary_large_image\" \/>\n<meta name=\"twitter:creator\" content=\"@eldiario_net\" \/>\n<meta name=\"twitter:site\" content=\"@eldiario_net\" \/>\n<meta name=\"twitter:label1\" content=\"Escrito por\" \/>\n\t<meta name=\"twitter:data1\" content=\"Jeanette\" \/>\n\t<meta name=\"twitter:label2\" content=\"Tiempo de lectura\" \/>\n\t<meta name=\"twitter:data2\" content=\"2 minutos\" \/>\n<script type=\"application\/ld+json\" class=\"yoast-schema-graph\">{\"@context\":\"https:\\\/\\\/schema.org\",\"@graph\":[{\"@type\":\"Article\",\"@id\":\"https:\\\/\\\/www.eldiario.net\\\/portal\\\/2024\\\/10\\\/10\\\/policia-gasifica-a-prestatarios-afectados-denuncian-brutalidad\\\/#article\",\"isPartOf\":{\"@id\":\"https:\\\/\\\/www.eldiario.net\\\/portal\\\/2024\\\/10\\\/10\\\/policia-gasifica-a-prestatarios-afectados-denuncian-brutalidad\\\/\"},\"author\":{\"name\":\"Jeanette\",\"@id\":\"https:\\\/\\\/www.eldiario.net\\\/portal\\\/#\\\/schema\\\/person\\\/f46445640444750d7d753ccd04ae01b7\"},\"headline\":\"Polic\u00eda gasifica a prestatarios; afectados denuncian brutalidad\",\"datePublished\":\"2024-10-10T10:10:37+00:00\",\"mainEntityOfPage\":{\"@id\":\"https:\\\/\\\/www.eldiario.net\\\/portal\\\/2024\\\/10\\\/10\\\/policia-gasifica-a-prestatarios-afectados-denuncian-brutalidad\\\/\"},\"wordCount\":357,\"commentCount\":0,\"publisher\":{\"@id\":\"https:\\\/\\\/www.eldiario.net\\\/portal\\\/#organization\"},\"image\":{\"@id\":\"https:\\\/\\\/www.eldiario.net\\\/portal\\\/2024\\\/10\\\/10\\\/policia-gasifica-a-prestatarios-afectados-denuncian-brutalidad\\\/#primaryimage\"},\"thumbnailUrl\":\"https:\\\/\\\/www.eldiario.net\\\/portal\\\/wp-content\\\/uploads\\\/2024\\\/10\\\/GASIF-FOTO-1.jpg\",\"articleSection\":[\"Sociedad - Seguridad\"],\"inLanguage\":\"es\",\"potentialAction\":[{\"@type\":\"CommentAction\",\"name\":\"Comment\",\"target\":[\"https:\\\/\\\/www.eldiario.net\\\/portal\\\/2024\\\/10\\\/10\\\/policia-gasifica-a-prestatarios-afectados-denuncian-brutalidad\\\/#respond\"]}]},{\"@type\":\"WebPage\",\"@id\":\"https:\\\/\\\/www.eldiario.net\\\/portal\\\/2024\\\/10\\\/10\\\/policia-gasifica-a-prestatarios-afectados-denuncian-brutalidad\\\/\",\"url\":\"https:\\\/\\\/www.eldiario.net\\\/portal\\\/2024\\\/10\\\/10\\\/policia-gasifica-a-prestatarios-afectados-denuncian-brutalidad\\\/\",\"name\":\"Polic\u00eda gasifica a prestatarios; afectados denuncian brutalidad - El Diario - Bolivia\",\"isPartOf\":{\"@id\":\"https:\\\/\\\/www.eldiario.net\\\/portal\\\/#website\"},\"primaryImageOfPage\":{\"@id\":\"https:\\\/\\\/www.eldiario.net\\\/portal\\\/2024\\\/10\\\/10\\\/policia-gasifica-a-prestatarios-afectados-denuncian-brutalidad\\\/#primaryimage\"},\"image\":{\"@id\":\"https:\\\/\\\/www.eldiario.net\\\/portal\\\/2024\\\/10\\\/10\\\/policia-gasifica-a-prestatarios-afectados-denuncian-brutalidad\\\/#primaryimage\"},\"thumbnailUrl\":\"https:\\\/\\\/www.eldiario.net\\\/portal\\\/wp-content\\\/uploads\\\/2024\\\/10\\\/GASIF-FOTO-1.jpg\",\"datePublished\":\"2024-10-10T10:10:37+00:00\",\"breadcrumb\":{\"@id\":\"https:\\\/\\\/www.eldiario.net\\\/portal\\\/2024\\\/10\\\/10\\\/policia-gasifica-a-prestatarios-afectados-denuncian-brutalidad\\\/#breadcrumb\"},\"inLanguage\":\"es\",\"potentialAction\":[{\"@type\":\"ReadAction\",\"target\":[\"https:\\\/\\\/www.eldiario.net\\\/portal\\\/2024\\\/10\\\/10\\\/policia-gasifica-a-prestatarios-afectados-denuncian-brutalidad\\\/\"]}]},{\"@type\":\"ImageObject\",\"inLanguage\":\"es\",\"@id\":\"https:\\\/\\\/www.eldiario.net\\\/portal\\\/2024\\\/10\\\/10\\\/policia-gasifica-a-prestatarios-afectados-denuncian-brutalidad\\\/#primaryimage\",\"url\":\"https:\\\/\\\/www.eldiario.net\\\/portal\\\/wp-content\\\/uploads\\\/2024\\\/10\\\/GASIF-FOTO-1.jpg\",\"contentUrl\":\"https:\\\/\\\/www.eldiario.net\\\/portal\\\/wp-content\\\/uploads\\\/2024\\\/10\\\/GASIF-FOTO-1.jpg\",\"width\":1600,\"height\":900,\"caption\":\"La Polic\u00eda emple\u00f3 agentes qu\u00edmicos para reprimir la manifestaci\u00f3n. Foto: Capturas RRSS\"},{\"@type\":\"BreadcrumbList\",\"@id\":\"https:\\\/\\\/www.eldiario.net\\\/portal\\\/2024\\\/10\\\/10\\\/policia-gasifica-a-prestatarios-afectados-denuncian-brutalidad\\\/#breadcrumb\",\"itemListElement\":[{\"@type\":\"ListItem\",\"position\":1,\"name\":\"Portada\",\"item\":\"https:\\\/\\\/www.eldiario.net\\\/portal\\\/\"},{\"@type\":\"ListItem\",\"position\":2,\"name\":\"Polic\u00eda gasifica a prestatarios; afectados denuncian brutalidad\"}]},{\"@type\":\"WebSite\",\"@id\":\"https:\\\/\\\/www.eldiario.net\\\/portal\\\/#website\",\"url\":\"https:\\\/\\\/www.eldiario.net\\\/portal\\\/\",\"name\":\"El Diario - Decano de la prensa nacional\",\"description\":\"El Diario - Decano de la prensa nacional\",\"publisher\":{\"@id\":\"https:\\\/\\\/www.eldiario.net\\\/portal\\\/#organization\"},\"potentialAction\":[{\"@type\":\"SearchAction\",\"target\":{\"@type\":\"EntryPoint\",\"urlTemplate\":\"https:\\\/\\\/www.eldiario.net\\\/portal\\\/?s={search_term_string}\"},\"query-input\":{\"@type\":\"PropertyValueSpecification\",\"valueRequired\":true,\"valueName\":\"search_term_string\"}}],\"inLanguage\":\"es\"},{\"@type\":\"Organization\",\"@id\":\"https:\\\/\\\/www.eldiario.net\\\/portal\\\/#organization\",\"name\":\"El Diario - Decano de la prensa nacional\",\"url\":\"https:\\\/\\\/www.eldiario.net\\\/portal\\\/\",\"logo\":{\"@type\":\"ImageObject\",\"inLanguage\":\"es\",\"@id\":\"https:\\\/\\\/www.eldiario.net\\\/portal\\\/#\\\/schema\\\/logo\\\/image\\\/\",\"url\":\"https:\\\/\\\/www.eldiario.net\\\/portal\\\/wp-content\\\/uploads\\\/2023\\\/07\\\/logo_ED.jpg\",\"contentUrl\":\"https:\\\/\\\/www.eldiario.net\\\/portal\\\/wp-content\\\/uploads\\\/2023\\\/07\\\/logo_ED.jpg\",\"width\":272,\"height\":52,\"caption\":\"El Diario - Decano de la prensa nacional\"},\"image\":{\"@id\":\"https:\\\/\\\/www.eldiario.net\\\/portal\\\/#\\\/schema\\\/logo\\\/image\\\/\"},\"sameAs\":[\"https:\\\/\\\/www.facebook.com\\\/eldiario.bolivia\\\/\",\"https:\\\/\\\/x.com\\\/eldiario_net\"]},{\"@type\":\"Person\",\"@id\":\"https:\\\/\\\/www.eldiario.net\\\/portal\\\/#\\\/schema\\\/person\\\/f46445640444750d7d753ccd04ae01b7\",\"name\":\"Jeanette\",\"image\":{\"@type\":\"ImageObject\",\"inLanguage\":\"es\",\"@id\":\"https:\\\/\\\/secure.gravatar.com\\\/avatar\\\/3ea2118a5f7dad2b7138b1187a6b7ee55f160b9968b66013c3a3ef39dd7e5798?s=96&d=mm&r=g\",\"url\":\"https:\\\/\\\/secure.gravatar.com\\\/avatar\\\/3ea2118a5f7dad2b7138b1187a6b7ee55f160b9968b66013c3a3ef39dd7e5798?s=96&d=mm&r=g\",\"contentUrl\":\"https:\\\/\\\/secure.gravatar.com\\\/avatar\\\/3ea2118a5f7dad2b7138b1187a6b7ee55f160b9968b66013c3a3ef39dd7e5798?s=96&d=mm&r=g\",\"caption\":\"Jeanette\"},\"sameAs\":[\"https:\\\/\\\/www.eldiario.net\\\/portal\"],\"url\":\"https:\\\/\\\/www.eldiario.net\\\/portal\\\/author\\\/jeanette\\\/\"}]}<\/script>\n<!-- \/ Yoast SEO plugin. -->","yoast_head_json":{"title":"Polic\u00eda gasifica a prestatarios; afectados denuncian brutalidad - El Diario - Bolivia","robots":{"index":"index","follow":"follow","max-snippet":"max-snippet:-1","max-image-preview":"max-image-preview:large","max-video-preview":"max-video-preview:-1"},"canonical":"https:\/\/www.eldiario.net\/portal\/2024\/10\/10\/policia-gasifica-a-prestatarios-afectados-denuncian-brutalidad\/","og_locale":"es_ES","og_type":"article","og_title":"Polic\u00eda gasifica a prestatarios; afectados denuncian brutalidad - El Diario - Bolivia","og_description":"Un grupo de manifestantes de la Asociaci\u00f3n de Deudores de Buena Fe y presuntas v\u00edctimas de usura de los bancos fue reprimido ayer con agentes qu\u00edmicos en puertas del Ministerio de Econom\u00eda, mientras protestaban en contra del sistema financiero. Denunciaron brutalidad policial y uso de agentes qu\u00edmicos en contra de mujeres de la tercera edad. [&hellip;]","og_url":"https:\/\/www.eldiario.net\/portal\/2024\/10\/10\/policia-gasifica-a-prestatarios-afectados-denuncian-brutalidad\/","og_site_name":"El Diario - Bolivia","article_publisher":"https:\/\/www.facebook.com\/eldiario.bolivia\/","article_published_time":"2024-10-10T10:10:37+00:00","og_image":[{"width":1600,"height":900,"url":"https:\/\/www.eldiario.net\/portal\/wp-content\/uploads\/2024\/10\/GASIF-FOTO-1.jpg","type":"image\/jpeg"}],"author":"Jeanette","twitter_card":"summary_large_image","twitter_creator":"@eldiario_net","twitter_site":"@eldiario_net","twitter_misc":{"Escrito por":"Jeanette","Tiempo de lectura":"2 minutos"},"schema":{"@context":"https:\/\/schema.org","@graph":[{"@type":"Article","@id":"https:\/\/www.eldiario.net\/portal\/2024\/10\/10\/policia-gasifica-a-prestatarios-afectados-denuncian-brutalidad\/#article","isPartOf":{"@id":"https:\/\/www.eldiario.net\/portal\/2024\/10\/10\/policia-gasifica-a-prestatarios-afectados-denuncian-brutalidad\/"},"author":{"name":"Jeanette","@id":"https:\/\/www.eldiario.net\/portal\/#\/schema\/person\/f46445640444750d7d753ccd04ae01b7"},"headline":"Polic\u00eda gasifica a prestatarios; afectados denuncian brutalidad","datePublished":"2024-10-10T10:10:37+00:00","mainEntityOfPage":{"@id":"https:\/\/www.eldiario.net\/portal\/2024\/10\/10\/policia-gasifica-a-prestatarios-afectados-denuncian-brutalidad\/"},"wordCount":357,"commentCount":0,"publisher":{"@id":"https:\/\/www.eldiario.net\/portal\/#organization"},"image":{"@id":"https:\/\/www.eldiario.net\/portal\/2024\/10\/10\/policia-gasifica-a-prestatarios-afectados-denuncian-brutalidad\/#primaryimage"},"thumbnailUrl":"https:\/\/www.eldiario.net\/portal\/wp-content\/uploads\/2024\/10\/GASIF-FOTO-1.jpg","articleSection":["Sociedad - Seguridad"],"inLanguage":"es","potentialAction":[{"@type":"CommentAction","name":"Comment","target":["https:\/\/www.eldiario.net\/portal\/2024\/10\/10\/policia-gasifica-a-prestatarios-afectados-denuncian-brutalidad\/#respond"]}]},{"@type":"WebPage","@id":"https:\/\/www.eldiario.net\/portal\/2024\/10\/10\/policia-gasifica-a-prestatarios-afectados-denuncian-brutalidad\/","url":"https:\/\/www.eldiario.net\/portal\/2024\/10\/10\/policia-gasifica-a-prestatarios-afectados-denuncian-brutalidad\/","name":"Polic\u00eda gasifica a prestatarios; afectados denuncian brutalidad - El Diario - Bolivia","isPartOf":{"@id":"https:\/\/www.eldiario.net\/portal\/#website"},"primaryImageOfPage":{"@id":"https:\/\/www.eldiario.net\/portal\/2024\/10\/10\/policia-gasifica-a-prestatarios-afectados-denuncian-brutalidad\/#primaryimage"},"image":{"@id":"https:\/\/www.eldiario.net\/portal\/2024\/10\/10\/policia-gasifica-a-prestatarios-afectados-denuncian-brutalidad\/#primaryimage"},"thumbnailUrl":"https:\/\/www.eldiario.net\/portal\/wp-content\/uploads\/2024\/10\/GASIF-FOTO-1.jpg","datePublished":"2024-10-10T10:10:37+00:00","breadcrumb":{"@id":"https:\/\/www.eldiario.net\/portal\/2024\/10\/10\/policia-gasifica-a-prestatarios-afectados-denuncian-brutalidad\/#breadcrumb"},"inLanguage":"es","potentialAction":[{"@type":"ReadAction","target":["https:\/\/www.eldiario.net\/portal\/2024\/10\/10\/policia-gasifica-a-prestatarios-afectados-denuncian-brutalidad\/"]}]},{"@type":"ImageObject","inLanguage":"es","@id":"https:\/\/www.eldiario.net\/portal\/2024\/10\/10\/policia-gasifica-a-prestatarios-afectados-denuncian-brutalidad\/#primaryimage","url":"https:\/\/www.eldiario.net\/portal\/wp-content\/uploads\/2024\/10\/GASIF-FOTO-1.jpg","contentUrl":"https:\/\/www.eldiario.net\/portal\/wp-content\/uploads\/2024\/10\/GASIF-FOTO-1.jpg","width":1600,"height":900,"caption":"La Polic\u00eda emple\u00f3 agentes qu\u00edmicos para reprimir la manifestaci\u00f3n. Foto: Capturas RRSS"},{"@type":"BreadcrumbList","@id":"https:\/\/www.eldiario.net\/portal\/2024\/10\/10\/policia-gasifica-a-prestatarios-afectados-denuncian-brutalidad\/#breadcrumb","itemListElement":[{"@type":"ListItem","position":1,"name":"Portada","item":"https:\/\/www.eldiario.net\/portal\/"},{"@type":"ListItem","position":2,"name":"Polic\u00eda gasifica a prestatarios; afectados denuncian brutalidad"}]},{"@type":"WebSite","@id":"https:\/\/www.eldiario.net\/portal\/#website","url":"https:\/\/www.eldiario.net\/portal\/","name":"El Diario - Decano de la prensa nacional","description":"El Diario - Decano de la prensa nacional","publisher":{"@id":"https:\/\/www.eldiario.net\/portal\/#organization"},"potentialAction":[{"@type":"SearchAction","target":{"@type":"EntryPoint","urlTemplate":"https:\/\/www.eldiario.net\/portal\/?s={search_term_string}"},"query-input":{"@type":"PropertyValueSpecification","valueRequired":true,"valueName":"search_term_string"}}],"inLanguage":"es"},{"@type":"Organization","@id":"https:\/\/www.eldiario.net\/portal\/#organization","name":"El Diario - Decano de la prensa nacional","url":"https:\/\/www.eldiario.net\/portal\/","logo":{"@type":"ImageObject","inLanguage":"es","@id":"https:\/\/www.eldiario.net\/portal\/#\/schema\/logo\/image\/","url":"https:\/\/www.eldiario.net\/portal\/wp-content\/uploads\/2023\/07\/logo_ED.jpg","contentUrl":"https:\/\/www.eldiario.net\/portal\/wp-content\/uploads\/2023\/07\/logo_ED.jpg","width":272,"height":52,"caption":"El Diario - Decano de la prensa nacional"},"image":{"@id":"https:\/\/www.eldiario.net\/portal\/#\/schema\/logo\/image\/"},"sameAs":["https:\/\/www.facebook.com\/eldiario.bolivia\/","https:\/\/x.com\/eldiario_net"]},{"@type":"Person","@id":"https:\/\/www.eldiario.net\/portal\/#\/schema\/person\/f46445640444750d7d753ccd04ae01b7","name":"Jeanette","image":{"@type":"ImageObject","inLanguage":"es","@id":"https:\/\/secure.gravatar.com\/avatar\/3ea2118a5f7dad2b7138b1187a6b7ee55f160b9968b66013c3a3ef39dd7e5798?s=96&d=mm&r=g","url":"https:\/\/secure.gravatar.com\/avatar\/3ea2118a5f7dad2b7138b1187a6b7ee55f160b9968b66013c3a3ef39dd7e5798?s=96&d=mm&r=g","contentUrl":"https:\/\/secure.gravatar.com\/avatar\/3ea2118a5f7dad2b7138b1187a6b7ee55f160b9968b66013c3a3ef39dd7e5798?s=96&d=mm&r=g","caption":"Jeanette"},"sameAs":["https:\/\/www.eldiario.net\/portal"],"url":"https:\/\/www.eldiario.net\/portal\/author\/jeanette\/"}]}},"_links":{"self":[{"href":"https:\/\/www.eldiario.net\/portal\/wp-json\/wp\/v2\/posts\/253216","targetHints":{"allow":["GET"]}}],"collection":[{"href":"https:\/\/www.eldiario.net\/portal\/wp-json\/wp\/v2\/posts"}],"about":[{"href":"https:\/\/www.eldiario.net\/portal\/wp-json\/wp\/v2\/types\/post"}],"author":[{"embeddable":true,"href":"https:\/\/www.eldiario.net\/portal\/wp-json\/wp\/v2\/users\/1"}],"replies":[{"embeddable":true,"href":"https:\/\/www.eldiario.net\/portal\/wp-json\/wp\/v2\/comments?post=253216"}],"version-history":[{"count":1,"href":"https:\/\/www.eldiario.net\/portal\/wp-json\/wp\/v2\/posts\/253216\/revisions"}],"predecessor-version":[{"id":253219,"href":"https:\/\/www.eldiario.net\/portal\/wp-json\/wp\/v2\/posts\/253216\/revisions\/253219"}],"wp:featuredmedia":[{"embeddable":true,"href":"https:\/\/www.eldiario.net\/portal\/wp-json\/wp\/v2\/media\/253217"}],"wp:attachment":[{"href":"https:\/\/www.eldiario.net\/portal\/wp-json\/wp\/v2\/media?parent=253216"}],"wp:term":[{"taxonomy":"category","embeddable":true,"href":"https:\/\/www.eldiario.net\/portal\/wp-json\/wp\/v2\/categories?post=253216"},{"taxonomy":"post_tag","embeddable":true,"href":"https:\/\/www.eldiario.net\/portal\/wp-json\/wp\/v2\/tags?post=253216"}],"curies":[{"name":"wp","href":"https:\/\/api.w.org\/{rel}","templated":true}]}}