{"id":253210,"date":"2024-10-10T06:09:19","date_gmt":"2024-10-10T10:09:19","guid":{"rendered":"https:\/\/www.eldiario.net\/portal\/?p=253210"},"modified":"2024-10-10T06:09:19","modified_gmt":"2024-10-10T10:09:19","slug":"roban-equipos-valuados-en-120-mil-dolares-tras-cancelacion-de-concierto","status":"publish","type":"post","link":"https:\/\/www.eldiario.net\/portal\/2024\/10\/10\/roban-equipos-valuados-en-120-mil-dolares-tras-cancelacion-de-concierto\/","title":{"rendered":"Roban equipos valuados en 120 mil d\u00f3lares tras cancelaci\u00f3n de concierto"},"content":{"rendered":"<p>Un evento musical en Cochabamba termin\u00f3 en serios destrozos y el robo de equipos valuados en m\u00e1s de $us 120.000, luego de que los asistentes enardecidos generaran disturbios al enterarse de que uno de los grupos cancel\u00f3 su participaci\u00f3n.<\/p>\n<p>El fin de semana se llev\u00f3 a cabo un festival musical en Pucarita Chica, en la zona sur de Cochabamba. Sin embargo, el evento concluy\u00f3 en un lamentable altercado luego de anunciarse que Cliver y su Grupo Coral\u00ed no se presentar\u00eda.<\/p>\n<p>El p\u00fablico reaccion\u00f3 de manera violenta y se desat\u00f3 una ola de violencia en la que se registraron peleas y agresiones f\u00edsicas, as\u00ed como el destrozo de parlantes y equipos de sonido instalados en el lugar. Seg\u00fan uno de los propietarios, eran m\u00e1s de 200 personas que rebasaron al personal de seguridad y efectivos policiales.<\/p>\n<p>En material difundido por redes sociales, se observa a una parte de los asistentes derribando una parte de la estructura del escenario. Asimismo, se ve c\u00f3mo el grupo tropical Amaral, que interpretaba en vivo justo antes del altercado, recibi\u00f3 botellazos con agua y otros objetos por parte del p\u00fablico, lo cual les oblig\u00f3 a suspender su show.<\/p>\n<p>Am\u00e9n de la furia colectiva, el sujeto se\u00f1al\u00f3 a Unitel que los asistentes incluso robaron parte del equipo de amplificaci\u00f3n, cuya afectaci\u00f3n econ\u00f3mica asciende a m\u00e1s de 120 mil d\u00f3lares, por lo que pidieron p\u00fablicamente la devoluci\u00f3n de los bienes sustra\u00eddos.<\/p>\n<p>\u201cTodas las pantallas han destrozado sin motivo, nosotros no tenemos la culpa. El grupo Coral\u00ed no se ha presentado, por ese motivo la gente se ha molestado y\u00a0se han desquitado con nosotros, con los parlantes, con las pantallas, han empezado a destruir la tarima y han empezado a robar. Nosotros pedimos que devuelvan quienes se han llevado los equipos\u201d, se\u00f1al\u00f3 el entrevistado.<\/p>\n<p>Una denuncia fue presentada a la fuerza anticrimen de Cochabamba, entidad que investiga el caso para dar con las personas responsables del robo y destrucci\u00f3n de los equipos.<\/p>\n<p>&nbsp;<\/p>\n<p>Pie de foto 1: El escenario donde ocurri\u00f3 el hecho.<\/p>\n<p>Foto: RRSS<\/p>\n","protected":false},"excerpt":{"rendered":"<p>Un evento musical en Cochabamba termin\u00f3 en serios destrozos y el robo de equipos valuados en m\u00e1s de $us 120.000, luego de que los asistentes enardecidos generaran disturbios al enterarse de que uno de los grupos cancel\u00f3 su participaci\u00f3n. El fin de semana se llev\u00f3 a cabo un festival musical en Pucarita Chica, en la [&hellip;]<\/p>\n","protected":false},"author":1,"featured_media":253211,"comment_status":"open","ping_status":"open","sticky":false,"template":"","format":"standard","meta":{"_acf_changed":false,"footnotes":""},"categories":[39],"tags":[],"class_list":["post-253210","post","type-post","status-publish","format-standard","has-post-thumbnail","category-sociedad"],"acf":{"antetitulo":"Cochabamba"},"yoast_head":"<!-- This site is optimized with the Yoast SEO plugin v28.3 - https:\/\/yoast.com\/product\/yoast-seo-wordpress\/ -->\n<title>Roban equipos valuados en 120 mil d\u00f3lares tras cancelaci\u00f3n de concierto - El Diario - Bolivia<\/title>\n<meta name=\"robots\" content=\"index, follow, max-snippet:-1, max-image-preview:large, max-video-preview:-1\" \/>\n<link rel=\"canonical\" href=\"https:\/\/www.eldiario.net\/portal\/2024\/10\/10\/roban-equipos-valuados-en-120-mil-dolares-tras-cancelacion-de-concierto\/\" \/>\n<meta property=\"og:locale\" content=\"es_ES\" \/>\n<meta property=\"og:type\" content=\"article\" \/>\n<meta property=\"og:title\" content=\"Roban equipos valuados en 120 mil d\u00f3lares tras cancelaci\u00f3n de concierto - El Diario - Bolivia\" \/>\n<meta property=\"og:description\" content=\"Un evento musical en Cochabamba termin\u00f3 en serios destrozos y el robo de equipos valuados en m\u00e1s de $us 120.000, luego de que los asistentes enardecidos generaran disturbios al enterarse de que uno de los grupos cancel\u00f3 su participaci\u00f3n. El fin de semana se llev\u00f3 a cabo un festival musical en Pucarita Chica, en la [&hellip;]\" \/>\n<meta property=\"og:url\" content=\"https:\/\/www.eldiario.net\/portal\/2024\/10\/10\/roban-equipos-valuados-en-120-mil-dolares-tras-cancelacion-de-concierto\/\" \/>\n<meta property=\"og:site_name\" content=\"El Diario - Bolivia\" \/>\n<meta property=\"article:publisher\" content=\"https:\/\/www.facebook.com\/eldiario.bolivia\/\" \/>\n<meta property=\"article:published_time\" content=\"2024-10-10T10:09:19+00:00\" \/>\n<meta property=\"og:image\" content=\"https:\/\/www.eldiario.net\/portal\/wp-content\/uploads\/2024\/10\/WARO-FOTO.jpg\" \/>\n\t<meta property=\"og:image:width\" content=\"1200\" \/>\n\t<meta property=\"og:image:height\" content=\"774\" \/>\n\t<meta property=\"og:image:type\" content=\"image\/jpeg\" \/>\n<meta name=\"author\" content=\"Jeanette\" \/>\n<meta name=\"twitter:card\" content=\"summary_large_image\" \/>\n<meta name=\"twitter:creator\" content=\"@eldiario_net\" \/>\n<meta name=\"twitter:site\" content=\"@eldiario_net\" \/>\n<meta name=\"twitter:label1\" content=\"Escrito por\" \/>\n\t<meta name=\"twitter:data1\" content=\"Jeanette\" \/>\n\t<meta name=\"twitter:label2\" content=\"Tiempo de lectura\" \/>\n\t<meta name=\"twitter:data2\" content=\"2 minutos\" \/>\n<script type=\"application\/ld+json\" class=\"yoast-schema-graph\">{\"@context\":\"https:\\\/\\\/schema.org\",\"@graph\":[{\"@type\":\"Article\",\"@id\":\"https:\\\/\\\/www.eldiario.net\\\/portal\\\/2024\\\/10\\\/10\\\/roban-equipos-valuados-en-120-mil-dolares-tras-cancelacion-de-concierto\\\/#article\",\"isPartOf\":{\"@id\":\"https:\\\/\\\/www.eldiario.net\\\/portal\\\/2024\\\/10\\\/10\\\/roban-equipos-valuados-en-120-mil-dolares-tras-cancelacion-de-concierto\\\/\"},\"author\":{\"name\":\"Jeanette\",\"@id\":\"https:\\\/\\\/www.eldiario.net\\\/portal\\\/#\\\/schema\\\/person\\\/f46445640444750d7d753ccd04ae01b7\"},\"headline\":\"Roban equipos valuados en 120 mil d\u00f3lares tras cancelaci\u00f3n de concierto\",\"datePublished\":\"2024-10-10T10:09:19+00:00\",\"mainEntityOfPage\":{\"@id\":\"https:\\\/\\\/www.eldiario.net\\\/portal\\\/2024\\\/10\\\/10\\\/roban-equipos-valuados-en-120-mil-dolares-tras-cancelacion-de-concierto\\\/\"},\"wordCount\":366,\"commentCount\":0,\"publisher\":{\"@id\":\"https:\\\/\\\/www.eldiario.net\\\/portal\\\/#organization\"},\"image\":{\"@id\":\"https:\\\/\\\/www.eldiario.net\\\/portal\\\/2024\\\/10\\\/10\\\/roban-equipos-valuados-en-120-mil-dolares-tras-cancelacion-de-concierto\\\/#primaryimage\"},\"thumbnailUrl\":\"https:\\\/\\\/www.eldiario.net\\\/portal\\\/wp-content\\\/uploads\\\/2024\\\/10\\\/WARO-FOTO.jpg\",\"articleSection\":[\"Sociedad - Seguridad\"],\"inLanguage\":\"es\",\"potentialAction\":[{\"@type\":\"CommentAction\",\"name\":\"Comment\",\"target\":[\"https:\\\/\\\/www.eldiario.net\\\/portal\\\/2024\\\/10\\\/10\\\/roban-equipos-valuados-en-120-mil-dolares-tras-cancelacion-de-concierto\\\/#respond\"]}]},{\"@type\":\"WebPage\",\"@id\":\"https:\\\/\\\/www.eldiario.net\\\/portal\\\/2024\\\/10\\\/10\\\/roban-equipos-valuados-en-120-mil-dolares-tras-cancelacion-de-concierto\\\/\",\"url\":\"https:\\\/\\\/www.eldiario.net\\\/portal\\\/2024\\\/10\\\/10\\\/roban-equipos-valuados-en-120-mil-dolares-tras-cancelacion-de-concierto\\\/\",\"name\":\"Roban equipos valuados en 120 mil d\u00f3lares tras cancelaci\u00f3n de concierto - El Diario - Bolivia\",\"isPartOf\":{\"@id\":\"https:\\\/\\\/www.eldiario.net\\\/portal\\\/#website\"},\"primaryImageOfPage\":{\"@id\":\"https:\\\/\\\/www.eldiario.net\\\/portal\\\/2024\\\/10\\\/10\\\/roban-equipos-valuados-en-120-mil-dolares-tras-cancelacion-de-concierto\\\/#primaryimage\"},\"image\":{\"@id\":\"https:\\\/\\\/www.eldiario.net\\\/portal\\\/2024\\\/10\\\/10\\\/roban-equipos-valuados-en-120-mil-dolares-tras-cancelacion-de-concierto\\\/#primaryimage\"},\"thumbnailUrl\":\"https:\\\/\\\/www.eldiario.net\\\/portal\\\/wp-content\\\/uploads\\\/2024\\\/10\\\/WARO-FOTO.jpg\",\"datePublished\":\"2024-10-10T10:09:19+00:00\",\"breadcrumb\":{\"@id\":\"https:\\\/\\\/www.eldiario.net\\\/portal\\\/2024\\\/10\\\/10\\\/roban-equipos-valuados-en-120-mil-dolares-tras-cancelacion-de-concierto\\\/#breadcrumb\"},\"inLanguage\":\"es\",\"potentialAction\":[{\"@type\":\"ReadAction\",\"target\":[\"https:\\\/\\\/www.eldiario.net\\\/portal\\\/2024\\\/10\\\/10\\\/roban-equipos-valuados-en-120-mil-dolares-tras-cancelacion-de-concierto\\\/\"]}]},{\"@type\":\"ImageObject\",\"inLanguage\":\"es\",\"@id\":\"https:\\\/\\\/www.eldiario.net\\\/portal\\\/2024\\\/10\\\/10\\\/roban-equipos-valuados-en-120-mil-dolares-tras-cancelacion-de-concierto\\\/#primaryimage\",\"url\":\"https:\\\/\\\/www.eldiario.net\\\/portal\\\/wp-content\\\/uploads\\\/2024\\\/10\\\/WARO-FOTO.jpg\",\"contentUrl\":\"https:\\\/\\\/www.eldiario.net\\\/portal\\\/wp-content\\\/uploads\\\/2024\\\/10\\\/WARO-FOTO.jpg\",\"width\":1200,\"height\":774,\"caption\":\"Denunciaron robo y destrucci\u00f3n de equipos de sonido. Foto: Unitel\"},{\"@type\":\"BreadcrumbList\",\"@id\":\"https:\\\/\\\/www.eldiario.net\\\/portal\\\/2024\\\/10\\\/10\\\/roban-equipos-valuados-en-120-mil-dolares-tras-cancelacion-de-concierto\\\/#breadcrumb\",\"itemListElement\":[{\"@type\":\"ListItem\",\"position\":1,\"name\":\"Portada\",\"item\":\"https:\\\/\\\/www.eldiario.net\\\/portal\\\/\"},{\"@type\":\"ListItem\",\"position\":2,\"name\":\"Roban equipos valuados en 120 mil d\u00f3lares tras cancelaci\u00f3n de concierto\"}]},{\"@type\":\"WebSite\",\"@id\":\"https:\\\/\\\/www.eldiario.net\\\/portal\\\/#website\",\"url\":\"https:\\\/\\\/www.eldiario.net\\\/portal\\\/\",\"name\":\"El Diario - Decano de la prensa nacional\",\"description\":\"El Diario - Decano de la prensa nacional\",\"publisher\":{\"@id\":\"https:\\\/\\\/www.eldiario.net\\\/portal\\\/#organization\"},\"potentialAction\":[{\"@type\":\"SearchAction\",\"target\":{\"@type\":\"EntryPoint\",\"urlTemplate\":\"https:\\\/\\\/www.eldiario.net\\\/portal\\\/?s={search_term_string}\"},\"query-input\":{\"@type\":\"PropertyValueSpecification\",\"valueRequired\":true,\"valueName\":\"search_term_string\"}}],\"inLanguage\":\"es\"},{\"@type\":\"Organization\",\"@id\":\"https:\\\/\\\/www.eldiario.net\\\/portal\\\/#organization\",\"name\":\"El Diario - Decano de la prensa nacional\",\"url\":\"https:\\\/\\\/www.eldiario.net\\\/portal\\\/\",\"logo\":{\"@type\":\"ImageObject\",\"inLanguage\":\"es\",\"@id\":\"https:\\\/\\\/www.eldiario.net\\\/portal\\\/#\\\/schema\\\/logo\\\/image\\\/\",\"url\":\"https:\\\/\\\/www.eldiario.net\\\/portal\\\/wp-content\\\/uploads\\\/2023\\\/07\\\/logo_ED.jpg\",\"contentUrl\":\"https:\\\/\\\/www.eldiario.net\\\/portal\\\/wp-content\\\/uploads\\\/2023\\\/07\\\/logo_ED.jpg\",\"width\":272,\"height\":52,\"caption\":\"El Diario - Decano de la prensa nacional\"},\"image\":{\"@id\":\"https:\\\/\\\/www.eldiario.net\\\/portal\\\/#\\\/schema\\\/logo\\\/image\\\/\"},\"sameAs\":[\"https:\\\/\\\/www.facebook.com\\\/eldiario.bolivia\\\/\",\"https:\\\/\\\/x.com\\\/eldiario_net\"]},{\"@type\":\"Person\",\"@id\":\"https:\\\/\\\/www.eldiario.net\\\/portal\\\/#\\\/schema\\\/person\\\/f46445640444750d7d753ccd04ae01b7\",\"name\":\"Jeanette\",\"image\":{\"@type\":\"ImageObject\",\"inLanguage\":\"es\",\"@id\":\"https:\\\/\\\/secure.gravatar.com\\\/avatar\\\/3ea2118a5f7dad2b7138b1187a6b7ee55f160b9968b66013c3a3ef39dd7e5798?s=96&d=mm&r=g\",\"url\":\"https:\\\/\\\/secure.gravatar.com\\\/avatar\\\/3ea2118a5f7dad2b7138b1187a6b7ee55f160b9968b66013c3a3ef39dd7e5798?s=96&d=mm&r=g\",\"contentUrl\":\"https:\\\/\\\/secure.gravatar.com\\\/avatar\\\/3ea2118a5f7dad2b7138b1187a6b7ee55f160b9968b66013c3a3ef39dd7e5798?s=96&d=mm&r=g\",\"caption\":\"Jeanette\"},\"sameAs\":[\"https:\\\/\\\/www.eldiario.net\\\/portal\"],\"url\":\"https:\\\/\\\/www.eldiario.net\\\/portal\\\/author\\\/jeanette\\\/\"}]}<\/script>\n<!-- \/ Yoast SEO plugin. -->","yoast_head_json":{"title":"Roban equipos valuados en 120 mil d\u00f3lares tras cancelaci\u00f3n de concierto - El Diario - Bolivia","robots":{"index":"index","follow":"follow","max-snippet":"max-snippet:-1","max-image-preview":"max-image-preview:large","max-video-preview":"max-video-preview:-1"},"canonical":"https:\/\/www.eldiario.net\/portal\/2024\/10\/10\/roban-equipos-valuados-en-120-mil-dolares-tras-cancelacion-de-concierto\/","og_locale":"es_ES","og_type":"article","og_title":"Roban equipos valuados en 120 mil d\u00f3lares tras cancelaci\u00f3n de concierto - El Diario - Bolivia","og_description":"Un evento musical en Cochabamba termin\u00f3 en serios destrozos y el robo de equipos valuados en m\u00e1s de $us 120.000, luego de que los asistentes enardecidos generaran disturbios al enterarse de que uno de los grupos cancel\u00f3 su participaci\u00f3n. El fin de semana se llev\u00f3 a cabo un festival musical en Pucarita Chica, en la [&hellip;]","og_url":"https:\/\/www.eldiario.net\/portal\/2024\/10\/10\/roban-equipos-valuados-en-120-mil-dolares-tras-cancelacion-de-concierto\/","og_site_name":"El Diario - Bolivia","article_publisher":"https:\/\/www.facebook.com\/eldiario.bolivia\/","article_published_time":"2024-10-10T10:09:19+00:00","og_image":[{"width":1200,"height":774,"url":"https:\/\/www.eldiario.net\/portal\/wp-content\/uploads\/2024\/10\/WARO-FOTO.jpg","type":"image\/jpeg"}],"author":"Jeanette","twitter_card":"summary_large_image","twitter_creator":"@eldiario_net","twitter_site":"@eldiario_net","twitter_misc":{"Escrito por":"Jeanette","Tiempo de lectura":"2 minutos"},"schema":{"@context":"https:\/\/schema.org","@graph":[{"@type":"Article","@id":"https:\/\/www.eldiario.net\/portal\/2024\/10\/10\/roban-equipos-valuados-en-120-mil-dolares-tras-cancelacion-de-concierto\/#article","isPartOf":{"@id":"https:\/\/www.eldiario.net\/portal\/2024\/10\/10\/roban-equipos-valuados-en-120-mil-dolares-tras-cancelacion-de-concierto\/"},"author":{"name":"Jeanette","@id":"https:\/\/www.eldiario.net\/portal\/#\/schema\/person\/f46445640444750d7d753ccd04ae01b7"},"headline":"Roban equipos valuados en 120 mil d\u00f3lares tras cancelaci\u00f3n de concierto","datePublished":"2024-10-10T10:09:19+00:00","mainEntityOfPage":{"@id":"https:\/\/www.eldiario.net\/portal\/2024\/10\/10\/roban-equipos-valuados-en-120-mil-dolares-tras-cancelacion-de-concierto\/"},"wordCount":366,"commentCount":0,"publisher":{"@id":"https:\/\/www.eldiario.net\/portal\/#organization"},"image":{"@id":"https:\/\/www.eldiario.net\/portal\/2024\/10\/10\/roban-equipos-valuados-en-120-mil-dolares-tras-cancelacion-de-concierto\/#primaryimage"},"thumbnailUrl":"https:\/\/www.eldiario.net\/portal\/wp-content\/uploads\/2024\/10\/WARO-FOTO.jpg","articleSection":["Sociedad - Seguridad"],"inLanguage":"es","potentialAction":[{"@type":"CommentAction","name":"Comment","target":["https:\/\/www.eldiario.net\/portal\/2024\/10\/10\/roban-equipos-valuados-en-120-mil-dolares-tras-cancelacion-de-concierto\/#respond"]}]},{"@type":"WebPage","@id":"https:\/\/www.eldiario.net\/portal\/2024\/10\/10\/roban-equipos-valuados-en-120-mil-dolares-tras-cancelacion-de-concierto\/","url":"https:\/\/www.eldiario.net\/portal\/2024\/10\/10\/roban-equipos-valuados-en-120-mil-dolares-tras-cancelacion-de-concierto\/","name":"Roban equipos valuados en 120 mil d\u00f3lares tras cancelaci\u00f3n de concierto - El Diario - Bolivia","isPartOf":{"@id":"https:\/\/www.eldiario.net\/portal\/#website"},"primaryImageOfPage":{"@id":"https:\/\/www.eldiario.net\/portal\/2024\/10\/10\/roban-equipos-valuados-en-120-mil-dolares-tras-cancelacion-de-concierto\/#primaryimage"},"image":{"@id":"https:\/\/www.eldiario.net\/portal\/2024\/10\/10\/roban-equipos-valuados-en-120-mil-dolares-tras-cancelacion-de-concierto\/#primaryimage"},"thumbnailUrl":"https:\/\/www.eldiario.net\/portal\/wp-content\/uploads\/2024\/10\/WARO-FOTO.jpg","datePublished":"2024-10-10T10:09:19+00:00","breadcrumb":{"@id":"https:\/\/www.eldiario.net\/portal\/2024\/10\/10\/roban-equipos-valuados-en-120-mil-dolares-tras-cancelacion-de-concierto\/#breadcrumb"},"inLanguage":"es","potentialAction":[{"@type":"ReadAction","target":["https:\/\/www.eldiario.net\/portal\/2024\/10\/10\/roban-equipos-valuados-en-120-mil-dolares-tras-cancelacion-de-concierto\/"]}]},{"@type":"ImageObject","inLanguage":"es","@id":"https:\/\/www.eldiario.net\/portal\/2024\/10\/10\/roban-equipos-valuados-en-120-mil-dolares-tras-cancelacion-de-concierto\/#primaryimage","url":"https:\/\/www.eldiario.net\/portal\/wp-content\/uploads\/2024\/10\/WARO-FOTO.jpg","contentUrl":"https:\/\/www.eldiario.net\/portal\/wp-content\/uploads\/2024\/10\/WARO-FOTO.jpg","width":1200,"height":774,"caption":"Denunciaron robo y destrucci\u00f3n de equipos de sonido. Foto: Unitel"},{"@type":"BreadcrumbList","@id":"https:\/\/www.eldiario.net\/portal\/2024\/10\/10\/roban-equipos-valuados-en-120-mil-dolares-tras-cancelacion-de-concierto\/#breadcrumb","itemListElement":[{"@type":"ListItem","position":1,"name":"Portada","item":"https:\/\/www.eldiario.net\/portal\/"},{"@type":"ListItem","position":2,"name":"Roban equipos valuados en 120 mil d\u00f3lares tras cancelaci\u00f3n de concierto"}]},{"@type":"WebSite","@id":"https:\/\/www.eldiario.net\/portal\/#website","url":"https:\/\/www.eldiario.net\/portal\/","name":"El Diario - Decano de la prensa nacional","description":"El Diario - Decano de la prensa nacional","publisher":{"@id":"https:\/\/www.eldiario.net\/portal\/#organization"},"potentialAction":[{"@type":"SearchAction","target":{"@type":"EntryPoint","urlTemplate":"https:\/\/www.eldiario.net\/portal\/?s={search_term_string}"},"query-input":{"@type":"PropertyValueSpecification","valueRequired":true,"valueName":"search_term_string"}}],"inLanguage":"es"},{"@type":"Organization","@id":"https:\/\/www.eldiario.net\/portal\/#organization","name":"El Diario - Decano de la prensa nacional","url":"https:\/\/www.eldiario.net\/portal\/","logo":{"@type":"ImageObject","inLanguage":"es","@id":"https:\/\/www.eldiario.net\/portal\/#\/schema\/logo\/image\/","url":"https:\/\/www.eldiario.net\/portal\/wp-content\/uploads\/2023\/07\/logo_ED.jpg","contentUrl":"https:\/\/www.eldiario.net\/portal\/wp-content\/uploads\/2023\/07\/logo_ED.jpg","width":272,"height":52,"caption":"El Diario - Decano de la prensa nacional"},"image":{"@id":"https:\/\/www.eldiario.net\/portal\/#\/schema\/logo\/image\/"},"sameAs":["https:\/\/www.facebook.com\/eldiario.bolivia\/","https:\/\/x.com\/eldiario_net"]},{"@type":"Person","@id":"https:\/\/www.eldiario.net\/portal\/#\/schema\/person\/f46445640444750d7d753ccd04ae01b7","name":"Jeanette","image":{"@type":"ImageObject","inLanguage":"es","@id":"https:\/\/secure.gravatar.com\/avatar\/3ea2118a5f7dad2b7138b1187a6b7ee55f160b9968b66013c3a3ef39dd7e5798?s=96&d=mm&r=g","url":"https:\/\/secure.gravatar.com\/avatar\/3ea2118a5f7dad2b7138b1187a6b7ee55f160b9968b66013c3a3ef39dd7e5798?s=96&d=mm&r=g","contentUrl":"https:\/\/secure.gravatar.com\/avatar\/3ea2118a5f7dad2b7138b1187a6b7ee55f160b9968b66013c3a3ef39dd7e5798?s=96&d=mm&r=g","caption":"Jeanette"},"sameAs":["https:\/\/www.eldiario.net\/portal"],"url":"https:\/\/www.eldiario.net\/portal\/author\/jeanette\/"}]}},"_links":{"self":[{"href":"https:\/\/www.eldiario.net\/portal\/wp-json\/wp\/v2\/posts\/253210","targetHints":{"allow":["GET"]}}],"collection":[{"href":"https:\/\/www.eldiario.net\/portal\/wp-json\/wp\/v2\/posts"}],"about":[{"href":"https:\/\/www.eldiario.net\/portal\/wp-json\/wp\/v2\/types\/post"}],"author":[{"embeddable":true,"href":"https:\/\/www.eldiario.net\/portal\/wp-json\/wp\/v2\/users\/1"}],"replies":[{"embeddable":true,"href":"https:\/\/www.eldiario.net\/portal\/wp-json\/wp\/v2\/comments?post=253210"}],"version-history":[{"count":1,"href":"https:\/\/www.eldiario.net\/portal\/wp-json\/wp\/v2\/posts\/253210\/revisions"}],"predecessor-version":[{"id":253212,"href":"https:\/\/www.eldiario.net\/portal\/wp-json\/wp\/v2\/posts\/253210\/revisions\/253212"}],"wp:featuredmedia":[{"embeddable":true,"href":"https:\/\/www.eldiario.net\/portal\/wp-json\/wp\/v2\/media\/253211"}],"wp:attachment":[{"href":"https:\/\/www.eldiario.net\/portal\/wp-json\/wp\/v2\/media?parent=253210"}],"wp:term":[{"taxonomy":"category","embeddable":true,"href":"https:\/\/www.eldiario.net\/portal\/wp-json\/wp\/v2\/categories?post=253210"},{"taxonomy":"post_tag","embeddable":true,"href":"https:\/\/www.eldiario.net\/portal\/wp-json\/wp\/v2\/tags?post=253210"}],"curies":[{"name":"wp","href":"https:\/\/api.w.org\/{rel}","templated":true}]}}