{"id":253207,"date":"2024-10-10T06:08:20","date_gmt":"2024-10-10T10:08:20","guid":{"rendered":"https:\/\/www.eldiario.net\/portal\/?p=253207"},"modified":"2024-10-10T06:08:20","modified_gmt":"2024-10-10T10:08:20","slug":"ordenan-traslado-de-camacho-para-el-juicio-por-caso-golpe-i","status":"publish","type":"post","link":"https:\/\/www.eldiario.net\/portal\/2024\/10\/10\/ordenan-traslado-de-camacho-para-el-juicio-por-caso-golpe-i\/","title":{"rendered":"Ordenan traslado de Camacho para el juicio por caso Golpe I"},"content":{"rendered":"<p>La Justicia notific\u00f3 al Centro Penitenciario de Chonchocoro para que el gobernador de Santa Cruz, Luis Fernando Camacho, sea trasladado hasta un juzgado de la ciudad de La Paz, para que asista al inicio del juicio por los hechos de 2019,\u00a0previsto para el 14 de octubre.<\/p>\n<p>La orden se\u00f1ala que\u00a0la audiencia se realizar\u00e1 el lunes desde las 9:00\u00a0y Camacho debe estar presente hasta la conclusi\u00f3n y est\u00e1 firmada por el juez presidente del Tribunal de Sentencia Penal Anticorrupci\u00f3n\u00a0y Contra la Violencia a las Mujeres, Marco Antonio Vargas.<\/p>\n<p>Mart\u00edn Camacho, abogado que defiende al gobernador detenido,\u00a0confirm\u00f3 que Camacho ya fue notificado sobre el inicio del juicio. El jurista critic\u00f3 que, en este caso, la direcci\u00f3n de R\u00e9gimen Penitenciario haya reaccionado con celeridad.<\/p>\n<p>\u201cAplaudimos la decisi\u00f3n del Tribunal y nos sorprende que para este acto procesal el se\u00f1or Juan Carlos Limpias, director nacional de R\u00e9gimen Penitenciario,\u00a0ha dispuesto de inmediato el traslado hasta el centro de la ciudad de La Paz,\u00a0donde est\u00e1 el juzgado del gobernador Luis Fernando Camacho\u201d, declar\u00f3 a Unitel.<\/p>\n<p>Previo a la instalaci\u00f3n del juicio oral, Camacho elev\u00f3 una solicitud a la Fiscal\u00eda y los jueces para que en sus pruebas de descargo se tome en cuenta las declaraciones de diferentes l\u00edderes pol\u00edticos y autoridades entre las que figuran el\u00a0presidente del Estado, Luis Arce Catacora, y el expresidente, Evo Morales.<\/p>\n<p>Tambi\u00e9n se menciona al alcalde cruce\u00f1o,\u00a0Jhonny Fern\u00e1ndez, al exvicepresidente, \u00c1lvaro Garc\u00eda Linera,\u00a0el exministro Carlos Romero, el gobernador suplente, Mario Aguilera, la diputada masista, Deisy Choque, y la expresidenta del Senado, Eva Copa, entre otros.<\/p>\n<p>La\u00a0justicia fij\u00f3 para el lunes 14 de octubre el inicio del juicio oral por el denominado caso \u201cGolpe I\u201d,\u00a0el cual alcanza a la expresidenta Jeanine A\u00f1ez, el exl\u00edder c\u00edvico potosino, Marco Antonio Pumari, exministros y exdirigentes c\u00edvicos, adem\u00e1s de antiguos altos mandos militares y policiales. (Con informaci\u00f3n de agencias)<\/p>\n<p>&nbsp;<\/p>\n","protected":false},"excerpt":{"rendered":"<p>La Justicia notific\u00f3 al Centro Penitenciario de Chonchocoro para que el gobernador de Santa Cruz, Luis Fernando Camacho, sea trasladado hasta un juzgado de la ciudad de La Paz, para que asista al inicio del juicio por los hechos de 2019,\u00a0previsto para el 14 de octubre. La orden se\u00f1ala que\u00a0la audiencia se realizar\u00e1 el lunes [&hellip;]<\/p>\n","protected":false},"author":1,"featured_media":253208,"comment_status":"open","ping_status":"open","sticky":false,"template":"","format":"standard","meta":{"_acf_changed":false,"footnotes":""},"categories":[39],"tags":[],"class_list":["post-253207","post","type-post","status-publish","format-standard","has-post-thumbnail","category-sociedad"],"acf":{"antetitulo":"Para el lunes"},"yoast_head":"<!-- This site is optimized with the Yoast SEO plugin v28.4 - https:\/\/yoast.com\/product\/yoast-seo-wordpress\/ -->\n<title>Ordenan traslado de Camacho para el juicio por caso Golpe I - El Diario - Bolivia<\/title>\n<meta name=\"robots\" content=\"index, follow, max-snippet:-1, max-image-preview:large, max-video-preview:-1\" \/>\n<link rel=\"canonical\" href=\"https:\/\/www.eldiario.net\/portal\/2024\/10\/10\/ordenan-traslado-de-camacho-para-el-juicio-por-caso-golpe-i\/\" \/>\n<meta property=\"og:locale\" content=\"es_ES\" \/>\n<meta property=\"og:type\" content=\"article\" \/>\n<meta property=\"og:title\" content=\"Ordenan traslado de Camacho para el juicio por caso Golpe I - El Diario - Bolivia\" \/>\n<meta property=\"og:description\" content=\"La Justicia notific\u00f3 al Centro Penitenciario de Chonchocoro para que el gobernador de Santa Cruz, Luis Fernando Camacho, sea trasladado hasta un juzgado de la ciudad de La Paz, para que asista al inicio del juicio por los hechos de 2019,\u00a0previsto para el 14 de octubre. La orden se\u00f1ala que\u00a0la audiencia se realizar\u00e1 el lunes [&hellip;]\" \/>\n<meta property=\"og:url\" content=\"https:\/\/www.eldiario.net\/portal\/2024\/10\/10\/ordenan-traslado-de-camacho-para-el-juicio-por-caso-golpe-i\/\" \/>\n<meta property=\"og:site_name\" content=\"El Diario - Bolivia\" \/>\n<meta property=\"article:publisher\" content=\"https:\/\/www.facebook.com\/eldiario.bolivia\/\" \/>\n<meta property=\"article:published_time\" content=\"2024-10-10T10:08:20+00:00\" \/>\n<meta property=\"og:image\" content=\"https:\/\/www.eldiario.net\/portal\/wp-content\/uploads\/2024\/10\/XICO-FOTO.jpg\" \/>\n\t<meta property=\"og:image:width\" content=\"1280\" \/>\n\t<meta property=\"og:image:height\" content=\"545\" \/>\n\t<meta property=\"og:image:type\" content=\"image\/jpeg\" \/>\n<meta name=\"author\" content=\"Jeanette\" \/>\n<meta name=\"twitter:card\" content=\"summary_large_image\" \/>\n<meta name=\"twitter:creator\" content=\"@eldiario_net\" \/>\n<meta name=\"twitter:site\" content=\"@eldiario_net\" \/>\n<meta name=\"twitter:label1\" content=\"Escrito por\" \/>\n\t<meta name=\"twitter:data1\" content=\"Jeanette\" \/>\n\t<meta name=\"twitter:label2\" content=\"Tiempo de lectura\" \/>\n\t<meta name=\"twitter:data2\" content=\"2 minutos\" \/>\n<script type=\"application\/ld+json\" class=\"yoast-schema-graph\">{\"@context\":\"https:\\\/\\\/schema.org\",\"@graph\":[{\"@type\":\"Article\",\"@id\":\"https:\\\/\\\/www.eldiario.net\\\/portal\\\/2024\\\/10\\\/10\\\/ordenan-traslado-de-camacho-para-el-juicio-por-caso-golpe-i\\\/#article\",\"isPartOf\":{\"@id\":\"https:\\\/\\\/www.eldiario.net\\\/portal\\\/2024\\\/10\\\/10\\\/ordenan-traslado-de-camacho-para-el-juicio-por-caso-golpe-i\\\/\"},\"author\":{\"name\":\"Jeanette\",\"@id\":\"https:\\\/\\\/www.eldiario.net\\\/portal\\\/#\\\/schema\\\/person\\\/f46445640444750d7d753ccd04ae01b7\"},\"headline\":\"Ordenan traslado de Camacho para el juicio por caso Golpe I\",\"datePublished\":\"2024-10-10T10:08:20+00:00\",\"mainEntityOfPage\":{\"@id\":\"https:\\\/\\\/www.eldiario.net\\\/portal\\\/2024\\\/10\\\/10\\\/ordenan-traslado-de-camacho-para-el-juicio-por-caso-golpe-i\\\/\"},\"wordCount\":346,\"commentCount\":0,\"publisher\":{\"@id\":\"https:\\\/\\\/www.eldiario.net\\\/portal\\\/#organization\"},\"image\":{\"@id\":\"https:\\\/\\\/www.eldiario.net\\\/portal\\\/2024\\\/10\\\/10\\\/ordenan-traslado-de-camacho-para-el-juicio-por-caso-golpe-i\\\/#primaryimage\"},\"thumbnailUrl\":\"https:\\\/\\\/www.eldiario.net\\\/portal\\\/wp-content\\\/uploads\\\/2024\\\/10\\\/XICO-FOTO.jpg\",\"articleSection\":[\"Sociedad - Seguridad\"],\"inLanguage\":\"es\",\"potentialAction\":[{\"@type\":\"CommentAction\",\"name\":\"Comment\",\"target\":[\"https:\\\/\\\/www.eldiario.net\\\/portal\\\/2024\\\/10\\\/10\\\/ordenan-traslado-de-camacho-para-el-juicio-por-caso-golpe-i\\\/#respond\"]}]},{\"@type\":\"WebPage\",\"@id\":\"https:\\\/\\\/www.eldiario.net\\\/portal\\\/2024\\\/10\\\/10\\\/ordenan-traslado-de-camacho-para-el-juicio-por-caso-golpe-i\\\/\",\"url\":\"https:\\\/\\\/www.eldiario.net\\\/portal\\\/2024\\\/10\\\/10\\\/ordenan-traslado-de-camacho-para-el-juicio-por-caso-golpe-i\\\/\",\"name\":\"Ordenan traslado de Camacho para el juicio por caso Golpe I - El Diario - Bolivia\",\"isPartOf\":{\"@id\":\"https:\\\/\\\/www.eldiario.net\\\/portal\\\/#website\"},\"primaryImageOfPage\":{\"@id\":\"https:\\\/\\\/www.eldiario.net\\\/portal\\\/2024\\\/10\\\/10\\\/ordenan-traslado-de-camacho-para-el-juicio-por-caso-golpe-i\\\/#primaryimage\"},\"image\":{\"@id\":\"https:\\\/\\\/www.eldiario.net\\\/portal\\\/2024\\\/10\\\/10\\\/ordenan-traslado-de-camacho-para-el-juicio-por-caso-golpe-i\\\/#primaryimage\"},\"thumbnailUrl\":\"https:\\\/\\\/www.eldiario.net\\\/portal\\\/wp-content\\\/uploads\\\/2024\\\/10\\\/XICO-FOTO.jpg\",\"datePublished\":\"2024-10-10T10:08:20+00:00\",\"breadcrumb\":{\"@id\":\"https:\\\/\\\/www.eldiario.net\\\/portal\\\/2024\\\/10\\\/10\\\/ordenan-traslado-de-camacho-para-el-juicio-por-caso-golpe-i\\\/#breadcrumb\"},\"inLanguage\":\"es\",\"potentialAction\":[{\"@type\":\"ReadAction\",\"target\":[\"https:\\\/\\\/www.eldiario.net\\\/portal\\\/2024\\\/10\\\/10\\\/ordenan-traslado-de-camacho-para-el-juicio-por-caso-golpe-i\\\/\"]}]},{\"@type\":\"ImageObject\",\"inLanguage\":\"es\",\"@id\":\"https:\\\/\\\/www.eldiario.net\\\/portal\\\/2024\\\/10\\\/10\\\/ordenan-traslado-de-camacho-para-el-juicio-por-caso-golpe-i\\\/#primaryimage\",\"url\":\"https:\\\/\\\/www.eldiario.net\\\/portal\\\/wp-content\\\/uploads\\\/2024\\\/10\\\/XICO-FOTO.jpg\",\"contentUrl\":\"https:\\\/\\\/www.eldiario.net\\\/portal\\\/wp-content\\\/uploads\\\/2024\\\/10\\\/XICO-FOTO.jpg\",\"width\":1280,\"height\":545,\"caption\":\"Camacho en el recinto carcelario de Chonchocoro. Foto: Archivo Unitel\"},{\"@type\":\"BreadcrumbList\",\"@id\":\"https:\\\/\\\/www.eldiario.net\\\/portal\\\/2024\\\/10\\\/10\\\/ordenan-traslado-de-camacho-para-el-juicio-por-caso-golpe-i\\\/#breadcrumb\",\"itemListElement\":[{\"@type\":\"ListItem\",\"position\":1,\"name\":\"Portada\",\"item\":\"https:\\\/\\\/www.eldiario.net\\\/portal\\\/\"},{\"@type\":\"ListItem\",\"position\":2,\"name\":\"Ordenan traslado de Camacho para el juicio por caso Golpe I\"}]},{\"@type\":\"WebSite\",\"@id\":\"https:\\\/\\\/www.eldiario.net\\\/portal\\\/#website\",\"url\":\"https:\\\/\\\/www.eldiario.net\\\/portal\\\/\",\"name\":\"El Diario - Decano de la prensa nacional\",\"description\":\"El Diario - Decano de la prensa nacional\",\"publisher\":{\"@id\":\"https:\\\/\\\/www.eldiario.net\\\/portal\\\/#organization\"},\"potentialAction\":[{\"@type\":\"SearchAction\",\"target\":{\"@type\":\"EntryPoint\",\"urlTemplate\":\"https:\\\/\\\/www.eldiario.net\\\/portal\\\/?s={search_term_string}\"},\"query-input\":{\"@type\":\"PropertyValueSpecification\",\"valueRequired\":true,\"valueName\":\"search_term_string\"}}],\"inLanguage\":\"es\"},{\"@type\":\"Organization\",\"@id\":\"https:\\\/\\\/www.eldiario.net\\\/portal\\\/#organization\",\"name\":\"El Diario - Decano de la prensa nacional\",\"url\":\"https:\\\/\\\/www.eldiario.net\\\/portal\\\/\",\"logo\":{\"@type\":\"ImageObject\",\"inLanguage\":\"es\",\"@id\":\"https:\\\/\\\/www.eldiario.net\\\/portal\\\/#\\\/schema\\\/logo\\\/image\\\/\",\"url\":\"https:\\\/\\\/www.eldiario.net\\\/portal\\\/wp-content\\\/uploads\\\/2023\\\/07\\\/logo_ED.jpg\",\"contentUrl\":\"https:\\\/\\\/www.eldiario.net\\\/portal\\\/wp-content\\\/uploads\\\/2023\\\/07\\\/logo_ED.jpg\",\"width\":272,\"height\":52,\"caption\":\"El Diario - Decano de la prensa nacional\"},\"image\":{\"@id\":\"https:\\\/\\\/www.eldiario.net\\\/portal\\\/#\\\/schema\\\/logo\\\/image\\\/\"},\"sameAs\":[\"https:\\\/\\\/www.facebook.com\\\/eldiario.bolivia\\\/\",\"https:\\\/\\\/x.com\\\/eldiario_net\"]},{\"@type\":\"Person\",\"@id\":\"https:\\\/\\\/www.eldiario.net\\\/portal\\\/#\\\/schema\\\/person\\\/f46445640444750d7d753ccd04ae01b7\",\"name\":\"Jeanette\",\"image\":{\"@type\":\"ImageObject\",\"inLanguage\":\"es\",\"@id\":\"https:\\\/\\\/secure.gravatar.com\\\/avatar\\\/3ea2118a5f7dad2b7138b1187a6b7ee55f160b9968b66013c3a3ef39dd7e5798?s=96&d=mm&r=g\",\"url\":\"https:\\\/\\\/secure.gravatar.com\\\/avatar\\\/3ea2118a5f7dad2b7138b1187a6b7ee55f160b9968b66013c3a3ef39dd7e5798?s=96&d=mm&r=g\",\"contentUrl\":\"https:\\\/\\\/secure.gravatar.com\\\/avatar\\\/3ea2118a5f7dad2b7138b1187a6b7ee55f160b9968b66013c3a3ef39dd7e5798?s=96&d=mm&r=g\",\"caption\":\"Jeanette\"},\"sameAs\":[\"https:\\\/\\\/www.eldiario.net\\\/portal\"],\"url\":\"https:\\\/\\\/www.eldiario.net\\\/portal\\\/author\\\/jeanette\\\/\"}]}<\/script>\n<!-- \/ Yoast SEO plugin. -->","yoast_head_json":{"title":"Ordenan traslado de Camacho para el juicio por caso Golpe I - El Diario - Bolivia","robots":{"index":"index","follow":"follow","max-snippet":"max-snippet:-1","max-image-preview":"max-image-preview:large","max-video-preview":"max-video-preview:-1"},"canonical":"https:\/\/www.eldiario.net\/portal\/2024\/10\/10\/ordenan-traslado-de-camacho-para-el-juicio-por-caso-golpe-i\/","og_locale":"es_ES","og_type":"article","og_title":"Ordenan traslado de Camacho para el juicio por caso Golpe I - El Diario - Bolivia","og_description":"La Justicia notific\u00f3 al Centro Penitenciario de Chonchocoro para que el gobernador de Santa Cruz, Luis Fernando Camacho, sea trasladado hasta un juzgado de la ciudad de La Paz, para que asista al inicio del juicio por los hechos de 2019,\u00a0previsto para el 14 de octubre. La orden se\u00f1ala que\u00a0la audiencia se realizar\u00e1 el lunes [&hellip;]","og_url":"https:\/\/www.eldiario.net\/portal\/2024\/10\/10\/ordenan-traslado-de-camacho-para-el-juicio-por-caso-golpe-i\/","og_site_name":"El Diario - Bolivia","article_publisher":"https:\/\/www.facebook.com\/eldiario.bolivia\/","article_published_time":"2024-10-10T10:08:20+00:00","og_image":[{"width":1280,"height":545,"url":"https:\/\/www.eldiario.net\/portal\/wp-content\/uploads\/2024\/10\/XICO-FOTO.jpg","type":"image\/jpeg"}],"author":"Jeanette","twitter_card":"summary_large_image","twitter_creator":"@eldiario_net","twitter_site":"@eldiario_net","twitter_misc":{"Escrito por":"Jeanette","Tiempo de lectura":"2 minutos"},"schema":{"@context":"https:\/\/schema.org","@graph":[{"@type":"Article","@id":"https:\/\/www.eldiario.net\/portal\/2024\/10\/10\/ordenan-traslado-de-camacho-para-el-juicio-por-caso-golpe-i\/#article","isPartOf":{"@id":"https:\/\/www.eldiario.net\/portal\/2024\/10\/10\/ordenan-traslado-de-camacho-para-el-juicio-por-caso-golpe-i\/"},"author":{"name":"Jeanette","@id":"https:\/\/www.eldiario.net\/portal\/#\/schema\/person\/f46445640444750d7d753ccd04ae01b7"},"headline":"Ordenan traslado de Camacho para el juicio por caso Golpe I","datePublished":"2024-10-10T10:08:20+00:00","mainEntityOfPage":{"@id":"https:\/\/www.eldiario.net\/portal\/2024\/10\/10\/ordenan-traslado-de-camacho-para-el-juicio-por-caso-golpe-i\/"},"wordCount":346,"commentCount":0,"publisher":{"@id":"https:\/\/www.eldiario.net\/portal\/#organization"},"image":{"@id":"https:\/\/www.eldiario.net\/portal\/2024\/10\/10\/ordenan-traslado-de-camacho-para-el-juicio-por-caso-golpe-i\/#primaryimage"},"thumbnailUrl":"https:\/\/www.eldiario.net\/portal\/wp-content\/uploads\/2024\/10\/XICO-FOTO.jpg","articleSection":["Sociedad - Seguridad"],"inLanguage":"es","potentialAction":[{"@type":"CommentAction","name":"Comment","target":["https:\/\/www.eldiario.net\/portal\/2024\/10\/10\/ordenan-traslado-de-camacho-para-el-juicio-por-caso-golpe-i\/#respond"]}]},{"@type":"WebPage","@id":"https:\/\/www.eldiario.net\/portal\/2024\/10\/10\/ordenan-traslado-de-camacho-para-el-juicio-por-caso-golpe-i\/","url":"https:\/\/www.eldiario.net\/portal\/2024\/10\/10\/ordenan-traslado-de-camacho-para-el-juicio-por-caso-golpe-i\/","name":"Ordenan traslado de Camacho para el juicio por caso Golpe I - El Diario - Bolivia","isPartOf":{"@id":"https:\/\/www.eldiario.net\/portal\/#website"},"primaryImageOfPage":{"@id":"https:\/\/www.eldiario.net\/portal\/2024\/10\/10\/ordenan-traslado-de-camacho-para-el-juicio-por-caso-golpe-i\/#primaryimage"},"image":{"@id":"https:\/\/www.eldiario.net\/portal\/2024\/10\/10\/ordenan-traslado-de-camacho-para-el-juicio-por-caso-golpe-i\/#primaryimage"},"thumbnailUrl":"https:\/\/www.eldiario.net\/portal\/wp-content\/uploads\/2024\/10\/XICO-FOTO.jpg","datePublished":"2024-10-10T10:08:20+00:00","breadcrumb":{"@id":"https:\/\/www.eldiario.net\/portal\/2024\/10\/10\/ordenan-traslado-de-camacho-para-el-juicio-por-caso-golpe-i\/#breadcrumb"},"inLanguage":"es","potentialAction":[{"@type":"ReadAction","target":["https:\/\/www.eldiario.net\/portal\/2024\/10\/10\/ordenan-traslado-de-camacho-para-el-juicio-por-caso-golpe-i\/"]}]},{"@type":"ImageObject","inLanguage":"es","@id":"https:\/\/www.eldiario.net\/portal\/2024\/10\/10\/ordenan-traslado-de-camacho-para-el-juicio-por-caso-golpe-i\/#primaryimage","url":"https:\/\/www.eldiario.net\/portal\/wp-content\/uploads\/2024\/10\/XICO-FOTO.jpg","contentUrl":"https:\/\/www.eldiario.net\/portal\/wp-content\/uploads\/2024\/10\/XICO-FOTO.jpg","width":1280,"height":545,"caption":"Camacho en el recinto carcelario de Chonchocoro. Foto: Archivo Unitel"},{"@type":"BreadcrumbList","@id":"https:\/\/www.eldiario.net\/portal\/2024\/10\/10\/ordenan-traslado-de-camacho-para-el-juicio-por-caso-golpe-i\/#breadcrumb","itemListElement":[{"@type":"ListItem","position":1,"name":"Portada","item":"https:\/\/www.eldiario.net\/portal\/"},{"@type":"ListItem","position":2,"name":"Ordenan traslado de Camacho para el juicio por caso Golpe I"}]},{"@type":"WebSite","@id":"https:\/\/www.eldiario.net\/portal\/#website","url":"https:\/\/www.eldiario.net\/portal\/","name":"El Diario - Decano de la prensa nacional","description":"El Diario - Decano de la prensa nacional","publisher":{"@id":"https:\/\/www.eldiario.net\/portal\/#organization"},"potentialAction":[{"@type":"SearchAction","target":{"@type":"EntryPoint","urlTemplate":"https:\/\/www.eldiario.net\/portal\/?s={search_term_string}"},"query-input":{"@type":"PropertyValueSpecification","valueRequired":true,"valueName":"search_term_string"}}],"inLanguage":"es"},{"@type":"Organization","@id":"https:\/\/www.eldiario.net\/portal\/#organization","name":"El Diario - Decano de la prensa nacional","url":"https:\/\/www.eldiario.net\/portal\/","logo":{"@type":"ImageObject","inLanguage":"es","@id":"https:\/\/www.eldiario.net\/portal\/#\/schema\/logo\/image\/","url":"https:\/\/www.eldiario.net\/portal\/wp-content\/uploads\/2023\/07\/logo_ED.jpg","contentUrl":"https:\/\/www.eldiario.net\/portal\/wp-content\/uploads\/2023\/07\/logo_ED.jpg","width":272,"height":52,"caption":"El Diario - Decano de la prensa nacional"},"image":{"@id":"https:\/\/www.eldiario.net\/portal\/#\/schema\/logo\/image\/"},"sameAs":["https:\/\/www.facebook.com\/eldiario.bolivia\/","https:\/\/x.com\/eldiario_net"]},{"@type":"Person","@id":"https:\/\/www.eldiario.net\/portal\/#\/schema\/person\/f46445640444750d7d753ccd04ae01b7","name":"Jeanette","image":{"@type":"ImageObject","inLanguage":"es","@id":"https:\/\/secure.gravatar.com\/avatar\/3ea2118a5f7dad2b7138b1187a6b7ee55f160b9968b66013c3a3ef39dd7e5798?s=96&d=mm&r=g","url":"https:\/\/secure.gravatar.com\/avatar\/3ea2118a5f7dad2b7138b1187a6b7ee55f160b9968b66013c3a3ef39dd7e5798?s=96&d=mm&r=g","contentUrl":"https:\/\/secure.gravatar.com\/avatar\/3ea2118a5f7dad2b7138b1187a6b7ee55f160b9968b66013c3a3ef39dd7e5798?s=96&d=mm&r=g","caption":"Jeanette"},"sameAs":["https:\/\/www.eldiario.net\/portal"],"url":"https:\/\/www.eldiario.net\/portal\/author\/jeanette\/"}]}},"_links":{"self":[{"href":"https:\/\/www.eldiario.net\/portal\/wp-json\/wp\/v2\/posts\/253207","targetHints":{"allow":["GET"]}}],"collection":[{"href":"https:\/\/www.eldiario.net\/portal\/wp-json\/wp\/v2\/posts"}],"about":[{"href":"https:\/\/www.eldiario.net\/portal\/wp-json\/wp\/v2\/types\/post"}],"author":[{"embeddable":true,"href":"https:\/\/www.eldiario.net\/portal\/wp-json\/wp\/v2\/users\/1"}],"replies":[{"embeddable":true,"href":"https:\/\/www.eldiario.net\/portal\/wp-json\/wp\/v2\/comments?post=253207"}],"version-history":[{"count":1,"href":"https:\/\/www.eldiario.net\/portal\/wp-json\/wp\/v2\/posts\/253207\/revisions"}],"predecessor-version":[{"id":253209,"href":"https:\/\/www.eldiario.net\/portal\/wp-json\/wp\/v2\/posts\/253207\/revisions\/253209"}],"wp:featuredmedia":[{"embeddable":true,"href":"https:\/\/www.eldiario.net\/portal\/wp-json\/wp\/v2\/media\/253208"}],"wp:attachment":[{"href":"https:\/\/www.eldiario.net\/portal\/wp-json\/wp\/v2\/media?parent=253207"}],"wp:term":[{"taxonomy":"category","embeddable":true,"href":"https:\/\/www.eldiario.net\/portal\/wp-json\/wp\/v2\/categories?post=253207"},{"taxonomy":"post_tag","embeddable":true,"href":"https:\/\/www.eldiario.net\/portal\/wp-json\/wp\/v2\/tags?post=253207"}],"curies":[{"name":"wp","href":"https:\/\/api.w.org\/{rel}","templated":true}]}}