{"id":253204,"date":"2024-10-10T06:06:24","date_gmt":"2024-10-10T10:06:24","guid":{"rendered":"https:\/\/www.eldiario.net\/portal\/?p=253204"},"modified":"2024-10-10T06:06:24","modified_gmt":"2024-10-10T10:06:24","slug":"aprueban-control-de-exportacion-en-fronteras","status":"publish","type":"post","link":"https:\/\/www.eldiario.net\/portal\/2024\/10\/10\/aprueban-control-de-exportacion-en-fronteras\/","title":{"rendered":"Aprueban control de  exportaci\u00f3n en fronteras"},"content":{"rendered":"<p>Ante la falta de capacidad de las autoridades nacionales en fomentar la producci\u00f3n para aumentar la oferta de productos en el mercado nacional e internacional, el gobierno aplica controles, que solo agudizar\u00e1n la situaci\u00f3n de las familias que viven en las zonas fronterizas. El Gobierno, en el gabinete de ministros, aprob\u00f3 un decreto supremo que reglamenta la Ley 100, con el objeto de controlar el tr\u00e1nsito ilegal de alimentos, inform\u00f3 el ministro de Desarrollo Productivo y Econom\u00eda Plural, N\u00e9stor Huanca.<\/p>\n<p>Explic\u00f3 que la normativa, de la cual se comenzar\u00e1 a trabajar en la reglamentaci\u00f3n para su puesta en funcionamiento, se\u00f1ala que el Consejo para el Desarrollo Fronterizo y Seguridad establecer\u00e1 las siguientes medidas de prevenci\u00f3n y control al contrabando.<\/p>\n<p>Una lista de alimentos sujetos a control en su traslado, como el arroz, carnes (de pollo, res y cerdo) aceite, az\u00facar, huevo, papa e incluso verduras y ganado en pie, entre otros productos b\u00e1sicos.<\/p>\n<p>Para el control, se emitir\u00e1n los \u00abCertificados de Abastecimiento en \u00c1reas Fronterizas\u00bb, que servir\u00e1n para controlar el traslado de vol\u00famenes suficientes para garantizar el abastecimiento de alimentos a zonas fronterizas.<\/p>\n<p>\u201cEso quiere decir que quienes viven en las zonas fronterizas, como Desaguadero, por ejemplo, van a ser abastecidos con suficiente alimento para que no sean afectados. Productos que se trasladen en demas\u00eda van a ser sujetos a control y decomiso\u201d, a\u00f1adi\u00f3 Huanca.<\/p>\n<p>Otra medida tiene que ver con la realizaci\u00f3n de un \u201cRegistro de Proveedores \u00danicos\u201d, para la distribuci\u00f3n y comercializaci\u00f3n de alimentos para la poblaci\u00f3n que habita en las zonas fronterizas.<\/p>\n<p>\u201cEs necesario aclarar que esta norma no alcanza al traslado de alimentos destinados al consumo dom\u00e9stico. Hay hermanos y hermanas de las fronteras que llevan en menor cantidad sus alimentos, no van a ser alcanzados a aquellos y tampoco a las comunidades que se ubican en el trayecto que se traslada a las zonas fronterizas. Tampoco la exportaci\u00f3n formal de alimentos, debido a que ello cuenta con la Declaraci\u00f3n de Exportaci\u00f3n que habilita a transitar libremente sus productos y llevar hacia otros pa\u00edses\u201d, remarc\u00f3.<\/p>\n<p>Otra medida implica mejorar la supervisi\u00f3n y control de lucha contra el contrabando. Para esto, el Ministerio de Defensa gestionar\u00e1 la apertura de oficinas regionales del Viceministerio de Lucha Contra el Contrabando en los municipios fronterizos.<\/p>\n<p>\u201cEn ese sentido, el Gobierno est\u00e1 implementando esta medida para cuidar la econom\u00eda del pueblo boliviano\u201d, resalt\u00f3 el ministro.<\/p>\n","protected":false},"excerpt":{"rendered":"<p>Ante la falta de capacidad de las autoridades nacionales en fomentar la producci\u00f3n para aumentar la oferta de productos en el mercado nacional e internacional, el gobierno aplica controles, que solo agudizar\u00e1n la situaci\u00f3n de las familias que viven en las zonas fronterizas. El Gobierno, en el gabinete de ministros, aprob\u00f3 un decreto supremo que [&hellip;]<\/p>\n","protected":false},"author":1,"featured_media":253205,"comment_status":"open","ping_status":"open","sticky":false,"template":"","format":"standard","meta":{"_acf_changed":false,"footnotes":""},"categories":[7],"tags":[],"class_list":["post-253204","post","type-post","status-publish","format-standard","has-post-thumbnail","category-economia"],"acf":{"antetitulo":""},"yoast_head":"<!-- This site is optimized with the Yoast SEO plugin v28.4 - https:\/\/yoast.com\/product\/yoast-seo-wordpress\/ -->\n<title>Aprueban control de exportaci\u00f3n en fronteras - El Diario - Bolivia<\/title>\n<meta name=\"robots\" content=\"index, follow, max-snippet:-1, max-image-preview:large, max-video-preview:-1\" \/>\n<link rel=\"canonical\" href=\"https:\/\/www.eldiario.net\/portal\/2024\/10\/10\/aprueban-control-de-exportacion-en-fronteras\/\" \/>\n<meta property=\"og:locale\" content=\"es_ES\" \/>\n<meta property=\"og:type\" content=\"article\" \/>\n<meta property=\"og:title\" content=\"Aprueban control de exportaci\u00f3n en fronteras - El Diario - Bolivia\" \/>\n<meta property=\"og:description\" content=\"Ante la falta de capacidad de las autoridades nacionales en fomentar la producci\u00f3n para aumentar la oferta de productos en el mercado nacional e internacional, el gobierno aplica controles, que solo agudizar\u00e1n la situaci\u00f3n de las familias que viven en las zonas fronterizas. El Gobierno, en el gabinete de ministros, aprob\u00f3 un decreto supremo que [&hellip;]\" \/>\n<meta property=\"og:url\" content=\"https:\/\/www.eldiario.net\/portal\/2024\/10\/10\/aprueban-control-de-exportacion-en-fronteras\/\" \/>\n<meta property=\"og:site_name\" content=\"El Diario - Bolivia\" \/>\n<meta property=\"article:publisher\" content=\"https:\/\/www.facebook.com\/eldiario.bolivia\/\" \/>\n<meta property=\"article:published_time\" content=\"2024-10-10T10:06:24+00:00\" \/>\n<meta property=\"og:image\" content=\"https:\/\/www.eldiario.net\/portal\/wp-content\/uploads\/2024\/10\/CONTRA-FOTO-scaled.jpeg\" \/>\n\t<meta property=\"og:image:width\" content=\"2560\" \/>\n\t<meta property=\"og:image:height\" content=\"1708\" \/>\n\t<meta property=\"og:image:type\" content=\"image\/jpeg\" \/>\n<meta name=\"author\" content=\"Jeanette\" \/>\n<meta name=\"twitter:card\" content=\"summary_large_image\" \/>\n<meta name=\"twitter:creator\" content=\"@eldiario_net\" \/>\n<meta name=\"twitter:site\" content=\"@eldiario_net\" \/>\n<meta name=\"twitter:label1\" content=\"Escrito por\" \/>\n\t<meta name=\"twitter:data1\" content=\"Jeanette\" \/>\n\t<meta name=\"twitter:label2\" content=\"Tiempo de lectura\" \/>\n\t<meta name=\"twitter:data2\" content=\"3 minutos\" \/>\n<script type=\"application\/ld+json\" class=\"yoast-schema-graph\">{\"@context\":\"https:\\\/\\\/schema.org\",\"@graph\":[{\"@type\":\"Article\",\"@id\":\"https:\\\/\\\/www.eldiario.net\\\/portal\\\/2024\\\/10\\\/10\\\/aprueban-control-de-exportacion-en-fronteras\\\/#article\",\"isPartOf\":{\"@id\":\"https:\\\/\\\/www.eldiario.net\\\/portal\\\/2024\\\/10\\\/10\\\/aprueban-control-de-exportacion-en-fronteras\\\/\"},\"author\":{\"name\":\"Jeanette\",\"@id\":\"https:\\\/\\\/www.eldiario.net\\\/portal\\\/#\\\/schema\\\/person\\\/f46445640444750d7d753ccd04ae01b7\"},\"headline\":\"Aprueban control de exportaci\u00f3n en fronteras\",\"datePublished\":\"2024-10-10T10:06:24+00:00\",\"mainEntityOfPage\":{\"@id\":\"https:\\\/\\\/www.eldiario.net\\\/portal\\\/2024\\\/10\\\/10\\\/aprueban-control-de-exportacion-en-fronteras\\\/\"},\"wordCount\":427,\"commentCount\":0,\"publisher\":{\"@id\":\"https:\\\/\\\/www.eldiario.net\\\/portal\\\/#organization\"},\"image\":{\"@id\":\"https:\\\/\\\/www.eldiario.net\\\/portal\\\/2024\\\/10\\\/10\\\/aprueban-control-de-exportacion-en-fronteras\\\/#primaryimage\"},\"thumbnailUrl\":\"https:\\\/\\\/www.eldiario.net\\\/portal\\\/wp-content\\\/uploads\\\/2024\\\/10\\\/CONTRA-FOTO-scaled.jpeg\",\"articleSection\":[\"Econom\u00eda\"],\"inLanguage\":\"es\",\"potentialAction\":[{\"@type\":\"CommentAction\",\"name\":\"Comment\",\"target\":[\"https:\\\/\\\/www.eldiario.net\\\/portal\\\/2024\\\/10\\\/10\\\/aprueban-control-de-exportacion-en-fronteras\\\/#respond\"]}]},{\"@type\":\"WebPage\",\"@id\":\"https:\\\/\\\/www.eldiario.net\\\/portal\\\/2024\\\/10\\\/10\\\/aprueban-control-de-exportacion-en-fronteras\\\/\",\"url\":\"https:\\\/\\\/www.eldiario.net\\\/portal\\\/2024\\\/10\\\/10\\\/aprueban-control-de-exportacion-en-fronteras\\\/\",\"name\":\"Aprueban control de exportaci\u00f3n en fronteras - El Diario - Bolivia\",\"isPartOf\":{\"@id\":\"https:\\\/\\\/www.eldiario.net\\\/portal\\\/#website\"},\"primaryImageOfPage\":{\"@id\":\"https:\\\/\\\/www.eldiario.net\\\/portal\\\/2024\\\/10\\\/10\\\/aprueban-control-de-exportacion-en-fronteras\\\/#primaryimage\"},\"image\":{\"@id\":\"https:\\\/\\\/www.eldiario.net\\\/portal\\\/2024\\\/10\\\/10\\\/aprueban-control-de-exportacion-en-fronteras\\\/#primaryimage\"},\"thumbnailUrl\":\"https:\\\/\\\/www.eldiario.net\\\/portal\\\/wp-content\\\/uploads\\\/2024\\\/10\\\/CONTRA-FOTO-scaled.jpeg\",\"datePublished\":\"2024-10-10T10:06:24+00:00\",\"breadcrumb\":{\"@id\":\"https:\\\/\\\/www.eldiario.net\\\/portal\\\/2024\\\/10\\\/10\\\/aprueban-control-de-exportacion-en-fronteras\\\/#breadcrumb\"},\"inLanguage\":\"es\",\"potentialAction\":[{\"@type\":\"ReadAction\",\"target\":[\"https:\\\/\\\/www.eldiario.net\\\/portal\\\/2024\\\/10\\\/10\\\/aprueban-control-de-exportacion-en-fronteras\\\/\"]}]},{\"@type\":\"ImageObject\",\"inLanguage\":\"es\",\"@id\":\"https:\\\/\\\/www.eldiario.net\\\/portal\\\/2024\\\/10\\\/10\\\/aprueban-control-de-exportacion-en-fronteras\\\/#primaryimage\",\"url\":\"https:\\\/\\\/www.eldiario.net\\\/portal\\\/wp-content\\\/uploads\\\/2024\\\/10\\\/CONTRA-FOTO-scaled.jpeg\",\"contentUrl\":\"https:\\\/\\\/www.eldiario.net\\\/portal\\\/wp-content\\\/uploads\\\/2024\\\/10\\\/CONTRA-FOTO-scaled.jpeg\",\"width\":2560,\"height\":1708,\"caption\":\"Ministro de Desarrollo Productivo y Econom\u00eda Plural, N\u00e9stor Huanca. Foto ABI\"},{\"@type\":\"BreadcrumbList\",\"@id\":\"https:\\\/\\\/www.eldiario.net\\\/portal\\\/2024\\\/10\\\/10\\\/aprueban-control-de-exportacion-en-fronteras\\\/#breadcrumb\",\"itemListElement\":[{\"@type\":\"ListItem\",\"position\":1,\"name\":\"Portada\",\"item\":\"https:\\\/\\\/www.eldiario.net\\\/portal\\\/\"},{\"@type\":\"ListItem\",\"position\":2,\"name\":\"Aprueban control de exportaci\u00f3n en fronteras\"}]},{\"@type\":\"WebSite\",\"@id\":\"https:\\\/\\\/www.eldiario.net\\\/portal\\\/#website\",\"url\":\"https:\\\/\\\/www.eldiario.net\\\/portal\\\/\",\"name\":\"El Diario - Decano de la prensa nacional\",\"description\":\"El Diario - Decano de la prensa nacional\",\"publisher\":{\"@id\":\"https:\\\/\\\/www.eldiario.net\\\/portal\\\/#organization\"},\"potentialAction\":[{\"@type\":\"SearchAction\",\"target\":{\"@type\":\"EntryPoint\",\"urlTemplate\":\"https:\\\/\\\/www.eldiario.net\\\/portal\\\/?s={search_term_string}\"},\"query-input\":{\"@type\":\"PropertyValueSpecification\",\"valueRequired\":true,\"valueName\":\"search_term_string\"}}],\"inLanguage\":\"es\"},{\"@type\":\"Organization\",\"@id\":\"https:\\\/\\\/www.eldiario.net\\\/portal\\\/#organization\",\"name\":\"El Diario - Decano de la prensa nacional\",\"url\":\"https:\\\/\\\/www.eldiario.net\\\/portal\\\/\",\"logo\":{\"@type\":\"ImageObject\",\"inLanguage\":\"es\",\"@id\":\"https:\\\/\\\/www.eldiario.net\\\/portal\\\/#\\\/schema\\\/logo\\\/image\\\/\",\"url\":\"https:\\\/\\\/www.eldiario.net\\\/portal\\\/wp-content\\\/uploads\\\/2023\\\/07\\\/logo_ED.jpg\",\"contentUrl\":\"https:\\\/\\\/www.eldiario.net\\\/portal\\\/wp-content\\\/uploads\\\/2023\\\/07\\\/logo_ED.jpg\",\"width\":272,\"height\":52,\"caption\":\"El Diario - Decano de la prensa nacional\"},\"image\":{\"@id\":\"https:\\\/\\\/www.eldiario.net\\\/portal\\\/#\\\/schema\\\/logo\\\/image\\\/\"},\"sameAs\":[\"https:\\\/\\\/www.facebook.com\\\/eldiario.bolivia\\\/\",\"https:\\\/\\\/x.com\\\/eldiario_net\"]},{\"@type\":\"Person\",\"@id\":\"https:\\\/\\\/www.eldiario.net\\\/portal\\\/#\\\/schema\\\/person\\\/f46445640444750d7d753ccd04ae01b7\",\"name\":\"Jeanette\",\"image\":{\"@type\":\"ImageObject\",\"inLanguage\":\"es\",\"@id\":\"https:\\\/\\\/secure.gravatar.com\\\/avatar\\\/3ea2118a5f7dad2b7138b1187a6b7ee55f160b9968b66013c3a3ef39dd7e5798?s=96&d=mm&r=g\",\"url\":\"https:\\\/\\\/secure.gravatar.com\\\/avatar\\\/3ea2118a5f7dad2b7138b1187a6b7ee55f160b9968b66013c3a3ef39dd7e5798?s=96&d=mm&r=g\",\"contentUrl\":\"https:\\\/\\\/secure.gravatar.com\\\/avatar\\\/3ea2118a5f7dad2b7138b1187a6b7ee55f160b9968b66013c3a3ef39dd7e5798?s=96&d=mm&r=g\",\"caption\":\"Jeanette\"},\"sameAs\":[\"https:\\\/\\\/www.eldiario.net\\\/portal\"],\"url\":\"https:\\\/\\\/www.eldiario.net\\\/portal\\\/author\\\/jeanette\\\/\"}]}<\/script>\n<!-- \/ Yoast SEO plugin. -->","yoast_head_json":{"title":"Aprueban control de exportaci\u00f3n en fronteras - El Diario - Bolivia","robots":{"index":"index","follow":"follow","max-snippet":"max-snippet:-1","max-image-preview":"max-image-preview:large","max-video-preview":"max-video-preview:-1"},"canonical":"https:\/\/www.eldiario.net\/portal\/2024\/10\/10\/aprueban-control-de-exportacion-en-fronteras\/","og_locale":"es_ES","og_type":"article","og_title":"Aprueban control de exportaci\u00f3n en fronteras - El Diario - Bolivia","og_description":"Ante la falta de capacidad de las autoridades nacionales en fomentar la producci\u00f3n para aumentar la oferta de productos en el mercado nacional e internacional, el gobierno aplica controles, que solo agudizar\u00e1n la situaci\u00f3n de las familias que viven en las zonas fronterizas. El Gobierno, en el gabinete de ministros, aprob\u00f3 un decreto supremo que [&hellip;]","og_url":"https:\/\/www.eldiario.net\/portal\/2024\/10\/10\/aprueban-control-de-exportacion-en-fronteras\/","og_site_name":"El Diario - Bolivia","article_publisher":"https:\/\/www.facebook.com\/eldiario.bolivia\/","article_published_time":"2024-10-10T10:06:24+00:00","og_image":[{"width":2560,"height":1708,"url":"https:\/\/www.eldiario.net\/portal\/wp-content\/uploads\/2024\/10\/CONTRA-FOTO-scaled.jpeg","type":"image\/jpeg"}],"author":"Jeanette","twitter_card":"summary_large_image","twitter_creator":"@eldiario_net","twitter_site":"@eldiario_net","twitter_misc":{"Escrito por":"Jeanette","Tiempo de lectura":"3 minutos"},"schema":{"@context":"https:\/\/schema.org","@graph":[{"@type":"Article","@id":"https:\/\/www.eldiario.net\/portal\/2024\/10\/10\/aprueban-control-de-exportacion-en-fronteras\/#article","isPartOf":{"@id":"https:\/\/www.eldiario.net\/portal\/2024\/10\/10\/aprueban-control-de-exportacion-en-fronteras\/"},"author":{"name":"Jeanette","@id":"https:\/\/www.eldiario.net\/portal\/#\/schema\/person\/f46445640444750d7d753ccd04ae01b7"},"headline":"Aprueban control de exportaci\u00f3n en fronteras","datePublished":"2024-10-10T10:06:24+00:00","mainEntityOfPage":{"@id":"https:\/\/www.eldiario.net\/portal\/2024\/10\/10\/aprueban-control-de-exportacion-en-fronteras\/"},"wordCount":427,"commentCount":0,"publisher":{"@id":"https:\/\/www.eldiario.net\/portal\/#organization"},"image":{"@id":"https:\/\/www.eldiario.net\/portal\/2024\/10\/10\/aprueban-control-de-exportacion-en-fronteras\/#primaryimage"},"thumbnailUrl":"https:\/\/www.eldiario.net\/portal\/wp-content\/uploads\/2024\/10\/CONTRA-FOTO-scaled.jpeg","articleSection":["Econom\u00eda"],"inLanguage":"es","potentialAction":[{"@type":"CommentAction","name":"Comment","target":["https:\/\/www.eldiario.net\/portal\/2024\/10\/10\/aprueban-control-de-exportacion-en-fronteras\/#respond"]}]},{"@type":"WebPage","@id":"https:\/\/www.eldiario.net\/portal\/2024\/10\/10\/aprueban-control-de-exportacion-en-fronteras\/","url":"https:\/\/www.eldiario.net\/portal\/2024\/10\/10\/aprueban-control-de-exportacion-en-fronteras\/","name":"Aprueban control de exportaci\u00f3n en fronteras - El Diario - Bolivia","isPartOf":{"@id":"https:\/\/www.eldiario.net\/portal\/#website"},"primaryImageOfPage":{"@id":"https:\/\/www.eldiario.net\/portal\/2024\/10\/10\/aprueban-control-de-exportacion-en-fronteras\/#primaryimage"},"image":{"@id":"https:\/\/www.eldiario.net\/portal\/2024\/10\/10\/aprueban-control-de-exportacion-en-fronteras\/#primaryimage"},"thumbnailUrl":"https:\/\/www.eldiario.net\/portal\/wp-content\/uploads\/2024\/10\/CONTRA-FOTO-scaled.jpeg","datePublished":"2024-10-10T10:06:24+00:00","breadcrumb":{"@id":"https:\/\/www.eldiario.net\/portal\/2024\/10\/10\/aprueban-control-de-exportacion-en-fronteras\/#breadcrumb"},"inLanguage":"es","potentialAction":[{"@type":"ReadAction","target":["https:\/\/www.eldiario.net\/portal\/2024\/10\/10\/aprueban-control-de-exportacion-en-fronteras\/"]}]},{"@type":"ImageObject","inLanguage":"es","@id":"https:\/\/www.eldiario.net\/portal\/2024\/10\/10\/aprueban-control-de-exportacion-en-fronteras\/#primaryimage","url":"https:\/\/www.eldiario.net\/portal\/wp-content\/uploads\/2024\/10\/CONTRA-FOTO-scaled.jpeg","contentUrl":"https:\/\/www.eldiario.net\/portal\/wp-content\/uploads\/2024\/10\/CONTRA-FOTO-scaled.jpeg","width":2560,"height":1708,"caption":"Ministro de Desarrollo Productivo y Econom\u00eda Plural, N\u00e9stor Huanca. Foto ABI"},{"@type":"BreadcrumbList","@id":"https:\/\/www.eldiario.net\/portal\/2024\/10\/10\/aprueban-control-de-exportacion-en-fronteras\/#breadcrumb","itemListElement":[{"@type":"ListItem","position":1,"name":"Portada","item":"https:\/\/www.eldiario.net\/portal\/"},{"@type":"ListItem","position":2,"name":"Aprueban control de exportaci\u00f3n en fronteras"}]},{"@type":"WebSite","@id":"https:\/\/www.eldiario.net\/portal\/#website","url":"https:\/\/www.eldiario.net\/portal\/","name":"El Diario - Decano de la prensa nacional","description":"El Diario - Decano de la prensa nacional","publisher":{"@id":"https:\/\/www.eldiario.net\/portal\/#organization"},"potentialAction":[{"@type":"SearchAction","target":{"@type":"EntryPoint","urlTemplate":"https:\/\/www.eldiario.net\/portal\/?s={search_term_string}"},"query-input":{"@type":"PropertyValueSpecification","valueRequired":true,"valueName":"search_term_string"}}],"inLanguage":"es"},{"@type":"Organization","@id":"https:\/\/www.eldiario.net\/portal\/#organization","name":"El Diario - Decano de la prensa nacional","url":"https:\/\/www.eldiario.net\/portal\/","logo":{"@type":"ImageObject","inLanguage":"es","@id":"https:\/\/www.eldiario.net\/portal\/#\/schema\/logo\/image\/","url":"https:\/\/www.eldiario.net\/portal\/wp-content\/uploads\/2023\/07\/logo_ED.jpg","contentUrl":"https:\/\/www.eldiario.net\/portal\/wp-content\/uploads\/2023\/07\/logo_ED.jpg","width":272,"height":52,"caption":"El Diario - Decano de la prensa nacional"},"image":{"@id":"https:\/\/www.eldiario.net\/portal\/#\/schema\/logo\/image\/"},"sameAs":["https:\/\/www.facebook.com\/eldiario.bolivia\/","https:\/\/x.com\/eldiario_net"]},{"@type":"Person","@id":"https:\/\/www.eldiario.net\/portal\/#\/schema\/person\/f46445640444750d7d753ccd04ae01b7","name":"Jeanette","image":{"@type":"ImageObject","inLanguage":"es","@id":"https:\/\/secure.gravatar.com\/avatar\/3ea2118a5f7dad2b7138b1187a6b7ee55f160b9968b66013c3a3ef39dd7e5798?s=96&d=mm&r=g","url":"https:\/\/secure.gravatar.com\/avatar\/3ea2118a5f7dad2b7138b1187a6b7ee55f160b9968b66013c3a3ef39dd7e5798?s=96&d=mm&r=g","contentUrl":"https:\/\/secure.gravatar.com\/avatar\/3ea2118a5f7dad2b7138b1187a6b7ee55f160b9968b66013c3a3ef39dd7e5798?s=96&d=mm&r=g","caption":"Jeanette"},"sameAs":["https:\/\/www.eldiario.net\/portal"],"url":"https:\/\/www.eldiario.net\/portal\/author\/jeanette\/"}]}},"_links":{"self":[{"href":"https:\/\/www.eldiario.net\/portal\/wp-json\/wp\/v2\/posts\/253204","targetHints":{"allow":["GET"]}}],"collection":[{"href":"https:\/\/www.eldiario.net\/portal\/wp-json\/wp\/v2\/posts"}],"about":[{"href":"https:\/\/www.eldiario.net\/portal\/wp-json\/wp\/v2\/types\/post"}],"author":[{"embeddable":true,"href":"https:\/\/www.eldiario.net\/portal\/wp-json\/wp\/v2\/users\/1"}],"replies":[{"embeddable":true,"href":"https:\/\/www.eldiario.net\/portal\/wp-json\/wp\/v2\/comments?post=253204"}],"version-history":[{"count":1,"href":"https:\/\/www.eldiario.net\/portal\/wp-json\/wp\/v2\/posts\/253204\/revisions"}],"predecessor-version":[{"id":253206,"href":"https:\/\/www.eldiario.net\/portal\/wp-json\/wp\/v2\/posts\/253204\/revisions\/253206"}],"wp:featuredmedia":[{"embeddable":true,"href":"https:\/\/www.eldiario.net\/portal\/wp-json\/wp\/v2\/media\/253205"}],"wp:attachment":[{"href":"https:\/\/www.eldiario.net\/portal\/wp-json\/wp\/v2\/media?parent=253204"}],"wp:term":[{"taxonomy":"category","embeddable":true,"href":"https:\/\/www.eldiario.net\/portal\/wp-json\/wp\/v2\/categories?post=253204"},{"taxonomy":"post_tag","embeddable":true,"href":"https:\/\/www.eldiario.net\/portal\/wp-json\/wp\/v2\/tags?post=253204"}],"curies":[{"name":"wp","href":"https:\/\/api.w.org\/{rel}","templated":true}]}}