{"id":253201,"date":"2024-10-10T06:05:52","date_gmt":"2024-10-10T10:05:52","guid":{"rendered":"https:\/\/www.eldiario.net\/portal\/?p=253201"},"modified":"2024-10-10T06:05:52","modified_gmt":"2024-10-10T10:05:52","slug":"banco-mundial-reitera-crecimiento-de-bolivia-sera-solo-del-14","status":"publish","type":"post","link":"https:\/\/www.eldiario.net\/portal\/2024\/10\/10\/banco-mundial-reitera-crecimiento-de-bolivia-sera-solo-del-14\/","title":{"rendered":"Banco Mundial reitera crecimiento  de Bolivia ser\u00e1 s\u00f3lo del 1,4%"},"content":{"rendered":"<p>Las nuevas proyecciones del Banco Mundial (BM) reitera un crecimiento de 1,4% para Bolivia en esta gesti\u00f3n, cifra que subir\u00e1 al 1,5% en 2025 y 2026. De confirmarse el porcentaje, el pa\u00eds estar\u00eda en riesgo de una estanflaci\u00f3n, ya que la desaceleraci\u00f3n del crecimiento est\u00e1 en marcha. La inflaci\u00f3n ser\u00e1 superior a la proyectada por el Gobierno, pero tambi\u00e9n la cifra indicada est\u00e1 lejos de las proyecciones oficiales, de 3,71%.<\/p>\n<p>&nbsp;<\/p>\n<p>Seg\u00fan el Banco Mundial, Bolivia ser\u00e1 la econom\u00eda de toda Am\u00e9rica Latina que menos habr\u00e1 crecido en 2024, solamente estar\u00e1 detr\u00e1s de Ecuador (castigado por el narco y la sequ\u00eda) y Jamaica, seg\u00fan el twitter de Mauricio R\u00edos Garc\u00eda.<\/p>\n<p>&nbsp;<\/p>\n<p>Las proyecciones de crecimiento que se fija el Gobierno en los presupuestos de principios de gesti\u00f3n no se cumplieron. El 2021 registr\u00f3 un crecimiento bajo en comparaci\u00f3n a la regi\u00f3n, pero ya en 2022 se proyecto un crecimiento de 5,1%, pero solo alcanz\u00f3 la cifra de 3,6%; en 2023 estim\u00f3 4,86%, sin embargo, no pas\u00f3 de 3,1%; y para la presente gesti\u00f3n se proyect\u00f3 3,71%, pero los organismos internacionales se\u00f1alan que ser\u00e1 menos de 2%.<\/p>\n<p>El pasado lunes, el ministro de Econom\u00eda y Finanzas P\u00fablicas, Marcelo Montenegro, indic\u00f3 que octubre ser a un mes de evaluaci\u00f3n, para tener informaci\u00f3n detallada sobre el crecimiento que tendr\u00e1 el pa\u00eds hasta fin de a\u00f1o.<\/p>\n<p>La actividad econ\u00f3mica se vuelve lenta, debido a la escasez de d\u00f3lares y de combustibles, la producci\u00f3n disminuye, y puede incidir en el crecimiento de la econom\u00eda nacional.<\/p>\n<p>&nbsp;<\/p>\n<p>Informe<\/p>\n<p>seg\u00fan un informe del Banco Mundial, Am\u00e9rica Latina y el Caribe debe aprovechar la din\u00e1mica econ\u00f3mica para impulsar el crecimiento. La baja en las tasas de inter\u00e9s, la desaceleraci\u00f3n de la inflaci\u00f3n y las reformas estructurales pueden ayudar a atraer inversiones muy necesarias.<\/p>\n<p>Con respecto a esa recomendaci\u00f3n del organismo internacional, Bolivia no est\u00e1 en condiciones, pues la inflaci\u00f3n se acelera, mientras en los pa\u00edses vecinos va en sentido contrario, tampoco quiere abandonar su modelo econ\u00f3mico y peor la baja tasa de inter\u00e9s, de acuerdo a evaluaci\u00f3n de economistas.<\/p>\n<p>Las calificaciones que recibi\u00f3 Bolivia, ponen en duda sus obligaciones crediticias, aunque el gobierno asegura que cumple con el pago de la deuda; el riesgo pa\u00eds aleja la inversi\u00f3n extranjera.<\/p>\n<p>Am\u00e9rica Latina y el Caribe crecer\u00e1 1,9% en 2024, superando ligeramente anteriores estimaciones, seg\u00fan el informe del Banco Mundial \u00abImpuestos a la riqueza para la equidad y el crecimiento\u00bb, publicado ayer. En 2025 se prev\u00e9 que la regi\u00f3n crecer\u00e1 un 2,6%. Estas son las tasas m\u00e1s bajas entre todas las regiones del mundo, lo que pone de relieve los persistentes obst\u00e1culos estructurales.<\/p>\n<p>Para acelerar el crecimiento, la regi\u00f3n debe aprovechar la actual din\u00e1mica econ\u00f3mica. Se espera que la decisi\u00f3n de la Reserva Federal de Estados Unidos de reducir las tasas de inter\u00e9s proporcione cierto alivio. El control de la inflaci\u00f3n es otro avance positivo, gracias a la eficaz gesti\u00f3n macroecon\u00f3mica de los pa\u00edses de la regi\u00f3n. Brasil y Per\u00fa est\u00e1n bien encaminados para cumplir sus objetivos de inflaci\u00f3n en 2024, y se espera que otras econom\u00edas importantes los sigan poco despu\u00e9s.<\/p>\n<p>\u00abLa regi\u00f3n ha logrado avances en el manejo de la inflaci\u00f3n y la estabilizaci\u00f3n macroecon\u00f3mica. Este es un momento clave para aprovechar estos logros y atraer las inversiones necesarias para el desarrollo sostenible, fomentar la innovaci\u00f3n, construir capital humano, crear m\u00e1s y mejores empleos y empoderar a la regi\u00f3n para liberarnos de este ciclo de bajo crecimiento\u201d, dijo vicepresidente del Banco Mundial para Am\u00e9rica Latina y el Caribe, Carlos Felipe Jaramillo.<\/p>\n<p>&nbsp;<\/p>\n<p>El informe destaca que la inversi\u00f3n p\u00fablica y privada en la regi\u00f3n siguen siendo bajas, y que los pa\u00edses no est\u00e1n aprovechando plenamente las oportunidades del nearshoring. En t\u00e9rminos reales, la inversi\u00f3n extranjera directa (IED) est\u00e1 en niveles inferiores a los de hace 13 a\u00f1os, y los anuncios de nuevas inversiones favorecen a otras regiones. Pese a tener salarios competitivos en comparaci\u00f3n con China y otros destinos, los altos costos del capital, los d\u00e9biles sistemas educativos, la energ\u00eda e infraestructura deficientes y la inestabilidad social reducen el atractivo de la regi\u00f3n como destino de nearshoring.<\/p>\n<p>&nbsp;<\/p>\n<p>\u201cAprovechar las ventanas de oportunidad que tiene la regi\u00f3n, la transici\u00f3n verde y la tendencia al nearshoring, requiere amplias reformas estructurales para lograr que la regi\u00f3n sea m\u00e1s productiva y competitiva. Esto demandar\u00e1 generar un mayor espacio fiscal, mejorar la eficacia del gobierno, as\u00ed como reducir la carga tributaria que pesa sobre los sectores productivos. Este es un buen momento para que la regi\u00f3n reconsidere cu\u00e1l es la mejor manera para que sus sistemas tributarios generen ingresos y, al mismo tiempo, estimulen el crecimiento y promuevan la equidad\u201d, dijo William Maloney, economista jefe del Banco Mundial para Am\u00e9rica Latina y el Caribe<\/p>\n","protected":false},"excerpt":{"rendered":"<p>Las nuevas proyecciones del Banco Mundial (BM) reitera un crecimiento de 1,4% para Bolivia en esta gesti\u00f3n, cifra que subir\u00e1 al 1,5% en 2025 y 2026. De confirmarse el porcentaje, el pa\u00eds estar\u00eda en riesgo de una estanflaci\u00f3n, ya que la desaceleraci\u00f3n del crecimiento est\u00e1 en marcha. La inflaci\u00f3n ser\u00e1 superior a la proyectada por [&hellip;]<\/p>\n","protected":false},"author":1,"featured_media":253202,"comment_status":"open","ping_status":"open","sticky":false,"template":"","format":"standard","meta":{"_acf_changed":false,"footnotes":""},"categories":[7],"tags":[],"class_list":["post-253201","post","type-post","status-publish","format-standard","has-post-thumbnail","category-economia"],"acf":{"antetitulo":""},"yoast_head":"<!-- This site is optimized with the Yoast SEO plugin v28.4 - https:\/\/yoast.com\/product\/yoast-seo-wordpress\/ -->\n<title>Banco Mundial reitera crecimiento de Bolivia ser\u00e1 s\u00f3lo del 1,4% - El Diario - Bolivia<\/title>\n<meta name=\"robots\" content=\"index, follow, max-snippet:-1, max-image-preview:large, max-video-preview:-1\" \/>\n<link rel=\"canonical\" href=\"https:\/\/www.eldiario.net\/portal\/2024\/10\/10\/banco-mundial-reitera-crecimiento-de-bolivia-sera-solo-del-14\/\" \/>\n<meta property=\"og:locale\" content=\"es_ES\" \/>\n<meta property=\"og:type\" content=\"article\" \/>\n<meta property=\"og:title\" content=\"Banco Mundial reitera crecimiento de Bolivia ser\u00e1 s\u00f3lo del 1,4% - El Diario - Bolivia\" \/>\n<meta property=\"og:description\" content=\"Las nuevas proyecciones del Banco Mundial (BM) reitera un crecimiento de 1,4% para Bolivia en esta gesti\u00f3n, cifra que subir\u00e1 al 1,5% en 2025 y 2026. De confirmarse el porcentaje, el pa\u00eds estar\u00eda en riesgo de una estanflaci\u00f3n, ya que la desaceleraci\u00f3n del crecimiento est\u00e1 en marcha. La inflaci\u00f3n ser\u00e1 superior a la proyectada por [&hellip;]\" \/>\n<meta property=\"og:url\" content=\"https:\/\/www.eldiario.net\/portal\/2024\/10\/10\/banco-mundial-reitera-crecimiento-de-bolivia-sera-solo-del-14\/\" \/>\n<meta property=\"og:site_name\" content=\"El Diario - Bolivia\" \/>\n<meta property=\"article:publisher\" content=\"https:\/\/www.facebook.com\/eldiario.bolivia\/\" \/>\n<meta property=\"article:published_time\" content=\"2024-10-10T10:05:52+00:00\" \/>\n<meta property=\"og:image\" content=\"https:\/\/www.eldiario.net\/portal\/wp-content\/uploads\/2024\/10\/CRECI-FOTO.jpg\" \/>\n\t<meta property=\"og:image:width\" content=\"481\" \/>\n\t<meta property=\"og:image:height\" content=\"321\" \/>\n\t<meta property=\"og:image:type\" content=\"image\/jpeg\" \/>\n<meta name=\"author\" content=\"Jeanette\" \/>\n<meta name=\"twitter:card\" content=\"summary_large_image\" \/>\n<meta name=\"twitter:creator\" content=\"@eldiario_net\" \/>\n<meta name=\"twitter:site\" content=\"@eldiario_net\" \/>\n<meta name=\"twitter:label1\" content=\"Escrito por\" \/>\n\t<meta name=\"twitter:data1\" content=\"Jeanette\" \/>\n\t<meta name=\"twitter:label2\" content=\"Tiempo de lectura\" \/>\n\t<meta name=\"twitter:data2\" content=\"4 minutos\" \/>\n<script type=\"application\/ld+json\" class=\"yoast-schema-graph\">{\"@context\":\"https:\\\/\\\/schema.org\",\"@graph\":[{\"@type\":\"Article\",\"@id\":\"https:\\\/\\\/www.eldiario.net\\\/portal\\\/2024\\\/10\\\/10\\\/banco-mundial-reitera-crecimiento-de-bolivia-sera-solo-del-14\\\/#article\",\"isPartOf\":{\"@id\":\"https:\\\/\\\/www.eldiario.net\\\/portal\\\/2024\\\/10\\\/10\\\/banco-mundial-reitera-crecimiento-de-bolivia-sera-solo-del-14\\\/\"},\"author\":{\"name\":\"Jeanette\",\"@id\":\"https:\\\/\\\/www.eldiario.net\\\/portal\\\/#\\\/schema\\\/person\\\/f46445640444750d7d753ccd04ae01b7\"},\"headline\":\"Banco Mundial reitera crecimiento de Bolivia ser\u00e1 s\u00f3lo del 1,4%\",\"datePublished\":\"2024-10-10T10:05:52+00:00\",\"mainEntityOfPage\":{\"@id\":\"https:\\\/\\\/www.eldiario.net\\\/portal\\\/2024\\\/10\\\/10\\\/banco-mundial-reitera-crecimiento-de-bolivia-sera-solo-del-14\\\/\"},\"wordCount\":862,\"commentCount\":0,\"publisher\":{\"@id\":\"https:\\\/\\\/www.eldiario.net\\\/portal\\\/#organization\"},\"image\":{\"@id\":\"https:\\\/\\\/www.eldiario.net\\\/portal\\\/2024\\\/10\\\/10\\\/banco-mundial-reitera-crecimiento-de-bolivia-sera-solo-del-14\\\/#primaryimage\"},\"thumbnailUrl\":\"https:\\\/\\\/www.eldiario.net\\\/portal\\\/wp-content\\\/uploads\\\/2024\\\/10\\\/CRECI-FOTO.jpg\",\"articleSection\":[\"Econom\u00eda\"],\"inLanguage\":\"es\",\"potentialAction\":[{\"@type\":\"CommentAction\",\"name\":\"Comment\",\"target\":[\"https:\\\/\\\/www.eldiario.net\\\/portal\\\/2024\\\/10\\\/10\\\/banco-mundial-reitera-crecimiento-de-bolivia-sera-solo-del-14\\\/#respond\"]}]},{\"@type\":\"WebPage\",\"@id\":\"https:\\\/\\\/www.eldiario.net\\\/portal\\\/2024\\\/10\\\/10\\\/banco-mundial-reitera-crecimiento-de-bolivia-sera-solo-del-14\\\/\",\"url\":\"https:\\\/\\\/www.eldiario.net\\\/portal\\\/2024\\\/10\\\/10\\\/banco-mundial-reitera-crecimiento-de-bolivia-sera-solo-del-14\\\/\",\"name\":\"Banco Mundial reitera crecimiento de Bolivia ser\u00e1 s\u00f3lo del 1,4% - El Diario - Bolivia\",\"isPartOf\":{\"@id\":\"https:\\\/\\\/www.eldiario.net\\\/portal\\\/#website\"},\"primaryImageOfPage\":{\"@id\":\"https:\\\/\\\/www.eldiario.net\\\/portal\\\/2024\\\/10\\\/10\\\/banco-mundial-reitera-crecimiento-de-bolivia-sera-solo-del-14\\\/#primaryimage\"},\"image\":{\"@id\":\"https:\\\/\\\/www.eldiario.net\\\/portal\\\/2024\\\/10\\\/10\\\/banco-mundial-reitera-crecimiento-de-bolivia-sera-solo-del-14\\\/#primaryimage\"},\"thumbnailUrl\":\"https:\\\/\\\/www.eldiario.net\\\/portal\\\/wp-content\\\/uploads\\\/2024\\\/10\\\/CRECI-FOTO.jpg\",\"datePublished\":\"2024-10-10T10:05:52+00:00\",\"breadcrumb\":{\"@id\":\"https:\\\/\\\/www.eldiario.net\\\/portal\\\/2024\\\/10\\\/10\\\/banco-mundial-reitera-crecimiento-de-bolivia-sera-solo-del-14\\\/#breadcrumb\"},\"inLanguage\":\"es\",\"potentialAction\":[{\"@type\":\"ReadAction\",\"target\":[\"https:\\\/\\\/www.eldiario.net\\\/portal\\\/2024\\\/10\\\/10\\\/banco-mundial-reitera-crecimiento-de-bolivia-sera-solo-del-14\\\/\"]}]},{\"@type\":\"ImageObject\",\"inLanguage\":\"es\",\"@id\":\"https:\\\/\\\/www.eldiario.net\\\/portal\\\/2024\\\/10\\\/10\\\/banco-mundial-reitera-crecimiento-de-bolivia-sera-solo-del-14\\\/#primaryimage\",\"url\":\"https:\\\/\\\/www.eldiario.net\\\/portal\\\/wp-content\\\/uploads\\\/2024\\\/10\\\/CRECI-FOTO.jpg\",\"contentUrl\":\"https:\\\/\\\/www.eldiario.net\\\/portal\\\/wp-content\\\/uploads\\\/2024\\\/10\\\/CRECI-FOTO.jpg\",\"width\":481,\"height\":321},{\"@type\":\"BreadcrumbList\",\"@id\":\"https:\\\/\\\/www.eldiario.net\\\/portal\\\/2024\\\/10\\\/10\\\/banco-mundial-reitera-crecimiento-de-bolivia-sera-solo-del-14\\\/#breadcrumb\",\"itemListElement\":[{\"@type\":\"ListItem\",\"position\":1,\"name\":\"Portada\",\"item\":\"https:\\\/\\\/www.eldiario.net\\\/portal\\\/\"},{\"@type\":\"ListItem\",\"position\":2,\"name\":\"Banco Mundial reitera crecimiento de Bolivia ser\u00e1 s\u00f3lo del 1,4%\"}]},{\"@type\":\"WebSite\",\"@id\":\"https:\\\/\\\/www.eldiario.net\\\/portal\\\/#website\",\"url\":\"https:\\\/\\\/www.eldiario.net\\\/portal\\\/\",\"name\":\"El Diario - Decano de la prensa nacional\",\"description\":\"El Diario - Decano de la prensa nacional\",\"publisher\":{\"@id\":\"https:\\\/\\\/www.eldiario.net\\\/portal\\\/#organization\"},\"potentialAction\":[{\"@type\":\"SearchAction\",\"target\":{\"@type\":\"EntryPoint\",\"urlTemplate\":\"https:\\\/\\\/www.eldiario.net\\\/portal\\\/?s={search_term_string}\"},\"query-input\":{\"@type\":\"PropertyValueSpecification\",\"valueRequired\":true,\"valueName\":\"search_term_string\"}}],\"inLanguage\":\"es\"},{\"@type\":\"Organization\",\"@id\":\"https:\\\/\\\/www.eldiario.net\\\/portal\\\/#organization\",\"name\":\"El Diario - Decano de la prensa nacional\",\"url\":\"https:\\\/\\\/www.eldiario.net\\\/portal\\\/\",\"logo\":{\"@type\":\"ImageObject\",\"inLanguage\":\"es\",\"@id\":\"https:\\\/\\\/www.eldiario.net\\\/portal\\\/#\\\/schema\\\/logo\\\/image\\\/\",\"url\":\"https:\\\/\\\/www.eldiario.net\\\/portal\\\/wp-content\\\/uploads\\\/2023\\\/07\\\/logo_ED.jpg\",\"contentUrl\":\"https:\\\/\\\/www.eldiario.net\\\/portal\\\/wp-content\\\/uploads\\\/2023\\\/07\\\/logo_ED.jpg\",\"width\":272,\"height\":52,\"caption\":\"El Diario - Decano de la prensa nacional\"},\"image\":{\"@id\":\"https:\\\/\\\/www.eldiario.net\\\/portal\\\/#\\\/schema\\\/logo\\\/image\\\/\"},\"sameAs\":[\"https:\\\/\\\/www.facebook.com\\\/eldiario.bolivia\\\/\",\"https:\\\/\\\/x.com\\\/eldiario_net\"]},{\"@type\":\"Person\",\"@id\":\"https:\\\/\\\/www.eldiario.net\\\/portal\\\/#\\\/schema\\\/person\\\/f46445640444750d7d753ccd04ae01b7\",\"name\":\"Jeanette\",\"image\":{\"@type\":\"ImageObject\",\"inLanguage\":\"es\",\"@id\":\"https:\\\/\\\/secure.gravatar.com\\\/avatar\\\/3ea2118a5f7dad2b7138b1187a6b7ee55f160b9968b66013c3a3ef39dd7e5798?s=96&d=mm&r=g\",\"url\":\"https:\\\/\\\/secure.gravatar.com\\\/avatar\\\/3ea2118a5f7dad2b7138b1187a6b7ee55f160b9968b66013c3a3ef39dd7e5798?s=96&d=mm&r=g\",\"contentUrl\":\"https:\\\/\\\/secure.gravatar.com\\\/avatar\\\/3ea2118a5f7dad2b7138b1187a6b7ee55f160b9968b66013c3a3ef39dd7e5798?s=96&d=mm&r=g\",\"caption\":\"Jeanette\"},\"sameAs\":[\"https:\\\/\\\/www.eldiario.net\\\/portal\"],\"url\":\"https:\\\/\\\/www.eldiario.net\\\/portal\\\/author\\\/jeanette\\\/\"}]}<\/script>\n<!-- \/ Yoast SEO plugin. -->","yoast_head_json":{"title":"Banco Mundial reitera crecimiento de Bolivia ser\u00e1 s\u00f3lo del 1,4% - El Diario - Bolivia","robots":{"index":"index","follow":"follow","max-snippet":"max-snippet:-1","max-image-preview":"max-image-preview:large","max-video-preview":"max-video-preview:-1"},"canonical":"https:\/\/www.eldiario.net\/portal\/2024\/10\/10\/banco-mundial-reitera-crecimiento-de-bolivia-sera-solo-del-14\/","og_locale":"es_ES","og_type":"article","og_title":"Banco Mundial reitera crecimiento de Bolivia ser\u00e1 s\u00f3lo del 1,4% - El Diario - Bolivia","og_description":"Las nuevas proyecciones del Banco Mundial (BM) reitera un crecimiento de 1,4% para Bolivia en esta gesti\u00f3n, cifra que subir\u00e1 al 1,5% en 2025 y 2026. De confirmarse el porcentaje, el pa\u00eds estar\u00eda en riesgo de una estanflaci\u00f3n, ya que la desaceleraci\u00f3n del crecimiento est\u00e1 en marcha. La inflaci\u00f3n ser\u00e1 superior a la proyectada por [&hellip;]","og_url":"https:\/\/www.eldiario.net\/portal\/2024\/10\/10\/banco-mundial-reitera-crecimiento-de-bolivia-sera-solo-del-14\/","og_site_name":"El Diario - Bolivia","article_publisher":"https:\/\/www.facebook.com\/eldiario.bolivia\/","article_published_time":"2024-10-10T10:05:52+00:00","og_image":[{"width":481,"height":321,"url":"https:\/\/www.eldiario.net\/portal\/wp-content\/uploads\/2024\/10\/CRECI-FOTO.jpg","type":"image\/jpeg"}],"author":"Jeanette","twitter_card":"summary_large_image","twitter_creator":"@eldiario_net","twitter_site":"@eldiario_net","twitter_misc":{"Escrito por":"Jeanette","Tiempo de lectura":"4 minutos"},"schema":{"@context":"https:\/\/schema.org","@graph":[{"@type":"Article","@id":"https:\/\/www.eldiario.net\/portal\/2024\/10\/10\/banco-mundial-reitera-crecimiento-de-bolivia-sera-solo-del-14\/#article","isPartOf":{"@id":"https:\/\/www.eldiario.net\/portal\/2024\/10\/10\/banco-mundial-reitera-crecimiento-de-bolivia-sera-solo-del-14\/"},"author":{"name":"Jeanette","@id":"https:\/\/www.eldiario.net\/portal\/#\/schema\/person\/f46445640444750d7d753ccd04ae01b7"},"headline":"Banco Mundial reitera crecimiento de Bolivia ser\u00e1 s\u00f3lo del 1,4%","datePublished":"2024-10-10T10:05:52+00:00","mainEntityOfPage":{"@id":"https:\/\/www.eldiario.net\/portal\/2024\/10\/10\/banco-mundial-reitera-crecimiento-de-bolivia-sera-solo-del-14\/"},"wordCount":862,"commentCount":0,"publisher":{"@id":"https:\/\/www.eldiario.net\/portal\/#organization"},"image":{"@id":"https:\/\/www.eldiario.net\/portal\/2024\/10\/10\/banco-mundial-reitera-crecimiento-de-bolivia-sera-solo-del-14\/#primaryimage"},"thumbnailUrl":"https:\/\/www.eldiario.net\/portal\/wp-content\/uploads\/2024\/10\/CRECI-FOTO.jpg","articleSection":["Econom\u00eda"],"inLanguage":"es","potentialAction":[{"@type":"CommentAction","name":"Comment","target":["https:\/\/www.eldiario.net\/portal\/2024\/10\/10\/banco-mundial-reitera-crecimiento-de-bolivia-sera-solo-del-14\/#respond"]}]},{"@type":"WebPage","@id":"https:\/\/www.eldiario.net\/portal\/2024\/10\/10\/banco-mundial-reitera-crecimiento-de-bolivia-sera-solo-del-14\/","url":"https:\/\/www.eldiario.net\/portal\/2024\/10\/10\/banco-mundial-reitera-crecimiento-de-bolivia-sera-solo-del-14\/","name":"Banco Mundial reitera crecimiento de Bolivia ser\u00e1 s\u00f3lo del 1,4% - El Diario - Bolivia","isPartOf":{"@id":"https:\/\/www.eldiario.net\/portal\/#website"},"primaryImageOfPage":{"@id":"https:\/\/www.eldiario.net\/portal\/2024\/10\/10\/banco-mundial-reitera-crecimiento-de-bolivia-sera-solo-del-14\/#primaryimage"},"image":{"@id":"https:\/\/www.eldiario.net\/portal\/2024\/10\/10\/banco-mundial-reitera-crecimiento-de-bolivia-sera-solo-del-14\/#primaryimage"},"thumbnailUrl":"https:\/\/www.eldiario.net\/portal\/wp-content\/uploads\/2024\/10\/CRECI-FOTO.jpg","datePublished":"2024-10-10T10:05:52+00:00","breadcrumb":{"@id":"https:\/\/www.eldiario.net\/portal\/2024\/10\/10\/banco-mundial-reitera-crecimiento-de-bolivia-sera-solo-del-14\/#breadcrumb"},"inLanguage":"es","potentialAction":[{"@type":"ReadAction","target":["https:\/\/www.eldiario.net\/portal\/2024\/10\/10\/banco-mundial-reitera-crecimiento-de-bolivia-sera-solo-del-14\/"]}]},{"@type":"ImageObject","inLanguage":"es","@id":"https:\/\/www.eldiario.net\/portal\/2024\/10\/10\/banco-mundial-reitera-crecimiento-de-bolivia-sera-solo-del-14\/#primaryimage","url":"https:\/\/www.eldiario.net\/portal\/wp-content\/uploads\/2024\/10\/CRECI-FOTO.jpg","contentUrl":"https:\/\/www.eldiario.net\/portal\/wp-content\/uploads\/2024\/10\/CRECI-FOTO.jpg","width":481,"height":321},{"@type":"BreadcrumbList","@id":"https:\/\/www.eldiario.net\/portal\/2024\/10\/10\/banco-mundial-reitera-crecimiento-de-bolivia-sera-solo-del-14\/#breadcrumb","itemListElement":[{"@type":"ListItem","position":1,"name":"Portada","item":"https:\/\/www.eldiario.net\/portal\/"},{"@type":"ListItem","position":2,"name":"Banco Mundial reitera crecimiento de Bolivia ser\u00e1 s\u00f3lo del 1,4%"}]},{"@type":"WebSite","@id":"https:\/\/www.eldiario.net\/portal\/#website","url":"https:\/\/www.eldiario.net\/portal\/","name":"El Diario - Decano de la prensa nacional","description":"El Diario - Decano de la prensa nacional","publisher":{"@id":"https:\/\/www.eldiario.net\/portal\/#organization"},"potentialAction":[{"@type":"SearchAction","target":{"@type":"EntryPoint","urlTemplate":"https:\/\/www.eldiario.net\/portal\/?s={search_term_string}"},"query-input":{"@type":"PropertyValueSpecification","valueRequired":true,"valueName":"search_term_string"}}],"inLanguage":"es"},{"@type":"Organization","@id":"https:\/\/www.eldiario.net\/portal\/#organization","name":"El Diario - Decano de la prensa nacional","url":"https:\/\/www.eldiario.net\/portal\/","logo":{"@type":"ImageObject","inLanguage":"es","@id":"https:\/\/www.eldiario.net\/portal\/#\/schema\/logo\/image\/","url":"https:\/\/www.eldiario.net\/portal\/wp-content\/uploads\/2023\/07\/logo_ED.jpg","contentUrl":"https:\/\/www.eldiario.net\/portal\/wp-content\/uploads\/2023\/07\/logo_ED.jpg","width":272,"height":52,"caption":"El Diario - Decano de la prensa nacional"},"image":{"@id":"https:\/\/www.eldiario.net\/portal\/#\/schema\/logo\/image\/"},"sameAs":["https:\/\/www.facebook.com\/eldiario.bolivia\/","https:\/\/x.com\/eldiario_net"]},{"@type":"Person","@id":"https:\/\/www.eldiario.net\/portal\/#\/schema\/person\/f46445640444750d7d753ccd04ae01b7","name":"Jeanette","image":{"@type":"ImageObject","inLanguage":"es","@id":"https:\/\/secure.gravatar.com\/avatar\/3ea2118a5f7dad2b7138b1187a6b7ee55f160b9968b66013c3a3ef39dd7e5798?s=96&d=mm&r=g","url":"https:\/\/secure.gravatar.com\/avatar\/3ea2118a5f7dad2b7138b1187a6b7ee55f160b9968b66013c3a3ef39dd7e5798?s=96&d=mm&r=g","contentUrl":"https:\/\/secure.gravatar.com\/avatar\/3ea2118a5f7dad2b7138b1187a6b7ee55f160b9968b66013c3a3ef39dd7e5798?s=96&d=mm&r=g","caption":"Jeanette"},"sameAs":["https:\/\/www.eldiario.net\/portal"],"url":"https:\/\/www.eldiario.net\/portal\/author\/jeanette\/"}]}},"_links":{"self":[{"href":"https:\/\/www.eldiario.net\/portal\/wp-json\/wp\/v2\/posts\/253201","targetHints":{"allow":["GET"]}}],"collection":[{"href":"https:\/\/www.eldiario.net\/portal\/wp-json\/wp\/v2\/posts"}],"about":[{"href":"https:\/\/www.eldiario.net\/portal\/wp-json\/wp\/v2\/types\/post"}],"author":[{"embeddable":true,"href":"https:\/\/www.eldiario.net\/portal\/wp-json\/wp\/v2\/users\/1"}],"replies":[{"embeddable":true,"href":"https:\/\/www.eldiario.net\/portal\/wp-json\/wp\/v2\/comments?post=253201"}],"version-history":[{"count":1,"href":"https:\/\/www.eldiario.net\/portal\/wp-json\/wp\/v2\/posts\/253201\/revisions"}],"predecessor-version":[{"id":253203,"href":"https:\/\/www.eldiario.net\/portal\/wp-json\/wp\/v2\/posts\/253201\/revisions\/253203"}],"wp:featuredmedia":[{"embeddable":true,"href":"https:\/\/www.eldiario.net\/portal\/wp-json\/wp\/v2\/media\/253202"}],"wp:attachment":[{"href":"https:\/\/www.eldiario.net\/portal\/wp-json\/wp\/v2\/media?parent=253201"}],"wp:term":[{"taxonomy":"category","embeddable":true,"href":"https:\/\/www.eldiario.net\/portal\/wp-json\/wp\/v2\/categories?post=253201"},{"taxonomy":"post_tag","embeddable":true,"href":"https:\/\/www.eldiario.net\/portal\/wp-json\/wp\/v2\/tags?post=253201"}],"curies":[{"name":"wp","href":"https:\/\/api.w.org\/{rel}","templated":true}]}}