{"id":253198,"date":"2024-10-10T06:05:25","date_gmt":"2024-10-10T10:05:25","guid":{"rendered":"https:\/\/www.eldiario.net\/portal\/?p=253198"},"modified":"2024-10-10T06:05:25","modified_gmt":"2024-10-10T10:05:25","slug":"erogaron-us-71-millones-para-cubrir-muerte-e-invalidez","status":"publish","type":"post","link":"https:\/\/www.eldiario.net\/portal\/2024\/10\/10\/erogaron-us-71-millones-para-cubrir-muerte-e-invalidez\/","title":{"rendered":"Erogaron $us 71 millones  para cubrir muerte e invalidez"},"content":{"rendered":"<p>Hasta agosto de este a\u00f1o, las aseguradoras cubrieron por muerte e invalidez permanente aproximadamente 71 millones de d\u00f3lares. En 2021, 2022 y 2023, los montos por esa cobertura ascendieron a 167 millones, 124 millones y 104 millones, respectivamente, inform\u00f3 la directora ejecutiva de la Autoridad de Fiscalizaci\u00f3n y Control de Pensiones y Seguros (APS), Mar\u00eda Cruz.<\/p>\n<p>Cruz revel\u00f3 la informaci\u00f3n tras firmar un convenio de cooperaci\u00f3n con la Autoridad de Supervisi\u00f3n del Sistema Financiero (ASFI), que establece mecanismos para la gesti\u00f3n de los reclamos, supervisi\u00f3n, fiscalizaci\u00f3n y control efectuados por los consumidores financieros, asegurados, tenedores y\/o beneficiarios de seguros, en el marco de sus competencias.<\/p>\n<p>Seg\u00fan un reporte de prensa, indic\u00f3 que en el marco de sus atribuciones conferidas por la Ley 1883 de Seguros, se atendi\u00f3 103 reclamos. De ese total, 46 se encuentran concluidos, 24 fueron reevaluados, aceptados y pagados por las aseguradoras y 22 confirmaron el rechazo, por lo que existe a la fecha 57 reclamos en proceso de atenci\u00f3n.<\/p>\n<p>El Seguro de Desgravamen cubre la deuda del asegurado por cuenta y cargo de este, protege la fuente de pago de los pr\u00e9stamos ante la muerte o invalidez permanente y evita que los familiares se vean obligados a asumir la deuda, precis\u00f3 Cruz.<\/p>\n<p>Inst\u00f3 a que, en caso de dudas o complicaciones en el proceso de reclamo, es recomendable que el asegurado busque el apoyo especializado de la APS para asegurar el cumplimiento de sus derechos para tomar una decisi\u00f3n informada.<\/p>\n<p>Remarc\u00f3, adem\u00e1s, que se implementar\u00e1 la entrega de un tr\u00edptico, a los solicitantes de cr\u00e9dito, donde se describen las caracter\u00edsticas del Seguro de Desgravamen, su forma de pago, sus exclusiones y condiciones en general.<\/p>\n<p>El convenio tendr\u00e1 una duraci\u00f3n de 10 a\u00f1os, computables a partir de la firma del mismo, a cuya conclusi\u00f3n, a fin de permitir la continuidad de \u00e9ste, podr\u00e1 renovarse de mutuo acuerdo, mediante la suscripci\u00f3n de una adenda, previa comunicaci\u00f3n escrita de las partes que establezca la intensi\u00f3n de renovaci\u00f3n, seg\u00fan un reporte de la APS.<\/p>\n","protected":false},"excerpt":{"rendered":"<p>Hasta agosto de este a\u00f1o, las aseguradoras cubrieron por muerte e invalidez permanente aproximadamente 71 millones de d\u00f3lares. En 2021, 2022 y 2023, los montos por esa cobertura ascendieron a 167 millones, 124 millones y 104 millones, respectivamente, inform\u00f3 la directora ejecutiva de la Autoridad de Fiscalizaci\u00f3n y Control de Pensiones y Seguros (APS), Mar\u00eda [&hellip;]<\/p>\n","protected":false},"author":1,"featured_media":253199,"comment_status":"open","ping_status":"open","sticky":false,"template":"","format":"standard","meta":{"_acf_changed":false,"footnotes":""},"categories":[7],"tags":[],"class_list":["post-253198","post","type-post","status-publish","format-standard","has-post-thumbnail","category-economia"],"acf":{"antetitulo":"Aseguradoras "},"yoast_head":"<!-- This site is optimized with the Yoast SEO plugin v28.4 - https:\/\/yoast.com\/product\/yoast-seo-wordpress\/ -->\n<title>Erogaron $us 71 millones para cubrir muerte e invalidez - El Diario - Bolivia<\/title>\n<meta name=\"robots\" content=\"index, follow, max-snippet:-1, max-image-preview:large, max-video-preview:-1\" \/>\n<link rel=\"canonical\" href=\"https:\/\/www.eldiario.net\/portal\/2024\/10\/10\/erogaron-us-71-millones-para-cubrir-muerte-e-invalidez\/\" \/>\n<meta property=\"og:locale\" content=\"es_ES\" \/>\n<meta property=\"og:type\" content=\"article\" \/>\n<meta property=\"og:title\" content=\"Erogaron $us 71 millones para cubrir muerte e invalidez - El Diario - Bolivia\" \/>\n<meta property=\"og:description\" content=\"Hasta agosto de este a\u00f1o, las aseguradoras cubrieron por muerte e invalidez permanente aproximadamente 71 millones de d\u00f3lares. En 2021, 2022 y 2023, los montos por esa cobertura ascendieron a 167 millones, 124 millones y 104 millones, respectivamente, inform\u00f3 la directora ejecutiva de la Autoridad de Fiscalizaci\u00f3n y Control de Pensiones y Seguros (APS), Mar\u00eda [&hellip;]\" \/>\n<meta property=\"og:url\" content=\"https:\/\/www.eldiario.net\/portal\/2024\/10\/10\/erogaron-us-71-millones-para-cubrir-muerte-e-invalidez\/\" \/>\n<meta property=\"og:site_name\" content=\"El Diario - Bolivia\" \/>\n<meta property=\"article:publisher\" content=\"https:\/\/www.facebook.com\/eldiario.bolivia\/\" \/>\n<meta property=\"article:published_time\" content=\"2024-10-10T10:05:25+00:00\" \/>\n<meta property=\"og:image\" content=\"https:\/\/www.eldiario.net\/portal\/wp-content\/uploads\/2024\/10\/SEGURO-FOTO.jpg\" \/>\n\t<meta property=\"og:image:width\" content=\"927\" \/>\n\t<meta property=\"og:image:height\" content=\"698\" \/>\n\t<meta property=\"og:image:type\" content=\"image\/jpeg\" \/>\n<meta name=\"author\" content=\"Jeanette\" \/>\n<meta name=\"twitter:card\" content=\"summary_large_image\" \/>\n<meta name=\"twitter:creator\" content=\"@eldiario_net\" \/>\n<meta name=\"twitter:site\" content=\"@eldiario_net\" \/>\n<meta name=\"twitter:label1\" content=\"Escrito por\" \/>\n\t<meta name=\"twitter:data1\" content=\"Jeanette\" \/>\n\t<meta name=\"twitter:label2\" content=\"Tiempo de lectura\" \/>\n\t<meta name=\"twitter:data2\" content=\"2 minutos\" \/>\n<script type=\"application\/ld+json\" class=\"yoast-schema-graph\">{\"@context\":\"https:\\\/\\\/schema.org\",\"@graph\":[{\"@type\":\"Article\",\"@id\":\"https:\\\/\\\/www.eldiario.net\\\/portal\\\/2024\\\/10\\\/10\\\/erogaron-us-71-millones-para-cubrir-muerte-e-invalidez\\\/#article\",\"isPartOf\":{\"@id\":\"https:\\\/\\\/www.eldiario.net\\\/portal\\\/2024\\\/10\\\/10\\\/erogaron-us-71-millones-para-cubrir-muerte-e-invalidez\\\/\"},\"author\":{\"name\":\"Jeanette\",\"@id\":\"https:\\\/\\\/www.eldiario.net\\\/portal\\\/#\\\/schema\\\/person\\\/f46445640444750d7d753ccd04ae01b7\"},\"headline\":\"Erogaron $us 71 millones para cubrir muerte e invalidez\",\"datePublished\":\"2024-10-10T10:05:25+00:00\",\"mainEntityOfPage\":{\"@id\":\"https:\\\/\\\/www.eldiario.net\\\/portal\\\/2024\\\/10\\\/10\\\/erogaron-us-71-millones-para-cubrir-muerte-e-invalidez\\\/\"},\"wordCount\":355,\"commentCount\":0,\"publisher\":{\"@id\":\"https:\\\/\\\/www.eldiario.net\\\/portal\\\/#organization\"},\"image\":{\"@id\":\"https:\\\/\\\/www.eldiario.net\\\/portal\\\/2024\\\/10\\\/10\\\/erogaron-us-71-millones-para-cubrir-muerte-e-invalidez\\\/#primaryimage\"},\"thumbnailUrl\":\"https:\\\/\\\/www.eldiario.net\\\/portal\\\/wp-content\\\/uploads\\\/2024\\\/10\\\/SEGURO-FOTO.jpg\",\"articleSection\":[\"Econom\u00eda\"],\"inLanguage\":\"es\",\"potentialAction\":[{\"@type\":\"CommentAction\",\"name\":\"Comment\",\"target\":[\"https:\\\/\\\/www.eldiario.net\\\/portal\\\/2024\\\/10\\\/10\\\/erogaron-us-71-millones-para-cubrir-muerte-e-invalidez\\\/#respond\"]}]},{\"@type\":\"WebPage\",\"@id\":\"https:\\\/\\\/www.eldiario.net\\\/portal\\\/2024\\\/10\\\/10\\\/erogaron-us-71-millones-para-cubrir-muerte-e-invalidez\\\/\",\"url\":\"https:\\\/\\\/www.eldiario.net\\\/portal\\\/2024\\\/10\\\/10\\\/erogaron-us-71-millones-para-cubrir-muerte-e-invalidez\\\/\",\"name\":\"Erogaron $us 71 millones para cubrir muerte e invalidez - El Diario - Bolivia\",\"isPartOf\":{\"@id\":\"https:\\\/\\\/www.eldiario.net\\\/portal\\\/#website\"},\"primaryImageOfPage\":{\"@id\":\"https:\\\/\\\/www.eldiario.net\\\/portal\\\/2024\\\/10\\\/10\\\/erogaron-us-71-millones-para-cubrir-muerte-e-invalidez\\\/#primaryimage\"},\"image\":{\"@id\":\"https:\\\/\\\/www.eldiario.net\\\/portal\\\/2024\\\/10\\\/10\\\/erogaron-us-71-millones-para-cubrir-muerte-e-invalidez\\\/#primaryimage\"},\"thumbnailUrl\":\"https:\\\/\\\/www.eldiario.net\\\/portal\\\/wp-content\\\/uploads\\\/2024\\\/10\\\/SEGURO-FOTO.jpg\",\"datePublished\":\"2024-10-10T10:05:25+00:00\",\"breadcrumb\":{\"@id\":\"https:\\\/\\\/www.eldiario.net\\\/portal\\\/2024\\\/10\\\/10\\\/erogaron-us-71-millones-para-cubrir-muerte-e-invalidez\\\/#breadcrumb\"},\"inLanguage\":\"es\",\"potentialAction\":[{\"@type\":\"ReadAction\",\"target\":[\"https:\\\/\\\/www.eldiario.net\\\/portal\\\/2024\\\/10\\\/10\\\/erogaron-us-71-millones-para-cubrir-muerte-e-invalidez\\\/\"]}]},{\"@type\":\"ImageObject\",\"inLanguage\":\"es\",\"@id\":\"https:\\\/\\\/www.eldiario.net\\\/portal\\\/2024\\\/10\\\/10\\\/erogaron-us-71-millones-para-cubrir-muerte-e-invalidez\\\/#primaryimage\",\"url\":\"https:\\\/\\\/www.eldiario.net\\\/portal\\\/wp-content\\\/uploads\\\/2024\\\/10\\\/SEGURO-FOTO.jpg\",\"contentUrl\":\"https:\\\/\\\/www.eldiario.net\\\/portal\\\/wp-content\\\/uploads\\\/2024\\\/10\\\/SEGURO-FOTO.jpg\",\"width\":927,\"height\":698,\"caption\":\"directora ejecutiva de la Autoridad de Fiscalizaci\u00f3n y Control de Pensiones y Seguros (APS), Mar\u00eda Cruz. Foto abi\"},{\"@type\":\"BreadcrumbList\",\"@id\":\"https:\\\/\\\/www.eldiario.net\\\/portal\\\/2024\\\/10\\\/10\\\/erogaron-us-71-millones-para-cubrir-muerte-e-invalidez\\\/#breadcrumb\",\"itemListElement\":[{\"@type\":\"ListItem\",\"position\":1,\"name\":\"Portada\",\"item\":\"https:\\\/\\\/www.eldiario.net\\\/portal\\\/\"},{\"@type\":\"ListItem\",\"position\":2,\"name\":\"Erogaron $us 71 millones para cubrir muerte e invalidez\"}]},{\"@type\":\"WebSite\",\"@id\":\"https:\\\/\\\/www.eldiario.net\\\/portal\\\/#website\",\"url\":\"https:\\\/\\\/www.eldiario.net\\\/portal\\\/\",\"name\":\"El Diario - Decano de la prensa nacional\",\"description\":\"El Diario - Decano de la prensa nacional\",\"publisher\":{\"@id\":\"https:\\\/\\\/www.eldiario.net\\\/portal\\\/#organization\"},\"potentialAction\":[{\"@type\":\"SearchAction\",\"target\":{\"@type\":\"EntryPoint\",\"urlTemplate\":\"https:\\\/\\\/www.eldiario.net\\\/portal\\\/?s={search_term_string}\"},\"query-input\":{\"@type\":\"PropertyValueSpecification\",\"valueRequired\":true,\"valueName\":\"search_term_string\"}}],\"inLanguage\":\"es\"},{\"@type\":\"Organization\",\"@id\":\"https:\\\/\\\/www.eldiario.net\\\/portal\\\/#organization\",\"name\":\"El Diario - Decano de la prensa nacional\",\"url\":\"https:\\\/\\\/www.eldiario.net\\\/portal\\\/\",\"logo\":{\"@type\":\"ImageObject\",\"inLanguage\":\"es\",\"@id\":\"https:\\\/\\\/www.eldiario.net\\\/portal\\\/#\\\/schema\\\/logo\\\/image\\\/\",\"url\":\"https:\\\/\\\/www.eldiario.net\\\/portal\\\/wp-content\\\/uploads\\\/2023\\\/07\\\/logo_ED.jpg\",\"contentUrl\":\"https:\\\/\\\/www.eldiario.net\\\/portal\\\/wp-content\\\/uploads\\\/2023\\\/07\\\/logo_ED.jpg\",\"width\":272,\"height\":52,\"caption\":\"El Diario - Decano de la prensa nacional\"},\"image\":{\"@id\":\"https:\\\/\\\/www.eldiario.net\\\/portal\\\/#\\\/schema\\\/logo\\\/image\\\/\"},\"sameAs\":[\"https:\\\/\\\/www.facebook.com\\\/eldiario.bolivia\\\/\",\"https:\\\/\\\/x.com\\\/eldiario_net\"]},{\"@type\":\"Person\",\"@id\":\"https:\\\/\\\/www.eldiario.net\\\/portal\\\/#\\\/schema\\\/person\\\/f46445640444750d7d753ccd04ae01b7\",\"name\":\"Jeanette\",\"image\":{\"@type\":\"ImageObject\",\"inLanguage\":\"es\",\"@id\":\"https:\\\/\\\/secure.gravatar.com\\\/avatar\\\/3ea2118a5f7dad2b7138b1187a6b7ee55f160b9968b66013c3a3ef39dd7e5798?s=96&d=mm&r=g\",\"url\":\"https:\\\/\\\/secure.gravatar.com\\\/avatar\\\/3ea2118a5f7dad2b7138b1187a6b7ee55f160b9968b66013c3a3ef39dd7e5798?s=96&d=mm&r=g\",\"contentUrl\":\"https:\\\/\\\/secure.gravatar.com\\\/avatar\\\/3ea2118a5f7dad2b7138b1187a6b7ee55f160b9968b66013c3a3ef39dd7e5798?s=96&d=mm&r=g\",\"caption\":\"Jeanette\"},\"sameAs\":[\"https:\\\/\\\/www.eldiario.net\\\/portal\"],\"url\":\"https:\\\/\\\/www.eldiario.net\\\/portal\\\/author\\\/jeanette\\\/\"}]}<\/script>\n<!-- \/ Yoast SEO plugin. -->","yoast_head_json":{"title":"Erogaron $us 71 millones para cubrir muerte e invalidez - El Diario - Bolivia","robots":{"index":"index","follow":"follow","max-snippet":"max-snippet:-1","max-image-preview":"max-image-preview:large","max-video-preview":"max-video-preview:-1"},"canonical":"https:\/\/www.eldiario.net\/portal\/2024\/10\/10\/erogaron-us-71-millones-para-cubrir-muerte-e-invalidez\/","og_locale":"es_ES","og_type":"article","og_title":"Erogaron $us 71 millones para cubrir muerte e invalidez - El Diario - Bolivia","og_description":"Hasta agosto de este a\u00f1o, las aseguradoras cubrieron por muerte e invalidez permanente aproximadamente 71 millones de d\u00f3lares. En 2021, 2022 y 2023, los montos por esa cobertura ascendieron a 167 millones, 124 millones y 104 millones, respectivamente, inform\u00f3 la directora ejecutiva de la Autoridad de Fiscalizaci\u00f3n y Control de Pensiones y Seguros (APS), Mar\u00eda [&hellip;]","og_url":"https:\/\/www.eldiario.net\/portal\/2024\/10\/10\/erogaron-us-71-millones-para-cubrir-muerte-e-invalidez\/","og_site_name":"El Diario - Bolivia","article_publisher":"https:\/\/www.facebook.com\/eldiario.bolivia\/","article_published_time":"2024-10-10T10:05:25+00:00","og_image":[{"width":927,"height":698,"url":"https:\/\/www.eldiario.net\/portal\/wp-content\/uploads\/2024\/10\/SEGURO-FOTO.jpg","type":"image\/jpeg"}],"author":"Jeanette","twitter_card":"summary_large_image","twitter_creator":"@eldiario_net","twitter_site":"@eldiario_net","twitter_misc":{"Escrito por":"Jeanette","Tiempo de lectura":"2 minutos"},"schema":{"@context":"https:\/\/schema.org","@graph":[{"@type":"Article","@id":"https:\/\/www.eldiario.net\/portal\/2024\/10\/10\/erogaron-us-71-millones-para-cubrir-muerte-e-invalidez\/#article","isPartOf":{"@id":"https:\/\/www.eldiario.net\/portal\/2024\/10\/10\/erogaron-us-71-millones-para-cubrir-muerte-e-invalidez\/"},"author":{"name":"Jeanette","@id":"https:\/\/www.eldiario.net\/portal\/#\/schema\/person\/f46445640444750d7d753ccd04ae01b7"},"headline":"Erogaron $us 71 millones para cubrir muerte e invalidez","datePublished":"2024-10-10T10:05:25+00:00","mainEntityOfPage":{"@id":"https:\/\/www.eldiario.net\/portal\/2024\/10\/10\/erogaron-us-71-millones-para-cubrir-muerte-e-invalidez\/"},"wordCount":355,"commentCount":0,"publisher":{"@id":"https:\/\/www.eldiario.net\/portal\/#organization"},"image":{"@id":"https:\/\/www.eldiario.net\/portal\/2024\/10\/10\/erogaron-us-71-millones-para-cubrir-muerte-e-invalidez\/#primaryimage"},"thumbnailUrl":"https:\/\/www.eldiario.net\/portal\/wp-content\/uploads\/2024\/10\/SEGURO-FOTO.jpg","articleSection":["Econom\u00eda"],"inLanguage":"es","potentialAction":[{"@type":"CommentAction","name":"Comment","target":["https:\/\/www.eldiario.net\/portal\/2024\/10\/10\/erogaron-us-71-millones-para-cubrir-muerte-e-invalidez\/#respond"]}]},{"@type":"WebPage","@id":"https:\/\/www.eldiario.net\/portal\/2024\/10\/10\/erogaron-us-71-millones-para-cubrir-muerte-e-invalidez\/","url":"https:\/\/www.eldiario.net\/portal\/2024\/10\/10\/erogaron-us-71-millones-para-cubrir-muerte-e-invalidez\/","name":"Erogaron $us 71 millones para cubrir muerte e invalidez - El Diario - Bolivia","isPartOf":{"@id":"https:\/\/www.eldiario.net\/portal\/#website"},"primaryImageOfPage":{"@id":"https:\/\/www.eldiario.net\/portal\/2024\/10\/10\/erogaron-us-71-millones-para-cubrir-muerte-e-invalidez\/#primaryimage"},"image":{"@id":"https:\/\/www.eldiario.net\/portal\/2024\/10\/10\/erogaron-us-71-millones-para-cubrir-muerte-e-invalidez\/#primaryimage"},"thumbnailUrl":"https:\/\/www.eldiario.net\/portal\/wp-content\/uploads\/2024\/10\/SEGURO-FOTO.jpg","datePublished":"2024-10-10T10:05:25+00:00","breadcrumb":{"@id":"https:\/\/www.eldiario.net\/portal\/2024\/10\/10\/erogaron-us-71-millones-para-cubrir-muerte-e-invalidez\/#breadcrumb"},"inLanguage":"es","potentialAction":[{"@type":"ReadAction","target":["https:\/\/www.eldiario.net\/portal\/2024\/10\/10\/erogaron-us-71-millones-para-cubrir-muerte-e-invalidez\/"]}]},{"@type":"ImageObject","inLanguage":"es","@id":"https:\/\/www.eldiario.net\/portal\/2024\/10\/10\/erogaron-us-71-millones-para-cubrir-muerte-e-invalidez\/#primaryimage","url":"https:\/\/www.eldiario.net\/portal\/wp-content\/uploads\/2024\/10\/SEGURO-FOTO.jpg","contentUrl":"https:\/\/www.eldiario.net\/portal\/wp-content\/uploads\/2024\/10\/SEGURO-FOTO.jpg","width":927,"height":698,"caption":"directora ejecutiva de la Autoridad de Fiscalizaci\u00f3n y Control de Pensiones y Seguros (APS), Mar\u00eda Cruz. Foto abi"},{"@type":"BreadcrumbList","@id":"https:\/\/www.eldiario.net\/portal\/2024\/10\/10\/erogaron-us-71-millones-para-cubrir-muerte-e-invalidez\/#breadcrumb","itemListElement":[{"@type":"ListItem","position":1,"name":"Portada","item":"https:\/\/www.eldiario.net\/portal\/"},{"@type":"ListItem","position":2,"name":"Erogaron $us 71 millones para cubrir muerte e invalidez"}]},{"@type":"WebSite","@id":"https:\/\/www.eldiario.net\/portal\/#website","url":"https:\/\/www.eldiario.net\/portal\/","name":"El Diario - Decano de la prensa nacional","description":"El Diario - Decano de la prensa nacional","publisher":{"@id":"https:\/\/www.eldiario.net\/portal\/#organization"},"potentialAction":[{"@type":"SearchAction","target":{"@type":"EntryPoint","urlTemplate":"https:\/\/www.eldiario.net\/portal\/?s={search_term_string}"},"query-input":{"@type":"PropertyValueSpecification","valueRequired":true,"valueName":"search_term_string"}}],"inLanguage":"es"},{"@type":"Organization","@id":"https:\/\/www.eldiario.net\/portal\/#organization","name":"El Diario - Decano de la prensa nacional","url":"https:\/\/www.eldiario.net\/portal\/","logo":{"@type":"ImageObject","inLanguage":"es","@id":"https:\/\/www.eldiario.net\/portal\/#\/schema\/logo\/image\/","url":"https:\/\/www.eldiario.net\/portal\/wp-content\/uploads\/2023\/07\/logo_ED.jpg","contentUrl":"https:\/\/www.eldiario.net\/portal\/wp-content\/uploads\/2023\/07\/logo_ED.jpg","width":272,"height":52,"caption":"El Diario - Decano de la prensa nacional"},"image":{"@id":"https:\/\/www.eldiario.net\/portal\/#\/schema\/logo\/image\/"},"sameAs":["https:\/\/www.facebook.com\/eldiario.bolivia\/","https:\/\/x.com\/eldiario_net"]},{"@type":"Person","@id":"https:\/\/www.eldiario.net\/portal\/#\/schema\/person\/f46445640444750d7d753ccd04ae01b7","name":"Jeanette","image":{"@type":"ImageObject","inLanguage":"es","@id":"https:\/\/secure.gravatar.com\/avatar\/3ea2118a5f7dad2b7138b1187a6b7ee55f160b9968b66013c3a3ef39dd7e5798?s=96&d=mm&r=g","url":"https:\/\/secure.gravatar.com\/avatar\/3ea2118a5f7dad2b7138b1187a6b7ee55f160b9968b66013c3a3ef39dd7e5798?s=96&d=mm&r=g","contentUrl":"https:\/\/secure.gravatar.com\/avatar\/3ea2118a5f7dad2b7138b1187a6b7ee55f160b9968b66013c3a3ef39dd7e5798?s=96&d=mm&r=g","caption":"Jeanette"},"sameAs":["https:\/\/www.eldiario.net\/portal"],"url":"https:\/\/www.eldiario.net\/portal\/author\/jeanette\/"}]}},"_links":{"self":[{"href":"https:\/\/www.eldiario.net\/portal\/wp-json\/wp\/v2\/posts\/253198","targetHints":{"allow":["GET"]}}],"collection":[{"href":"https:\/\/www.eldiario.net\/portal\/wp-json\/wp\/v2\/posts"}],"about":[{"href":"https:\/\/www.eldiario.net\/portal\/wp-json\/wp\/v2\/types\/post"}],"author":[{"embeddable":true,"href":"https:\/\/www.eldiario.net\/portal\/wp-json\/wp\/v2\/users\/1"}],"replies":[{"embeddable":true,"href":"https:\/\/www.eldiario.net\/portal\/wp-json\/wp\/v2\/comments?post=253198"}],"version-history":[{"count":1,"href":"https:\/\/www.eldiario.net\/portal\/wp-json\/wp\/v2\/posts\/253198\/revisions"}],"predecessor-version":[{"id":253200,"href":"https:\/\/www.eldiario.net\/portal\/wp-json\/wp\/v2\/posts\/253198\/revisions\/253200"}],"wp:featuredmedia":[{"embeddable":true,"href":"https:\/\/www.eldiario.net\/portal\/wp-json\/wp\/v2\/media\/253199"}],"wp:attachment":[{"href":"https:\/\/www.eldiario.net\/portal\/wp-json\/wp\/v2\/media?parent=253198"}],"wp:term":[{"taxonomy":"category","embeddable":true,"href":"https:\/\/www.eldiario.net\/portal\/wp-json\/wp\/v2\/categories?post=253198"},{"taxonomy":"post_tag","embeddable":true,"href":"https:\/\/www.eldiario.net\/portal\/wp-json\/wp\/v2\/tags?post=253198"}],"curies":[{"name":"wp","href":"https:\/\/api.w.org\/{rel}","templated":true}]}}