{"id":253192,"date":"2024-10-10T06:03:16","date_gmt":"2024-10-10T10:03:16","guid":{"rendered":"https:\/\/www.eldiario.net\/portal\/?p=253192"},"modified":"2024-10-10T06:03:16","modified_gmt":"2024-10-10T10:03:16","slug":"declaran-emergencia-sanitaria-por-huracan-milton-en-florida","status":"publish","type":"post","link":"https:\/\/www.eldiario.net\/portal\/2024\/10\/10\/declaran-emergencia-sanitaria-por-huracan-milton-en-florida\/","title":{"rendered":"Declaran emergencia sanitaria por hurac\u00e1n Milton en Florida"},"content":{"rendered":"<p>Las autoridades de Estados Unidos declararon la emergencia sanitaria p\u00fablica en el Estado de Florida de cara al paso del hurac\u00e1n \u201cMilton\u201d, que se desplaza con vientos sostenidos de hasta 260 kil\u00f3metros por hora y est\u00e1 previsto que toque tierra de forma inminente.<\/p>\n<p>El secretario de Sanidad estadounidense, Xavier Becerra, se\u00f1al\u00f3 que esto permitir\u00e1 entregar ayuda adicional para la respuesta al hurac\u00e1n y contar con los recursos necesarios para las labores de emergencia. La medida llega poco despu\u00e9s de que el presidente, Joe Biden, mantuviera una conversaci\u00f3n telef\u00f3nica con el gobernador de Florida, Ron DeSantis, al que ofreci\u00f3 \u00abnuevos recursos\u00bb.<\/p>\n<p>\u00abHaremos todo lo est\u00e9 en nuestra mano para ayudar a las autoridades de Florida, que responder\u00e1n a los estragos del hurac\u00e1n Milton\u00bb, asever\u00f3 antes de afirmar que \u00abtrabajar\u00e1n de forma federal y local para hacer llegar la asistencia sanitaria\u00bb pertinente.<\/p>\n<p>Por su parte, el centro de Respuesta y Previsi\u00f3n Estrat\u00e9gica de la Administraci\u00f3n (Aspr) despleg\u00f3 un centenar de efectivos y equipamiento m\u00e9dico. Entre ellos se encuentran expertos en la gesti\u00f3n de desastres, coordinadores e investigadores.<\/p>\n<p>Los Centros de Control y Prevenci\u00f3n de Enfermedades (CDC) enviaron notificaciones a la poblaci\u00f3n para garantizar su seguridad, seg\u00fan recoge el comunicado, que apunta a sanciones y multas para aquellos que violen la Ley de Responsabilidad y Portabilidad del Seguro M\u00e9dico.<\/p>\n<p>El hurac\u00e1n se encuentra a unos 650 kil\u00f3metros de Tampa, en el suroeste del pa\u00eds, y aceler\u00f3 levemente su velocidad a medida que se mueve hacia el norte. El Centro Nacional de Huracanes (NHC) inform\u00f3 de que el centro del hurac\u00e1n atravesar\u00e1 el golfo de M\u00e9xico a lo largo del d\u00eda hasta tocar tierra en Florida ayer por la noche, donde es \u00abextremadamente peligroso\u00bb. (Europa Press)<\/p>\n","protected":false},"excerpt":{"rendered":"<p>Las autoridades de Estados Unidos declararon la emergencia sanitaria p\u00fablica en el Estado de Florida de cara al paso del hurac\u00e1n \u201cMilton\u201d, que se desplaza con vientos sostenidos de hasta 260 kil\u00f3metros por hora y est\u00e1 previsto que toque tierra de forma inminente. El secretario de Sanidad estadounidense, Xavier Becerra, se\u00f1al\u00f3 que esto permitir\u00e1 entregar [&hellip;]<\/p>\n","protected":false},"author":1,"featured_media":253193,"comment_status":"open","ping_status":"open","sticky":false,"template":"","format":"standard","meta":{"_acf_changed":false,"footnotes":""},"categories":[3],"tags":[],"class_list":["post-253192","post","type-post","status-publish","format-standard","has-post-thumbnail","category-internacional"],"acf":{"antetitulo":"Estados Unidos"},"yoast_head":"<!-- This site is optimized with the Yoast SEO plugin v28.4 - https:\/\/yoast.com\/product\/yoast-seo-wordpress\/ -->\n<title>Declaran emergencia sanitaria por hurac\u00e1n Milton en Florida - El Diario - Bolivia<\/title>\n<meta name=\"robots\" content=\"index, follow, max-snippet:-1, max-image-preview:large, max-video-preview:-1\" \/>\n<link rel=\"canonical\" href=\"https:\/\/www.eldiario.net\/portal\/2024\/10\/10\/declaran-emergencia-sanitaria-por-huracan-milton-en-florida\/\" \/>\n<meta property=\"og:locale\" content=\"es_ES\" \/>\n<meta property=\"og:type\" content=\"article\" \/>\n<meta property=\"og:title\" content=\"Declaran emergencia sanitaria por hurac\u00e1n Milton en Florida - El Diario - Bolivia\" \/>\n<meta property=\"og:description\" content=\"Las autoridades de Estados Unidos declararon la emergencia sanitaria p\u00fablica en el Estado de Florida de cara al paso del hurac\u00e1n \u201cMilton\u201d, que se desplaza con vientos sostenidos de hasta 260 kil\u00f3metros por hora y est\u00e1 previsto que toque tierra de forma inminente. El secretario de Sanidad estadounidense, Xavier Becerra, se\u00f1al\u00f3 que esto permitir\u00e1 entregar [&hellip;]\" \/>\n<meta property=\"og:url\" content=\"https:\/\/www.eldiario.net\/portal\/2024\/10\/10\/declaran-emergencia-sanitaria-por-huracan-milton-en-florida\/\" \/>\n<meta property=\"og:site_name\" content=\"El Diario - Bolivia\" \/>\n<meta property=\"article:publisher\" content=\"https:\/\/www.facebook.com\/eldiario.bolivia\/\" \/>\n<meta property=\"article:published_time\" content=\"2024-10-10T10:03:16+00:00\" \/>\n<meta property=\"og:image\" content=\"https:\/\/www.eldiario.net\/portal\/wp-content\/uploads\/2024\/10\/HURACAN-FOTO.jpg\" \/>\n\t<meta property=\"og:image:width\" content=\"1200\" \/>\n\t<meta property=\"og:image:height\" content=\"525\" \/>\n\t<meta property=\"og:image:type\" content=\"image\/jpeg\" \/>\n<meta name=\"author\" content=\"Jeanette\" \/>\n<meta name=\"twitter:card\" content=\"summary_large_image\" \/>\n<meta name=\"twitter:creator\" content=\"@eldiario_net\" \/>\n<meta name=\"twitter:site\" content=\"@eldiario_net\" \/>\n<meta name=\"twitter:label1\" content=\"Escrito por\" \/>\n\t<meta name=\"twitter:data1\" content=\"Jeanette\" \/>\n\t<meta name=\"twitter:label2\" content=\"Tiempo de lectura\" \/>\n\t<meta name=\"twitter:data2\" content=\"2 minutos\" \/>\n<script type=\"application\/ld+json\" class=\"yoast-schema-graph\">{\"@context\":\"https:\\\/\\\/schema.org\",\"@graph\":[{\"@type\":\"Article\",\"@id\":\"https:\\\/\\\/www.eldiario.net\\\/portal\\\/2024\\\/10\\\/10\\\/declaran-emergencia-sanitaria-por-huracan-milton-en-florida\\\/#article\",\"isPartOf\":{\"@id\":\"https:\\\/\\\/www.eldiario.net\\\/portal\\\/2024\\\/10\\\/10\\\/declaran-emergencia-sanitaria-por-huracan-milton-en-florida\\\/\"},\"author\":{\"name\":\"Jeanette\",\"@id\":\"https:\\\/\\\/www.eldiario.net\\\/portal\\\/#\\\/schema\\\/person\\\/2c57cf2b7a7ae032e449e4c9b1019eac\"},\"headline\":\"Declaran emergencia sanitaria por hurac\u00e1n Milton en Florida\",\"datePublished\":\"2024-10-10T10:03:16+00:00\",\"mainEntityOfPage\":{\"@id\":\"https:\\\/\\\/www.eldiario.net\\\/portal\\\/2024\\\/10\\\/10\\\/declaran-emergencia-sanitaria-por-huracan-milton-en-florida\\\/\"},\"wordCount\":315,\"commentCount\":0,\"publisher\":{\"@id\":\"https:\\\/\\\/www.eldiario.net\\\/portal\\\/#organization\"},\"image\":{\"@id\":\"https:\\\/\\\/www.eldiario.net\\\/portal\\\/2024\\\/10\\\/10\\\/declaran-emergencia-sanitaria-por-huracan-milton-en-florida\\\/#primaryimage\"},\"thumbnailUrl\":\"https:\\\/\\\/www.eldiario.net\\\/portal\\\/wp-content\\\/uploads\\\/2024\\\/10\\\/HURACAN-FOTO.jpg\",\"articleSection\":[\"Internacional\"],\"inLanguage\":\"es\",\"potentialAction\":[{\"@type\":\"CommentAction\",\"name\":\"Comment\",\"target\":[\"https:\\\/\\\/www.eldiario.net\\\/portal\\\/2024\\\/10\\\/10\\\/declaran-emergencia-sanitaria-por-huracan-milton-en-florida\\\/#respond\"]}]},{\"@type\":\"WebPage\",\"@id\":\"https:\\\/\\\/www.eldiario.net\\\/portal\\\/2024\\\/10\\\/10\\\/declaran-emergencia-sanitaria-por-huracan-milton-en-florida\\\/\",\"url\":\"https:\\\/\\\/www.eldiario.net\\\/portal\\\/2024\\\/10\\\/10\\\/declaran-emergencia-sanitaria-por-huracan-milton-en-florida\\\/\",\"name\":\"Declaran emergencia sanitaria por hurac\u00e1n Milton en Florida - El Diario - Bolivia\",\"isPartOf\":{\"@id\":\"https:\\\/\\\/www.eldiario.net\\\/portal\\\/#website\"},\"primaryImageOfPage\":{\"@id\":\"https:\\\/\\\/www.eldiario.net\\\/portal\\\/2024\\\/10\\\/10\\\/declaran-emergencia-sanitaria-por-huracan-milton-en-florida\\\/#primaryimage\"},\"image\":{\"@id\":\"https:\\\/\\\/www.eldiario.net\\\/portal\\\/2024\\\/10\\\/10\\\/declaran-emergencia-sanitaria-por-huracan-milton-en-florida\\\/#primaryimage\"},\"thumbnailUrl\":\"https:\\\/\\\/www.eldiario.net\\\/portal\\\/wp-content\\\/uploads\\\/2024\\\/10\\\/HURACAN-FOTO.jpg\",\"datePublished\":\"2024-10-10T10:03:16+00:00\",\"breadcrumb\":{\"@id\":\"https:\\\/\\\/www.eldiario.net\\\/portal\\\/2024\\\/10\\\/10\\\/declaran-emergencia-sanitaria-por-huracan-milton-en-florida\\\/#breadcrumb\"},\"inLanguage\":\"es\",\"potentialAction\":[{\"@type\":\"ReadAction\",\"target\":[\"https:\\\/\\\/www.eldiario.net\\\/portal\\\/2024\\\/10\\\/10\\\/declaran-emergencia-sanitaria-por-huracan-milton-en-florida\\\/\"]}]},{\"@type\":\"ImageObject\",\"inLanguage\":\"es\",\"@id\":\"https:\\\/\\\/www.eldiario.net\\\/portal\\\/2024\\\/10\\\/10\\\/declaran-emergencia-sanitaria-por-huracan-milton-en-florida\\\/#primaryimage\",\"url\":\"https:\\\/\\\/www.eldiario.net\\\/portal\\\/wp-content\\\/uploads\\\/2024\\\/10\\\/HURACAN-FOTO.jpg\",\"contentUrl\":\"https:\\\/\\\/www.eldiario.net\\\/portal\\\/wp-content\\\/uploads\\\/2024\\\/10\\\/HURACAN-FOTO.jpg\",\"width\":1200,\"height\":525,\"caption\":\"El hurac\u00e1n Milton visto desde los sat\u00e9lites de la Oficina Nacional de Administraci\u00f3n Oce\u00e1nica y Atmosf\u00e9rica. CREDITO: NOAA\"},{\"@type\":\"BreadcrumbList\",\"@id\":\"https:\\\/\\\/www.eldiario.net\\\/portal\\\/2024\\\/10\\\/10\\\/declaran-emergencia-sanitaria-por-huracan-milton-en-florida\\\/#breadcrumb\",\"itemListElement\":[{\"@type\":\"ListItem\",\"position\":1,\"name\":\"Portada\",\"item\":\"https:\\\/\\\/www.eldiario.net\\\/portal\\\/\"},{\"@type\":\"ListItem\",\"position\":2,\"name\":\"Declaran emergencia sanitaria por hurac\u00e1n Milton en Florida\"}]},{\"@type\":\"WebSite\",\"@id\":\"https:\\\/\\\/www.eldiario.net\\\/portal\\\/#website\",\"url\":\"https:\\\/\\\/www.eldiario.net\\\/portal\\\/\",\"name\":\"El Diario - Decano de la prensa nacional\",\"description\":\"El Diario - Decano de la prensa nacional\",\"publisher\":{\"@id\":\"https:\\\/\\\/www.eldiario.net\\\/portal\\\/#organization\"},\"potentialAction\":[{\"@type\":\"SearchAction\",\"target\":{\"@type\":\"EntryPoint\",\"urlTemplate\":\"https:\\\/\\\/www.eldiario.net\\\/portal\\\/?s={search_term_string}\"},\"query-input\":{\"@type\":\"PropertyValueSpecification\",\"valueRequired\":true,\"valueName\":\"search_term_string\"}}],\"inLanguage\":\"es\"},{\"@type\":\"Organization\",\"@id\":\"https:\\\/\\\/www.eldiario.net\\\/portal\\\/#organization\",\"name\":\"El Diario - Decano de la prensa nacional\",\"url\":\"https:\\\/\\\/www.eldiario.net\\\/portal\\\/\",\"logo\":{\"@type\":\"ImageObject\",\"inLanguage\":\"es\",\"@id\":\"https:\\\/\\\/www.eldiario.net\\\/portal\\\/#\\\/schema\\\/logo\\\/image\\\/\",\"url\":\"https:\\\/\\\/www.eldiario.net\\\/portal\\\/wp-content\\\/uploads\\\/2023\\\/07\\\/logo_ED.jpg\",\"contentUrl\":\"https:\\\/\\\/www.eldiario.net\\\/portal\\\/wp-content\\\/uploads\\\/2023\\\/07\\\/logo_ED.jpg\",\"width\":272,\"height\":52,\"caption\":\"El Diario - Decano de la prensa nacional\"},\"image\":{\"@id\":\"https:\\\/\\\/www.eldiario.net\\\/portal\\\/#\\\/schema\\\/logo\\\/image\\\/\"},\"sameAs\":[\"https:\\\/\\\/www.facebook.com\\\/eldiario.bolivia\\\/\",\"https:\\\/\\\/x.com\\\/eldiario_net\"]},{\"@type\":\"Person\",\"@id\":\"https:\\\/\\\/www.eldiario.net\\\/portal\\\/#\\\/schema\\\/person\\\/2c57cf2b7a7ae032e449e4c9b1019eac\",\"name\":\"Jeanette\",\"image\":{\"@type\":\"ImageObject\",\"inLanguage\":\"es\",\"@id\":\"https:\\\/\\\/secure.gravatar.com\\\/avatar\\\/3ea2118a5f7dad2b7138b1187a6b7ee55f160b9968b66013c3a3ef39dd7e5798?s=96&d=mm&r=g\",\"url\":\"https:\\\/\\\/secure.gravatar.com\\\/avatar\\\/3ea2118a5f7dad2b7138b1187a6b7ee55f160b9968b66013c3a3ef39dd7e5798?s=96&d=mm&r=g\",\"contentUrl\":\"https:\\\/\\\/secure.gravatar.com\\\/avatar\\\/3ea2118a5f7dad2b7138b1187a6b7ee55f160b9968b66013c3a3ef39dd7e5798?s=96&d=mm&r=g\",\"caption\":\"Jeanette\"},\"sameAs\":[\"https:\\\/\\\/www.eldiario.net\\\/portal\"],\"url\":\"https:\\\/\\\/www.eldiario.net\\\/portal\\\/author\\\/jeanette\\\/\"}]}<\/script>\n<!-- \/ Yoast SEO plugin. -->","yoast_head_json":{"title":"Declaran emergencia sanitaria por hurac\u00e1n Milton en Florida - El Diario - Bolivia","robots":{"index":"index","follow":"follow","max-snippet":"max-snippet:-1","max-image-preview":"max-image-preview:large","max-video-preview":"max-video-preview:-1"},"canonical":"https:\/\/www.eldiario.net\/portal\/2024\/10\/10\/declaran-emergencia-sanitaria-por-huracan-milton-en-florida\/","og_locale":"es_ES","og_type":"article","og_title":"Declaran emergencia sanitaria por hurac\u00e1n Milton en Florida - El Diario - Bolivia","og_description":"Las autoridades de Estados Unidos declararon la emergencia sanitaria p\u00fablica en el Estado de Florida de cara al paso del hurac\u00e1n \u201cMilton\u201d, que se desplaza con vientos sostenidos de hasta 260 kil\u00f3metros por hora y est\u00e1 previsto que toque tierra de forma inminente. El secretario de Sanidad estadounidense, Xavier Becerra, se\u00f1al\u00f3 que esto permitir\u00e1 entregar [&hellip;]","og_url":"https:\/\/www.eldiario.net\/portal\/2024\/10\/10\/declaran-emergencia-sanitaria-por-huracan-milton-en-florida\/","og_site_name":"El Diario - Bolivia","article_publisher":"https:\/\/www.facebook.com\/eldiario.bolivia\/","article_published_time":"2024-10-10T10:03:16+00:00","og_image":[{"width":1200,"height":525,"url":"https:\/\/www.eldiario.net\/portal\/wp-content\/uploads\/2024\/10\/HURACAN-FOTO.jpg","type":"image\/jpeg"}],"author":"Jeanette","twitter_card":"summary_large_image","twitter_creator":"@eldiario_net","twitter_site":"@eldiario_net","twitter_misc":{"Escrito por":"Jeanette","Tiempo de lectura":"2 minutos"},"schema":{"@context":"https:\/\/schema.org","@graph":[{"@type":"Article","@id":"https:\/\/www.eldiario.net\/portal\/2024\/10\/10\/declaran-emergencia-sanitaria-por-huracan-milton-en-florida\/#article","isPartOf":{"@id":"https:\/\/www.eldiario.net\/portal\/2024\/10\/10\/declaran-emergencia-sanitaria-por-huracan-milton-en-florida\/"},"author":{"name":"Jeanette","@id":"https:\/\/www.eldiario.net\/portal\/#\/schema\/person\/2c57cf2b7a7ae032e449e4c9b1019eac"},"headline":"Declaran emergencia sanitaria por hurac\u00e1n Milton en Florida","datePublished":"2024-10-10T10:03:16+00:00","mainEntityOfPage":{"@id":"https:\/\/www.eldiario.net\/portal\/2024\/10\/10\/declaran-emergencia-sanitaria-por-huracan-milton-en-florida\/"},"wordCount":315,"commentCount":0,"publisher":{"@id":"https:\/\/www.eldiario.net\/portal\/#organization"},"image":{"@id":"https:\/\/www.eldiario.net\/portal\/2024\/10\/10\/declaran-emergencia-sanitaria-por-huracan-milton-en-florida\/#primaryimage"},"thumbnailUrl":"https:\/\/www.eldiario.net\/portal\/wp-content\/uploads\/2024\/10\/HURACAN-FOTO.jpg","articleSection":["Internacional"],"inLanguage":"es","potentialAction":[{"@type":"CommentAction","name":"Comment","target":["https:\/\/www.eldiario.net\/portal\/2024\/10\/10\/declaran-emergencia-sanitaria-por-huracan-milton-en-florida\/#respond"]}]},{"@type":"WebPage","@id":"https:\/\/www.eldiario.net\/portal\/2024\/10\/10\/declaran-emergencia-sanitaria-por-huracan-milton-en-florida\/","url":"https:\/\/www.eldiario.net\/portal\/2024\/10\/10\/declaran-emergencia-sanitaria-por-huracan-milton-en-florida\/","name":"Declaran emergencia sanitaria por hurac\u00e1n Milton en Florida - El Diario - Bolivia","isPartOf":{"@id":"https:\/\/www.eldiario.net\/portal\/#website"},"primaryImageOfPage":{"@id":"https:\/\/www.eldiario.net\/portal\/2024\/10\/10\/declaran-emergencia-sanitaria-por-huracan-milton-en-florida\/#primaryimage"},"image":{"@id":"https:\/\/www.eldiario.net\/portal\/2024\/10\/10\/declaran-emergencia-sanitaria-por-huracan-milton-en-florida\/#primaryimage"},"thumbnailUrl":"https:\/\/www.eldiario.net\/portal\/wp-content\/uploads\/2024\/10\/HURACAN-FOTO.jpg","datePublished":"2024-10-10T10:03:16+00:00","breadcrumb":{"@id":"https:\/\/www.eldiario.net\/portal\/2024\/10\/10\/declaran-emergencia-sanitaria-por-huracan-milton-en-florida\/#breadcrumb"},"inLanguage":"es","potentialAction":[{"@type":"ReadAction","target":["https:\/\/www.eldiario.net\/portal\/2024\/10\/10\/declaran-emergencia-sanitaria-por-huracan-milton-en-florida\/"]}]},{"@type":"ImageObject","inLanguage":"es","@id":"https:\/\/www.eldiario.net\/portal\/2024\/10\/10\/declaran-emergencia-sanitaria-por-huracan-milton-en-florida\/#primaryimage","url":"https:\/\/www.eldiario.net\/portal\/wp-content\/uploads\/2024\/10\/HURACAN-FOTO.jpg","contentUrl":"https:\/\/www.eldiario.net\/portal\/wp-content\/uploads\/2024\/10\/HURACAN-FOTO.jpg","width":1200,"height":525,"caption":"El hurac\u00e1n Milton visto desde los sat\u00e9lites de la Oficina Nacional de Administraci\u00f3n Oce\u00e1nica y Atmosf\u00e9rica. CREDITO: NOAA"},{"@type":"BreadcrumbList","@id":"https:\/\/www.eldiario.net\/portal\/2024\/10\/10\/declaran-emergencia-sanitaria-por-huracan-milton-en-florida\/#breadcrumb","itemListElement":[{"@type":"ListItem","position":1,"name":"Portada","item":"https:\/\/www.eldiario.net\/portal\/"},{"@type":"ListItem","position":2,"name":"Declaran emergencia sanitaria por hurac\u00e1n Milton en Florida"}]},{"@type":"WebSite","@id":"https:\/\/www.eldiario.net\/portal\/#website","url":"https:\/\/www.eldiario.net\/portal\/","name":"El Diario - Decano de la prensa nacional","description":"El Diario - Decano de la prensa nacional","publisher":{"@id":"https:\/\/www.eldiario.net\/portal\/#organization"},"potentialAction":[{"@type":"SearchAction","target":{"@type":"EntryPoint","urlTemplate":"https:\/\/www.eldiario.net\/portal\/?s={search_term_string}"},"query-input":{"@type":"PropertyValueSpecification","valueRequired":true,"valueName":"search_term_string"}}],"inLanguage":"es"},{"@type":"Organization","@id":"https:\/\/www.eldiario.net\/portal\/#organization","name":"El Diario - Decano de la prensa nacional","url":"https:\/\/www.eldiario.net\/portal\/","logo":{"@type":"ImageObject","inLanguage":"es","@id":"https:\/\/www.eldiario.net\/portal\/#\/schema\/logo\/image\/","url":"https:\/\/www.eldiario.net\/portal\/wp-content\/uploads\/2023\/07\/logo_ED.jpg","contentUrl":"https:\/\/www.eldiario.net\/portal\/wp-content\/uploads\/2023\/07\/logo_ED.jpg","width":272,"height":52,"caption":"El Diario - Decano de la prensa nacional"},"image":{"@id":"https:\/\/www.eldiario.net\/portal\/#\/schema\/logo\/image\/"},"sameAs":["https:\/\/www.facebook.com\/eldiario.bolivia\/","https:\/\/x.com\/eldiario_net"]},{"@type":"Person","@id":"https:\/\/www.eldiario.net\/portal\/#\/schema\/person\/2c57cf2b7a7ae032e449e4c9b1019eac","name":"Jeanette","image":{"@type":"ImageObject","inLanguage":"es","@id":"https:\/\/secure.gravatar.com\/avatar\/3ea2118a5f7dad2b7138b1187a6b7ee55f160b9968b66013c3a3ef39dd7e5798?s=96&d=mm&r=g","url":"https:\/\/secure.gravatar.com\/avatar\/3ea2118a5f7dad2b7138b1187a6b7ee55f160b9968b66013c3a3ef39dd7e5798?s=96&d=mm&r=g","contentUrl":"https:\/\/secure.gravatar.com\/avatar\/3ea2118a5f7dad2b7138b1187a6b7ee55f160b9968b66013c3a3ef39dd7e5798?s=96&d=mm&r=g","caption":"Jeanette"},"sameAs":["https:\/\/www.eldiario.net\/portal"],"url":"https:\/\/www.eldiario.net\/portal\/author\/jeanette\/"}]}},"_links":{"self":[{"href":"https:\/\/www.eldiario.net\/portal\/wp-json\/wp\/v2\/posts\/253192","targetHints":{"allow":["GET"]}}],"collection":[{"href":"https:\/\/www.eldiario.net\/portal\/wp-json\/wp\/v2\/posts"}],"about":[{"href":"https:\/\/www.eldiario.net\/portal\/wp-json\/wp\/v2\/types\/post"}],"author":[{"embeddable":true,"href":"https:\/\/www.eldiario.net\/portal\/wp-json\/wp\/v2\/users\/1"}],"replies":[{"embeddable":true,"href":"https:\/\/www.eldiario.net\/portal\/wp-json\/wp\/v2\/comments?post=253192"}],"version-history":[{"count":1,"href":"https:\/\/www.eldiario.net\/portal\/wp-json\/wp\/v2\/posts\/253192\/revisions"}],"predecessor-version":[{"id":253194,"href":"https:\/\/www.eldiario.net\/portal\/wp-json\/wp\/v2\/posts\/253192\/revisions\/253194"}],"wp:featuredmedia":[{"embeddable":true,"href":"https:\/\/www.eldiario.net\/portal\/wp-json\/wp\/v2\/media\/253193"}],"wp:attachment":[{"href":"https:\/\/www.eldiario.net\/portal\/wp-json\/wp\/v2\/media?parent=253192"}],"wp:term":[{"taxonomy":"category","embeddable":true,"href":"https:\/\/www.eldiario.net\/portal\/wp-json\/wp\/v2\/categories?post=253192"},{"taxonomy":"post_tag","embeddable":true,"href":"https:\/\/www.eldiario.net\/portal\/wp-json\/wp\/v2\/tags?post=253192"}],"curies":[{"name":"wp","href":"https:\/\/api.w.org\/{rel}","templated":true}]}}