{"id":252877,"date":"2024-10-09T05:42:31","date_gmt":"2024-10-09T09:42:31","guid":{"rendered":"https:\/\/www.eldiario.net\/portal\/?p=252877"},"modified":"2024-10-09T05:42:31","modified_gmt":"2024-10-09T09:42:31","slug":"desmantelan-plataforma-de-pornografia-infantil","status":"publish","type":"post","link":"https:\/\/www.eldiario.net\/portal\/2024\/10\/09\/desmantelan-plataforma-de-pornografia-infantil\/","title":{"rendered":"Desmantelan plataforma  de pornograf\u00eda infantil"},"content":{"rendered":"<p class=\"v1MsoNormal\">Las autoridades alemanas informaron ayer del desmantelamiento de una gran plataforma de pornograf\u00eda infantil que operaba en la denominada \u00abinternet oscura\u00bb (darknet) y contaba con centenares de miles de usuarios, as\u00ed como de la detenci\u00f3n de siete personas como principales responsables de la misma.<\/p>\n<p class=\"v1MsoNormal\">En una rueda de prensa en Duisburg, el ministro del Interior del estado federado de Renania del Norte-Westfalia, Herbert Reul, calific\u00f3 el caso de \u00abvertiginosamente grande\u00bb, seg\u00fan citan los medios.<\/p>\n<p class=\"v1MsoNormal\">En las redadas realizadas en septiembre pasado en seis estados federados, los agentes lograron incautarse de numerosas pruebas.<\/p>\n<p class=\"v1MsoNormal\">En total se decomisaron 1.517 pruebas como ordenadores port\u00e1tiles y tel\u00e9fonos m\u00f3viles y s\u00f3lo los DVD y cintas de v\u00eddeo incautados llenaban 94 cajas de mudanzas.<\/p>\n<p class=\"v1MsoNormal\">Todav\u00eda no se puede estimar la cantidad exacta de datos, aunque, seg\u00fan el ministro, el ordenador de un solo sospechoso almacenaba 13,5 terabytes de material, equivalente a unos 3,4 millones de fotos.<\/p>\n<p class=\"v1MsoNormal\">Entre los sospechosos detenidos, considerados los \u00abprincipales promotores\u00bb de la plataforma en la \u00abdarknet\u00bb, figuran seis hombres de entre 43 y 69 a\u00f1os, que est\u00e1n siendo investigados por distribuci\u00f3n organizada de contenidos pornogr\u00e1ficos infantiles.<\/p>\n<p class=\"v1MsoNormal\">Unos 200 agentes participaron en la operaci\u00f3n contra la plataforma, en la que se distribu\u00edan archivos de imagen y v\u00eddeo que mostraban abusos sexuales a ni\u00f1as menores de edad y desde 2019 operaba como un foro para pedofilia. (Dw, Efe y Afp)<\/p>\n","protected":false},"excerpt":{"rendered":"<p>Las autoridades alemanas informaron ayer del desmantelamiento de una gran plataforma de pornograf\u00eda infantil que operaba en la denominada \u00abinternet oscura\u00bb (darknet) y contaba con centenares de miles de usuarios, as\u00ed como de la detenci\u00f3n de siete personas como principales responsables de la misma. En una rueda de prensa en Duisburg, el ministro del Interior [&hellip;]<\/p>\n","protected":false},"author":1,"featured_media":252878,"comment_status":"open","ping_status":"open","sticky":false,"template":"","format":"standard","meta":{"_acf_changed":false,"footnotes":""},"categories":[3],"tags":[],"class_list":["post-252877","post","type-post","status-publish","format-standard","has-post-thumbnail","category-internacional"],"acf":{"antetitulo":"Alemania"},"yoast_head":"<!-- This site is optimized with the Yoast SEO plugin v28.3 - https:\/\/yoast.com\/product\/yoast-seo-wordpress\/ -->\n<title>Desmantelan plataforma de pornograf\u00eda infantil - El Diario - Bolivia<\/title>\n<meta name=\"robots\" content=\"index, follow, max-snippet:-1, max-image-preview:large, max-video-preview:-1\" \/>\n<link rel=\"canonical\" href=\"https:\/\/www.eldiario.net\/portal\/2024\/10\/09\/desmantelan-plataforma-de-pornografia-infantil\/\" \/>\n<meta property=\"og:locale\" content=\"es_ES\" \/>\n<meta property=\"og:type\" content=\"article\" \/>\n<meta property=\"og:title\" content=\"Desmantelan plataforma de pornograf\u00eda infantil - El Diario - Bolivia\" \/>\n<meta property=\"og:description\" content=\"Las autoridades alemanas informaron ayer del desmantelamiento de una gran plataforma de pornograf\u00eda infantil que operaba en la denominada \u00abinternet oscura\u00bb (darknet) y contaba con centenares de miles de usuarios, as\u00ed como de la detenci\u00f3n de siete personas como principales responsables de la misma. En una rueda de prensa en Duisburg, el ministro del Interior [&hellip;]\" \/>\n<meta property=\"og:url\" content=\"https:\/\/www.eldiario.net\/portal\/2024\/10\/09\/desmantelan-plataforma-de-pornografia-infantil\/\" \/>\n<meta property=\"og:site_name\" content=\"El Diario - Bolivia\" \/>\n<meta property=\"article:publisher\" content=\"https:\/\/www.facebook.com\/eldiario.bolivia\/\" \/>\n<meta property=\"article:published_time\" content=\"2024-10-09T09:42:31+00:00\" \/>\n<meta property=\"og:image\" content=\"https:\/\/www.eldiario.net\/portal\/wp-content\/uploads\/2024\/10\/PORNO-El-Universal.jpg\" \/>\n\t<meta property=\"og:image:width\" content=\"1100\" \/>\n\t<meta property=\"og:image:height\" content=\"666\" \/>\n\t<meta property=\"og:image:type\" content=\"image\/jpeg\" \/>\n<meta name=\"author\" content=\"Jeanette\" \/>\n<meta name=\"twitter:card\" content=\"summary_large_image\" \/>\n<meta name=\"twitter:creator\" content=\"@eldiario_net\" \/>\n<meta name=\"twitter:site\" content=\"@eldiario_net\" \/>\n<meta name=\"twitter:label1\" content=\"Escrito por\" \/>\n\t<meta name=\"twitter:data1\" content=\"Jeanette\" \/>\n\t<meta name=\"twitter:label2\" content=\"Tiempo de lectura\" \/>\n\t<meta name=\"twitter:data2\" content=\"2 minutos\" \/>\n<script type=\"application\/ld+json\" class=\"yoast-schema-graph\">{\"@context\":\"https:\\\/\\\/schema.org\",\"@graph\":[{\"@type\":\"Article\",\"@id\":\"https:\\\/\\\/www.eldiario.net\\\/portal\\\/2024\\\/10\\\/09\\\/desmantelan-plataforma-de-pornografia-infantil\\\/#article\",\"isPartOf\":{\"@id\":\"https:\\\/\\\/www.eldiario.net\\\/portal\\\/2024\\\/10\\\/09\\\/desmantelan-plataforma-de-pornografia-infantil\\\/\"},\"author\":{\"name\":\"Jeanette\",\"@id\":\"https:\\\/\\\/www.eldiario.net\\\/portal\\\/#\\\/schema\\\/person\\\/f46445640444750d7d753ccd04ae01b7\"},\"headline\":\"Desmantelan plataforma de pornograf\u00eda infantil\",\"datePublished\":\"2024-10-09T09:42:31+00:00\",\"mainEntityOfPage\":{\"@id\":\"https:\\\/\\\/www.eldiario.net\\\/portal\\\/2024\\\/10\\\/09\\\/desmantelan-plataforma-de-pornografia-infantil\\\/\"},\"wordCount\":242,\"commentCount\":0,\"publisher\":{\"@id\":\"https:\\\/\\\/www.eldiario.net\\\/portal\\\/#organization\"},\"image\":{\"@id\":\"https:\\\/\\\/www.eldiario.net\\\/portal\\\/2024\\\/10\\\/09\\\/desmantelan-plataforma-de-pornografia-infantil\\\/#primaryimage\"},\"thumbnailUrl\":\"https:\\\/\\\/www.eldiario.net\\\/portal\\\/wp-content\\\/uploads\\\/2024\\\/10\\\/PORNO-El-Universal.jpg\",\"articleSection\":[\"Internacional\"],\"inLanguage\":\"es\",\"potentialAction\":[{\"@type\":\"CommentAction\",\"name\":\"Comment\",\"target\":[\"https:\\\/\\\/www.eldiario.net\\\/portal\\\/2024\\\/10\\\/09\\\/desmantelan-plataforma-de-pornografia-infantil\\\/#respond\"]}]},{\"@type\":\"WebPage\",\"@id\":\"https:\\\/\\\/www.eldiario.net\\\/portal\\\/2024\\\/10\\\/09\\\/desmantelan-plataforma-de-pornografia-infantil\\\/\",\"url\":\"https:\\\/\\\/www.eldiario.net\\\/portal\\\/2024\\\/10\\\/09\\\/desmantelan-plataforma-de-pornografia-infantil\\\/\",\"name\":\"Desmantelan plataforma de pornograf\u00eda infantil - El Diario - Bolivia\",\"isPartOf\":{\"@id\":\"https:\\\/\\\/www.eldiario.net\\\/portal\\\/#website\"},\"primaryImageOfPage\":{\"@id\":\"https:\\\/\\\/www.eldiario.net\\\/portal\\\/2024\\\/10\\\/09\\\/desmantelan-plataforma-de-pornografia-infantil\\\/#primaryimage\"},\"image\":{\"@id\":\"https:\\\/\\\/www.eldiario.net\\\/portal\\\/2024\\\/10\\\/09\\\/desmantelan-plataforma-de-pornografia-infantil\\\/#primaryimage\"},\"thumbnailUrl\":\"https:\\\/\\\/www.eldiario.net\\\/portal\\\/wp-content\\\/uploads\\\/2024\\\/10\\\/PORNO-El-Universal.jpg\",\"datePublished\":\"2024-10-09T09:42:31+00:00\",\"breadcrumb\":{\"@id\":\"https:\\\/\\\/www.eldiario.net\\\/portal\\\/2024\\\/10\\\/09\\\/desmantelan-plataforma-de-pornografia-infantil\\\/#breadcrumb\"},\"inLanguage\":\"es\",\"potentialAction\":[{\"@type\":\"ReadAction\",\"target\":[\"https:\\\/\\\/www.eldiario.net\\\/portal\\\/2024\\\/10\\\/09\\\/desmantelan-plataforma-de-pornografia-infantil\\\/\"]}]},{\"@type\":\"ImageObject\",\"inLanguage\":\"es\",\"@id\":\"https:\\\/\\\/www.eldiario.net\\\/portal\\\/2024\\\/10\\\/09\\\/desmantelan-plataforma-de-pornografia-infantil\\\/#primaryimage\",\"url\":\"https:\\\/\\\/www.eldiario.net\\\/portal\\\/wp-content\\\/uploads\\\/2024\\\/10\\\/PORNO-El-Universal.jpg\",\"contentUrl\":\"https:\\\/\\\/www.eldiario.net\\\/portal\\\/wp-content\\\/uploads\\\/2024\\\/10\\\/PORNO-El-Universal.jpg\",\"width\":1100,\"height\":666,\"caption\":\"Imagen referencial. CREDITO: El Universal\"},{\"@type\":\"BreadcrumbList\",\"@id\":\"https:\\\/\\\/www.eldiario.net\\\/portal\\\/2024\\\/10\\\/09\\\/desmantelan-plataforma-de-pornografia-infantil\\\/#breadcrumb\",\"itemListElement\":[{\"@type\":\"ListItem\",\"position\":1,\"name\":\"Portada\",\"item\":\"https:\\\/\\\/www.eldiario.net\\\/portal\\\/\"},{\"@type\":\"ListItem\",\"position\":2,\"name\":\"Desmantelan plataforma de pornograf\u00eda infantil\"}]},{\"@type\":\"WebSite\",\"@id\":\"https:\\\/\\\/www.eldiario.net\\\/portal\\\/#website\",\"url\":\"https:\\\/\\\/www.eldiario.net\\\/portal\\\/\",\"name\":\"El Diario - Decano de la prensa nacional\",\"description\":\"El Diario - Decano de la prensa nacional\",\"publisher\":{\"@id\":\"https:\\\/\\\/www.eldiario.net\\\/portal\\\/#organization\"},\"potentialAction\":[{\"@type\":\"SearchAction\",\"target\":{\"@type\":\"EntryPoint\",\"urlTemplate\":\"https:\\\/\\\/www.eldiario.net\\\/portal\\\/?s={search_term_string}\"},\"query-input\":{\"@type\":\"PropertyValueSpecification\",\"valueRequired\":true,\"valueName\":\"search_term_string\"}}],\"inLanguage\":\"es\"},{\"@type\":\"Organization\",\"@id\":\"https:\\\/\\\/www.eldiario.net\\\/portal\\\/#organization\",\"name\":\"El Diario - Decano de la prensa nacional\",\"url\":\"https:\\\/\\\/www.eldiario.net\\\/portal\\\/\",\"logo\":{\"@type\":\"ImageObject\",\"inLanguage\":\"es\",\"@id\":\"https:\\\/\\\/www.eldiario.net\\\/portal\\\/#\\\/schema\\\/logo\\\/image\\\/\",\"url\":\"https:\\\/\\\/www.eldiario.net\\\/portal\\\/wp-content\\\/uploads\\\/2023\\\/07\\\/logo_ED.jpg\",\"contentUrl\":\"https:\\\/\\\/www.eldiario.net\\\/portal\\\/wp-content\\\/uploads\\\/2023\\\/07\\\/logo_ED.jpg\",\"width\":272,\"height\":52,\"caption\":\"El Diario - Decano de la prensa nacional\"},\"image\":{\"@id\":\"https:\\\/\\\/www.eldiario.net\\\/portal\\\/#\\\/schema\\\/logo\\\/image\\\/\"},\"sameAs\":[\"https:\\\/\\\/www.facebook.com\\\/eldiario.bolivia\\\/\",\"https:\\\/\\\/x.com\\\/eldiario_net\"]},{\"@type\":\"Person\",\"@id\":\"https:\\\/\\\/www.eldiario.net\\\/portal\\\/#\\\/schema\\\/person\\\/f46445640444750d7d753ccd04ae01b7\",\"name\":\"Jeanette\",\"image\":{\"@type\":\"ImageObject\",\"inLanguage\":\"es\",\"@id\":\"https:\\\/\\\/secure.gravatar.com\\\/avatar\\\/3ea2118a5f7dad2b7138b1187a6b7ee55f160b9968b66013c3a3ef39dd7e5798?s=96&d=mm&r=g\",\"url\":\"https:\\\/\\\/secure.gravatar.com\\\/avatar\\\/3ea2118a5f7dad2b7138b1187a6b7ee55f160b9968b66013c3a3ef39dd7e5798?s=96&d=mm&r=g\",\"contentUrl\":\"https:\\\/\\\/secure.gravatar.com\\\/avatar\\\/3ea2118a5f7dad2b7138b1187a6b7ee55f160b9968b66013c3a3ef39dd7e5798?s=96&d=mm&r=g\",\"caption\":\"Jeanette\"},\"sameAs\":[\"https:\\\/\\\/www.eldiario.net\\\/portal\"],\"url\":\"https:\\\/\\\/www.eldiario.net\\\/portal\\\/author\\\/jeanette\\\/\"}]}<\/script>\n<!-- \/ Yoast SEO plugin. -->","yoast_head_json":{"title":"Desmantelan plataforma de pornograf\u00eda infantil - El Diario - Bolivia","robots":{"index":"index","follow":"follow","max-snippet":"max-snippet:-1","max-image-preview":"max-image-preview:large","max-video-preview":"max-video-preview:-1"},"canonical":"https:\/\/www.eldiario.net\/portal\/2024\/10\/09\/desmantelan-plataforma-de-pornografia-infantil\/","og_locale":"es_ES","og_type":"article","og_title":"Desmantelan plataforma de pornograf\u00eda infantil - El Diario - Bolivia","og_description":"Las autoridades alemanas informaron ayer del desmantelamiento de una gran plataforma de pornograf\u00eda infantil que operaba en la denominada \u00abinternet oscura\u00bb (darknet) y contaba con centenares de miles de usuarios, as\u00ed como de la detenci\u00f3n de siete personas como principales responsables de la misma. En una rueda de prensa en Duisburg, el ministro del Interior [&hellip;]","og_url":"https:\/\/www.eldiario.net\/portal\/2024\/10\/09\/desmantelan-plataforma-de-pornografia-infantil\/","og_site_name":"El Diario - Bolivia","article_publisher":"https:\/\/www.facebook.com\/eldiario.bolivia\/","article_published_time":"2024-10-09T09:42:31+00:00","og_image":[{"width":1100,"height":666,"url":"https:\/\/www.eldiario.net\/portal\/wp-content\/uploads\/2024\/10\/PORNO-El-Universal.jpg","type":"image\/jpeg"}],"author":"Jeanette","twitter_card":"summary_large_image","twitter_creator":"@eldiario_net","twitter_site":"@eldiario_net","twitter_misc":{"Escrito por":"Jeanette","Tiempo de lectura":"2 minutos"},"schema":{"@context":"https:\/\/schema.org","@graph":[{"@type":"Article","@id":"https:\/\/www.eldiario.net\/portal\/2024\/10\/09\/desmantelan-plataforma-de-pornografia-infantil\/#article","isPartOf":{"@id":"https:\/\/www.eldiario.net\/portal\/2024\/10\/09\/desmantelan-plataforma-de-pornografia-infantil\/"},"author":{"name":"Jeanette","@id":"https:\/\/www.eldiario.net\/portal\/#\/schema\/person\/f46445640444750d7d753ccd04ae01b7"},"headline":"Desmantelan plataforma de pornograf\u00eda infantil","datePublished":"2024-10-09T09:42:31+00:00","mainEntityOfPage":{"@id":"https:\/\/www.eldiario.net\/portal\/2024\/10\/09\/desmantelan-plataforma-de-pornografia-infantil\/"},"wordCount":242,"commentCount":0,"publisher":{"@id":"https:\/\/www.eldiario.net\/portal\/#organization"},"image":{"@id":"https:\/\/www.eldiario.net\/portal\/2024\/10\/09\/desmantelan-plataforma-de-pornografia-infantil\/#primaryimage"},"thumbnailUrl":"https:\/\/www.eldiario.net\/portal\/wp-content\/uploads\/2024\/10\/PORNO-El-Universal.jpg","articleSection":["Internacional"],"inLanguage":"es","potentialAction":[{"@type":"CommentAction","name":"Comment","target":["https:\/\/www.eldiario.net\/portal\/2024\/10\/09\/desmantelan-plataforma-de-pornografia-infantil\/#respond"]}]},{"@type":"WebPage","@id":"https:\/\/www.eldiario.net\/portal\/2024\/10\/09\/desmantelan-plataforma-de-pornografia-infantil\/","url":"https:\/\/www.eldiario.net\/portal\/2024\/10\/09\/desmantelan-plataforma-de-pornografia-infantil\/","name":"Desmantelan plataforma de pornograf\u00eda infantil - El Diario - Bolivia","isPartOf":{"@id":"https:\/\/www.eldiario.net\/portal\/#website"},"primaryImageOfPage":{"@id":"https:\/\/www.eldiario.net\/portal\/2024\/10\/09\/desmantelan-plataforma-de-pornografia-infantil\/#primaryimage"},"image":{"@id":"https:\/\/www.eldiario.net\/portal\/2024\/10\/09\/desmantelan-plataforma-de-pornografia-infantil\/#primaryimage"},"thumbnailUrl":"https:\/\/www.eldiario.net\/portal\/wp-content\/uploads\/2024\/10\/PORNO-El-Universal.jpg","datePublished":"2024-10-09T09:42:31+00:00","breadcrumb":{"@id":"https:\/\/www.eldiario.net\/portal\/2024\/10\/09\/desmantelan-plataforma-de-pornografia-infantil\/#breadcrumb"},"inLanguage":"es","potentialAction":[{"@type":"ReadAction","target":["https:\/\/www.eldiario.net\/portal\/2024\/10\/09\/desmantelan-plataforma-de-pornografia-infantil\/"]}]},{"@type":"ImageObject","inLanguage":"es","@id":"https:\/\/www.eldiario.net\/portal\/2024\/10\/09\/desmantelan-plataforma-de-pornografia-infantil\/#primaryimage","url":"https:\/\/www.eldiario.net\/portal\/wp-content\/uploads\/2024\/10\/PORNO-El-Universal.jpg","contentUrl":"https:\/\/www.eldiario.net\/portal\/wp-content\/uploads\/2024\/10\/PORNO-El-Universal.jpg","width":1100,"height":666,"caption":"Imagen referencial. CREDITO: El Universal"},{"@type":"BreadcrumbList","@id":"https:\/\/www.eldiario.net\/portal\/2024\/10\/09\/desmantelan-plataforma-de-pornografia-infantil\/#breadcrumb","itemListElement":[{"@type":"ListItem","position":1,"name":"Portada","item":"https:\/\/www.eldiario.net\/portal\/"},{"@type":"ListItem","position":2,"name":"Desmantelan plataforma de pornograf\u00eda infantil"}]},{"@type":"WebSite","@id":"https:\/\/www.eldiario.net\/portal\/#website","url":"https:\/\/www.eldiario.net\/portal\/","name":"El Diario - Decano de la prensa nacional","description":"El Diario - Decano de la prensa nacional","publisher":{"@id":"https:\/\/www.eldiario.net\/portal\/#organization"},"potentialAction":[{"@type":"SearchAction","target":{"@type":"EntryPoint","urlTemplate":"https:\/\/www.eldiario.net\/portal\/?s={search_term_string}"},"query-input":{"@type":"PropertyValueSpecification","valueRequired":true,"valueName":"search_term_string"}}],"inLanguage":"es"},{"@type":"Organization","@id":"https:\/\/www.eldiario.net\/portal\/#organization","name":"El Diario - Decano de la prensa nacional","url":"https:\/\/www.eldiario.net\/portal\/","logo":{"@type":"ImageObject","inLanguage":"es","@id":"https:\/\/www.eldiario.net\/portal\/#\/schema\/logo\/image\/","url":"https:\/\/www.eldiario.net\/portal\/wp-content\/uploads\/2023\/07\/logo_ED.jpg","contentUrl":"https:\/\/www.eldiario.net\/portal\/wp-content\/uploads\/2023\/07\/logo_ED.jpg","width":272,"height":52,"caption":"El Diario - Decano de la prensa nacional"},"image":{"@id":"https:\/\/www.eldiario.net\/portal\/#\/schema\/logo\/image\/"},"sameAs":["https:\/\/www.facebook.com\/eldiario.bolivia\/","https:\/\/x.com\/eldiario_net"]},{"@type":"Person","@id":"https:\/\/www.eldiario.net\/portal\/#\/schema\/person\/f46445640444750d7d753ccd04ae01b7","name":"Jeanette","image":{"@type":"ImageObject","inLanguage":"es","@id":"https:\/\/secure.gravatar.com\/avatar\/3ea2118a5f7dad2b7138b1187a6b7ee55f160b9968b66013c3a3ef39dd7e5798?s=96&d=mm&r=g","url":"https:\/\/secure.gravatar.com\/avatar\/3ea2118a5f7dad2b7138b1187a6b7ee55f160b9968b66013c3a3ef39dd7e5798?s=96&d=mm&r=g","contentUrl":"https:\/\/secure.gravatar.com\/avatar\/3ea2118a5f7dad2b7138b1187a6b7ee55f160b9968b66013c3a3ef39dd7e5798?s=96&d=mm&r=g","caption":"Jeanette"},"sameAs":["https:\/\/www.eldiario.net\/portal"],"url":"https:\/\/www.eldiario.net\/portal\/author\/jeanette\/"}]}},"_links":{"self":[{"href":"https:\/\/www.eldiario.net\/portal\/wp-json\/wp\/v2\/posts\/252877","targetHints":{"allow":["GET"]}}],"collection":[{"href":"https:\/\/www.eldiario.net\/portal\/wp-json\/wp\/v2\/posts"}],"about":[{"href":"https:\/\/www.eldiario.net\/portal\/wp-json\/wp\/v2\/types\/post"}],"author":[{"embeddable":true,"href":"https:\/\/www.eldiario.net\/portal\/wp-json\/wp\/v2\/users\/1"}],"replies":[{"embeddable":true,"href":"https:\/\/www.eldiario.net\/portal\/wp-json\/wp\/v2\/comments?post=252877"}],"version-history":[{"count":1,"href":"https:\/\/www.eldiario.net\/portal\/wp-json\/wp\/v2\/posts\/252877\/revisions"}],"predecessor-version":[{"id":252879,"href":"https:\/\/www.eldiario.net\/portal\/wp-json\/wp\/v2\/posts\/252877\/revisions\/252879"}],"wp:featuredmedia":[{"embeddable":true,"href":"https:\/\/www.eldiario.net\/portal\/wp-json\/wp\/v2\/media\/252878"}],"wp:attachment":[{"href":"https:\/\/www.eldiario.net\/portal\/wp-json\/wp\/v2\/media?parent=252877"}],"wp:term":[{"taxonomy":"category","embeddable":true,"href":"https:\/\/www.eldiario.net\/portal\/wp-json\/wp\/v2\/categories?post=252877"},{"taxonomy":"post_tag","embeddable":true,"href":"https:\/\/www.eldiario.net\/portal\/wp-json\/wp\/v2\/tags?post=252877"}],"curies":[{"name":"wp","href":"https:\/\/api.w.org\/{rel}","templated":true}]}}