{"id":252874,"date":"2024-10-09T05:41:53","date_gmt":"2024-10-09T09:41:53","guid":{"rendered":"https:\/\/www.eldiario.net\/portal\/?p=252874"},"modified":"2024-10-09T05:41:53","modified_gmt":"2024-10-09T09:41:53","slug":"cubanos-llevan-anos-respirando-gases-venenosos-y-el-gobierno-no-hace-nada","status":"publish","type":"post","link":"https:\/\/www.eldiario.net\/portal\/2024\/10\/09\/cubanos-llevan-anos-respirando-gases-venenosos-y-el-gobierno-no-hace-nada\/","title":{"rendered":"Cubanos llevan a\u00f1os respirando gases  venenosos y el Gobierno no hace nada"},"content":{"rendered":"<p class=\"v1MsoNormal\">Gases potencialmente da\u00f1inos para la salud, como el di\u00f3xido de nitr\u00f3geno (NO2), el di\u00f3xido de azufre (SO2) y el mon\u00f3xido de carbono (CO) son los de mayor presencia entre las emisiones de fuentes fijas contaminantes de las principales ciudades de Cuba, reconoci\u00f3 el diario oficial Granma.<\/p>\n<p class=\"v1MsoNormal\">En entrevista con Rosemary L\u00f3pez Lee, investigadora titular y jefa del Centro de Contaminaci\u00f3n y Qu\u00edmica de la Atm\u00f3sfera (CECONT), del Instituto de Meteorolog\u00eda de la Isla, la funcionaria reconoci\u00f3 que esos tres peligrosos contaminantes est\u00e1n \u00abasociados a la quema de combustibles f\u00f3siles\u00bb.<\/p>\n<p class=\"v1MsoNormal\">L\u00f3pez Lee indic\u00f3 adem\u00e1s que resaltan entre los gases venenosos detectados en el monitoreo del aire a nivel nacional \u00ablas emisiones de material particulado PM 10 y PM 2,5, y los compuestos org\u00e1nicos vol\u00e1tiles diferentes del metano\u00bb.<\/p>\n<p class=\"v1MsoNormal\">La funcionaria precis\u00f3 que, seg\u00fan las investigaciones realizadas a lo largo de los a\u00f1os en la Isla, las ciudades con los peores niveles de calidad del aire son Mariel, Nuevitas, Moa, La Habana, Santiago de Cuba, Cienfuegos y Matanzas.<\/p>\n<p class=\"v1MsoNormal\">\u00abLe siguen, con el rango de malo, Santa Luc\u00eda, Santa Clara, Camag\u00fcey, Holgu\u00edn y Nicaro, mientras clasifican como deficiente en Pinar del R\u00edo, Artemisa, San Jos\u00e9 de las Lajas, C\u00e1rdenas, Sancti Sp\u00edritus, Ciego de \u00c1vila, Las Tunas, Bayamo y Guant\u00e1namo\u00bb, se\u00f1al\u00f3 L\u00f3pez Lee.<\/p>\n<p class=\"v1MsoNormal\">Ese inventario coincide en algo que Granma no menciona: en los territorios m\u00e1s contaminados hay industrias de miner\u00eda (Moa en especial) y, sobre todo, termoel\u00e9ctricas que suelen quemar petr\u00f3leo producido en la Isla, cuya alta concentraci\u00f3n de azufre y otras sustancias da\u00f1inas es de sobra conocida.<\/p>\n<p class=\"v1MsoNormal\">\n<p class=\"v1MsoNormal\">PROBLEMA QUE EMPEORA<\/p>\n<p class=\"v1MsoNormal\">No es primera vez que Granma se refiera al problema. En 2022, en un art\u00edculo similar, la propia L\u00f3pez Lee describi\u00f3 un panorama casi id\u00e9ntico. Tambi\u00e9n en esa ocasi\u00f3n las causas de la contaminaci\u00f3n fueron atribuidas a \u00ablos errores de planificaci\u00f3n territorial en cuanto a la ubicaci\u00f3n de los asentamientos urbanos e instalaciones fabriles; el uso de tecnolog\u00edas obsoletas, sobre todo en la industria y el transporte, junto a la carencia de sistemas de tratamiento eficientes y la reducida disposici\u00f3n de normas t\u00e9cnicas regulatorias\u00bb.<\/p>\n<p class=\"v1MsoNormal\">Pero desde entonces no solo no disminuy\u00f3 la ya de por s\u00ed grave situaci\u00f3n ambiental antes descrita. A partir de 2019, de hecho, empeor\u00f3, si bien las autoridades y medios oficiales de la Isla no lo mencionaron. En ese a\u00f1o, La Habana contrat\u00f3 a la empresa turca Karadeniz Holding patanas de generaci\u00f3n de energ\u00eda cuyo potencial contaminante es bien conocido, al punto de provocar conflictos pol\u00edticos en pa\u00edses vecinos, como Rep\u00fablica Dominicana.<\/p>\n<p class=\"v1MsoNormal\">Pese a tales antecedentes, las cinco de esas plataformas generadoras de energ\u00eda el\u00e9ctrica a partir de fuel oil que hoy operan en la Isla est\u00e1n en tres de los puntos de mayor contaminaci\u00f3n mencionados por Granma: Mariel, Santiago de Cuba y La Habana.<\/p>\n<p class=\"v1MsoNormal\">En el propio 2022 se produjo en Matanzas, otra de las ciudades de mayor contaminaci\u00f3n del aire en Cuba, el desastre ambiental de origen industrial m\u00e1s destructivo de la historia en la Isla: el incendio en la terminal de supertanqueros aleda\u00f1a a la Termoel\u00e9ctrica Antonio Guiteras. All\u00ed miles de barriles de combustible ardieron durante m\u00e1s de una semana.<\/p>\n<p class=\"v1MsoNormal\">A prop\u00f3sito de ese suceso, el m\u00e9dico cubano Miguel \u00c1ngel Ruano S\u00e1nchez advirti\u00f3 que lo ocurrido era \u00abun verdadero desastre ambiental de alta proporci\u00f3n y gravedad\u00bb, al tiempo que alert\u00f3 que las tibias advertencias del Ministerio de Salud P\u00fablica sobre la situaci\u00f3n eran \u00abel colmo de la desinformaci\u00f3n\u00bb.<\/p>\n<p class=\"v1MsoNormal\">El profesional, miembro del independiente Gremio M\u00e9dico Cubano Libre, se\u00f1al\u00f3 que \u00abla inhalaci\u00f3n de material particulado generado por los hidrocarburos en combusti\u00f3n puede producir derrame pleural (l\u00edquido alrededor de los pulmones), neumot\u00f3rax (pulm\u00f3n colapsado), e infecciones bacterianas secundarias\u00bb.<\/p>\n<p class=\"v1MsoNormal\">\u00abLa intoxicaci\u00f3n por humo de alta toxicidad a partir de las sustancias que ya est\u00e1n en el aire desde hace d\u00edas es material particulado o PM 2,5, por su di\u00e1metro de incluso menos de 2,5 micr\u00f3metros, un diezmil\u00e9simo de pulgadas (inferior al grosor de un cabello humano)\u00bb, se\u00f1al\u00f3.<\/p>\n<p class=\"v1MsoNormal\">Y especific\u00f3: \u00abLas part\u00edculas entran en los ojos y los pulmones, generando bronquitis y neumon\u00eda, inflamaci\u00f3n (hinchaz\u00f3n) y sangrado. PM significa material particulado (tambi\u00e9n llamado contaminaci\u00f3n por part\u00edculas), el t\u00e9rmino para una mezcla de part\u00edculas s\u00f3lidas y gotas l\u00edquidas que se encuentran en el aire\u00bb, aclar\u00f3.<\/p>\n<p class=\"v1MsoNormal\">Ruano S\u00e1nchez indic\u00f3 que los efectos sobre la salud de tales contaminantes son la \u00abmuerte prematura en personas con enfermedades card\u00edacas o pulmonares; infartos de miocardio; latidos irregulares; asma agravada; funci\u00f3n pulmonar reducida\u00bb, as\u00ed como \u00abs\u00edntomas respiratorios aumentados, como irritaci\u00f3n en las v\u00edas respiratorias, tos o dificultad para respirar\u00bb, entre otros.<\/p>\n<p class=\"v1MsoNormal\">\u00abLas part\u00edculas menores a diez micr\u00f3metros de di\u00e1metro por combusti\u00f3n de hidrocarburos suponen los mayores problemas, debido a que pueden llegar a la profundidad de los pulmones, y algunas hasta pueden alcanzar el torrente sangu\u00edneo\u00bb, finaliz\u00f3.<\/p>\n<p class=\"v1MsoNormal\">En esa ocasi\u00f3n, Granma reconoci\u00f3 que hubo lluvias \u00e1cidas en la zona occidental de Cuba producto de la tupida nube de contaminaci\u00f3n que cubri\u00f3 m\u00e1s de 100 kil\u00f3metros entre Matanzas y La Habana y afect\u00f3 territorios colindantes.<\/p>\n<p class=\"v1MsoNormal\">Granma evit\u00f3 mencionar, como ahora, que esos compuestos qu\u00edmicos son potencialmente mortales y no precis\u00f3 qu\u00e9 peligro correr\u00edan los dep\u00f3sitos y cauces de agua, el manto fre\u00e1tico, los cultivos y animales afectados por esa lluvia.<\/p>\n<p class=\"v1MsoNormal\">En cambio, el peri\u00f3dico del Partido Comunista se limit\u00f3 a reiterar que \u00abno existe incremento de las enfermedades respiratorias en el occidente del pa\u00eds como resultado de las emisiones de gases\u00bb, seg\u00fan el Ministerio de Ciencia, Tecnolog\u00eda y Medio Ambiente, puesto que \u00ablas mayores concentraciones est\u00e1n entre los cuatro y seis kil\u00f3metros de altura y son menos significativas sobre la superficie\u00bb.<\/p>\n<p class=\"v1MsoNormal\">\n<p class=\"v1MsoNormal\">\u00bfSOLUCIONES O JUSTIFICACIONES?<\/p>\n<p class=\"v1MsoNormal\">L\u00f3pez Lee se\u00f1al\u00f3 en sus recientes declaraciones a Granma que \u00absi bien el pa\u00eds lleg\u00f3 a disponer de una red urbana destinada al control de la calidad de aire, que funcion\u00f3 con efectividad hasta finales de la d\u00e9cada de los 80 del pasado siglo (pr\u00e1cticamente colaps\u00f3 con el \u00abPeriodo especial\u00bb), en la actualidad, y bajo la direcci\u00f3n del Ministerio de Ciencia, Tecnolog\u00eda y Medio Ambiente (CITMA), se dan pasos para redise\u00f1ar y revitalizar, a corto y mediano plazo, el sistema nacional de monitoreo ambiental, y dentro de \u00e9l, al Sistema Nacional de Vigilancia de la Contaminaci\u00f3n Atmosf\u00e9rica (Sinvca)\u00bb.<\/p>\n<p class=\"v1MsoNormal\">Sin mencionar plazos ni c\u00f3mo el rescate de ese sistema podr\u00eda ayudar a resolver el problema, la funcionaria se\u00f1al\u00f3 que ello requiere de \u00abla adquisici\u00f3n de equipos y tecnolog\u00edas m\u00e1s eficaces, enfocadas en medir con la mayor certeza las emisiones de los principales contaminantes, el mejoramiento de los modelos de transporte y dispersi\u00f3n de esos compuestos, junto con la adopci\u00f3n de medidas de mitigaci\u00f3n\u00bb.<\/p>\n<p class=\"v1MsoNormal\">A\u00f1adi\u00f3 que, adem\u00e1s del monitoreo de la calidad del aire, \u00aburge priorizar, mediante la aplicaci\u00f3n de soluciones integrales, el tratamiento de las emisiones industriales en los planes de la econom\u00eda, fortalecer las investigaciones interdisciplinarias, y disponer de un decreto\u2013ley espec\u00edfico sobre protecci\u00f3n de la atm\u00f3sfera\u00bb.<\/p>\n<p class=\"v1MsoNormal\">\n<p class=\"v1MsoNormal\">ASUNTO CONOCIDO<\/p>\n<p class=\"v1MsoNormal\">No hay que referir investigaciones internacionales para ilustrar la magnitud del problema. Existen en Cuba estudios que durante los \u00faltimos a\u00f1os analizaron y alertaron de la situaci\u00f3n.<\/p>\n<p class=\"v1MsoNormal\">Por solo citar tres textos cient\u00edficos, publicados en ingl\u00e9s en importantes revistas especializadas internacionales, el estudio de cinco autores cubanos titulado \u00abValoraci\u00f3n de los impactos en la salud de las emisiones de las centrales el\u00e9ctricas cubanas que utilizan combustibles f\u00f3siles con alto contenido de azufre\u00bb, aparecido en 2007 en Atmospheric Environment, se\u00f1ala: \u00abSe demostr\u00f3 que la generaci\u00f3n de electricidad con combustibles f\u00f3siles es una fuente principal de contaminaci\u00f3n atmosf\u00e9rica. La mayor parte de estos combustibles f\u00f3siles son fuel oil, con alto contenido de azufre, en torno al 3,5%, y crudo dom\u00e9stico, con mayor contenido de azufre que el fuel oil, entre un 5% y un 7%\u00bb.<\/p>\n<p class=\"v1MsoNormal\">En 2014, el International Journal of Atmospheric Sciences dio a conocer el estudio \u00abComponentes qu\u00edmicos y f\u00edsicos de la lluvia en Cuba: efectos en la calidad del aire\u00bb. Firmado por tres autores cubanos, entre ellos la propia L\u00f3pez Lee, advert\u00eda: \u00abLos altos niveles de dep\u00f3sito \u00e1cido, principalmente de sulfatos en diferentes lugares similares a los que aparecieron en impactos ambientales adversos en \u00e1reas de Am\u00e9rica del Norte, sugieren que las emisiones antropog\u00e9nicas de SO2, a trav\u00e9s del uso de combustibles f\u00f3siles con un contenido de azufre de 4 a 7%, constituyen el principal problema para la calidad del aire en Cuba\u00bb.<\/p>\n<p class=\"v1MsoNormal\">El estudio agrega: \u00abA nivel nacional, las fuentes antropog\u00e9nicas m\u00e1s probables son la quema de combustibles f\u00f3siles en las centrales el\u00e9ctricas, la industria del n\u00edquel, las f\u00e1bricas de cemento y la quema de biomasa en los ca\u00f1averales\u00bb.<\/p>\n<p class=\"v1MsoNormal\">En 2021, un estudio de expertos de Cienfuegos y Villa Clara, con la cooperaci\u00f3n de la Universidad de Navarra, en Espa\u00f1a, confirm\u00f3 que las tres fuentes principales de contaminaci\u00f3n en Cuba son \u00abel tr\u00e1fico rodado, las emisiones industriales y la combusti\u00f3n de petr\u00f3leo\u00bb.<\/p>\n<p class=\"v1MsoNormal\">De acuerdo con el texto, escrito por nueve investigadores, y publicado por la revista Ecological Indicators, \u00abla variabilidad espacial fue particularmente \u00fatil para identificar algunas de estas fuentes, incluidas las emisiones de la combusti\u00f3n de di\u00e9sel y fuel oil en las centrales el\u00e9ctricas, la quema de biomasa y las industrias metal\u00fargicas. Los resultados tambi\u00e9n mostraron que V (vanadio) y Ni (N\u00edquel) estaban fuertemente asociados con la combusti\u00f3n del petr\u00f3leo\u00bb.<\/p>\n<p class=\"v1MsoNormal\">Seg\u00fan datos de la Organizaci\u00f3n Mundial de la Salud (OMS), la contaminaci\u00f3n atmosf\u00e9rica puede estar relacionada con el 25% de todas las muertes por cardiopat\u00eda isqu\u00e9mica y el 24% de los fallecimientos por accidentes cerebrovasculares.<\/p>\n<p class=\"v1MsoNormal\">Pero en Cuba los culpables no se dan por aludidos. Porque a la contaminaci\u00f3n del aire puede sum\u00e1rsele la incineraci\u00f3n de basura, los vertimientos en r\u00edos y costas, m\u00e1s la acumulaci\u00f3n de desechos en las ciudades, ya sea aguas alba\u00f1ales o basura que las autoridades no son capaces de recoger durante d\u00edas. El responsable de todos es el mismo. (Diario De Cuba)<\/p>\n<p class=\"v1MsoNormal\">\n","protected":false},"excerpt":{"rendered":"<p>Gases potencialmente da\u00f1inos para la salud, como el di\u00f3xido de nitr\u00f3geno (NO2), el di\u00f3xido de azufre (SO2) y el mon\u00f3xido de carbono (CO) son los de mayor presencia entre las emisiones de fuentes fijas contaminantes de las principales ciudades de Cuba, reconoci\u00f3 el diario oficial Granma. En entrevista con Rosemary L\u00f3pez Lee, investigadora titular y [&hellip;]<\/p>\n","protected":false},"author":1,"featured_media":252875,"comment_status":"open","ping_status":"open","sticky":false,"template":"","format":"standard","meta":{"_acf_changed":false,"footnotes":""},"categories":[3],"tags":[],"class_list":["post-252874","post","type-post","status-publish","format-standard","has-post-thumbnail","category-internacional"],"acf":{"antetitulo":""},"yoast_head":"<!-- This site is optimized with the Yoast SEO plugin v28.3 - https:\/\/yoast.com\/product\/yoast-seo-wordpress\/ -->\n<title>Cubanos llevan a\u00f1os respirando gases venenosos y el Gobierno no hace nada - El Diario - Bolivia<\/title>\n<meta name=\"robots\" content=\"index, follow, max-snippet:-1, max-image-preview:large, max-video-preview:-1\" \/>\n<link rel=\"canonical\" href=\"https:\/\/www.eldiario.net\/portal\/2024\/10\/09\/cubanos-llevan-anos-respirando-gases-venenosos-y-el-gobierno-no-hace-nada\/\" \/>\n<meta property=\"og:locale\" content=\"es_ES\" \/>\n<meta property=\"og:type\" content=\"article\" \/>\n<meta property=\"og:title\" content=\"Cubanos llevan a\u00f1os respirando gases venenosos y el Gobierno no hace nada - El Diario - Bolivia\" \/>\n<meta property=\"og:description\" content=\"Gases potencialmente da\u00f1inos para la salud, como el di\u00f3xido de nitr\u00f3geno (NO2), el di\u00f3xido de azufre (SO2) y el mon\u00f3xido de carbono (CO) son los de mayor presencia entre las emisiones de fuentes fijas contaminantes de las principales ciudades de Cuba, reconoci\u00f3 el diario oficial Granma. En entrevista con Rosemary L\u00f3pez Lee, investigadora titular y [&hellip;]\" \/>\n<meta property=\"og:url\" content=\"https:\/\/www.eldiario.net\/portal\/2024\/10\/09\/cubanos-llevan-anos-respirando-gases-venenosos-y-el-gobierno-no-hace-nada\/\" \/>\n<meta property=\"og:site_name\" content=\"El Diario - Bolivia\" \/>\n<meta property=\"article:publisher\" content=\"https:\/\/www.facebook.com\/eldiario.bolivia\/\" \/>\n<meta property=\"article:published_time\" content=\"2024-10-09T09:41:53+00:00\" \/>\n<meta property=\"og:image\" content=\"https:\/\/www.eldiario.net\/portal\/wp-content\/uploads\/2024\/10\/VENENO-FACE.jpeg\" \/>\n\t<meta property=\"og:image:width\" content=\"1280\" \/>\n\t<meta property=\"og:image:height\" content=\"720\" \/>\n\t<meta property=\"og:image:type\" content=\"image\/jpeg\" \/>\n<meta name=\"author\" content=\"Jeanette\" \/>\n<meta name=\"twitter:card\" content=\"summary_large_image\" \/>\n<meta name=\"twitter:creator\" content=\"@eldiario_net\" \/>\n<meta name=\"twitter:site\" content=\"@eldiario_net\" \/>\n<meta name=\"twitter:label1\" content=\"Escrito por\" \/>\n\t<meta name=\"twitter:data1\" content=\"Jeanette\" \/>\n\t<meta name=\"twitter:label2\" content=\"Tiempo de lectura\" \/>\n\t<meta name=\"twitter:data2\" content=\"8 minutos\" \/>\n<script type=\"application\/ld+json\" class=\"yoast-schema-graph\">{\"@context\":\"https:\\\/\\\/schema.org\",\"@graph\":[{\"@type\":\"Article\",\"@id\":\"https:\\\/\\\/www.eldiario.net\\\/portal\\\/2024\\\/10\\\/09\\\/cubanos-llevan-anos-respirando-gases-venenosos-y-el-gobierno-no-hace-nada\\\/#article\",\"isPartOf\":{\"@id\":\"https:\\\/\\\/www.eldiario.net\\\/portal\\\/2024\\\/10\\\/09\\\/cubanos-llevan-anos-respirando-gases-venenosos-y-el-gobierno-no-hace-nada\\\/\"},\"author\":{\"name\":\"Jeanette\",\"@id\":\"https:\\\/\\\/www.eldiario.net\\\/portal\\\/#\\\/schema\\\/person\\\/f46445640444750d7d753ccd04ae01b7\"},\"headline\":\"Cubanos llevan a\u00f1os respirando gases venenosos y el Gobierno no hace nada\",\"datePublished\":\"2024-10-09T09:41:53+00:00\",\"mainEntityOfPage\":{\"@id\":\"https:\\\/\\\/www.eldiario.net\\\/portal\\\/2024\\\/10\\\/09\\\/cubanos-llevan-anos-respirando-gases-venenosos-y-el-gobierno-no-hace-nada\\\/\"},\"wordCount\":1802,\"commentCount\":0,\"publisher\":{\"@id\":\"https:\\\/\\\/www.eldiario.net\\\/portal\\\/#organization\"},\"image\":{\"@id\":\"https:\\\/\\\/www.eldiario.net\\\/portal\\\/2024\\\/10\\\/09\\\/cubanos-llevan-anos-respirando-gases-venenosos-y-el-gobierno-no-hace-nada\\\/#primaryimage\"},\"thumbnailUrl\":\"https:\\\/\\\/www.eldiario.net\\\/portal\\\/wp-content\\\/uploads\\\/2024\\\/10\\\/VENENO-FACE.jpeg\",\"articleSection\":[\"Internacional\"],\"inLanguage\":\"es\",\"potentialAction\":[{\"@type\":\"CommentAction\",\"name\":\"Comment\",\"target\":[\"https:\\\/\\\/www.eldiario.net\\\/portal\\\/2024\\\/10\\\/09\\\/cubanos-llevan-anos-respirando-gases-venenosos-y-el-gobierno-no-hace-nada\\\/#respond\"]}]},{\"@type\":\"WebPage\",\"@id\":\"https:\\\/\\\/www.eldiario.net\\\/portal\\\/2024\\\/10\\\/09\\\/cubanos-llevan-anos-respirando-gases-venenosos-y-el-gobierno-no-hace-nada\\\/\",\"url\":\"https:\\\/\\\/www.eldiario.net\\\/portal\\\/2024\\\/10\\\/09\\\/cubanos-llevan-anos-respirando-gases-venenosos-y-el-gobierno-no-hace-nada\\\/\",\"name\":\"Cubanos llevan a\u00f1os respirando gases venenosos y el Gobierno no hace nada - El Diario - Bolivia\",\"isPartOf\":{\"@id\":\"https:\\\/\\\/www.eldiario.net\\\/portal\\\/#website\"},\"primaryImageOfPage\":{\"@id\":\"https:\\\/\\\/www.eldiario.net\\\/portal\\\/2024\\\/10\\\/09\\\/cubanos-llevan-anos-respirando-gases-venenosos-y-el-gobierno-no-hace-nada\\\/#primaryimage\"},\"image\":{\"@id\":\"https:\\\/\\\/www.eldiario.net\\\/portal\\\/2024\\\/10\\\/09\\\/cubanos-llevan-anos-respirando-gases-venenosos-y-el-gobierno-no-hace-nada\\\/#primaryimage\"},\"thumbnailUrl\":\"https:\\\/\\\/www.eldiario.net\\\/portal\\\/wp-content\\\/uploads\\\/2024\\\/10\\\/VENENO-FACE.jpeg\",\"datePublished\":\"2024-10-09T09:41:53+00:00\",\"breadcrumb\":{\"@id\":\"https:\\\/\\\/www.eldiario.net\\\/portal\\\/2024\\\/10\\\/09\\\/cubanos-llevan-anos-respirando-gases-venenosos-y-el-gobierno-no-hace-nada\\\/#breadcrumb\"},\"inLanguage\":\"es\",\"potentialAction\":[{\"@type\":\"ReadAction\",\"target\":[\"https:\\\/\\\/www.eldiario.net\\\/portal\\\/2024\\\/10\\\/09\\\/cubanos-llevan-anos-respirando-gases-venenosos-y-el-gobierno-no-hace-nada\\\/\"]}]},{\"@type\":\"ImageObject\",\"inLanguage\":\"es\",\"@id\":\"https:\\\/\\\/www.eldiario.net\\\/portal\\\/2024\\\/10\\\/09\\\/cubanos-llevan-anos-respirando-gases-venenosos-y-el-gobierno-no-hace-nada\\\/#primaryimage\",\"url\":\"https:\\\/\\\/www.eldiario.net\\\/portal\\\/wp-content\\\/uploads\\\/2024\\\/10\\\/VENENO-FACE.jpeg\",\"contentUrl\":\"https:\\\/\\\/www.eldiario.net\\\/portal\\\/wp-content\\\/uploads\\\/2024\\\/10\\\/VENENO-FACE.jpeg\",\"width\":1280,\"height\":720,\"caption\":\"Quema de basura en el basurero de 100 y 114, en Marianao, La Habana. CREDITO: Naturaleza secreta \\\/ Facebook\"},{\"@type\":\"BreadcrumbList\",\"@id\":\"https:\\\/\\\/www.eldiario.net\\\/portal\\\/2024\\\/10\\\/09\\\/cubanos-llevan-anos-respirando-gases-venenosos-y-el-gobierno-no-hace-nada\\\/#breadcrumb\",\"itemListElement\":[{\"@type\":\"ListItem\",\"position\":1,\"name\":\"Portada\",\"item\":\"https:\\\/\\\/www.eldiario.net\\\/portal\\\/\"},{\"@type\":\"ListItem\",\"position\":2,\"name\":\"Cubanos llevan a\u00f1os respirando gases venenosos y el Gobierno no hace nada\"}]},{\"@type\":\"WebSite\",\"@id\":\"https:\\\/\\\/www.eldiario.net\\\/portal\\\/#website\",\"url\":\"https:\\\/\\\/www.eldiario.net\\\/portal\\\/\",\"name\":\"El Diario - Decano de la prensa nacional\",\"description\":\"El Diario - Decano de la prensa nacional\",\"publisher\":{\"@id\":\"https:\\\/\\\/www.eldiario.net\\\/portal\\\/#organization\"},\"potentialAction\":[{\"@type\":\"SearchAction\",\"target\":{\"@type\":\"EntryPoint\",\"urlTemplate\":\"https:\\\/\\\/www.eldiario.net\\\/portal\\\/?s={search_term_string}\"},\"query-input\":{\"@type\":\"PropertyValueSpecification\",\"valueRequired\":true,\"valueName\":\"search_term_string\"}}],\"inLanguage\":\"es\"},{\"@type\":\"Organization\",\"@id\":\"https:\\\/\\\/www.eldiario.net\\\/portal\\\/#organization\",\"name\":\"El Diario - Decano de la prensa nacional\",\"url\":\"https:\\\/\\\/www.eldiario.net\\\/portal\\\/\",\"logo\":{\"@type\":\"ImageObject\",\"inLanguage\":\"es\",\"@id\":\"https:\\\/\\\/www.eldiario.net\\\/portal\\\/#\\\/schema\\\/logo\\\/image\\\/\",\"url\":\"https:\\\/\\\/www.eldiario.net\\\/portal\\\/wp-content\\\/uploads\\\/2023\\\/07\\\/logo_ED.jpg\",\"contentUrl\":\"https:\\\/\\\/www.eldiario.net\\\/portal\\\/wp-content\\\/uploads\\\/2023\\\/07\\\/logo_ED.jpg\",\"width\":272,\"height\":52,\"caption\":\"El Diario - Decano de la prensa nacional\"},\"image\":{\"@id\":\"https:\\\/\\\/www.eldiario.net\\\/portal\\\/#\\\/schema\\\/logo\\\/image\\\/\"},\"sameAs\":[\"https:\\\/\\\/www.facebook.com\\\/eldiario.bolivia\\\/\",\"https:\\\/\\\/x.com\\\/eldiario_net\"]},{\"@type\":\"Person\",\"@id\":\"https:\\\/\\\/www.eldiario.net\\\/portal\\\/#\\\/schema\\\/person\\\/f46445640444750d7d753ccd04ae01b7\",\"name\":\"Jeanette\",\"image\":{\"@type\":\"ImageObject\",\"inLanguage\":\"es\",\"@id\":\"https:\\\/\\\/secure.gravatar.com\\\/avatar\\\/3ea2118a5f7dad2b7138b1187a6b7ee55f160b9968b66013c3a3ef39dd7e5798?s=96&d=mm&r=g\",\"url\":\"https:\\\/\\\/secure.gravatar.com\\\/avatar\\\/3ea2118a5f7dad2b7138b1187a6b7ee55f160b9968b66013c3a3ef39dd7e5798?s=96&d=mm&r=g\",\"contentUrl\":\"https:\\\/\\\/secure.gravatar.com\\\/avatar\\\/3ea2118a5f7dad2b7138b1187a6b7ee55f160b9968b66013c3a3ef39dd7e5798?s=96&d=mm&r=g\",\"caption\":\"Jeanette\"},\"sameAs\":[\"https:\\\/\\\/www.eldiario.net\\\/portal\"],\"url\":\"https:\\\/\\\/www.eldiario.net\\\/portal\\\/author\\\/jeanette\\\/\"}]}<\/script>\n<!-- \/ Yoast SEO plugin. -->","yoast_head_json":{"title":"Cubanos llevan a\u00f1os respirando gases venenosos y el Gobierno no hace nada - El Diario - Bolivia","robots":{"index":"index","follow":"follow","max-snippet":"max-snippet:-1","max-image-preview":"max-image-preview:large","max-video-preview":"max-video-preview:-1"},"canonical":"https:\/\/www.eldiario.net\/portal\/2024\/10\/09\/cubanos-llevan-anos-respirando-gases-venenosos-y-el-gobierno-no-hace-nada\/","og_locale":"es_ES","og_type":"article","og_title":"Cubanos llevan a\u00f1os respirando gases venenosos y el Gobierno no hace nada - El Diario - Bolivia","og_description":"Gases potencialmente da\u00f1inos para la salud, como el di\u00f3xido de nitr\u00f3geno (NO2), el di\u00f3xido de azufre (SO2) y el mon\u00f3xido de carbono (CO) son los de mayor presencia entre las emisiones de fuentes fijas contaminantes de las principales ciudades de Cuba, reconoci\u00f3 el diario oficial Granma. En entrevista con Rosemary L\u00f3pez Lee, investigadora titular y [&hellip;]","og_url":"https:\/\/www.eldiario.net\/portal\/2024\/10\/09\/cubanos-llevan-anos-respirando-gases-venenosos-y-el-gobierno-no-hace-nada\/","og_site_name":"El Diario - Bolivia","article_publisher":"https:\/\/www.facebook.com\/eldiario.bolivia\/","article_published_time":"2024-10-09T09:41:53+00:00","og_image":[{"width":1280,"height":720,"url":"https:\/\/www.eldiario.net\/portal\/wp-content\/uploads\/2024\/10\/VENENO-FACE.jpeg","type":"image\/jpeg"}],"author":"Jeanette","twitter_card":"summary_large_image","twitter_creator":"@eldiario_net","twitter_site":"@eldiario_net","twitter_misc":{"Escrito por":"Jeanette","Tiempo de lectura":"8 minutos"},"schema":{"@context":"https:\/\/schema.org","@graph":[{"@type":"Article","@id":"https:\/\/www.eldiario.net\/portal\/2024\/10\/09\/cubanos-llevan-anos-respirando-gases-venenosos-y-el-gobierno-no-hace-nada\/#article","isPartOf":{"@id":"https:\/\/www.eldiario.net\/portal\/2024\/10\/09\/cubanos-llevan-anos-respirando-gases-venenosos-y-el-gobierno-no-hace-nada\/"},"author":{"name":"Jeanette","@id":"https:\/\/www.eldiario.net\/portal\/#\/schema\/person\/f46445640444750d7d753ccd04ae01b7"},"headline":"Cubanos llevan a\u00f1os respirando gases venenosos y el Gobierno no hace nada","datePublished":"2024-10-09T09:41:53+00:00","mainEntityOfPage":{"@id":"https:\/\/www.eldiario.net\/portal\/2024\/10\/09\/cubanos-llevan-anos-respirando-gases-venenosos-y-el-gobierno-no-hace-nada\/"},"wordCount":1802,"commentCount":0,"publisher":{"@id":"https:\/\/www.eldiario.net\/portal\/#organization"},"image":{"@id":"https:\/\/www.eldiario.net\/portal\/2024\/10\/09\/cubanos-llevan-anos-respirando-gases-venenosos-y-el-gobierno-no-hace-nada\/#primaryimage"},"thumbnailUrl":"https:\/\/www.eldiario.net\/portal\/wp-content\/uploads\/2024\/10\/VENENO-FACE.jpeg","articleSection":["Internacional"],"inLanguage":"es","potentialAction":[{"@type":"CommentAction","name":"Comment","target":["https:\/\/www.eldiario.net\/portal\/2024\/10\/09\/cubanos-llevan-anos-respirando-gases-venenosos-y-el-gobierno-no-hace-nada\/#respond"]}]},{"@type":"WebPage","@id":"https:\/\/www.eldiario.net\/portal\/2024\/10\/09\/cubanos-llevan-anos-respirando-gases-venenosos-y-el-gobierno-no-hace-nada\/","url":"https:\/\/www.eldiario.net\/portal\/2024\/10\/09\/cubanos-llevan-anos-respirando-gases-venenosos-y-el-gobierno-no-hace-nada\/","name":"Cubanos llevan a\u00f1os respirando gases venenosos y el Gobierno no hace nada - El Diario - Bolivia","isPartOf":{"@id":"https:\/\/www.eldiario.net\/portal\/#website"},"primaryImageOfPage":{"@id":"https:\/\/www.eldiario.net\/portal\/2024\/10\/09\/cubanos-llevan-anos-respirando-gases-venenosos-y-el-gobierno-no-hace-nada\/#primaryimage"},"image":{"@id":"https:\/\/www.eldiario.net\/portal\/2024\/10\/09\/cubanos-llevan-anos-respirando-gases-venenosos-y-el-gobierno-no-hace-nada\/#primaryimage"},"thumbnailUrl":"https:\/\/www.eldiario.net\/portal\/wp-content\/uploads\/2024\/10\/VENENO-FACE.jpeg","datePublished":"2024-10-09T09:41:53+00:00","breadcrumb":{"@id":"https:\/\/www.eldiario.net\/portal\/2024\/10\/09\/cubanos-llevan-anos-respirando-gases-venenosos-y-el-gobierno-no-hace-nada\/#breadcrumb"},"inLanguage":"es","potentialAction":[{"@type":"ReadAction","target":["https:\/\/www.eldiario.net\/portal\/2024\/10\/09\/cubanos-llevan-anos-respirando-gases-venenosos-y-el-gobierno-no-hace-nada\/"]}]},{"@type":"ImageObject","inLanguage":"es","@id":"https:\/\/www.eldiario.net\/portal\/2024\/10\/09\/cubanos-llevan-anos-respirando-gases-venenosos-y-el-gobierno-no-hace-nada\/#primaryimage","url":"https:\/\/www.eldiario.net\/portal\/wp-content\/uploads\/2024\/10\/VENENO-FACE.jpeg","contentUrl":"https:\/\/www.eldiario.net\/portal\/wp-content\/uploads\/2024\/10\/VENENO-FACE.jpeg","width":1280,"height":720,"caption":"Quema de basura en el basurero de 100 y 114, en Marianao, La Habana. CREDITO: Naturaleza secreta \/ Facebook"},{"@type":"BreadcrumbList","@id":"https:\/\/www.eldiario.net\/portal\/2024\/10\/09\/cubanos-llevan-anos-respirando-gases-venenosos-y-el-gobierno-no-hace-nada\/#breadcrumb","itemListElement":[{"@type":"ListItem","position":1,"name":"Portada","item":"https:\/\/www.eldiario.net\/portal\/"},{"@type":"ListItem","position":2,"name":"Cubanos llevan a\u00f1os respirando gases venenosos y el Gobierno no hace nada"}]},{"@type":"WebSite","@id":"https:\/\/www.eldiario.net\/portal\/#website","url":"https:\/\/www.eldiario.net\/portal\/","name":"El Diario - Decano de la prensa nacional","description":"El Diario - Decano de la prensa nacional","publisher":{"@id":"https:\/\/www.eldiario.net\/portal\/#organization"},"potentialAction":[{"@type":"SearchAction","target":{"@type":"EntryPoint","urlTemplate":"https:\/\/www.eldiario.net\/portal\/?s={search_term_string}"},"query-input":{"@type":"PropertyValueSpecification","valueRequired":true,"valueName":"search_term_string"}}],"inLanguage":"es"},{"@type":"Organization","@id":"https:\/\/www.eldiario.net\/portal\/#organization","name":"El Diario - Decano de la prensa nacional","url":"https:\/\/www.eldiario.net\/portal\/","logo":{"@type":"ImageObject","inLanguage":"es","@id":"https:\/\/www.eldiario.net\/portal\/#\/schema\/logo\/image\/","url":"https:\/\/www.eldiario.net\/portal\/wp-content\/uploads\/2023\/07\/logo_ED.jpg","contentUrl":"https:\/\/www.eldiario.net\/portal\/wp-content\/uploads\/2023\/07\/logo_ED.jpg","width":272,"height":52,"caption":"El Diario - Decano de la prensa nacional"},"image":{"@id":"https:\/\/www.eldiario.net\/portal\/#\/schema\/logo\/image\/"},"sameAs":["https:\/\/www.facebook.com\/eldiario.bolivia\/","https:\/\/x.com\/eldiario_net"]},{"@type":"Person","@id":"https:\/\/www.eldiario.net\/portal\/#\/schema\/person\/f46445640444750d7d753ccd04ae01b7","name":"Jeanette","image":{"@type":"ImageObject","inLanguage":"es","@id":"https:\/\/secure.gravatar.com\/avatar\/3ea2118a5f7dad2b7138b1187a6b7ee55f160b9968b66013c3a3ef39dd7e5798?s=96&d=mm&r=g","url":"https:\/\/secure.gravatar.com\/avatar\/3ea2118a5f7dad2b7138b1187a6b7ee55f160b9968b66013c3a3ef39dd7e5798?s=96&d=mm&r=g","contentUrl":"https:\/\/secure.gravatar.com\/avatar\/3ea2118a5f7dad2b7138b1187a6b7ee55f160b9968b66013c3a3ef39dd7e5798?s=96&d=mm&r=g","caption":"Jeanette"},"sameAs":["https:\/\/www.eldiario.net\/portal"],"url":"https:\/\/www.eldiario.net\/portal\/author\/jeanette\/"}]}},"_links":{"self":[{"href":"https:\/\/www.eldiario.net\/portal\/wp-json\/wp\/v2\/posts\/252874","targetHints":{"allow":["GET"]}}],"collection":[{"href":"https:\/\/www.eldiario.net\/portal\/wp-json\/wp\/v2\/posts"}],"about":[{"href":"https:\/\/www.eldiario.net\/portal\/wp-json\/wp\/v2\/types\/post"}],"author":[{"embeddable":true,"href":"https:\/\/www.eldiario.net\/portal\/wp-json\/wp\/v2\/users\/1"}],"replies":[{"embeddable":true,"href":"https:\/\/www.eldiario.net\/portal\/wp-json\/wp\/v2\/comments?post=252874"}],"version-history":[{"count":1,"href":"https:\/\/www.eldiario.net\/portal\/wp-json\/wp\/v2\/posts\/252874\/revisions"}],"predecessor-version":[{"id":252876,"href":"https:\/\/www.eldiario.net\/portal\/wp-json\/wp\/v2\/posts\/252874\/revisions\/252876"}],"wp:featuredmedia":[{"embeddable":true,"href":"https:\/\/www.eldiario.net\/portal\/wp-json\/wp\/v2\/media\/252875"}],"wp:attachment":[{"href":"https:\/\/www.eldiario.net\/portal\/wp-json\/wp\/v2\/media?parent=252874"}],"wp:term":[{"taxonomy":"category","embeddable":true,"href":"https:\/\/www.eldiario.net\/portal\/wp-json\/wp\/v2\/categories?post=252874"},{"taxonomy":"post_tag","embeddable":true,"href":"https:\/\/www.eldiario.net\/portal\/wp-json\/wp\/v2\/tags?post=252874"}],"curies":[{"name":"wp","href":"https:\/\/api.w.org\/{rel}","templated":true}]}}