{"id":252871,"date":"2024-10-09T05:40:24","date_gmt":"2024-10-09T09:40:24","guid":{"rendered":"https:\/\/www.eldiario.net\/portal\/?p=252871"},"modified":"2024-10-09T05:40:24","modified_gmt":"2024-10-09T09:40:24","slug":"boric-anuncia-condonacion-de-deuda-universitaria-en-chile","status":"publish","type":"post","link":"https:\/\/www.eldiario.net\/portal\/2024\/10\/09\/boric-anuncia-condonacion-de-deuda-universitaria-en-chile\/","title":{"rendered":"Boric anuncia condonaci\u00f3n de  deuda universitaria en Chile"},"content":{"rendered":"<p class=\"v1MsoNormal\">El presidente de Chile, Gabriel Boric, anunci\u00f3 su prometido proyecto de ley para condonar parte de la deuda que m\u00e1s de 1,2 millones de universitarios contrajeron en cr\u00e9ditos especiales para costear sus estudios, al tiempo que present\u00f3 un nuevo sistema de financiamiento p\u00fablico.<\/p>\n<p class=\"v1MsoNormal\">Desde el Palacio de La Moneda, sede presidencial, Boric explic\u00f3 los tres objetivos principales de este proyecto: condonar parte de las deudas educativas en base a criterios de justicia y m\u00e9rito; reorganizar la deuda en t\u00e9rminos razonables para quienes a\u00fan deban; y terminar con el CAE, reemplaz\u00e1ndolo por un nuevo instrumento de Financiamiento P\u00fablico para la Educaci\u00f3n Superior.<\/p>\n<p class=\"v1MsoNormal\">\u00abLa mayor\u00eda de quienes est\u00e9n escuchando hoy estas palabras conocen a alguien que hoy est\u00e1 endeudado por haber estudiado en la educaci\u00f3n superior con el Cr\u00e9dito con Aval del Estado (&#8230;). Hoy el CAE es un problema para todo Chile\u00bb, sostuvo en cadena nacional Boric, que forj\u00f3 su carrera pol\u00edtica en las movilizaciones estudiantiles de 2011 contra el CAE y prometi\u00f3 la condonaci\u00f3n de la deuda cuando lleg\u00f3 al poder.<\/p>\n<p class=\"v1MsoNormal\">\u00abTodos quienes adscriban voluntariamente a este instrumento tendr\u00e1n una condonaci\u00f3n del porcentaje de su deuda. Este porcentaje a condonar se va a definir seg\u00fan si la persona egres\u00f3 o no de su carrera, si tiene o no su deuda al d\u00eda, y de acuerdo al n\u00famero de cuotas que haya pagado a la fecha. As\u00ed, apoyaremos a los deudores de menos recursos, reconoceremos a quienes responsablemente pagaron sus cuotas, e incentivaremos la regularizaci\u00f3n de quienes a\u00fan adeudan pagos\u00bb, agreg\u00f3 el mandatario.<\/p>\n<p class=\"v1MsoNormal\">Creado en 2005 durante el gobierno del socialista Ricardo Lagos (2000-2006), el CAE permiti\u00f3 a miles de j\u00f3venes de escasos recursos acceder a las universidades, pero \u00abcon el tiempo se transform\u00f3 en una carga para los estudiantes y sus familias\u00bb, agreg\u00f3 el mandatario. (Dw, Efe, La Tercera y Presidencia de Chile)<\/p>\n","protected":false},"excerpt":{"rendered":"<p>El presidente de Chile, Gabriel Boric, anunci\u00f3 su prometido proyecto de ley para condonar parte de la deuda que m\u00e1s de 1,2 millones de universitarios contrajeron en cr\u00e9ditos especiales para costear sus estudios, al tiempo que present\u00f3 un nuevo sistema de financiamiento p\u00fablico. Desde el Palacio de La Moneda, sede presidencial, Boric explic\u00f3 los tres [&hellip;]<\/p>\n","protected":false},"author":1,"featured_media":252872,"comment_status":"open","ping_status":"open","sticky":false,"template":"","format":"standard","meta":{"_acf_changed":false,"footnotes":""},"categories":[3],"tags":[],"class_list":["post-252871","post","type-post","status-publish","format-standard","has-post-thumbnail","category-internacional"],"acf":{"antetitulo":""},"yoast_head":"<!-- This site is optimized with the Yoast SEO plugin v28.3 - https:\/\/yoast.com\/product\/yoast-seo-wordpress\/ -->\n<title>Boric anuncia condonaci\u00f3n de deuda universitaria en Chile - El Diario - Bolivia<\/title>\n<meta name=\"robots\" content=\"index, follow, max-snippet:-1, max-image-preview:large, max-video-preview:-1\" \/>\n<link rel=\"canonical\" href=\"https:\/\/www.eldiario.net\/portal\/2024\/10\/09\/boric-anuncia-condonacion-de-deuda-universitaria-en-chile\/\" \/>\n<meta property=\"og:locale\" content=\"es_ES\" \/>\n<meta property=\"og:type\" content=\"article\" \/>\n<meta property=\"og:title\" content=\"Boric anuncia condonaci\u00f3n de deuda universitaria en Chile - El Diario - Bolivia\" \/>\n<meta property=\"og:description\" content=\"El presidente de Chile, Gabriel Boric, anunci\u00f3 su prometido proyecto de ley para condonar parte de la deuda que m\u00e1s de 1,2 millones de universitarios contrajeron en cr\u00e9ditos especiales para costear sus estudios, al tiempo que present\u00f3 un nuevo sistema de financiamiento p\u00fablico. Desde el Palacio de La Moneda, sede presidencial, Boric explic\u00f3 los tres [&hellip;]\" \/>\n<meta property=\"og:url\" content=\"https:\/\/www.eldiario.net\/portal\/2024\/10\/09\/boric-anuncia-condonacion-de-deuda-universitaria-en-chile\/\" \/>\n<meta property=\"og:site_name\" content=\"El Diario - Bolivia\" \/>\n<meta property=\"article:publisher\" content=\"https:\/\/www.facebook.com\/eldiario.bolivia\/\" \/>\n<meta property=\"article:published_time\" content=\"2024-10-09T09:40:24+00:00\" \/>\n<meta property=\"og:image\" content=\"https:\/\/www.eldiario.net\/portal\/wp-content\/uploads\/2024\/10\/CHILE-Reuters.jpg\" \/>\n\t<meta property=\"og:image:width\" content=\"1200\" \/>\n\t<meta property=\"og:image:height\" content=\"525\" \/>\n\t<meta property=\"og:image:type\" content=\"image\/jpeg\" \/>\n<meta name=\"author\" content=\"Jeanette\" \/>\n<meta name=\"twitter:card\" content=\"summary_large_image\" \/>\n<meta name=\"twitter:creator\" content=\"@eldiario_net\" \/>\n<meta name=\"twitter:site\" content=\"@eldiario_net\" \/>\n<meta name=\"twitter:label1\" content=\"Escrito por\" \/>\n\t<meta name=\"twitter:data1\" content=\"Jeanette\" \/>\n\t<meta name=\"twitter:label2\" content=\"Tiempo de lectura\" \/>\n\t<meta name=\"twitter:data2\" content=\"2 minutos\" \/>\n<script type=\"application\/ld+json\" class=\"yoast-schema-graph\">{\"@context\":\"https:\\\/\\\/schema.org\",\"@graph\":[{\"@type\":\"Article\",\"@id\":\"https:\\\/\\\/www.eldiario.net\\\/portal\\\/2024\\\/10\\\/09\\\/boric-anuncia-condonacion-de-deuda-universitaria-en-chile\\\/#article\",\"isPartOf\":{\"@id\":\"https:\\\/\\\/www.eldiario.net\\\/portal\\\/2024\\\/10\\\/09\\\/boric-anuncia-condonacion-de-deuda-universitaria-en-chile\\\/\"},\"author\":{\"name\":\"Jeanette\",\"@id\":\"https:\\\/\\\/www.eldiario.net\\\/portal\\\/#\\\/schema\\\/person\\\/f46445640444750d7d753ccd04ae01b7\"},\"headline\":\"Boric anuncia condonaci\u00f3n de deuda universitaria en Chile\",\"datePublished\":\"2024-10-09T09:40:24+00:00\",\"mainEntityOfPage\":{\"@id\":\"https:\\\/\\\/www.eldiario.net\\\/portal\\\/2024\\\/10\\\/09\\\/boric-anuncia-condonacion-de-deuda-universitaria-en-chile\\\/\"},\"wordCount\":331,\"commentCount\":0,\"publisher\":{\"@id\":\"https:\\\/\\\/www.eldiario.net\\\/portal\\\/#organization\"},\"image\":{\"@id\":\"https:\\\/\\\/www.eldiario.net\\\/portal\\\/2024\\\/10\\\/09\\\/boric-anuncia-condonacion-de-deuda-universitaria-en-chile\\\/#primaryimage\"},\"thumbnailUrl\":\"https:\\\/\\\/www.eldiario.net\\\/portal\\\/wp-content\\\/uploads\\\/2024\\\/10\\\/CHILE-Reuters.jpg\",\"articleSection\":[\"Internacional\"],\"inLanguage\":\"es\",\"potentialAction\":[{\"@type\":\"CommentAction\",\"name\":\"Comment\",\"target\":[\"https:\\\/\\\/www.eldiario.net\\\/portal\\\/2024\\\/10\\\/09\\\/boric-anuncia-condonacion-de-deuda-universitaria-en-chile\\\/#respond\"]}]},{\"@type\":\"WebPage\",\"@id\":\"https:\\\/\\\/www.eldiario.net\\\/portal\\\/2024\\\/10\\\/09\\\/boric-anuncia-condonacion-de-deuda-universitaria-en-chile\\\/\",\"url\":\"https:\\\/\\\/www.eldiario.net\\\/portal\\\/2024\\\/10\\\/09\\\/boric-anuncia-condonacion-de-deuda-universitaria-en-chile\\\/\",\"name\":\"Boric anuncia condonaci\u00f3n de deuda universitaria en Chile - El Diario - Bolivia\",\"isPartOf\":{\"@id\":\"https:\\\/\\\/www.eldiario.net\\\/portal\\\/#website\"},\"primaryImageOfPage\":{\"@id\":\"https:\\\/\\\/www.eldiario.net\\\/portal\\\/2024\\\/10\\\/09\\\/boric-anuncia-condonacion-de-deuda-universitaria-en-chile\\\/#primaryimage\"},\"image\":{\"@id\":\"https:\\\/\\\/www.eldiario.net\\\/portal\\\/2024\\\/10\\\/09\\\/boric-anuncia-condonacion-de-deuda-universitaria-en-chile\\\/#primaryimage\"},\"thumbnailUrl\":\"https:\\\/\\\/www.eldiario.net\\\/portal\\\/wp-content\\\/uploads\\\/2024\\\/10\\\/CHILE-Reuters.jpg\",\"datePublished\":\"2024-10-09T09:40:24+00:00\",\"breadcrumb\":{\"@id\":\"https:\\\/\\\/www.eldiario.net\\\/portal\\\/2024\\\/10\\\/09\\\/boric-anuncia-condonacion-de-deuda-universitaria-en-chile\\\/#breadcrumb\"},\"inLanguage\":\"es\",\"potentialAction\":[{\"@type\":\"ReadAction\",\"target\":[\"https:\\\/\\\/www.eldiario.net\\\/portal\\\/2024\\\/10\\\/09\\\/boric-anuncia-condonacion-de-deuda-universitaria-en-chile\\\/\"]}]},{\"@type\":\"ImageObject\",\"inLanguage\":\"es\",\"@id\":\"https:\\\/\\\/www.eldiario.net\\\/portal\\\/2024\\\/10\\\/09\\\/boric-anuncia-condonacion-de-deuda-universitaria-en-chile\\\/#primaryimage\",\"url\":\"https:\\\/\\\/www.eldiario.net\\\/portal\\\/wp-content\\\/uploads\\\/2024\\\/10\\\/CHILE-Reuters.jpg\",\"contentUrl\":\"https:\\\/\\\/www.eldiario.net\\\/portal\\\/wp-content\\\/uploads\\\/2024\\\/10\\\/CHILE-Reuters.jpg\",\"width\":1200,\"height\":525,\"caption\":\"Hace muchos a\u00f1os los estudiantes universitarios chilenos exigieron una reforma al sistema de educaci\u00f3n. CREDITO: Reuters (archivo)\"},{\"@type\":\"BreadcrumbList\",\"@id\":\"https:\\\/\\\/www.eldiario.net\\\/portal\\\/2024\\\/10\\\/09\\\/boric-anuncia-condonacion-de-deuda-universitaria-en-chile\\\/#breadcrumb\",\"itemListElement\":[{\"@type\":\"ListItem\",\"position\":1,\"name\":\"Portada\",\"item\":\"https:\\\/\\\/www.eldiario.net\\\/portal\\\/\"},{\"@type\":\"ListItem\",\"position\":2,\"name\":\"Boric anuncia condonaci\u00f3n de deuda universitaria en Chile\"}]},{\"@type\":\"WebSite\",\"@id\":\"https:\\\/\\\/www.eldiario.net\\\/portal\\\/#website\",\"url\":\"https:\\\/\\\/www.eldiario.net\\\/portal\\\/\",\"name\":\"El Diario - Decano de la prensa nacional\",\"description\":\"El Diario - Decano de la prensa nacional\",\"publisher\":{\"@id\":\"https:\\\/\\\/www.eldiario.net\\\/portal\\\/#organization\"},\"potentialAction\":[{\"@type\":\"SearchAction\",\"target\":{\"@type\":\"EntryPoint\",\"urlTemplate\":\"https:\\\/\\\/www.eldiario.net\\\/portal\\\/?s={search_term_string}\"},\"query-input\":{\"@type\":\"PropertyValueSpecification\",\"valueRequired\":true,\"valueName\":\"search_term_string\"}}],\"inLanguage\":\"es\"},{\"@type\":\"Organization\",\"@id\":\"https:\\\/\\\/www.eldiario.net\\\/portal\\\/#organization\",\"name\":\"El Diario - Decano de la prensa nacional\",\"url\":\"https:\\\/\\\/www.eldiario.net\\\/portal\\\/\",\"logo\":{\"@type\":\"ImageObject\",\"inLanguage\":\"es\",\"@id\":\"https:\\\/\\\/www.eldiario.net\\\/portal\\\/#\\\/schema\\\/logo\\\/image\\\/\",\"url\":\"https:\\\/\\\/www.eldiario.net\\\/portal\\\/wp-content\\\/uploads\\\/2023\\\/07\\\/logo_ED.jpg\",\"contentUrl\":\"https:\\\/\\\/www.eldiario.net\\\/portal\\\/wp-content\\\/uploads\\\/2023\\\/07\\\/logo_ED.jpg\",\"width\":272,\"height\":52,\"caption\":\"El Diario - Decano de la prensa nacional\"},\"image\":{\"@id\":\"https:\\\/\\\/www.eldiario.net\\\/portal\\\/#\\\/schema\\\/logo\\\/image\\\/\"},\"sameAs\":[\"https:\\\/\\\/www.facebook.com\\\/eldiario.bolivia\\\/\",\"https:\\\/\\\/x.com\\\/eldiario_net\"]},{\"@type\":\"Person\",\"@id\":\"https:\\\/\\\/www.eldiario.net\\\/portal\\\/#\\\/schema\\\/person\\\/f46445640444750d7d753ccd04ae01b7\",\"name\":\"Jeanette\",\"image\":{\"@type\":\"ImageObject\",\"inLanguage\":\"es\",\"@id\":\"https:\\\/\\\/secure.gravatar.com\\\/avatar\\\/3ea2118a5f7dad2b7138b1187a6b7ee55f160b9968b66013c3a3ef39dd7e5798?s=96&d=mm&r=g\",\"url\":\"https:\\\/\\\/secure.gravatar.com\\\/avatar\\\/3ea2118a5f7dad2b7138b1187a6b7ee55f160b9968b66013c3a3ef39dd7e5798?s=96&d=mm&r=g\",\"contentUrl\":\"https:\\\/\\\/secure.gravatar.com\\\/avatar\\\/3ea2118a5f7dad2b7138b1187a6b7ee55f160b9968b66013c3a3ef39dd7e5798?s=96&d=mm&r=g\",\"caption\":\"Jeanette\"},\"sameAs\":[\"https:\\\/\\\/www.eldiario.net\\\/portal\"],\"url\":\"https:\\\/\\\/www.eldiario.net\\\/portal\\\/author\\\/jeanette\\\/\"}]}<\/script>\n<!-- \/ Yoast SEO plugin. -->","yoast_head_json":{"title":"Boric anuncia condonaci\u00f3n de deuda universitaria en Chile - El Diario - Bolivia","robots":{"index":"index","follow":"follow","max-snippet":"max-snippet:-1","max-image-preview":"max-image-preview:large","max-video-preview":"max-video-preview:-1"},"canonical":"https:\/\/www.eldiario.net\/portal\/2024\/10\/09\/boric-anuncia-condonacion-de-deuda-universitaria-en-chile\/","og_locale":"es_ES","og_type":"article","og_title":"Boric anuncia condonaci\u00f3n de deuda universitaria en Chile - El Diario - Bolivia","og_description":"El presidente de Chile, Gabriel Boric, anunci\u00f3 su prometido proyecto de ley para condonar parte de la deuda que m\u00e1s de 1,2 millones de universitarios contrajeron en cr\u00e9ditos especiales para costear sus estudios, al tiempo que present\u00f3 un nuevo sistema de financiamiento p\u00fablico. Desde el Palacio de La Moneda, sede presidencial, Boric explic\u00f3 los tres [&hellip;]","og_url":"https:\/\/www.eldiario.net\/portal\/2024\/10\/09\/boric-anuncia-condonacion-de-deuda-universitaria-en-chile\/","og_site_name":"El Diario - Bolivia","article_publisher":"https:\/\/www.facebook.com\/eldiario.bolivia\/","article_published_time":"2024-10-09T09:40:24+00:00","og_image":[{"width":1200,"height":525,"url":"https:\/\/www.eldiario.net\/portal\/wp-content\/uploads\/2024\/10\/CHILE-Reuters.jpg","type":"image\/jpeg"}],"author":"Jeanette","twitter_card":"summary_large_image","twitter_creator":"@eldiario_net","twitter_site":"@eldiario_net","twitter_misc":{"Escrito por":"Jeanette","Tiempo de lectura":"2 minutos"},"schema":{"@context":"https:\/\/schema.org","@graph":[{"@type":"Article","@id":"https:\/\/www.eldiario.net\/portal\/2024\/10\/09\/boric-anuncia-condonacion-de-deuda-universitaria-en-chile\/#article","isPartOf":{"@id":"https:\/\/www.eldiario.net\/portal\/2024\/10\/09\/boric-anuncia-condonacion-de-deuda-universitaria-en-chile\/"},"author":{"name":"Jeanette","@id":"https:\/\/www.eldiario.net\/portal\/#\/schema\/person\/f46445640444750d7d753ccd04ae01b7"},"headline":"Boric anuncia condonaci\u00f3n de deuda universitaria en Chile","datePublished":"2024-10-09T09:40:24+00:00","mainEntityOfPage":{"@id":"https:\/\/www.eldiario.net\/portal\/2024\/10\/09\/boric-anuncia-condonacion-de-deuda-universitaria-en-chile\/"},"wordCount":331,"commentCount":0,"publisher":{"@id":"https:\/\/www.eldiario.net\/portal\/#organization"},"image":{"@id":"https:\/\/www.eldiario.net\/portal\/2024\/10\/09\/boric-anuncia-condonacion-de-deuda-universitaria-en-chile\/#primaryimage"},"thumbnailUrl":"https:\/\/www.eldiario.net\/portal\/wp-content\/uploads\/2024\/10\/CHILE-Reuters.jpg","articleSection":["Internacional"],"inLanguage":"es","potentialAction":[{"@type":"CommentAction","name":"Comment","target":["https:\/\/www.eldiario.net\/portal\/2024\/10\/09\/boric-anuncia-condonacion-de-deuda-universitaria-en-chile\/#respond"]}]},{"@type":"WebPage","@id":"https:\/\/www.eldiario.net\/portal\/2024\/10\/09\/boric-anuncia-condonacion-de-deuda-universitaria-en-chile\/","url":"https:\/\/www.eldiario.net\/portal\/2024\/10\/09\/boric-anuncia-condonacion-de-deuda-universitaria-en-chile\/","name":"Boric anuncia condonaci\u00f3n de deuda universitaria en Chile - El Diario - Bolivia","isPartOf":{"@id":"https:\/\/www.eldiario.net\/portal\/#website"},"primaryImageOfPage":{"@id":"https:\/\/www.eldiario.net\/portal\/2024\/10\/09\/boric-anuncia-condonacion-de-deuda-universitaria-en-chile\/#primaryimage"},"image":{"@id":"https:\/\/www.eldiario.net\/portal\/2024\/10\/09\/boric-anuncia-condonacion-de-deuda-universitaria-en-chile\/#primaryimage"},"thumbnailUrl":"https:\/\/www.eldiario.net\/portal\/wp-content\/uploads\/2024\/10\/CHILE-Reuters.jpg","datePublished":"2024-10-09T09:40:24+00:00","breadcrumb":{"@id":"https:\/\/www.eldiario.net\/portal\/2024\/10\/09\/boric-anuncia-condonacion-de-deuda-universitaria-en-chile\/#breadcrumb"},"inLanguage":"es","potentialAction":[{"@type":"ReadAction","target":["https:\/\/www.eldiario.net\/portal\/2024\/10\/09\/boric-anuncia-condonacion-de-deuda-universitaria-en-chile\/"]}]},{"@type":"ImageObject","inLanguage":"es","@id":"https:\/\/www.eldiario.net\/portal\/2024\/10\/09\/boric-anuncia-condonacion-de-deuda-universitaria-en-chile\/#primaryimage","url":"https:\/\/www.eldiario.net\/portal\/wp-content\/uploads\/2024\/10\/CHILE-Reuters.jpg","contentUrl":"https:\/\/www.eldiario.net\/portal\/wp-content\/uploads\/2024\/10\/CHILE-Reuters.jpg","width":1200,"height":525,"caption":"Hace muchos a\u00f1os los estudiantes universitarios chilenos exigieron una reforma al sistema de educaci\u00f3n. CREDITO: Reuters (archivo)"},{"@type":"BreadcrumbList","@id":"https:\/\/www.eldiario.net\/portal\/2024\/10\/09\/boric-anuncia-condonacion-de-deuda-universitaria-en-chile\/#breadcrumb","itemListElement":[{"@type":"ListItem","position":1,"name":"Portada","item":"https:\/\/www.eldiario.net\/portal\/"},{"@type":"ListItem","position":2,"name":"Boric anuncia condonaci\u00f3n de deuda universitaria en Chile"}]},{"@type":"WebSite","@id":"https:\/\/www.eldiario.net\/portal\/#website","url":"https:\/\/www.eldiario.net\/portal\/","name":"El Diario - Decano de la prensa nacional","description":"El Diario - Decano de la prensa nacional","publisher":{"@id":"https:\/\/www.eldiario.net\/portal\/#organization"},"potentialAction":[{"@type":"SearchAction","target":{"@type":"EntryPoint","urlTemplate":"https:\/\/www.eldiario.net\/portal\/?s={search_term_string}"},"query-input":{"@type":"PropertyValueSpecification","valueRequired":true,"valueName":"search_term_string"}}],"inLanguage":"es"},{"@type":"Organization","@id":"https:\/\/www.eldiario.net\/portal\/#organization","name":"El Diario - Decano de la prensa nacional","url":"https:\/\/www.eldiario.net\/portal\/","logo":{"@type":"ImageObject","inLanguage":"es","@id":"https:\/\/www.eldiario.net\/portal\/#\/schema\/logo\/image\/","url":"https:\/\/www.eldiario.net\/portal\/wp-content\/uploads\/2023\/07\/logo_ED.jpg","contentUrl":"https:\/\/www.eldiario.net\/portal\/wp-content\/uploads\/2023\/07\/logo_ED.jpg","width":272,"height":52,"caption":"El Diario - Decano de la prensa nacional"},"image":{"@id":"https:\/\/www.eldiario.net\/portal\/#\/schema\/logo\/image\/"},"sameAs":["https:\/\/www.facebook.com\/eldiario.bolivia\/","https:\/\/x.com\/eldiario_net"]},{"@type":"Person","@id":"https:\/\/www.eldiario.net\/portal\/#\/schema\/person\/f46445640444750d7d753ccd04ae01b7","name":"Jeanette","image":{"@type":"ImageObject","inLanguage":"es","@id":"https:\/\/secure.gravatar.com\/avatar\/3ea2118a5f7dad2b7138b1187a6b7ee55f160b9968b66013c3a3ef39dd7e5798?s=96&d=mm&r=g","url":"https:\/\/secure.gravatar.com\/avatar\/3ea2118a5f7dad2b7138b1187a6b7ee55f160b9968b66013c3a3ef39dd7e5798?s=96&d=mm&r=g","contentUrl":"https:\/\/secure.gravatar.com\/avatar\/3ea2118a5f7dad2b7138b1187a6b7ee55f160b9968b66013c3a3ef39dd7e5798?s=96&d=mm&r=g","caption":"Jeanette"},"sameAs":["https:\/\/www.eldiario.net\/portal"],"url":"https:\/\/www.eldiario.net\/portal\/author\/jeanette\/"}]}},"_links":{"self":[{"href":"https:\/\/www.eldiario.net\/portal\/wp-json\/wp\/v2\/posts\/252871","targetHints":{"allow":["GET"]}}],"collection":[{"href":"https:\/\/www.eldiario.net\/portal\/wp-json\/wp\/v2\/posts"}],"about":[{"href":"https:\/\/www.eldiario.net\/portal\/wp-json\/wp\/v2\/types\/post"}],"author":[{"embeddable":true,"href":"https:\/\/www.eldiario.net\/portal\/wp-json\/wp\/v2\/users\/1"}],"replies":[{"embeddable":true,"href":"https:\/\/www.eldiario.net\/portal\/wp-json\/wp\/v2\/comments?post=252871"}],"version-history":[{"count":1,"href":"https:\/\/www.eldiario.net\/portal\/wp-json\/wp\/v2\/posts\/252871\/revisions"}],"predecessor-version":[{"id":252873,"href":"https:\/\/www.eldiario.net\/portal\/wp-json\/wp\/v2\/posts\/252871\/revisions\/252873"}],"wp:featuredmedia":[{"embeddable":true,"href":"https:\/\/www.eldiario.net\/portal\/wp-json\/wp\/v2\/media\/252872"}],"wp:attachment":[{"href":"https:\/\/www.eldiario.net\/portal\/wp-json\/wp\/v2\/media?parent=252871"}],"wp:term":[{"taxonomy":"category","embeddable":true,"href":"https:\/\/www.eldiario.net\/portal\/wp-json\/wp\/v2\/categories?post=252871"},{"taxonomy":"post_tag","embeddable":true,"href":"https:\/\/www.eldiario.net\/portal\/wp-json\/wp\/v2\/tags?post=252871"}],"curies":[{"name":"wp","href":"https:\/\/api.w.org\/{rel}","templated":true}]}}