{"id":252864,"date":"2024-10-09T05:28:05","date_gmt":"2024-10-09T09:28:05","guid":{"rendered":"https:\/\/www.eldiario.net\/portal\/?p=252864"},"modified":"2024-10-09T05:28:05","modified_gmt":"2024-10-09T09:28:05","slug":"exigen-cesar-toda-obra-relacionada-con-ciclovia","status":"publish","type":"post","link":"https:\/\/www.eldiario.net\/portal\/2024\/10\/09\/exigen-cesar-toda-obra-relacionada-con-ciclovia\/","title":{"rendered":"Exigen cesar toda obra  relacionada con ciclov\u00eda"},"content":{"rendered":"<p>Luego de horas en audiencia p\u00fablica convocada por el diputado de Comunidad Ciudadana (CC), Alejandro Reyes, para tratar el tema de la ciclov\u00eda ubicada en la zona Sur de la ciudad de La Paz, se redact\u00f3 un voto resolutivo cuyo principal pedido es cesar toda obra relacionada con esa v\u00eda y levantar los elementos, como conos y se\u00f1alizaci\u00f3n, que la comuna pace\u00f1a coloc\u00f3 en un sector de la zona de San Miguel.<br \/>\n\u201cAnte la improvisaci\u00f3n en las obras del Gamlp (Gobierno Aut\u00f3nomo Municipal de La Paz), los reclamos de los vecinos, la falta de consensos e inviabilidad de la ciclov\u00eda y parqueo en la zona Sur, se convoca a Audiencia P\u00fablica\u201d, indicaba la convocatoria.<br \/>\nEl encuentro fue en horas de la tarde de ayer, en instalaciones del Sal\u00f3n Multiprop\u00f3sito del nuevo edificio de la Asamblea Legislativa Plurinacional (ALP).<br \/>\nEntre los participantes estuvieron representantes de la Junta de Vecinos de la zona de San Miguel, de la C\u00e1mara de Hoteler\u00eda, de lavadores y vecinos de la zona Sur \u201cque est\u00e1n consternados por c\u00f3mo esta ciclov\u00eda ha destruido el ecosistema de San Miguel\u201d, apunt\u00f3 Reyes.<br \/>\nEn su criterio y el de los asistentes a la audiencia, para la realizaci\u00f3n de la obra no se ha valorado el impacto que causar\u00eda en los negocios, en las construcciones y mucho menos en la \u201cterrible congesti\u00f3n\u201d vehicular que se registra ahora en ese sector.<br \/>\nTras horas de debate y ponencias, con el fin de que el alcalde pace\u00f1o, Iv\u00e1n Arias, escuche el pedido de los vecinos y ciudadanos que participaron de la audiencia p\u00fablica, se redact\u00f3 un voto resolutivo que ser\u00e1 remitido a la primera autoridad municipal.<br \/>\nEl contenido del documento se\u00f1ala: \u201cprimero, el cese de toda obra de esta ciclov\u00eda; el levantamiento de esos conos y de esos espacios marcados y demarcados; una auditor\u00eda ideal sobre el costo de esta ciclov\u00eda, qui\u00e9nes son los que han aprobado y propuesto este proyecto, y claramente ac\u00e1 el alcalde tendr\u00e1 tambi\u00e9n que sentarse con los vecinos\u201d, manifest\u00f3 el legislador.<br \/>\nEntre otras demandas de la comunidad, se encuentran la exigencia de una revisi\u00f3n integral del proyecto, la inclusi\u00f3n activa de las Juntas de Vecinos en el redise\u00f1o para buscar una mejor ubicaci\u00f3n, pues consideran que la actual no es la adecuada.<br \/>\nDe acuerdo con el legislador, la ciclov\u00eda \u201cha perjudicado totalmente\u201d al sector donde ha sido implementada, llegando incluso a causar el cierre de negocios. \u201cEn ese sentido, este tipo de proyectos improvisados solamente afectan a los pace\u00f1os\u201d, lament\u00f3 el diputado de CC.<br \/>\nEn la audiencia, los vecinos manifestaron su preocupaci\u00f3n por la falta de consulta y legitimidad en el proyecto de ciclov\u00eda impulsado por el Gamlp, se\u00f1alaron que el trazado propuesto es arbitrario y no considera las caracter\u00edsticas geogr\u00e1ficas y topogr\u00e1ficas de la regi\u00f3n, lo que pone en riesgo la seguridad de ciclistas, peatones y usuarios del transporte p\u00fablico.<br \/>\nAdem\u00e1s, Reyes a\u00f1adi\u00f3 que dicho proyecto no cumple con los est\u00e1ndares t\u00e9cnicos necesarios y sostuvo que \u201ces fundamental que las decisiones sobre infraestructura urbana sean tomadas en consulta con quienes realmente viven y trabajan en la zona\u201d.<br \/>\nPor otro lado, advirti\u00f3 que la actual situaci\u00f3n afecta gravemente la econom\u00eda local, ya que la falta de espacios de parqueo ha llevado a una disminuci\u00f3n en el flujo de clientes, lo que pone en riesgo a los comercios de la zona Sur.<br \/>\nRecomend\u00f3 al Gamlp tomar en cuenta las opiniones de los vecinos y se abstenga de reiniciar las obras hasta que se realicen las modificaciones necesarias, adem\u00e1s de asegurarse la correcta socializaci\u00f3n del proyecto.<br \/>\n\u201cEs hora de que el Gobierno Municipal escuche la voz de la ciudadan\u00eda y act\u00fae en beneficio del bienestar de todos los pace\u00f1os\u201d, indic\u00f3.<\/p>\n<p>Pie de foto:<\/p>\n","protected":false},"excerpt":{"rendered":"<p>Luego de horas en audiencia p\u00fablica convocada por el diputado de Comunidad Ciudadana (CC), Alejandro Reyes, para tratar el tema de la ciclov\u00eda ubicada en la zona Sur de la ciudad de La Paz, se redact\u00f3 un voto resolutivo cuyo principal pedido es cesar toda obra relacionada con esa v\u00eda y levantar los elementos, como [&hellip;]<\/p>\n","protected":false},"author":1,"featured_media":252865,"comment_status":"open","ping_status":"open","sticky":false,"template":"","format":"standard","meta":{"_acf_changed":false,"footnotes":""},"categories":[12],"tags":[],"class_list":["post-252864","post","type-post","status-publish","format-standard","has-post-thumbnail","category-nacional"],"acf":{"antetitulo":"Audiencia P\u00fablica"},"yoast_head":"<!-- This site is optimized with the Yoast SEO plugin v28.3 - https:\/\/yoast.com\/product\/yoast-seo-wordpress\/ -->\n<title>Exigen cesar toda obra relacionada con ciclov\u00eda - El Diario - Bolivia<\/title>\n<meta name=\"robots\" content=\"index, follow, max-snippet:-1, max-image-preview:large, max-video-preview:-1\" \/>\n<link rel=\"canonical\" href=\"https:\/\/www.eldiario.net\/portal\/2024\/10\/09\/exigen-cesar-toda-obra-relacionada-con-ciclovia\/\" \/>\n<meta property=\"og:locale\" content=\"es_ES\" \/>\n<meta property=\"og:type\" content=\"article\" \/>\n<meta property=\"og:title\" content=\"Exigen cesar toda obra relacionada con ciclov\u00eda - El Diario - Bolivia\" \/>\n<meta property=\"og:description\" content=\"Luego de horas en audiencia p\u00fablica convocada por el diputado de Comunidad Ciudadana (CC), Alejandro Reyes, para tratar el tema de la ciclov\u00eda ubicada en la zona Sur de la ciudad de La Paz, se redact\u00f3 un voto resolutivo cuyo principal pedido es cesar toda obra relacionada con esa v\u00eda y levantar los elementos, como [&hellip;]\" \/>\n<meta property=\"og:url\" content=\"https:\/\/www.eldiario.net\/portal\/2024\/10\/09\/exigen-cesar-toda-obra-relacionada-con-ciclovia\/\" \/>\n<meta property=\"og:site_name\" content=\"El Diario - Bolivia\" \/>\n<meta property=\"article:publisher\" content=\"https:\/\/www.facebook.com\/eldiario.bolivia\/\" \/>\n<meta property=\"article:published_time\" content=\"2024-10-09T09:28:05+00:00\" \/>\n<meta property=\"og:image\" content=\"https:\/\/www.eldiario.net\/portal\/wp-content\/uploads\/2024\/10\/F-1-audiencia.jpg\" \/>\n\t<meta property=\"og:image:width\" content=\"1600\" \/>\n\t<meta property=\"og:image:height\" content=\"1200\" \/>\n\t<meta property=\"og:image:type\" content=\"image\/jpeg\" \/>\n<meta name=\"author\" content=\"Jeanette\" \/>\n<meta name=\"twitter:card\" content=\"summary_large_image\" \/>\n<meta name=\"twitter:creator\" content=\"@eldiario_net\" \/>\n<meta name=\"twitter:site\" content=\"@eldiario_net\" \/>\n<meta name=\"twitter:label1\" content=\"Escrito por\" \/>\n\t<meta name=\"twitter:data1\" content=\"Jeanette\" \/>\n\t<meta name=\"twitter:label2\" content=\"Tiempo de lectura\" \/>\n\t<meta name=\"twitter:data2\" content=\"4 minutos\" \/>\n<script type=\"application\/ld+json\" class=\"yoast-schema-graph\">{\"@context\":\"https:\\\/\\\/schema.org\",\"@graph\":[{\"@type\":\"Article\",\"@id\":\"https:\\\/\\\/www.eldiario.net\\\/portal\\\/2024\\\/10\\\/09\\\/exigen-cesar-toda-obra-relacionada-con-ciclovia\\\/#article\",\"isPartOf\":{\"@id\":\"https:\\\/\\\/www.eldiario.net\\\/portal\\\/2024\\\/10\\\/09\\\/exigen-cesar-toda-obra-relacionada-con-ciclovia\\\/\"},\"author\":{\"name\":\"Jeanette\",\"@id\":\"https:\\\/\\\/www.eldiario.net\\\/portal\\\/#\\\/schema\\\/person\\\/f46445640444750d7d753ccd04ae01b7\"},\"headline\":\"Exigen cesar toda obra relacionada con ciclov\u00eda\",\"datePublished\":\"2024-10-09T09:28:05+00:00\",\"mainEntityOfPage\":{\"@id\":\"https:\\\/\\\/www.eldiario.net\\\/portal\\\/2024\\\/10\\\/09\\\/exigen-cesar-toda-obra-relacionada-con-ciclovia\\\/\"},\"wordCount\":675,\"commentCount\":0,\"publisher\":{\"@id\":\"https:\\\/\\\/www.eldiario.net\\\/portal\\\/#organization\"},\"image\":{\"@id\":\"https:\\\/\\\/www.eldiario.net\\\/portal\\\/2024\\\/10\\\/09\\\/exigen-cesar-toda-obra-relacionada-con-ciclovia\\\/#primaryimage\"},\"thumbnailUrl\":\"https:\\\/\\\/www.eldiario.net\\\/portal\\\/wp-content\\\/uploads\\\/2024\\\/10\\\/F-1-audiencia.jpg\",\"articleSection\":[\"Nacional\"],\"inLanguage\":\"es\",\"potentialAction\":[{\"@type\":\"CommentAction\",\"name\":\"Comment\",\"target\":[\"https:\\\/\\\/www.eldiario.net\\\/portal\\\/2024\\\/10\\\/09\\\/exigen-cesar-toda-obra-relacionada-con-ciclovia\\\/#respond\"]}]},{\"@type\":\"WebPage\",\"@id\":\"https:\\\/\\\/www.eldiario.net\\\/portal\\\/2024\\\/10\\\/09\\\/exigen-cesar-toda-obra-relacionada-con-ciclovia\\\/\",\"url\":\"https:\\\/\\\/www.eldiario.net\\\/portal\\\/2024\\\/10\\\/09\\\/exigen-cesar-toda-obra-relacionada-con-ciclovia\\\/\",\"name\":\"Exigen cesar toda obra relacionada con ciclov\u00eda - El Diario - Bolivia\",\"isPartOf\":{\"@id\":\"https:\\\/\\\/www.eldiario.net\\\/portal\\\/#website\"},\"primaryImageOfPage\":{\"@id\":\"https:\\\/\\\/www.eldiario.net\\\/portal\\\/2024\\\/10\\\/09\\\/exigen-cesar-toda-obra-relacionada-con-ciclovia\\\/#primaryimage\"},\"image\":{\"@id\":\"https:\\\/\\\/www.eldiario.net\\\/portal\\\/2024\\\/10\\\/09\\\/exigen-cesar-toda-obra-relacionada-con-ciclovia\\\/#primaryimage\"},\"thumbnailUrl\":\"https:\\\/\\\/www.eldiario.net\\\/portal\\\/wp-content\\\/uploads\\\/2024\\\/10\\\/F-1-audiencia.jpg\",\"datePublished\":\"2024-10-09T09:28:05+00:00\",\"breadcrumb\":{\"@id\":\"https:\\\/\\\/www.eldiario.net\\\/portal\\\/2024\\\/10\\\/09\\\/exigen-cesar-toda-obra-relacionada-con-ciclovia\\\/#breadcrumb\"},\"inLanguage\":\"es\",\"potentialAction\":[{\"@type\":\"ReadAction\",\"target\":[\"https:\\\/\\\/www.eldiario.net\\\/portal\\\/2024\\\/10\\\/09\\\/exigen-cesar-toda-obra-relacionada-con-ciclovia\\\/\"]}]},{\"@type\":\"ImageObject\",\"inLanguage\":\"es\",\"@id\":\"https:\\\/\\\/www.eldiario.net\\\/portal\\\/2024\\\/10\\\/09\\\/exigen-cesar-toda-obra-relacionada-con-ciclovia\\\/#primaryimage\",\"url\":\"https:\\\/\\\/www.eldiario.net\\\/portal\\\/wp-content\\\/uploads\\\/2024\\\/10\\\/F-1-audiencia.jpg\",\"contentUrl\":\"https:\\\/\\\/www.eldiario.net\\\/portal\\\/wp-content\\\/uploads\\\/2024\\\/10\\\/F-1-audiencia.jpg\",\"width\":1600,\"height\":1200,\"caption\":\"La audiencia p\u00fablica se realiz\u00f3 la tarde de ayer.\"},{\"@type\":\"BreadcrumbList\",\"@id\":\"https:\\\/\\\/www.eldiario.net\\\/portal\\\/2024\\\/10\\\/09\\\/exigen-cesar-toda-obra-relacionada-con-ciclovia\\\/#breadcrumb\",\"itemListElement\":[{\"@type\":\"ListItem\",\"position\":1,\"name\":\"Portada\",\"item\":\"https:\\\/\\\/www.eldiario.net\\\/portal\\\/\"},{\"@type\":\"ListItem\",\"position\":2,\"name\":\"Exigen cesar toda obra relacionada con ciclov\u00eda\"}]},{\"@type\":\"WebSite\",\"@id\":\"https:\\\/\\\/www.eldiario.net\\\/portal\\\/#website\",\"url\":\"https:\\\/\\\/www.eldiario.net\\\/portal\\\/\",\"name\":\"El Diario - Decano de la prensa nacional\",\"description\":\"El Diario - Decano de la prensa nacional\",\"publisher\":{\"@id\":\"https:\\\/\\\/www.eldiario.net\\\/portal\\\/#organization\"},\"potentialAction\":[{\"@type\":\"SearchAction\",\"target\":{\"@type\":\"EntryPoint\",\"urlTemplate\":\"https:\\\/\\\/www.eldiario.net\\\/portal\\\/?s={search_term_string}\"},\"query-input\":{\"@type\":\"PropertyValueSpecification\",\"valueRequired\":true,\"valueName\":\"search_term_string\"}}],\"inLanguage\":\"es\"},{\"@type\":\"Organization\",\"@id\":\"https:\\\/\\\/www.eldiario.net\\\/portal\\\/#organization\",\"name\":\"El Diario - Decano de la prensa nacional\",\"url\":\"https:\\\/\\\/www.eldiario.net\\\/portal\\\/\",\"logo\":{\"@type\":\"ImageObject\",\"inLanguage\":\"es\",\"@id\":\"https:\\\/\\\/www.eldiario.net\\\/portal\\\/#\\\/schema\\\/logo\\\/image\\\/\",\"url\":\"https:\\\/\\\/www.eldiario.net\\\/portal\\\/wp-content\\\/uploads\\\/2023\\\/07\\\/logo_ED.jpg\",\"contentUrl\":\"https:\\\/\\\/www.eldiario.net\\\/portal\\\/wp-content\\\/uploads\\\/2023\\\/07\\\/logo_ED.jpg\",\"width\":272,\"height\":52,\"caption\":\"El Diario - Decano de la prensa nacional\"},\"image\":{\"@id\":\"https:\\\/\\\/www.eldiario.net\\\/portal\\\/#\\\/schema\\\/logo\\\/image\\\/\"},\"sameAs\":[\"https:\\\/\\\/www.facebook.com\\\/eldiario.bolivia\\\/\",\"https:\\\/\\\/x.com\\\/eldiario_net\"]},{\"@type\":\"Person\",\"@id\":\"https:\\\/\\\/www.eldiario.net\\\/portal\\\/#\\\/schema\\\/person\\\/f46445640444750d7d753ccd04ae01b7\",\"name\":\"Jeanette\",\"image\":{\"@type\":\"ImageObject\",\"inLanguage\":\"es\",\"@id\":\"https:\\\/\\\/secure.gravatar.com\\\/avatar\\\/3ea2118a5f7dad2b7138b1187a6b7ee55f160b9968b66013c3a3ef39dd7e5798?s=96&d=mm&r=g\",\"url\":\"https:\\\/\\\/secure.gravatar.com\\\/avatar\\\/3ea2118a5f7dad2b7138b1187a6b7ee55f160b9968b66013c3a3ef39dd7e5798?s=96&d=mm&r=g\",\"contentUrl\":\"https:\\\/\\\/secure.gravatar.com\\\/avatar\\\/3ea2118a5f7dad2b7138b1187a6b7ee55f160b9968b66013c3a3ef39dd7e5798?s=96&d=mm&r=g\",\"caption\":\"Jeanette\"},\"sameAs\":[\"https:\\\/\\\/www.eldiario.net\\\/portal\"],\"url\":\"https:\\\/\\\/www.eldiario.net\\\/portal\\\/author\\\/jeanette\\\/\"}]}<\/script>\n<!-- \/ Yoast SEO plugin. -->","yoast_head_json":{"title":"Exigen cesar toda obra relacionada con ciclov\u00eda - El Diario - Bolivia","robots":{"index":"index","follow":"follow","max-snippet":"max-snippet:-1","max-image-preview":"max-image-preview:large","max-video-preview":"max-video-preview:-1"},"canonical":"https:\/\/www.eldiario.net\/portal\/2024\/10\/09\/exigen-cesar-toda-obra-relacionada-con-ciclovia\/","og_locale":"es_ES","og_type":"article","og_title":"Exigen cesar toda obra relacionada con ciclov\u00eda - El Diario - Bolivia","og_description":"Luego de horas en audiencia p\u00fablica convocada por el diputado de Comunidad Ciudadana (CC), Alejandro Reyes, para tratar el tema de la ciclov\u00eda ubicada en la zona Sur de la ciudad de La Paz, se redact\u00f3 un voto resolutivo cuyo principal pedido es cesar toda obra relacionada con esa v\u00eda y levantar los elementos, como [&hellip;]","og_url":"https:\/\/www.eldiario.net\/portal\/2024\/10\/09\/exigen-cesar-toda-obra-relacionada-con-ciclovia\/","og_site_name":"El Diario - Bolivia","article_publisher":"https:\/\/www.facebook.com\/eldiario.bolivia\/","article_published_time":"2024-10-09T09:28:05+00:00","og_image":[{"width":1600,"height":1200,"url":"https:\/\/www.eldiario.net\/portal\/wp-content\/uploads\/2024\/10\/F-1-audiencia.jpg","type":"image\/jpeg"}],"author":"Jeanette","twitter_card":"summary_large_image","twitter_creator":"@eldiario_net","twitter_site":"@eldiario_net","twitter_misc":{"Escrito por":"Jeanette","Tiempo de lectura":"4 minutos"},"schema":{"@context":"https:\/\/schema.org","@graph":[{"@type":"Article","@id":"https:\/\/www.eldiario.net\/portal\/2024\/10\/09\/exigen-cesar-toda-obra-relacionada-con-ciclovia\/#article","isPartOf":{"@id":"https:\/\/www.eldiario.net\/portal\/2024\/10\/09\/exigen-cesar-toda-obra-relacionada-con-ciclovia\/"},"author":{"name":"Jeanette","@id":"https:\/\/www.eldiario.net\/portal\/#\/schema\/person\/f46445640444750d7d753ccd04ae01b7"},"headline":"Exigen cesar toda obra relacionada con ciclov\u00eda","datePublished":"2024-10-09T09:28:05+00:00","mainEntityOfPage":{"@id":"https:\/\/www.eldiario.net\/portal\/2024\/10\/09\/exigen-cesar-toda-obra-relacionada-con-ciclovia\/"},"wordCount":675,"commentCount":0,"publisher":{"@id":"https:\/\/www.eldiario.net\/portal\/#organization"},"image":{"@id":"https:\/\/www.eldiario.net\/portal\/2024\/10\/09\/exigen-cesar-toda-obra-relacionada-con-ciclovia\/#primaryimage"},"thumbnailUrl":"https:\/\/www.eldiario.net\/portal\/wp-content\/uploads\/2024\/10\/F-1-audiencia.jpg","articleSection":["Nacional"],"inLanguage":"es","potentialAction":[{"@type":"CommentAction","name":"Comment","target":["https:\/\/www.eldiario.net\/portal\/2024\/10\/09\/exigen-cesar-toda-obra-relacionada-con-ciclovia\/#respond"]}]},{"@type":"WebPage","@id":"https:\/\/www.eldiario.net\/portal\/2024\/10\/09\/exigen-cesar-toda-obra-relacionada-con-ciclovia\/","url":"https:\/\/www.eldiario.net\/portal\/2024\/10\/09\/exigen-cesar-toda-obra-relacionada-con-ciclovia\/","name":"Exigen cesar toda obra relacionada con ciclov\u00eda - El Diario - Bolivia","isPartOf":{"@id":"https:\/\/www.eldiario.net\/portal\/#website"},"primaryImageOfPage":{"@id":"https:\/\/www.eldiario.net\/portal\/2024\/10\/09\/exigen-cesar-toda-obra-relacionada-con-ciclovia\/#primaryimage"},"image":{"@id":"https:\/\/www.eldiario.net\/portal\/2024\/10\/09\/exigen-cesar-toda-obra-relacionada-con-ciclovia\/#primaryimage"},"thumbnailUrl":"https:\/\/www.eldiario.net\/portal\/wp-content\/uploads\/2024\/10\/F-1-audiencia.jpg","datePublished":"2024-10-09T09:28:05+00:00","breadcrumb":{"@id":"https:\/\/www.eldiario.net\/portal\/2024\/10\/09\/exigen-cesar-toda-obra-relacionada-con-ciclovia\/#breadcrumb"},"inLanguage":"es","potentialAction":[{"@type":"ReadAction","target":["https:\/\/www.eldiario.net\/portal\/2024\/10\/09\/exigen-cesar-toda-obra-relacionada-con-ciclovia\/"]}]},{"@type":"ImageObject","inLanguage":"es","@id":"https:\/\/www.eldiario.net\/portal\/2024\/10\/09\/exigen-cesar-toda-obra-relacionada-con-ciclovia\/#primaryimage","url":"https:\/\/www.eldiario.net\/portal\/wp-content\/uploads\/2024\/10\/F-1-audiencia.jpg","contentUrl":"https:\/\/www.eldiario.net\/portal\/wp-content\/uploads\/2024\/10\/F-1-audiencia.jpg","width":1600,"height":1200,"caption":"La audiencia p\u00fablica se realiz\u00f3 la tarde de ayer."},{"@type":"BreadcrumbList","@id":"https:\/\/www.eldiario.net\/portal\/2024\/10\/09\/exigen-cesar-toda-obra-relacionada-con-ciclovia\/#breadcrumb","itemListElement":[{"@type":"ListItem","position":1,"name":"Portada","item":"https:\/\/www.eldiario.net\/portal\/"},{"@type":"ListItem","position":2,"name":"Exigen cesar toda obra relacionada con ciclov\u00eda"}]},{"@type":"WebSite","@id":"https:\/\/www.eldiario.net\/portal\/#website","url":"https:\/\/www.eldiario.net\/portal\/","name":"El Diario - Decano de la prensa nacional","description":"El Diario - Decano de la prensa nacional","publisher":{"@id":"https:\/\/www.eldiario.net\/portal\/#organization"},"potentialAction":[{"@type":"SearchAction","target":{"@type":"EntryPoint","urlTemplate":"https:\/\/www.eldiario.net\/portal\/?s={search_term_string}"},"query-input":{"@type":"PropertyValueSpecification","valueRequired":true,"valueName":"search_term_string"}}],"inLanguage":"es"},{"@type":"Organization","@id":"https:\/\/www.eldiario.net\/portal\/#organization","name":"El Diario - Decano de la prensa nacional","url":"https:\/\/www.eldiario.net\/portal\/","logo":{"@type":"ImageObject","inLanguage":"es","@id":"https:\/\/www.eldiario.net\/portal\/#\/schema\/logo\/image\/","url":"https:\/\/www.eldiario.net\/portal\/wp-content\/uploads\/2023\/07\/logo_ED.jpg","contentUrl":"https:\/\/www.eldiario.net\/portal\/wp-content\/uploads\/2023\/07\/logo_ED.jpg","width":272,"height":52,"caption":"El Diario - Decano de la prensa nacional"},"image":{"@id":"https:\/\/www.eldiario.net\/portal\/#\/schema\/logo\/image\/"},"sameAs":["https:\/\/www.facebook.com\/eldiario.bolivia\/","https:\/\/x.com\/eldiario_net"]},{"@type":"Person","@id":"https:\/\/www.eldiario.net\/portal\/#\/schema\/person\/f46445640444750d7d753ccd04ae01b7","name":"Jeanette","image":{"@type":"ImageObject","inLanguage":"es","@id":"https:\/\/secure.gravatar.com\/avatar\/3ea2118a5f7dad2b7138b1187a6b7ee55f160b9968b66013c3a3ef39dd7e5798?s=96&d=mm&r=g","url":"https:\/\/secure.gravatar.com\/avatar\/3ea2118a5f7dad2b7138b1187a6b7ee55f160b9968b66013c3a3ef39dd7e5798?s=96&d=mm&r=g","contentUrl":"https:\/\/secure.gravatar.com\/avatar\/3ea2118a5f7dad2b7138b1187a6b7ee55f160b9968b66013c3a3ef39dd7e5798?s=96&d=mm&r=g","caption":"Jeanette"},"sameAs":["https:\/\/www.eldiario.net\/portal"],"url":"https:\/\/www.eldiario.net\/portal\/author\/jeanette\/"}]}},"_links":{"self":[{"href":"https:\/\/www.eldiario.net\/portal\/wp-json\/wp\/v2\/posts\/252864","targetHints":{"allow":["GET"]}}],"collection":[{"href":"https:\/\/www.eldiario.net\/portal\/wp-json\/wp\/v2\/posts"}],"about":[{"href":"https:\/\/www.eldiario.net\/portal\/wp-json\/wp\/v2\/types\/post"}],"author":[{"embeddable":true,"href":"https:\/\/www.eldiario.net\/portal\/wp-json\/wp\/v2\/users\/1"}],"replies":[{"embeddable":true,"href":"https:\/\/www.eldiario.net\/portal\/wp-json\/wp\/v2\/comments?post=252864"}],"version-history":[{"count":1,"href":"https:\/\/www.eldiario.net\/portal\/wp-json\/wp\/v2\/posts\/252864\/revisions"}],"predecessor-version":[{"id":252866,"href":"https:\/\/www.eldiario.net\/portal\/wp-json\/wp\/v2\/posts\/252864\/revisions\/252866"}],"wp:featuredmedia":[{"embeddable":true,"href":"https:\/\/www.eldiario.net\/portal\/wp-json\/wp\/v2\/media\/252865"}],"wp:attachment":[{"href":"https:\/\/www.eldiario.net\/portal\/wp-json\/wp\/v2\/media?parent=252864"}],"wp:term":[{"taxonomy":"category","embeddable":true,"href":"https:\/\/www.eldiario.net\/portal\/wp-json\/wp\/v2\/categories?post=252864"},{"taxonomy":"post_tag","embeddable":true,"href":"https:\/\/www.eldiario.net\/portal\/wp-json\/wp\/v2\/tags?post=252864"}],"curies":[{"name":"wp","href":"https:\/\/api.w.org\/{rel}","templated":true}]}}