{"id":252578,"date":"2024-10-07T09:08:56","date_gmt":"2024-10-07T13:08:56","guid":{"rendered":"https:\/\/www.eldiario.net\/portal\/?p=252578"},"modified":"2024-10-07T09:08:56","modified_gmt":"2024-10-07T13:08:56","slug":"rige-alerta-naranja-por-vientos-fuertes-en-cuatro-regiones","status":"publish","type":"post","link":"https:\/\/www.eldiario.net\/portal\/2024\/10\/07\/rige-alerta-naranja-por-vientos-fuertes-en-cuatro-regiones\/","title":{"rendered":"Rige alerta naranja por vientos fuertes en cuatro regiones"},"content":{"rendered":"<p>Una alerta de prioridad naranja por vientos moderados a fuertes est\u00e1 activa para los departamentos de Chuquisaca, Tarija, Santa Cruz y Beni. Estar\u00e1 vigente hasta este martes.<\/p>\n<p>La informaci\u00f3n fue proporcionada por el Servicio Nacional de Meteorolog\u00eda e Hidrolog\u00eda, que determin\u00f3 que en esas regiones se tendr\u00e1 r\u00e1fagas de 60 a 80 kil\u00f3metros por hora.<\/p>\n<p>En el departamento de Santa Cruz se tendr\u00e1 los vientos fuertes en las provincias Ib\u00e1\u00f1ez, Warnes, Ichilo, Sara y Santiesteban, el oeste de Cordillera y Chiquitos y el sur de Guarayos y \u00d1uflo de Ch\u00e1vez.<\/p>\n<p>En el caso de Beni se contar\u00e1 con ese fen\u00f3meno meteorol\u00f3gico en las provincias Marban, Cercado y Moxos, el sur de Yacuma y el suroeste de Ballivi\u00e1n.<\/p>\n<p>Para los casos de los departamentos de Chuquisaca y Tarija se tendr\u00e1 los vientos fuertes por las provincias Luis Calvo y O`Connor, respectivamente.<\/p>\n","protected":false},"excerpt":{"rendered":"<p>Una alerta de prioridad naranja por vientos moderados a fuertes est\u00e1 activa para los departamentos de Chuquisaca, Tarija, Santa Cruz y Beni. Estar\u00e1 vigente hasta este martes. La informaci\u00f3n fue proporcionada por el Servicio Nacional de Meteorolog\u00eda e Hidrolog\u00eda, que determin\u00f3 que en esas regiones se tendr\u00e1 r\u00e1fagas de 60 a 80 kil\u00f3metros por hora. [&hellip;]<\/p>\n","protected":false},"author":2,"featured_media":252579,"comment_status":"open","ping_status":"open","sticky":false,"template":"","format":"standard","meta":{"_acf_changed":false,"footnotes":""},"categories":[51],"tags":[],"class_list":["post-252578","post","type-post","status-publish","format-standard","has-post-thumbnail","category-ultima-hora"],"acf":{"antetitulo":""},"yoast_head":"<!-- This site is optimized with the Yoast SEO plugin v28.4 - https:\/\/yoast.com\/product\/yoast-seo-wordpress\/ -->\n<title>Rige alerta naranja por vientos fuertes en cuatro regiones - El Diario - Bolivia<\/title>\n<meta name=\"robots\" content=\"index, follow, max-snippet:-1, max-image-preview:large, max-video-preview:-1\" \/>\n<link rel=\"canonical\" href=\"https:\/\/www.eldiario.net\/portal\/2024\/10\/07\/rige-alerta-naranja-por-vientos-fuertes-en-cuatro-regiones\/\" \/>\n<meta property=\"og:locale\" content=\"es_ES\" \/>\n<meta property=\"og:type\" content=\"article\" \/>\n<meta property=\"og:title\" content=\"Rige alerta naranja por vientos fuertes en cuatro regiones - El Diario - Bolivia\" \/>\n<meta property=\"og:description\" content=\"Una alerta de prioridad naranja por vientos moderados a fuertes est\u00e1 activa para los departamentos de Chuquisaca, Tarija, Santa Cruz y Beni. Estar\u00e1 vigente hasta este martes. La informaci\u00f3n fue proporcionada por el Servicio Nacional de Meteorolog\u00eda e Hidrolog\u00eda, que determin\u00f3 que en esas regiones se tendr\u00e1 r\u00e1fagas de 60 a 80 kil\u00f3metros por hora. [&hellip;]\" \/>\n<meta property=\"og:url\" content=\"https:\/\/www.eldiario.net\/portal\/2024\/10\/07\/rige-alerta-naranja-por-vientos-fuertes-en-cuatro-regiones\/\" \/>\n<meta property=\"og:site_name\" content=\"El Diario - Bolivia\" \/>\n<meta property=\"article:publisher\" content=\"https:\/\/www.facebook.com\/eldiario.bolivia\/\" \/>\n<meta property=\"article:published_time\" content=\"2024-10-07T13:08:56+00:00\" \/>\n<meta property=\"og:image\" content=\"https:\/\/www.eldiario.net\/portal\/wp-content\/uploads\/2024\/10\/VIENTOS-FUERTES.jpg\" \/>\n\t<meta property=\"og:image:width\" content=\"500\" \/>\n\t<meta property=\"og:image:height\" content=\"294\" \/>\n\t<meta property=\"og:image:type\" content=\"image\/jpeg\" \/>\n<meta name=\"author\" content=\"luis Camacho\" \/>\n<meta name=\"twitter:card\" content=\"summary_large_image\" \/>\n<meta name=\"twitter:creator\" content=\"@eldiario_net\" \/>\n<meta name=\"twitter:site\" content=\"@eldiario_net\" \/>\n<meta name=\"twitter:label1\" content=\"Escrito por\" \/>\n\t<meta name=\"twitter:data1\" content=\"luis Camacho\" \/>\n\t<meta name=\"twitter:label2\" content=\"Tiempo de lectura\" \/>\n\t<meta name=\"twitter:data2\" content=\"1 minuto\" \/>\n<script type=\"application\/ld+json\" class=\"yoast-schema-graph\">{\"@context\":\"https:\\\/\\\/schema.org\",\"@graph\":[{\"@type\":\"Article\",\"@id\":\"https:\\\/\\\/www.eldiario.net\\\/portal\\\/2024\\\/10\\\/07\\\/rige-alerta-naranja-por-vientos-fuertes-en-cuatro-regiones\\\/#article\",\"isPartOf\":{\"@id\":\"https:\\\/\\\/www.eldiario.net\\\/portal\\\/2024\\\/10\\\/07\\\/rige-alerta-naranja-por-vientos-fuertes-en-cuatro-regiones\\\/\"},\"author\":{\"name\":\"luis Camacho\",\"@id\":\"https:\\\/\\\/www.eldiario.net\\\/portal\\\/#\\\/schema\\\/person\\\/cab1ae4db27e5f008a62cbffb05fbfee\"},\"headline\":\"Rige alerta naranja por vientos fuertes en cuatro regiones\",\"datePublished\":\"2024-10-07T13:08:56+00:00\",\"mainEntityOfPage\":{\"@id\":\"https:\\\/\\\/www.eldiario.net\\\/portal\\\/2024\\\/10\\\/07\\\/rige-alerta-naranja-por-vientos-fuertes-en-cuatro-regiones\\\/\"},\"wordCount\":158,\"commentCount\":0,\"publisher\":{\"@id\":\"https:\\\/\\\/www.eldiario.net\\\/portal\\\/#organization\"},\"image\":{\"@id\":\"https:\\\/\\\/www.eldiario.net\\\/portal\\\/2024\\\/10\\\/07\\\/rige-alerta-naranja-por-vientos-fuertes-en-cuatro-regiones\\\/#primaryimage\"},\"thumbnailUrl\":\"https:\\\/\\\/www.eldiario.net\\\/portal\\\/wp-content\\\/uploads\\\/2024\\\/10\\\/VIENTOS-FUERTES.jpg\",\"articleSection\":[\"\u00daltima Hora\"],\"inLanguage\":\"es\",\"potentialAction\":[{\"@type\":\"CommentAction\",\"name\":\"Comment\",\"target\":[\"https:\\\/\\\/www.eldiario.net\\\/portal\\\/2024\\\/10\\\/07\\\/rige-alerta-naranja-por-vientos-fuertes-en-cuatro-regiones\\\/#respond\"]}]},{\"@type\":\"WebPage\",\"@id\":\"https:\\\/\\\/www.eldiario.net\\\/portal\\\/2024\\\/10\\\/07\\\/rige-alerta-naranja-por-vientos-fuertes-en-cuatro-regiones\\\/\",\"url\":\"https:\\\/\\\/www.eldiario.net\\\/portal\\\/2024\\\/10\\\/07\\\/rige-alerta-naranja-por-vientos-fuertes-en-cuatro-regiones\\\/\",\"name\":\"Rige alerta naranja por vientos fuertes en cuatro regiones - El Diario - Bolivia\",\"isPartOf\":{\"@id\":\"https:\\\/\\\/www.eldiario.net\\\/portal\\\/#website\"},\"primaryImageOfPage\":{\"@id\":\"https:\\\/\\\/www.eldiario.net\\\/portal\\\/2024\\\/10\\\/07\\\/rige-alerta-naranja-por-vientos-fuertes-en-cuatro-regiones\\\/#primaryimage\"},\"image\":{\"@id\":\"https:\\\/\\\/www.eldiario.net\\\/portal\\\/2024\\\/10\\\/07\\\/rige-alerta-naranja-por-vientos-fuertes-en-cuatro-regiones\\\/#primaryimage\"},\"thumbnailUrl\":\"https:\\\/\\\/www.eldiario.net\\\/portal\\\/wp-content\\\/uploads\\\/2024\\\/10\\\/VIENTOS-FUERTES.jpg\",\"datePublished\":\"2024-10-07T13:08:56+00:00\",\"breadcrumb\":{\"@id\":\"https:\\\/\\\/www.eldiario.net\\\/portal\\\/2024\\\/10\\\/07\\\/rige-alerta-naranja-por-vientos-fuertes-en-cuatro-regiones\\\/#breadcrumb\"},\"inLanguage\":\"es\",\"potentialAction\":[{\"@type\":\"ReadAction\",\"target\":[\"https:\\\/\\\/www.eldiario.net\\\/portal\\\/2024\\\/10\\\/07\\\/rige-alerta-naranja-por-vientos-fuertes-en-cuatro-regiones\\\/\"]}]},{\"@type\":\"ImageObject\",\"inLanguage\":\"es\",\"@id\":\"https:\\\/\\\/www.eldiario.net\\\/portal\\\/2024\\\/10\\\/07\\\/rige-alerta-naranja-por-vientos-fuertes-en-cuatro-regiones\\\/#primaryimage\",\"url\":\"https:\\\/\\\/www.eldiario.net\\\/portal\\\/wp-content\\\/uploads\\\/2024\\\/10\\\/VIENTOS-FUERTES.jpg\",\"contentUrl\":\"https:\\\/\\\/www.eldiario.net\\\/portal\\\/wp-content\\\/uploads\\\/2024\\\/10\\\/VIENTOS-FUERTES.jpg\",\"width\":500,\"height\":294,\"caption\":\"Foto: Archivo.\"},{\"@type\":\"BreadcrumbList\",\"@id\":\"https:\\\/\\\/www.eldiario.net\\\/portal\\\/2024\\\/10\\\/07\\\/rige-alerta-naranja-por-vientos-fuertes-en-cuatro-regiones\\\/#breadcrumb\",\"itemListElement\":[{\"@type\":\"ListItem\",\"position\":1,\"name\":\"Portada\",\"item\":\"https:\\\/\\\/www.eldiario.net\\\/portal\\\/\"},{\"@type\":\"ListItem\",\"position\":2,\"name\":\"Rige alerta naranja por vientos fuertes en cuatro regiones\"}]},{\"@type\":\"WebSite\",\"@id\":\"https:\\\/\\\/www.eldiario.net\\\/portal\\\/#website\",\"url\":\"https:\\\/\\\/www.eldiario.net\\\/portal\\\/\",\"name\":\"El Diario - Decano de la prensa nacional\",\"description\":\"El Diario - Decano de la prensa nacional\",\"publisher\":{\"@id\":\"https:\\\/\\\/www.eldiario.net\\\/portal\\\/#organization\"},\"potentialAction\":[{\"@type\":\"SearchAction\",\"target\":{\"@type\":\"EntryPoint\",\"urlTemplate\":\"https:\\\/\\\/www.eldiario.net\\\/portal\\\/?s={search_term_string}\"},\"query-input\":{\"@type\":\"PropertyValueSpecification\",\"valueRequired\":true,\"valueName\":\"search_term_string\"}}],\"inLanguage\":\"es\"},{\"@type\":\"Organization\",\"@id\":\"https:\\\/\\\/www.eldiario.net\\\/portal\\\/#organization\",\"name\":\"El Diario - Decano de la prensa nacional\",\"url\":\"https:\\\/\\\/www.eldiario.net\\\/portal\\\/\",\"logo\":{\"@type\":\"ImageObject\",\"inLanguage\":\"es\",\"@id\":\"https:\\\/\\\/www.eldiario.net\\\/portal\\\/#\\\/schema\\\/logo\\\/image\\\/\",\"url\":\"https:\\\/\\\/www.eldiario.net\\\/portal\\\/wp-content\\\/uploads\\\/2023\\\/07\\\/logo_ED.jpg\",\"contentUrl\":\"https:\\\/\\\/www.eldiario.net\\\/portal\\\/wp-content\\\/uploads\\\/2023\\\/07\\\/logo_ED.jpg\",\"width\":272,\"height\":52,\"caption\":\"El Diario - Decano de la prensa nacional\"},\"image\":{\"@id\":\"https:\\\/\\\/www.eldiario.net\\\/portal\\\/#\\\/schema\\\/logo\\\/image\\\/\"},\"sameAs\":[\"https:\\\/\\\/www.facebook.com\\\/eldiario.bolivia\\\/\",\"https:\\\/\\\/x.com\\\/eldiario_net\"]},{\"@type\":\"Person\",\"@id\":\"https:\\\/\\\/www.eldiario.net\\\/portal\\\/#\\\/schema\\\/person\\\/cab1ae4db27e5f008a62cbffb05fbfee\",\"name\":\"luis Camacho\",\"image\":{\"@type\":\"ImageObject\",\"inLanguage\":\"es\",\"@id\":\"https:\\\/\\\/secure.gravatar.com\\\/avatar\\\/69ecb836b3826d5a2501bf06ab2a2f2c8ab211cc846758f395df21684cb38313?s=96&d=mm&r=g\",\"url\":\"https:\\\/\\\/secure.gravatar.com\\\/avatar\\\/69ecb836b3826d5a2501bf06ab2a2f2c8ab211cc846758f395df21684cb38313?s=96&d=mm&r=g\",\"contentUrl\":\"https:\\\/\\\/secure.gravatar.com\\\/avatar\\\/69ecb836b3826d5a2501bf06ab2a2f2c8ab211cc846758f395df21684cb38313?s=96&d=mm&r=g\",\"caption\":\"luis Camacho\"},\"url\":\"https:\\\/\\\/www.eldiario.net\\\/portal\\\/author\\\/luis\\\/\"}]}<\/script>\n<!-- \/ Yoast SEO plugin. -->","yoast_head_json":{"title":"Rige alerta naranja por vientos fuertes en cuatro regiones - El Diario - Bolivia","robots":{"index":"index","follow":"follow","max-snippet":"max-snippet:-1","max-image-preview":"max-image-preview:large","max-video-preview":"max-video-preview:-1"},"canonical":"https:\/\/www.eldiario.net\/portal\/2024\/10\/07\/rige-alerta-naranja-por-vientos-fuertes-en-cuatro-regiones\/","og_locale":"es_ES","og_type":"article","og_title":"Rige alerta naranja por vientos fuertes en cuatro regiones - El Diario - Bolivia","og_description":"Una alerta de prioridad naranja por vientos moderados a fuertes est\u00e1 activa para los departamentos de Chuquisaca, Tarija, Santa Cruz y Beni. Estar\u00e1 vigente hasta este martes. La informaci\u00f3n fue proporcionada por el Servicio Nacional de Meteorolog\u00eda e Hidrolog\u00eda, que determin\u00f3 que en esas regiones se tendr\u00e1 r\u00e1fagas de 60 a 80 kil\u00f3metros por hora. [&hellip;]","og_url":"https:\/\/www.eldiario.net\/portal\/2024\/10\/07\/rige-alerta-naranja-por-vientos-fuertes-en-cuatro-regiones\/","og_site_name":"El Diario - Bolivia","article_publisher":"https:\/\/www.facebook.com\/eldiario.bolivia\/","article_published_time":"2024-10-07T13:08:56+00:00","og_image":[{"width":500,"height":294,"url":"https:\/\/www.eldiario.net\/portal\/wp-content\/uploads\/2024\/10\/VIENTOS-FUERTES.jpg","type":"image\/jpeg"}],"author":"luis Camacho","twitter_card":"summary_large_image","twitter_creator":"@eldiario_net","twitter_site":"@eldiario_net","twitter_misc":{"Escrito por":"luis Camacho","Tiempo de lectura":"1 minuto"},"schema":{"@context":"https:\/\/schema.org","@graph":[{"@type":"Article","@id":"https:\/\/www.eldiario.net\/portal\/2024\/10\/07\/rige-alerta-naranja-por-vientos-fuertes-en-cuatro-regiones\/#article","isPartOf":{"@id":"https:\/\/www.eldiario.net\/portal\/2024\/10\/07\/rige-alerta-naranja-por-vientos-fuertes-en-cuatro-regiones\/"},"author":{"name":"luis Camacho","@id":"https:\/\/www.eldiario.net\/portal\/#\/schema\/person\/cab1ae4db27e5f008a62cbffb05fbfee"},"headline":"Rige alerta naranja por vientos fuertes en cuatro regiones","datePublished":"2024-10-07T13:08:56+00:00","mainEntityOfPage":{"@id":"https:\/\/www.eldiario.net\/portal\/2024\/10\/07\/rige-alerta-naranja-por-vientos-fuertes-en-cuatro-regiones\/"},"wordCount":158,"commentCount":0,"publisher":{"@id":"https:\/\/www.eldiario.net\/portal\/#organization"},"image":{"@id":"https:\/\/www.eldiario.net\/portal\/2024\/10\/07\/rige-alerta-naranja-por-vientos-fuertes-en-cuatro-regiones\/#primaryimage"},"thumbnailUrl":"https:\/\/www.eldiario.net\/portal\/wp-content\/uploads\/2024\/10\/VIENTOS-FUERTES.jpg","articleSection":["\u00daltima Hora"],"inLanguage":"es","potentialAction":[{"@type":"CommentAction","name":"Comment","target":["https:\/\/www.eldiario.net\/portal\/2024\/10\/07\/rige-alerta-naranja-por-vientos-fuertes-en-cuatro-regiones\/#respond"]}]},{"@type":"WebPage","@id":"https:\/\/www.eldiario.net\/portal\/2024\/10\/07\/rige-alerta-naranja-por-vientos-fuertes-en-cuatro-regiones\/","url":"https:\/\/www.eldiario.net\/portal\/2024\/10\/07\/rige-alerta-naranja-por-vientos-fuertes-en-cuatro-regiones\/","name":"Rige alerta naranja por vientos fuertes en cuatro regiones - El Diario - Bolivia","isPartOf":{"@id":"https:\/\/www.eldiario.net\/portal\/#website"},"primaryImageOfPage":{"@id":"https:\/\/www.eldiario.net\/portal\/2024\/10\/07\/rige-alerta-naranja-por-vientos-fuertes-en-cuatro-regiones\/#primaryimage"},"image":{"@id":"https:\/\/www.eldiario.net\/portal\/2024\/10\/07\/rige-alerta-naranja-por-vientos-fuertes-en-cuatro-regiones\/#primaryimage"},"thumbnailUrl":"https:\/\/www.eldiario.net\/portal\/wp-content\/uploads\/2024\/10\/VIENTOS-FUERTES.jpg","datePublished":"2024-10-07T13:08:56+00:00","breadcrumb":{"@id":"https:\/\/www.eldiario.net\/portal\/2024\/10\/07\/rige-alerta-naranja-por-vientos-fuertes-en-cuatro-regiones\/#breadcrumb"},"inLanguage":"es","potentialAction":[{"@type":"ReadAction","target":["https:\/\/www.eldiario.net\/portal\/2024\/10\/07\/rige-alerta-naranja-por-vientos-fuertes-en-cuatro-regiones\/"]}]},{"@type":"ImageObject","inLanguage":"es","@id":"https:\/\/www.eldiario.net\/portal\/2024\/10\/07\/rige-alerta-naranja-por-vientos-fuertes-en-cuatro-regiones\/#primaryimage","url":"https:\/\/www.eldiario.net\/portal\/wp-content\/uploads\/2024\/10\/VIENTOS-FUERTES.jpg","contentUrl":"https:\/\/www.eldiario.net\/portal\/wp-content\/uploads\/2024\/10\/VIENTOS-FUERTES.jpg","width":500,"height":294,"caption":"Foto: Archivo."},{"@type":"BreadcrumbList","@id":"https:\/\/www.eldiario.net\/portal\/2024\/10\/07\/rige-alerta-naranja-por-vientos-fuertes-en-cuatro-regiones\/#breadcrumb","itemListElement":[{"@type":"ListItem","position":1,"name":"Portada","item":"https:\/\/www.eldiario.net\/portal\/"},{"@type":"ListItem","position":2,"name":"Rige alerta naranja por vientos fuertes en cuatro regiones"}]},{"@type":"WebSite","@id":"https:\/\/www.eldiario.net\/portal\/#website","url":"https:\/\/www.eldiario.net\/portal\/","name":"El Diario - Decano de la prensa nacional","description":"El Diario - Decano de la prensa nacional","publisher":{"@id":"https:\/\/www.eldiario.net\/portal\/#organization"},"potentialAction":[{"@type":"SearchAction","target":{"@type":"EntryPoint","urlTemplate":"https:\/\/www.eldiario.net\/portal\/?s={search_term_string}"},"query-input":{"@type":"PropertyValueSpecification","valueRequired":true,"valueName":"search_term_string"}}],"inLanguage":"es"},{"@type":"Organization","@id":"https:\/\/www.eldiario.net\/portal\/#organization","name":"El Diario - Decano de la prensa nacional","url":"https:\/\/www.eldiario.net\/portal\/","logo":{"@type":"ImageObject","inLanguage":"es","@id":"https:\/\/www.eldiario.net\/portal\/#\/schema\/logo\/image\/","url":"https:\/\/www.eldiario.net\/portal\/wp-content\/uploads\/2023\/07\/logo_ED.jpg","contentUrl":"https:\/\/www.eldiario.net\/portal\/wp-content\/uploads\/2023\/07\/logo_ED.jpg","width":272,"height":52,"caption":"El Diario - Decano de la prensa nacional"},"image":{"@id":"https:\/\/www.eldiario.net\/portal\/#\/schema\/logo\/image\/"},"sameAs":["https:\/\/www.facebook.com\/eldiario.bolivia\/","https:\/\/x.com\/eldiario_net"]},{"@type":"Person","@id":"https:\/\/www.eldiario.net\/portal\/#\/schema\/person\/cab1ae4db27e5f008a62cbffb05fbfee","name":"luis Camacho","image":{"@type":"ImageObject","inLanguage":"es","@id":"https:\/\/secure.gravatar.com\/avatar\/69ecb836b3826d5a2501bf06ab2a2f2c8ab211cc846758f395df21684cb38313?s=96&d=mm&r=g","url":"https:\/\/secure.gravatar.com\/avatar\/69ecb836b3826d5a2501bf06ab2a2f2c8ab211cc846758f395df21684cb38313?s=96&d=mm&r=g","contentUrl":"https:\/\/secure.gravatar.com\/avatar\/69ecb836b3826d5a2501bf06ab2a2f2c8ab211cc846758f395df21684cb38313?s=96&d=mm&r=g","caption":"luis Camacho"},"url":"https:\/\/www.eldiario.net\/portal\/author\/luis\/"}]}},"_links":{"self":[{"href":"https:\/\/www.eldiario.net\/portal\/wp-json\/wp\/v2\/posts\/252578","targetHints":{"allow":["GET"]}}],"collection":[{"href":"https:\/\/www.eldiario.net\/portal\/wp-json\/wp\/v2\/posts"}],"about":[{"href":"https:\/\/www.eldiario.net\/portal\/wp-json\/wp\/v2\/types\/post"}],"author":[{"embeddable":true,"href":"https:\/\/www.eldiario.net\/portal\/wp-json\/wp\/v2\/users\/2"}],"replies":[{"embeddable":true,"href":"https:\/\/www.eldiario.net\/portal\/wp-json\/wp\/v2\/comments?post=252578"}],"version-history":[{"count":1,"href":"https:\/\/www.eldiario.net\/portal\/wp-json\/wp\/v2\/posts\/252578\/revisions"}],"predecessor-version":[{"id":252580,"href":"https:\/\/www.eldiario.net\/portal\/wp-json\/wp\/v2\/posts\/252578\/revisions\/252580"}],"wp:featuredmedia":[{"embeddable":true,"href":"https:\/\/www.eldiario.net\/portal\/wp-json\/wp\/v2\/media\/252579"}],"wp:attachment":[{"href":"https:\/\/www.eldiario.net\/portal\/wp-json\/wp\/v2\/media?parent=252578"}],"wp:term":[{"taxonomy":"category","embeddable":true,"href":"https:\/\/www.eldiario.net\/portal\/wp-json\/wp\/v2\/categories?post=252578"},{"taxonomy":"post_tag","embeddable":true,"href":"https:\/\/www.eldiario.net\/portal\/wp-json\/wp\/v2\/tags?post=252578"}],"curies":[{"name":"wp","href":"https:\/\/api.w.org\/{rel}","templated":true}]}}