{"id":25250,"date":"2021-08-23T06:18:56","date_gmt":"2021-08-23T10:18:56","guid":{"rendered":"https:\/\/www.eldiario.net\/portal\/?p=25250"},"modified":"2021-08-23T06:18:56","modified_gmt":"2021-08-23T10:18:56","slug":"quiroga-destaca-labor-de-amparo-carvajal-por-los-derechos-de-anez","status":"publish","type":"post","link":"https:\/\/www.eldiario.net\/portal\/2021\/08\/23\/quiroga-destaca-labor-de-amparo-carvajal-por-los-derechos-de-anez\/","title":{"rendered":"Quiroga destaca labor de Amparo  Carvajal por los derechos de A\u00f1ez"},"content":{"rendered":"<p>Debido a todas las acciones realizadas para exigir que se garanticen los derechos de la expresidenta Jeanine A\u00f1ez en el penal de Miraflores, el expresidente Jorge Quiroga Ram\u00edrez destac\u00f3 la labor de la presidenta de la Asamblea Permanente de Derechos Humanos de Bolivia (Apdhb), Amparo Carvajal, quien se mantiene firme ante las arbitrariedades y acompa\u00f1a las manifestaciones pac\u00edficas de la ciudadan\u00eda.<br \/>\nMediante su cuenta de Twitter, el exmandatario ponder\u00f3 la dedicaci\u00f3n de la Presidenta de Derechos Humanos de Bolivia y se\u00f1al\u00f3 que personifica la dignidad de la mujer; lament\u00f3 que Carvajal haya llegado hasta las l\u00e1grimas exigiendo ingresar al penal de Miraflores para sostener un encuentro con A\u00f1ez a fin de constatar el estado de su salud.<br \/>\nQuiroga dijo que por la delicada situaci\u00f3n en la que se encuentra la salud de la expresidenta, el sistema judicial la est\u00e1 condenando a una pena de muerte en c\u00e1mara lenta.<br \/>\n\u201cLa dignidad hecha mujer. Amparo Carvajal, presidenta de la Asamblea Permanente de Derechos Humanos de Bolivia, llora en la puerta de la c\u00e1rcel de Jeanine A\u00f1ez, porque est\u00e1n sometiendo a la ex presidenta a una pena de muerte en c\u00e1mara lenta\u201d, expres\u00f3 mediante redes.<br \/>\nEstas manifestaciones surgen despu\u00e9s que a lo largo del fin de semana se viera a Carvajal encabezar movilizaciones e instalar una vigilia para exigir respeto a los derechos y garant\u00edas de la expresidenta Jeanine A\u00f1ez al interior del penal de Miraflores en la sede de Gobierno.<br \/>\n\u201cEstamos todos con la cabeza masacrada porque la justicia, como dice el propio informe, no es justa. Ese Fiscal General al que yo le escrib\u00ed \u00bfQu\u00e9 ha hecho? masacrarnos a todos, no solo hay masacre en Sacaba y Senkata, nos masacra la cabeza\u201d, manifest\u00f3 a medios de comunicaci\u00f3n.<br \/>\nAnte estas muestras de apoyo, los hijos de la exmandataria, desde redes sociales, expresaron agradecimiento a la presidenta de la Apdhb y a todos los ciudadanos que se hicieron presentes, pidiendo que A\u00f1ez pueda defenderse en libertad.<br \/>\n\u201cGracias se\u00f1ora Amparo Carvajal por no abandonar, gracias a todos los ciudadanos que han expresado su apoyo a Jeanine A\u00f1ez en estos momentos de dificultad y desamparo. Sus hijos, pedimos oraciones por nuestra madre\u201d, manifestaron.<\/p>\n","protected":false},"excerpt":{"rendered":"<p>Debido a todas las acciones realizadas para exigir que se garanticen los derechos de la expresidenta Jeanine A\u00f1ez en el penal de Miraflores, el expresidente Jorge Quiroga Ram\u00edrez destac\u00f3 la labor de la presidenta de la Asamblea Permanente de Derechos Humanos de Bolivia (Apdhb), Amparo Carvajal, quien se mantiene firme ante las arbitrariedades y acompa\u00f1a [&hellip;]<\/p>\n","protected":false},"author":1,"featured_media":25251,"comment_status":"closed","ping_status":"closed","sticky":false,"template":"","format":"standard","meta":{"_acf_changed":false,"footnotes":""},"categories":[14],"tags":[],"class_list":["post-25250","post","type-post","status-publish","format-standard","has-post-thumbnail","category-politica"],"acf":{"antetitulo":""},"yoast_head":"<!-- This site is optimized with the Yoast SEO plugin v28.4 - https:\/\/yoast.com\/product\/yoast-seo-wordpress\/ -->\n<title>Quiroga destaca labor de Amparo Carvajal por los derechos de A\u00f1ez - El Diario - Bolivia<\/title>\n<meta name=\"robots\" content=\"index, follow, max-snippet:-1, max-image-preview:large, max-video-preview:-1\" \/>\n<link rel=\"canonical\" href=\"https:\/\/www.eldiario.net\/portal\/2021\/08\/23\/quiroga-destaca-labor-de-amparo-carvajal-por-los-derechos-de-anez\/\" \/>\n<meta property=\"og:locale\" content=\"es_ES\" \/>\n<meta property=\"og:type\" content=\"article\" \/>\n<meta property=\"og:title\" content=\"Quiroga destaca labor de Amparo Carvajal por los derechos de A\u00f1ez - El Diario - Bolivia\" \/>\n<meta property=\"og:description\" content=\"Debido a todas las acciones realizadas para exigir que se garanticen los derechos de la expresidenta Jeanine A\u00f1ez en el penal de Miraflores, el expresidente Jorge Quiroga Ram\u00edrez destac\u00f3 la labor de la presidenta de la Asamblea Permanente de Derechos Humanos de Bolivia (Apdhb), Amparo Carvajal, quien se mantiene firme ante las arbitrariedades y acompa\u00f1a [&hellip;]\" \/>\n<meta property=\"og:url\" content=\"https:\/\/www.eldiario.net\/portal\/2021\/08\/23\/quiroga-destaca-labor-de-amparo-carvajal-por-los-derechos-de-anez\/\" \/>\n<meta property=\"og:site_name\" content=\"El Diario - Bolivia\" \/>\n<meta property=\"article:publisher\" content=\"https:\/\/www.facebook.com\/eldiario.bolivia\/\" \/>\n<meta property=\"article:published_time\" content=\"2021-08-23T10:18:56+00:00\" \/>\n<meta name=\"author\" content=\"Jeanette\" \/>\n<meta name=\"twitter:card\" content=\"summary_large_image\" \/>\n<meta name=\"twitter:creator\" content=\"@eldiario_net\" \/>\n<meta name=\"twitter:site\" content=\"@eldiario_net\" \/>\n<meta name=\"twitter:label1\" content=\"Escrito por\" \/>\n\t<meta name=\"twitter:data1\" content=\"Jeanette\" \/>\n\t<meta name=\"twitter:label2\" content=\"Tiempo de lectura\" \/>\n\t<meta name=\"twitter:data2\" content=\"2 minutos\" \/>\n<script type=\"application\/ld+json\" class=\"yoast-schema-graph\">{\"@context\":\"https:\\\/\\\/schema.org\",\"@graph\":[{\"@type\":\"Article\",\"@id\":\"https:\\\/\\\/www.eldiario.net\\\/portal\\\/2021\\\/08\\\/23\\\/quiroga-destaca-labor-de-amparo-carvajal-por-los-derechos-de-anez\\\/#article\",\"isPartOf\":{\"@id\":\"https:\\\/\\\/www.eldiario.net\\\/portal\\\/2021\\\/08\\\/23\\\/quiroga-destaca-labor-de-amparo-carvajal-por-los-derechos-de-anez\\\/\"},\"author\":{\"name\":\"Jeanette\",\"@id\":\"https:\\\/\\\/www.eldiario.net\\\/portal\\\/#\\\/schema\\\/person\\\/f46445640444750d7d753ccd04ae01b7\"},\"headline\":\"Quiroga destaca labor de Amparo Carvajal por los derechos de A\u00f1ez\",\"datePublished\":\"2021-08-23T10:18:56+00:00\",\"mainEntityOfPage\":{\"@id\":\"https:\\\/\\\/www.eldiario.net\\\/portal\\\/2021\\\/08\\\/23\\\/quiroga-destaca-labor-de-amparo-carvajal-por-los-derechos-de-anez\\\/\"},\"wordCount\":392,\"publisher\":{\"@id\":\"https:\\\/\\\/www.eldiario.net\\\/portal\\\/#organization\"},\"image\":{\"@id\":\"https:\\\/\\\/www.eldiario.net\\\/portal\\\/2021\\\/08\\\/23\\\/quiroga-destaca-labor-de-amparo-carvajal-por-los-derechos-de-anez\\\/#primaryimage\"},\"thumbnailUrl\":\"\",\"articleSection\":[\"Pol\u00edtica\"],\"inLanguage\":\"es\"},{\"@type\":\"WebPage\",\"@id\":\"https:\\\/\\\/www.eldiario.net\\\/portal\\\/2021\\\/08\\\/23\\\/quiroga-destaca-labor-de-amparo-carvajal-por-los-derechos-de-anez\\\/\",\"url\":\"https:\\\/\\\/www.eldiario.net\\\/portal\\\/2021\\\/08\\\/23\\\/quiroga-destaca-labor-de-amparo-carvajal-por-los-derechos-de-anez\\\/\",\"name\":\"Quiroga destaca labor de Amparo Carvajal por los derechos de A\u00f1ez - El Diario - Bolivia\",\"isPartOf\":{\"@id\":\"https:\\\/\\\/www.eldiario.net\\\/portal\\\/#website\"},\"primaryImageOfPage\":{\"@id\":\"https:\\\/\\\/www.eldiario.net\\\/portal\\\/2021\\\/08\\\/23\\\/quiroga-destaca-labor-de-amparo-carvajal-por-los-derechos-de-anez\\\/#primaryimage\"},\"image\":{\"@id\":\"https:\\\/\\\/www.eldiario.net\\\/portal\\\/2021\\\/08\\\/23\\\/quiroga-destaca-labor-de-amparo-carvajal-por-los-derechos-de-anez\\\/#primaryimage\"},\"thumbnailUrl\":\"\",\"datePublished\":\"2021-08-23T10:18:56+00:00\",\"breadcrumb\":{\"@id\":\"https:\\\/\\\/www.eldiario.net\\\/portal\\\/2021\\\/08\\\/23\\\/quiroga-destaca-labor-de-amparo-carvajal-por-los-derechos-de-anez\\\/#breadcrumb\"},\"inLanguage\":\"es\",\"potentialAction\":[{\"@type\":\"ReadAction\",\"target\":[\"https:\\\/\\\/www.eldiario.net\\\/portal\\\/2021\\\/08\\\/23\\\/quiroga-destaca-labor-de-amparo-carvajal-por-los-derechos-de-anez\\\/\"]}]},{\"@type\":\"ImageObject\",\"inLanguage\":\"es\",\"@id\":\"https:\\\/\\\/www.eldiario.net\\\/portal\\\/2021\\\/08\\\/23\\\/quiroga-destaca-labor-de-amparo-carvajal-por-los-derechos-de-anez\\\/#primaryimage\",\"url\":\"\",\"contentUrl\":\"\"},{\"@type\":\"BreadcrumbList\",\"@id\":\"https:\\\/\\\/www.eldiario.net\\\/portal\\\/2021\\\/08\\\/23\\\/quiroga-destaca-labor-de-amparo-carvajal-por-los-derechos-de-anez\\\/#breadcrumb\",\"itemListElement\":[{\"@type\":\"ListItem\",\"position\":1,\"name\":\"Portada\",\"item\":\"https:\\\/\\\/www.eldiario.net\\\/portal\\\/\"},{\"@type\":\"ListItem\",\"position\":2,\"name\":\"Quiroga destaca labor de Amparo Carvajal por los derechos de A\u00f1ez\"}]},{\"@type\":\"WebSite\",\"@id\":\"https:\\\/\\\/www.eldiario.net\\\/portal\\\/#website\",\"url\":\"https:\\\/\\\/www.eldiario.net\\\/portal\\\/\",\"name\":\"El Diario - Decano de la prensa nacional\",\"description\":\"El Diario - Decano de la prensa nacional\",\"publisher\":{\"@id\":\"https:\\\/\\\/www.eldiario.net\\\/portal\\\/#organization\"},\"potentialAction\":[{\"@type\":\"SearchAction\",\"target\":{\"@type\":\"EntryPoint\",\"urlTemplate\":\"https:\\\/\\\/www.eldiario.net\\\/portal\\\/?s={search_term_string}\"},\"query-input\":{\"@type\":\"PropertyValueSpecification\",\"valueRequired\":true,\"valueName\":\"search_term_string\"}}],\"inLanguage\":\"es\"},{\"@type\":\"Organization\",\"@id\":\"https:\\\/\\\/www.eldiario.net\\\/portal\\\/#organization\",\"name\":\"El Diario - Decano de la prensa nacional\",\"url\":\"https:\\\/\\\/www.eldiario.net\\\/portal\\\/\",\"logo\":{\"@type\":\"ImageObject\",\"inLanguage\":\"es\",\"@id\":\"https:\\\/\\\/www.eldiario.net\\\/portal\\\/#\\\/schema\\\/logo\\\/image\\\/\",\"url\":\"https:\\\/\\\/www.eldiario.net\\\/portal\\\/wp-content\\\/uploads\\\/2023\\\/07\\\/logo_ED.jpg\",\"contentUrl\":\"https:\\\/\\\/www.eldiario.net\\\/portal\\\/wp-content\\\/uploads\\\/2023\\\/07\\\/logo_ED.jpg\",\"width\":272,\"height\":52,\"caption\":\"El Diario - Decano de la prensa nacional\"},\"image\":{\"@id\":\"https:\\\/\\\/www.eldiario.net\\\/portal\\\/#\\\/schema\\\/logo\\\/image\\\/\"},\"sameAs\":[\"https:\\\/\\\/www.facebook.com\\\/eldiario.bolivia\\\/\",\"https:\\\/\\\/x.com\\\/eldiario_net\"]},{\"@type\":\"Person\",\"@id\":\"https:\\\/\\\/www.eldiario.net\\\/portal\\\/#\\\/schema\\\/person\\\/f46445640444750d7d753ccd04ae01b7\",\"name\":\"Jeanette\",\"image\":{\"@type\":\"ImageObject\",\"inLanguage\":\"es\",\"@id\":\"https:\\\/\\\/secure.gravatar.com\\\/avatar\\\/3ea2118a5f7dad2b7138b1187a6b7ee55f160b9968b66013c3a3ef39dd7e5798?s=96&d=mm&r=g\",\"url\":\"https:\\\/\\\/secure.gravatar.com\\\/avatar\\\/3ea2118a5f7dad2b7138b1187a6b7ee55f160b9968b66013c3a3ef39dd7e5798?s=96&d=mm&r=g\",\"contentUrl\":\"https:\\\/\\\/secure.gravatar.com\\\/avatar\\\/3ea2118a5f7dad2b7138b1187a6b7ee55f160b9968b66013c3a3ef39dd7e5798?s=96&d=mm&r=g\",\"caption\":\"Jeanette\"},\"sameAs\":[\"https:\\\/\\\/www.eldiario.net\\\/portal\"],\"url\":\"https:\\\/\\\/www.eldiario.net\\\/portal\\\/author\\\/jeanette\\\/\"}]}<\/script>\n<!-- \/ Yoast SEO plugin. -->","yoast_head_json":{"title":"Quiroga destaca labor de Amparo Carvajal por los derechos de A\u00f1ez - El Diario - Bolivia","robots":{"index":"index","follow":"follow","max-snippet":"max-snippet:-1","max-image-preview":"max-image-preview:large","max-video-preview":"max-video-preview:-1"},"canonical":"https:\/\/www.eldiario.net\/portal\/2021\/08\/23\/quiroga-destaca-labor-de-amparo-carvajal-por-los-derechos-de-anez\/","og_locale":"es_ES","og_type":"article","og_title":"Quiroga destaca labor de Amparo Carvajal por los derechos de A\u00f1ez - El Diario - Bolivia","og_description":"Debido a todas las acciones realizadas para exigir que se garanticen los derechos de la expresidenta Jeanine A\u00f1ez en el penal de Miraflores, el expresidente Jorge Quiroga Ram\u00edrez destac\u00f3 la labor de la presidenta de la Asamblea Permanente de Derechos Humanos de Bolivia (Apdhb), Amparo Carvajal, quien se mantiene firme ante las arbitrariedades y acompa\u00f1a [&hellip;]","og_url":"https:\/\/www.eldiario.net\/portal\/2021\/08\/23\/quiroga-destaca-labor-de-amparo-carvajal-por-los-derechos-de-anez\/","og_site_name":"El Diario - Bolivia","article_publisher":"https:\/\/www.facebook.com\/eldiario.bolivia\/","article_published_time":"2021-08-23T10:18:56+00:00","author":"Jeanette","twitter_card":"summary_large_image","twitter_creator":"@eldiario_net","twitter_site":"@eldiario_net","twitter_misc":{"Escrito por":"Jeanette","Tiempo de lectura":"2 minutos"},"schema":{"@context":"https:\/\/schema.org","@graph":[{"@type":"Article","@id":"https:\/\/www.eldiario.net\/portal\/2021\/08\/23\/quiroga-destaca-labor-de-amparo-carvajal-por-los-derechos-de-anez\/#article","isPartOf":{"@id":"https:\/\/www.eldiario.net\/portal\/2021\/08\/23\/quiroga-destaca-labor-de-amparo-carvajal-por-los-derechos-de-anez\/"},"author":{"name":"Jeanette","@id":"https:\/\/www.eldiario.net\/portal\/#\/schema\/person\/f46445640444750d7d753ccd04ae01b7"},"headline":"Quiroga destaca labor de Amparo Carvajal por los derechos de A\u00f1ez","datePublished":"2021-08-23T10:18:56+00:00","mainEntityOfPage":{"@id":"https:\/\/www.eldiario.net\/portal\/2021\/08\/23\/quiroga-destaca-labor-de-amparo-carvajal-por-los-derechos-de-anez\/"},"wordCount":392,"publisher":{"@id":"https:\/\/www.eldiario.net\/portal\/#organization"},"image":{"@id":"https:\/\/www.eldiario.net\/portal\/2021\/08\/23\/quiroga-destaca-labor-de-amparo-carvajal-por-los-derechos-de-anez\/#primaryimage"},"thumbnailUrl":"","articleSection":["Pol\u00edtica"],"inLanguage":"es"},{"@type":"WebPage","@id":"https:\/\/www.eldiario.net\/portal\/2021\/08\/23\/quiroga-destaca-labor-de-amparo-carvajal-por-los-derechos-de-anez\/","url":"https:\/\/www.eldiario.net\/portal\/2021\/08\/23\/quiroga-destaca-labor-de-amparo-carvajal-por-los-derechos-de-anez\/","name":"Quiroga destaca labor de Amparo Carvajal por los derechos de A\u00f1ez - El Diario - Bolivia","isPartOf":{"@id":"https:\/\/www.eldiario.net\/portal\/#website"},"primaryImageOfPage":{"@id":"https:\/\/www.eldiario.net\/portal\/2021\/08\/23\/quiroga-destaca-labor-de-amparo-carvajal-por-los-derechos-de-anez\/#primaryimage"},"image":{"@id":"https:\/\/www.eldiario.net\/portal\/2021\/08\/23\/quiroga-destaca-labor-de-amparo-carvajal-por-los-derechos-de-anez\/#primaryimage"},"thumbnailUrl":"","datePublished":"2021-08-23T10:18:56+00:00","breadcrumb":{"@id":"https:\/\/www.eldiario.net\/portal\/2021\/08\/23\/quiroga-destaca-labor-de-amparo-carvajal-por-los-derechos-de-anez\/#breadcrumb"},"inLanguage":"es","potentialAction":[{"@type":"ReadAction","target":["https:\/\/www.eldiario.net\/portal\/2021\/08\/23\/quiroga-destaca-labor-de-amparo-carvajal-por-los-derechos-de-anez\/"]}]},{"@type":"ImageObject","inLanguage":"es","@id":"https:\/\/www.eldiario.net\/portal\/2021\/08\/23\/quiroga-destaca-labor-de-amparo-carvajal-por-los-derechos-de-anez\/#primaryimage","url":"","contentUrl":""},{"@type":"BreadcrumbList","@id":"https:\/\/www.eldiario.net\/portal\/2021\/08\/23\/quiroga-destaca-labor-de-amparo-carvajal-por-los-derechos-de-anez\/#breadcrumb","itemListElement":[{"@type":"ListItem","position":1,"name":"Portada","item":"https:\/\/www.eldiario.net\/portal\/"},{"@type":"ListItem","position":2,"name":"Quiroga destaca labor de Amparo Carvajal por los derechos de A\u00f1ez"}]},{"@type":"WebSite","@id":"https:\/\/www.eldiario.net\/portal\/#website","url":"https:\/\/www.eldiario.net\/portal\/","name":"El Diario - Decano de la prensa nacional","description":"El Diario - Decano de la prensa nacional","publisher":{"@id":"https:\/\/www.eldiario.net\/portal\/#organization"},"potentialAction":[{"@type":"SearchAction","target":{"@type":"EntryPoint","urlTemplate":"https:\/\/www.eldiario.net\/portal\/?s={search_term_string}"},"query-input":{"@type":"PropertyValueSpecification","valueRequired":true,"valueName":"search_term_string"}}],"inLanguage":"es"},{"@type":"Organization","@id":"https:\/\/www.eldiario.net\/portal\/#organization","name":"El Diario - Decano de la prensa nacional","url":"https:\/\/www.eldiario.net\/portal\/","logo":{"@type":"ImageObject","inLanguage":"es","@id":"https:\/\/www.eldiario.net\/portal\/#\/schema\/logo\/image\/","url":"https:\/\/www.eldiario.net\/portal\/wp-content\/uploads\/2023\/07\/logo_ED.jpg","contentUrl":"https:\/\/www.eldiario.net\/portal\/wp-content\/uploads\/2023\/07\/logo_ED.jpg","width":272,"height":52,"caption":"El Diario - Decano de la prensa nacional"},"image":{"@id":"https:\/\/www.eldiario.net\/portal\/#\/schema\/logo\/image\/"},"sameAs":["https:\/\/www.facebook.com\/eldiario.bolivia\/","https:\/\/x.com\/eldiario_net"]},{"@type":"Person","@id":"https:\/\/www.eldiario.net\/portal\/#\/schema\/person\/f46445640444750d7d753ccd04ae01b7","name":"Jeanette","image":{"@type":"ImageObject","inLanguage":"es","@id":"https:\/\/secure.gravatar.com\/avatar\/3ea2118a5f7dad2b7138b1187a6b7ee55f160b9968b66013c3a3ef39dd7e5798?s=96&d=mm&r=g","url":"https:\/\/secure.gravatar.com\/avatar\/3ea2118a5f7dad2b7138b1187a6b7ee55f160b9968b66013c3a3ef39dd7e5798?s=96&d=mm&r=g","contentUrl":"https:\/\/secure.gravatar.com\/avatar\/3ea2118a5f7dad2b7138b1187a6b7ee55f160b9968b66013c3a3ef39dd7e5798?s=96&d=mm&r=g","caption":"Jeanette"},"sameAs":["https:\/\/www.eldiario.net\/portal"],"url":"https:\/\/www.eldiario.net\/portal\/author\/jeanette\/"}]}},"_links":{"self":[{"href":"https:\/\/www.eldiario.net\/portal\/wp-json\/wp\/v2\/posts\/25250","targetHints":{"allow":["GET"]}}],"collection":[{"href":"https:\/\/www.eldiario.net\/portal\/wp-json\/wp\/v2\/posts"}],"about":[{"href":"https:\/\/www.eldiario.net\/portal\/wp-json\/wp\/v2\/types\/post"}],"author":[{"embeddable":true,"href":"https:\/\/www.eldiario.net\/portal\/wp-json\/wp\/v2\/users\/1"}],"replies":[{"embeddable":true,"href":"https:\/\/www.eldiario.net\/portal\/wp-json\/wp\/v2\/comments?post=25250"}],"version-history":[{"count":0,"href":"https:\/\/www.eldiario.net\/portal\/wp-json\/wp\/v2\/posts\/25250\/revisions"}],"wp:attachment":[{"href":"https:\/\/www.eldiario.net\/portal\/wp-json\/wp\/v2\/media?parent=25250"}],"wp:term":[{"taxonomy":"category","embeddable":true,"href":"https:\/\/www.eldiario.net\/portal\/wp-json\/wp\/v2\/categories?post=25250"},{"taxonomy":"post_tag","embeddable":true,"href":"https:\/\/www.eldiario.net\/portal\/wp-json\/wp\/v2\/tags?post=25250"}],"curies":[{"name":"wp","href":"https:\/\/api.w.org\/{rel}","templated":true}]}}