{"id":25243,"date":"2021-08-23T06:16:03","date_gmt":"2021-08-23T10:16:03","guid":{"rendered":"https:\/\/www.eldiario.net\/portal\/?p=25243"},"modified":"2021-08-23T06:16:03","modified_gmt":"2021-08-23T10:16:03","slug":"excomandante-de-la-fab-declara-hoy-por-presunto-trafico-ilicito-de-armas","status":"publish","type":"post","link":"https:\/\/www.eldiario.net\/portal\/2021\/08\/23\/excomandante-de-la-fab-declara-hoy-por-presunto-trafico-ilicito-de-armas\/","title":{"rendered":"Excomandante de la FAB declara hoy  por presunto \u201ctr\u00e1fico il\u00edcito de armas\u201d"},"content":{"rendered":"<p>Para las 15.00 horas de hoy est\u00e1 prevista la declaraci\u00f3n del excomandante de la Fuerza A\u00e9rea Boliviana (FAB), Jorge Terceros, por el supuesto env\u00edo irregular de armamento disuasivo de Argentina a Bolivia en 2019, inform\u00f3 a EL DIARIO el abogado Jorge Santistevan que patrocina a la exautoridad militar, a tiempo de aclarar que est\u00e1 sindicado por tr\u00e1fico il\u00edcito de armas y tenencia, porte o portaci\u00f3n il\u00edcita.<br \/>\nEl jurista precis\u00f3 que la declaraci\u00f3n de su cliente ser\u00e1 en el penal de Palmasola de la ciudad de Santa Cruz de la Sierra, donde se encuentra recluido desde el pasado 4 de julio, imputado por los presuntos delitos de sedici\u00f3n, conspiraci\u00f3n y terrorismo dentro del caso de supuesto golpe de Estado.<br \/>\nEl caso se abri\u00f3 a denuncia de Juan Felipe Pinilla Tellerina, en representaci\u00f3n legal del Ministerio de Relaciones Exteriores, a la que se sum\u00f3 el Ministerio de Gobierno. Los denunciados son Terceros, el excomandante de la Polic\u00eda Yuri Calder\u00f3n y el exembajador de la Argentina en Bolivia, Normando \u00c1lvarez.<\/p>\n<p>DENUNCIA<br \/>\nLa noche del jueves 8 de julio de 2021, el canciller Rogelio Mayta present\u00f3 una carta fechada el 13 de noviembre de 2019 y presuntamente firmada por Terceros en la que agradece al exembajador argentino en Bolivia Normando \u00c1lvarez por la entrega de \u201carmamento b\u00e9lico\u201d.<br \/>\nEsa misma noche, Santistevan afirm\u00f3 que el d\u00eda 12 de noviembre de 2019 su cliente fue a Palacio Quemado a poner su cargo a disposici\u00f3n y al siguiente d\u00eda, 13 de noviembre, se formaliz\u00f3 con el relevo del mando militar. Apunt\u00f3 que la supuesta carta de agradecimiento debe estar acompa\u00f1ada de la solicitud del material.<br \/>\n\u201cSe puede inferir que desde la embajada argentina se est\u00e1 convirtiendo en una casa de operaciones de persecuci\u00f3n de militares, m\u00e1s adelante veremos a qui\u00e9nes les toca. Cabe decirle al Embajador que el general Terceros enfrentar\u00e1 10, 20, o m\u00e1s procesos, que no declinar\u00e1 en decir la verdad ni traicionar\u00e1 a sus Fuerzas Armadas, ni a su pa\u00eds. Hoy la justicia est\u00e1 as\u00ed como lo ve la sociedad boliviana, pero m\u00e1s adelante cambiar\u00e1\u201d, manifest\u00f3.<br \/>\nPor otro lado, en entrevista anterior, el general en servicio pasivo del Ej\u00e9rcito, Tom\u00e1s Pe\u00f1a y Lillo, aclar\u00f3 a EL DIARIO que de acuerdo con detalle del material presuntamente prestado por Argentina se trata de elementos antidisturbios y no letal como refiri\u00f3 el Ministro de Relaciones Exteriores.<br \/>\nPe\u00f1a y Lillo acot\u00f3 que la cantidad de armamento antidisturbios supuestamente prestada por el Gobierno argentino es sumamente irrisoria que no se asemeja si quiera a la dotaci\u00f3n de un batall\u00f3n de la Polic\u00eda Militar.<br \/>\n\u201cEs una cantidad muy peque\u00f1a, da la impresi\u00f3n que hubieran enviado esa cantidad para la defensa de su embajada. C\u00f3mo podr\u00edan pedir cinco gases en spray cuando eso llega en cajones\u201d, aclar\u00f3 con hilaridad. Por otro lado, manifest\u00f3 que este tipo de material puede ser prestado entre Estados y el general Terceros no tendr\u00eda por qu\u00e9 agradecer el detalle, ya que era solo un subalterno.<\/p>\n<p>FIRMA FALSA<br \/>\nEn entrevista anterior, Santistevan aclar\u00f3 que la presunta carta de agradecimiento es ap\u00f3crifa y tiene falsificada la firma de su cliente, lo que podr\u00eda aclarase con un estudio grafol\u00f3gico.<br \/>\n\u201cEvidentemente (alguien la falsific\u00f3), el no firma esa carta y adem\u00e1s \u00bfc\u00f3mo puede firmar una carta cuando ya dej\u00f3 de ser comandante?; pero hay otra situaci\u00f3n, \u00bfc\u00f3mo puede enviar una carta de esa naturaleza a una autoridad diplom\u00e1tica siendo subalterno del Comando en Jefe (de las Fuerzas Armadas)?. \u00c9l no ten\u00eda la potestad, el que tendr\u00eda que haber hecho algo es el general (Williams) Kalim\u00e1n, no el general Terceros\u201d, dijo el jurista en la oportunidad.<br \/>\nEn ese marco, Santistevan precis\u00f3 que el Ministerio P\u00fablico deber\u00eda iniciar el proceso como los presuntos autores a Evo Morales y el exministro de Defensa, Javier Zavaleta, quienes estaban como autoridades m\u00e1ximas en la cadena de mando de las Fuerzas Armadas (FFAA), y si corresponde al exministro de Gobierno, Carlos Romero, si el material era para la Polic\u00eda.<br \/>\n\u201cSeg\u00fan la Ley 400 en el caso de necesidad de las FFAA es el Ministerio de Defensa el encargado de adquirir, prestar o internar material de esa naturaleza, y por parte de la Polic\u00eda Boliviana es el Ministerio de Gobierno\u201d, aclar\u00f3.<\/p>\n<p>CONTRADICCIONES<br \/>\nCuando estall\u00f3 el caso, el comandante de la Polic\u00eda, Jhonny Aguilera, manifest\u00f3 que el armamento argentino no fue destinado a la Polic\u00eda. Un d\u00eda despu\u00e9s cambi\u00f3 su versi\u00f3n y afirm\u00f3 que las municiones estaban en dep\u00f3sitos policiales.<\/p>\n<figure id=\"attachment_25244\" aria-describedby=\"caption-attachment-25244\" style=\"width: 1024px\" class=\"wp-caption alignleft\"><a href=\"https:\/\/www.eldiario.net\/portal\/wp-content\/uploads\/2021\/08\/FIRMA.jpg\"><img loading=\"lazy\" decoding=\"async\" class=\"size-large wp-image-25244\" src=\"https:\/\/www.eldiario.net\/portal\/wp-content\/uploads\/2021\/08\/FIRMA-1024x680.jpg\" alt=\"\" width=\"1024\" height=\"680\" srcset=\"https:\/\/www.eldiario.net\/portal\/wp-content\/uploads\/2021\/08\/FIRMA-1024x680.jpg 1024w, https:\/\/www.eldiario.net\/portal\/wp-content\/uploads\/2021\/08\/FIRMA-300x199.jpg 300w, https:\/\/www.eldiario.net\/portal\/wp-content\/uploads\/2021\/08\/FIRMA-768x510.jpg 768w, https:\/\/www.eldiario.net\/portal\/wp-content\/uploads\/2021\/08\/FIRMA-696x462.jpg 696w, https:\/\/www.eldiario.net\/portal\/wp-content\/uploads\/2021\/08\/FIRMA-1068x709.jpg 1068w, https:\/\/www.eldiario.net\/portal\/wp-content\/uploads\/2021\/08\/FIRMA.jpg 1200w\" sizes=\"auto, (max-width: 1024px) 100vw, 1024px\" \/><\/a><figcaption id=\"caption-attachment-25244\" class=\"wp-caption-text\">LA FIRMA REAL Y LA PRESUNTA FALSIFICADA DEL GENERAL JORGE TERCEROS.<\/figcaption><\/figure>\n","protected":false},"excerpt":{"rendered":"<p>Para las 15.00 horas de hoy est\u00e1 prevista la declaraci\u00f3n del excomandante de la Fuerza A\u00e9rea Boliviana (FAB), Jorge Terceros, por el supuesto env\u00edo irregular de armamento disuasivo de Argentina a Bolivia en 2019, inform\u00f3 a EL DIARIO el abogado Jorge Santistevan que patrocina a la exautoridad militar, a tiempo de aclarar que est\u00e1 sindicado [&hellip;]<\/p>\n","protected":false},"author":1,"featured_media":25244,"comment_status":"closed","ping_status":"closed","sticky":false,"template":"","format":"standard","meta":{"_acf_changed":false,"footnotes":""},"categories":[39],"tags":[],"class_list":["post-25243","post","type-post","status-publish","format-standard","has-post-thumbnail","category-sociedad"],"acf":{"antetitulo":""},"yoast_head":"<!-- This site is optimized with the Yoast SEO plugin v28.4 - https:\/\/yoast.com\/product\/yoast-seo-wordpress\/ -->\n<title>Excomandante de la FAB declara hoy por presunto \u201ctr\u00e1fico il\u00edcito de armas\u201d - El Diario - Bolivia<\/title>\n<meta name=\"robots\" content=\"index, follow, max-snippet:-1, max-image-preview:large, max-video-preview:-1\" \/>\n<link rel=\"canonical\" href=\"https:\/\/www.eldiario.net\/portal\/2021\/08\/23\/excomandante-de-la-fab-declara-hoy-por-presunto-trafico-ilicito-de-armas\/\" \/>\n<meta property=\"og:locale\" content=\"es_ES\" \/>\n<meta property=\"og:type\" content=\"article\" \/>\n<meta property=\"og:title\" content=\"Excomandante de la FAB declara hoy por presunto \u201ctr\u00e1fico il\u00edcito de armas\u201d - El Diario - Bolivia\" \/>\n<meta property=\"og:description\" content=\"Para las 15.00 horas de hoy est\u00e1 prevista la declaraci\u00f3n del excomandante de la Fuerza A\u00e9rea Boliviana (FAB), Jorge Terceros, por el supuesto env\u00edo irregular de armamento disuasivo de Argentina a Bolivia en 2019, inform\u00f3 a EL DIARIO el abogado Jorge Santistevan que patrocina a la exautoridad militar, a tiempo de aclarar que est\u00e1 sindicado [&hellip;]\" \/>\n<meta property=\"og:url\" content=\"https:\/\/www.eldiario.net\/portal\/2021\/08\/23\/excomandante-de-la-fab-declara-hoy-por-presunto-trafico-ilicito-de-armas\/\" \/>\n<meta property=\"og:site_name\" content=\"El Diario - Bolivia\" \/>\n<meta property=\"article:publisher\" content=\"https:\/\/www.facebook.com\/eldiario.bolivia\/\" \/>\n<meta property=\"article:published_time\" content=\"2021-08-23T10:16:03+00:00\" \/>\n<meta property=\"og:image\" content=\"https:\/\/www.eldiario.net\/portal\/wp-content\/uploads\/2021\/08\/FIRMA.jpg\" \/>\n\t<meta property=\"og:image:width\" content=\"1200\" \/>\n\t<meta property=\"og:image:height\" content=\"797\" \/>\n\t<meta property=\"og:image:type\" content=\"image\/jpeg\" \/>\n<meta name=\"author\" content=\"Jeanette\" \/>\n<meta name=\"twitter:card\" content=\"summary_large_image\" \/>\n<meta name=\"twitter:creator\" content=\"@eldiario_net\" \/>\n<meta name=\"twitter:site\" content=\"@eldiario_net\" \/>\n<meta name=\"twitter:label1\" content=\"Escrito por\" \/>\n\t<meta name=\"twitter:data1\" content=\"Jeanette\" \/>\n\t<meta name=\"twitter:label2\" content=\"Tiempo de lectura\" \/>\n\t<meta name=\"twitter:data2\" content=\"4 minutos\" \/>\n<script type=\"application\/ld+json\" class=\"yoast-schema-graph\">{\"@context\":\"https:\\\/\\\/schema.org\",\"@graph\":[{\"@type\":\"Article\",\"@id\":\"https:\\\/\\\/www.eldiario.net\\\/portal\\\/2021\\\/08\\\/23\\\/excomandante-de-la-fab-declara-hoy-por-presunto-trafico-ilicito-de-armas\\\/#article\",\"isPartOf\":{\"@id\":\"https:\\\/\\\/www.eldiario.net\\\/portal\\\/2021\\\/08\\\/23\\\/excomandante-de-la-fab-declara-hoy-por-presunto-trafico-ilicito-de-armas\\\/\"},\"author\":{\"name\":\"Jeanette\",\"@id\":\"https:\\\/\\\/www.eldiario.net\\\/portal\\\/#\\\/schema\\\/person\\\/f46445640444750d7d753ccd04ae01b7\"},\"headline\":\"Excomandante de la FAB declara hoy por presunto \u201ctr\u00e1fico il\u00edcito de armas\u201d\",\"datePublished\":\"2021-08-23T10:16:03+00:00\",\"mainEntityOfPage\":{\"@id\":\"https:\\\/\\\/www.eldiario.net\\\/portal\\\/2021\\\/08\\\/23\\\/excomandante-de-la-fab-declara-hoy-por-presunto-trafico-ilicito-de-armas\\\/\"},\"wordCount\":810,\"publisher\":{\"@id\":\"https:\\\/\\\/www.eldiario.net\\\/portal\\\/#organization\"},\"image\":{\"@id\":\"https:\\\/\\\/www.eldiario.net\\\/portal\\\/2021\\\/08\\\/23\\\/excomandante-de-la-fab-declara-hoy-por-presunto-trafico-ilicito-de-armas\\\/#primaryimage\"},\"thumbnailUrl\":\"https:\\\/\\\/www.eldiario.net\\\/portal\\\/wp-content\\\/uploads\\\/2021\\\/08\\\/FIRMA.jpg\",\"articleSection\":[\"Sociedad - Seguridad\"],\"inLanguage\":\"es\"},{\"@type\":\"WebPage\",\"@id\":\"https:\\\/\\\/www.eldiario.net\\\/portal\\\/2021\\\/08\\\/23\\\/excomandante-de-la-fab-declara-hoy-por-presunto-trafico-ilicito-de-armas\\\/\",\"url\":\"https:\\\/\\\/www.eldiario.net\\\/portal\\\/2021\\\/08\\\/23\\\/excomandante-de-la-fab-declara-hoy-por-presunto-trafico-ilicito-de-armas\\\/\",\"name\":\"Excomandante de la FAB declara hoy por presunto \u201ctr\u00e1fico il\u00edcito de armas\u201d - El Diario - Bolivia\",\"isPartOf\":{\"@id\":\"https:\\\/\\\/www.eldiario.net\\\/portal\\\/#website\"},\"primaryImageOfPage\":{\"@id\":\"https:\\\/\\\/www.eldiario.net\\\/portal\\\/2021\\\/08\\\/23\\\/excomandante-de-la-fab-declara-hoy-por-presunto-trafico-ilicito-de-armas\\\/#primaryimage\"},\"image\":{\"@id\":\"https:\\\/\\\/www.eldiario.net\\\/portal\\\/2021\\\/08\\\/23\\\/excomandante-de-la-fab-declara-hoy-por-presunto-trafico-ilicito-de-armas\\\/#primaryimage\"},\"thumbnailUrl\":\"https:\\\/\\\/www.eldiario.net\\\/portal\\\/wp-content\\\/uploads\\\/2021\\\/08\\\/FIRMA.jpg\",\"datePublished\":\"2021-08-23T10:16:03+00:00\",\"breadcrumb\":{\"@id\":\"https:\\\/\\\/www.eldiario.net\\\/portal\\\/2021\\\/08\\\/23\\\/excomandante-de-la-fab-declara-hoy-por-presunto-trafico-ilicito-de-armas\\\/#breadcrumb\"},\"inLanguage\":\"es\",\"potentialAction\":[{\"@type\":\"ReadAction\",\"target\":[\"https:\\\/\\\/www.eldiario.net\\\/portal\\\/2021\\\/08\\\/23\\\/excomandante-de-la-fab-declara-hoy-por-presunto-trafico-ilicito-de-armas\\\/\"]}]},{\"@type\":\"ImageObject\",\"inLanguage\":\"es\",\"@id\":\"https:\\\/\\\/www.eldiario.net\\\/portal\\\/2021\\\/08\\\/23\\\/excomandante-de-la-fab-declara-hoy-por-presunto-trafico-ilicito-de-armas\\\/#primaryimage\",\"url\":\"https:\\\/\\\/www.eldiario.net\\\/portal\\\/wp-content\\\/uploads\\\/2021\\\/08\\\/FIRMA.jpg\",\"contentUrl\":\"https:\\\/\\\/www.eldiario.net\\\/portal\\\/wp-content\\\/uploads\\\/2021\\\/08\\\/FIRMA.jpg\",\"width\":1200,\"height\":797,\"caption\":\"LA FIRMA REAL Y LA PRESUNTA FALSIFICADA DEL GENERAL JORGE TERCEROS.\"},{\"@type\":\"BreadcrumbList\",\"@id\":\"https:\\\/\\\/www.eldiario.net\\\/portal\\\/2021\\\/08\\\/23\\\/excomandante-de-la-fab-declara-hoy-por-presunto-trafico-ilicito-de-armas\\\/#breadcrumb\",\"itemListElement\":[{\"@type\":\"ListItem\",\"position\":1,\"name\":\"Portada\",\"item\":\"https:\\\/\\\/www.eldiario.net\\\/portal\\\/\"},{\"@type\":\"ListItem\",\"position\":2,\"name\":\"Excomandante de la FAB declara hoy por presunto \u201ctr\u00e1fico il\u00edcito de armas\u201d\"}]},{\"@type\":\"WebSite\",\"@id\":\"https:\\\/\\\/www.eldiario.net\\\/portal\\\/#website\",\"url\":\"https:\\\/\\\/www.eldiario.net\\\/portal\\\/\",\"name\":\"El Diario - Decano de la prensa nacional\",\"description\":\"El Diario - Decano de la prensa nacional\",\"publisher\":{\"@id\":\"https:\\\/\\\/www.eldiario.net\\\/portal\\\/#organization\"},\"potentialAction\":[{\"@type\":\"SearchAction\",\"target\":{\"@type\":\"EntryPoint\",\"urlTemplate\":\"https:\\\/\\\/www.eldiario.net\\\/portal\\\/?s={search_term_string}\"},\"query-input\":{\"@type\":\"PropertyValueSpecification\",\"valueRequired\":true,\"valueName\":\"search_term_string\"}}],\"inLanguage\":\"es\"},{\"@type\":\"Organization\",\"@id\":\"https:\\\/\\\/www.eldiario.net\\\/portal\\\/#organization\",\"name\":\"El Diario - Decano de la prensa nacional\",\"url\":\"https:\\\/\\\/www.eldiario.net\\\/portal\\\/\",\"logo\":{\"@type\":\"ImageObject\",\"inLanguage\":\"es\",\"@id\":\"https:\\\/\\\/www.eldiario.net\\\/portal\\\/#\\\/schema\\\/logo\\\/image\\\/\",\"url\":\"https:\\\/\\\/www.eldiario.net\\\/portal\\\/wp-content\\\/uploads\\\/2023\\\/07\\\/logo_ED.jpg\",\"contentUrl\":\"https:\\\/\\\/www.eldiario.net\\\/portal\\\/wp-content\\\/uploads\\\/2023\\\/07\\\/logo_ED.jpg\",\"width\":272,\"height\":52,\"caption\":\"El Diario - Decano de la prensa nacional\"},\"image\":{\"@id\":\"https:\\\/\\\/www.eldiario.net\\\/portal\\\/#\\\/schema\\\/logo\\\/image\\\/\"},\"sameAs\":[\"https:\\\/\\\/www.facebook.com\\\/eldiario.bolivia\\\/\",\"https:\\\/\\\/x.com\\\/eldiario_net\"]},{\"@type\":\"Person\",\"@id\":\"https:\\\/\\\/www.eldiario.net\\\/portal\\\/#\\\/schema\\\/person\\\/f46445640444750d7d753ccd04ae01b7\",\"name\":\"Jeanette\",\"image\":{\"@type\":\"ImageObject\",\"inLanguage\":\"es\",\"@id\":\"https:\\\/\\\/secure.gravatar.com\\\/avatar\\\/3ea2118a5f7dad2b7138b1187a6b7ee55f160b9968b66013c3a3ef39dd7e5798?s=96&d=mm&r=g\",\"url\":\"https:\\\/\\\/secure.gravatar.com\\\/avatar\\\/3ea2118a5f7dad2b7138b1187a6b7ee55f160b9968b66013c3a3ef39dd7e5798?s=96&d=mm&r=g\",\"contentUrl\":\"https:\\\/\\\/secure.gravatar.com\\\/avatar\\\/3ea2118a5f7dad2b7138b1187a6b7ee55f160b9968b66013c3a3ef39dd7e5798?s=96&d=mm&r=g\",\"caption\":\"Jeanette\"},\"sameAs\":[\"https:\\\/\\\/www.eldiario.net\\\/portal\"],\"url\":\"https:\\\/\\\/www.eldiario.net\\\/portal\\\/author\\\/jeanette\\\/\"}]}<\/script>\n<!-- \/ Yoast SEO plugin. -->","yoast_head_json":{"title":"Excomandante de la FAB declara hoy por presunto \u201ctr\u00e1fico il\u00edcito de armas\u201d - El Diario - Bolivia","robots":{"index":"index","follow":"follow","max-snippet":"max-snippet:-1","max-image-preview":"max-image-preview:large","max-video-preview":"max-video-preview:-1"},"canonical":"https:\/\/www.eldiario.net\/portal\/2021\/08\/23\/excomandante-de-la-fab-declara-hoy-por-presunto-trafico-ilicito-de-armas\/","og_locale":"es_ES","og_type":"article","og_title":"Excomandante de la FAB declara hoy por presunto \u201ctr\u00e1fico il\u00edcito de armas\u201d - El Diario - Bolivia","og_description":"Para las 15.00 horas de hoy est\u00e1 prevista la declaraci\u00f3n del excomandante de la Fuerza A\u00e9rea Boliviana (FAB), Jorge Terceros, por el supuesto env\u00edo irregular de armamento disuasivo de Argentina a Bolivia en 2019, inform\u00f3 a EL DIARIO el abogado Jorge Santistevan que patrocina a la exautoridad militar, a tiempo de aclarar que est\u00e1 sindicado [&hellip;]","og_url":"https:\/\/www.eldiario.net\/portal\/2021\/08\/23\/excomandante-de-la-fab-declara-hoy-por-presunto-trafico-ilicito-de-armas\/","og_site_name":"El Diario - Bolivia","article_publisher":"https:\/\/www.facebook.com\/eldiario.bolivia\/","article_published_time":"2021-08-23T10:16:03+00:00","og_image":[{"width":1200,"height":797,"url":"https:\/\/www.eldiario.net\/portal\/wp-content\/uploads\/2021\/08\/FIRMA.jpg","type":"image\/jpeg"}],"author":"Jeanette","twitter_card":"summary_large_image","twitter_creator":"@eldiario_net","twitter_site":"@eldiario_net","twitter_misc":{"Escrito por":"Jeanette","Tiempo de lectura":"4 minutos"},"schema":{"@context":"https:\/\/schema.org","@graph":[{"@type":"Article","@id":"https:\/\/www.eldiario.net\/portal\/2021\/08\/23\/excomandante-de-la-fab-declara-hoy-por-presunto-trafico-ilicito-de-armas\/#article","isPartOf":{"@id":"https:\/\/www.eldiario.net\/portal\/2021\/08\/23\/excomandante-de-la-fab-declara-hoy-por-presunto-trafico-ilicito-de-armas\/"},"author":{"name":"Jeanette","@id":"https:\/\/www.eldiario.net\/portal\/#\/schema\/person\/f46445640444750d7d753ccd04ae01b7"},"headline":"Excomandante de la FAB declara hoy por presunto \u201ctr\u00e1fico il\u00edcito de armas\u201d","datePublished":"2021-08-23T10:16:03+00:00","mainEntityOfPage":{"@id":"https:\/\/www.eldiario.net\/portal\/2021\/08\/23\/excomandante-de-la-fab-declara-hoy-por-presunto-trafico-ilicito-de-armas\/"},"wordCount":810,"publisher":{"@id":"https:\/\/www.eldiario.net\/portal\/#organization"},"image":{"@id":"https:\/\/www.eldiario.net\/portal\/2021\/08\/23\/excomandante-de-la-fab-declara-hoy-por-presunto-trafico-ilicito-de-armas\/#primaryimage"},"thumbnailUrl":"https:\/\/www.eldiario.net\/portal\/wp-content\/uploads\/2021\/08\/FIRMA.jpg","articleSection":["Sociedad - Seguridad"],"inLanguage":"es"},{"@type":"WebPage","@id":"https:\/\/www.eldiario.net\/portal\/2021\/08\/23\/excomandante-de-la-fab-declara-hoy-por-presunto-trafico-ilicito-de-armas\/","url":"https:\/\/www.eldiario.net\/portal\/2021\/08\/23\/excomandante-de-la-fab-declara-hoy-por-presunto-trafico-ilicito-de-armas\/","name":"Excomandante de la FAB declara hoy por presunto \u201ctr\u00e1fico il\u00edcito de armas\u201d - El Diario - Bolivia","isPartOf":{"@id":"https:\/\/www.eldiario.net\/portal\/#website"},"primaryImageOfPage":{"@id":"https:\/\/www.eldiario.net\/portal\/2021\/08\/23\/excomandante-de-la-fab-declara-hoy-por-presunto-trafico-ilicito-de-armas\/#primaryimage"},"image":{"@id":"https:\/\/www.eldiario.net\/portal\/2021\/08\/23\/excomandante-de-la-fab-declara-hoy-por-presunto-trafico-ilicito-de-armas\/#primaryimage"},"thumbnailUrl":"https:\/\/www.eldiario.net\/portal\/wp-content\/uploads\/2021\/08\/FIRMA.jpg","datePublished":"2021-08-23T10:16:03+00:00","breadcrumb":{"@id":"https:\/\/www.eldiario.net\/portal\/2021\/08\/23\/excomandante-de-la-fab-declara-hoy-por-presunto-trafico-ilicito-de-armas\/#breadcrumb"},"inLanguage":"es","potentialAction":[{"@type":"ReadAction","target":["https:\/\/www.eldiario.net\/portal\/2021\/08\/23\/excomandante-de-la-fab-declara-hoy-por-presunto-trafico-ilicito-de-armas\/"]}]},{"@type":"ImageObject","inLanguage":"es","@id":"https:\/\/www.eldiario.net\/portal\/2021\/08\/23\/excomandante-de-la-fab-declara-hoy-por-presunto-trafico-ilicito-de-armas\/#primaryimage","url":"https:\/\/www.eldiario.net\/portal\/wp-content\/uploads\/2021\/08\/FIRMA.jpg","contentUrl":"https:\/\/www.eldiario.net\/portal\/wp-content\/uploads\/2021\/08\/FIRMA.jpg","width":1200,"height":797,"caption":"LA FIRMA REAL Y LA PRESUNTA FALSIFICADA DEL GENERAL JORGE TERCEROS."},{"@type":"BreadcrumbList","@id":"https:\/\/www.eldiario.net\/portal\/2021\/08\/23\/excomandante-de-la-fab-declara-hoy-por-presunto-trafico-ilicito-de-armas\/#breadcrumb","itemListElement":[{"@type":"ListItem","position":1,"name":"Portada","item":"https:\/\/www.eldiario.net\/portal\/"},{"@type":"ListItem","position":2,"name":"Excomandante de la FAB declara hoy por presunto \u201ctr\u00e1fico il\u00edcito de armas\u201d"}]},{"@type":"WebSite","@id":"https:\/\/www.eldiario.net\/portal\/#website","url":"https:\/\/www.eldiario.net\/portal\/","name":"El Diario - Decano de la prensa nacional","description":"El Diario - Decano de la prensa nacional","publisher":{"@id":"https:\/\/www.eldiario.net\/portal\/#organization"},"potentialAction":[{"@type":"SearchAction","target":{"@type":"EntryPoint","urlTemplate":"https:\/\/www.eldiario.net\/portal\/?s={search_term_string}"},"query-input":{"@type":"PropertyValueSpecification","valueRequired":true,"valueName":"search_term_string"}}],"inLanguage":"es"},{"@type":"Organization","@id":"https:\/\/www.eldiario.net\/portal\/#organization","name":"El Diario - Decano de la prensa nacional","url":"https:\/\/www.eldiario.net\/portal\/","logo":{"@type":"ImageObject","inLanguage":"es","@id":"https:\/\/www.eldiario.net\/portal\/#\/schema\/logo\/image\/","url":"https:\/\/www.eldiario.net\/portal\/wp-content\/uploads\/2023\/07\/logo_ED.jpg","contentUrl":"https:\/\/www.eldiario.net\/portal\/wp-content\/uploads\/2023\/07\/logo_ED.jpg","width":272,"height":52,"caption":"El Diario - Decano de la prensa nacional"},"image":{"@id":"https:\/\/www.eldiario.net\/portal\/#\/schema\/logo\/image\/"},"sameAs":["https:\/\/www.facebook.com\/eldiario.bolivia\/","https:\/\/x.com\/eldiario_net"]},{"@type":"Person","@id":"https:\/\/www.eldiario.net\/portal\/#\/schema\/person\/f46445640444750d7d753ccd04ae01b7","name":"Jeanette","image":{"@type":"ImageObject","inLanguage":"es","@id":"https:\/\/secure.gravatar.com\/avatar\/3ea2118a5f7dad2b7138b1187a6b7ee55f160b9968b66013c3a3ef39dd7e5798?s=96&d=mm&r=g","url":"https:\/\/secure.gravatar.com\/avatar\/3ea2118a5f7dad2b7138b1187a6b7ee55f160b9968b66013c3a3ef39dd7e5798?s=96&d=mm&r=g","contentUrl":"https:\/\/secure.gravatar.com\/avatar\/3ea2118a5f7dad2b7138b1187a6b7ee55f160b9968b66013c3a3ef39dd7e5798?s=96&d=mm&r=g","caption":"Jeanette"},"sameAs":["https:\/\/www.eldiario.net\/portal"],"url":"https:\/\/www.eldiario.net\/portal\/author\/jeanette\/"}]}},"_links":{"self":[{"href":"https:\/\/www.eldiario.net\/portal\/wp-json\/wp\/v2\/posts\/25243","targetHints":{"allow":["GET"]}}],"collection":[{"href":"https:\/\/www.eldiario.net\/portal\/wp-json\/wp\/v2\/posts"}],"about":[{"href":"https:\/\/www.eldiario.net\/portal\/wp-json\/wp\/v2\/types\/post"}],"author":[{"embeddable":true,"href":"https:\/\/www.eldiario.net\/portal\/wp-json\/wp\/v2\/users\/1"}],"replies":[{"embeddable":true,"href":"https:\/\/www.eldiario.net\/portal\/wp-json\/wp\/v2\/comments?post=25243"}],"version-history":[{"count":0,"href":"https:\/\/www.eldiario.net\/portal\/wp-json\/wp\/v2\/posts\/25243\/revisions"}],"wp:featuredmedia":[{"embeddable":true,"href":"https:\/\/www.eldiario.net\/portal\/wp-json\/wp\/v2\/media\/25244"}],"wp:attachment":[{"href":"https:\/\/www.eldiario.net\/portal\/wp-json\/wp\/v2\/media?parent=25243"}],"wp:term":[{"taxonomy":"category","embeddable":true,"href":"https:\/\/www.eldiario.net\/portal\/wp-json\/wp\/v2\/categories?post=25243"},{"taxonomy":"post_tag","embeddable":true,"href":"https:\/\/www.eldiario.net\/portal\/wp-json\/wp\/v2\/tags?post=25243"}],"curies":[{"name":"wp","href":"https:\/\/api.w.org\/{rel}","templated":true}]}}