{"id":25240,"date":"2021-08-23T06:14:47","date_gmt":"2021-08-23T10:14:47","guid":{"rendered":"https:\/\/www.eldiario.net\/portal\/?p=25240"},"modified":"2021-08-23T06:14:47","modified_gmt":"2021-08-23T10:14:47","slug":"recuerdan-82-anos-de-la-muerte-de-german-busch","status":"publish","type":"post","link":"https:\/\/www.eldiario.net\/portal\/2021\/08\/23\/recuerdan-82-anos-de-la-muerte-de-german-busch\/","title":{"rendered":"Recuerdan 82 a\u00f1os de la muerte de Germ\u00e1n Busch"},"content":{"rendered":"<p>En emotivo acto, vecinos del barrio Panamericano de la ciudad de Santa Cruz\u00a0de la Sierra recordaron\u00a0ayer los 82 a\u00f1os de la muerte del expresidente Germ\u00e1n Busch, h\u00e9roe de la Guerra del Chaco, en presencia de sus familiares, fraternidades, plataformas ciudadanas, parlamentarios y asamble\u00edstas departamentales.<br \/>\nAna Mar\u00eda Molina, la vecina m\u00e1s antigua del barrio, anunci\u00f3 que todos los a\u00f1os la Junta Vecinal har\u00e1 este acto de recordaci\u00f3n para honrar la memoria del h\u00e9roe cruce\u00f1o Germ\u00e1n Busch.<br \/>\nEl coronel en servicio pasivo del Ej\u00e9rcito, Jorge Santistevan, se\u00f1al\u00f3 que Germ\u00e1n Busch es un ejemplo de valent\u00eda, inteligencia y dignidad para los militares, por su destacada participaci\u00f3n en la Guerra del Chaco, convirti\u00e9ndose en h\u00e9roe nacional.<br \/>\n\u201cGerm\u00e1n Busch fue oficial de caballer\u00eda se destac\u00f3 como el mejor cadete y como gran jinete y fue parte del Regimiento de Caballer\u00eda Lanza\u201d, apunt\u00f3.<\/p>\n<p>DATOS<br \/>\nComo presidente de la rep\u00fablica, Busch destac\u00f3 las medidas aplicadas durante su gobierno, como la nacionalizaci\u00f3n del Banco Central de Bolivia, la nacionalizaci\u00f3n de las minas, la creaci\u00f3n del banco Minero, el Primer C\u00f3digo de Trabajo en Bolivia, la Constituci\u00f3n Pol\u00edtica de 1938, la recuperaci\u00f3n para el Estado de Yacimientos Petrol\u00edferos Fiscales Bolivianos (YPFB), las regal\u00edas del 11 por ciento para las regiones productoras de petr\u00f3leo y la vinculaci\u00f3n ferroviaria con Brasil y Argentina.<br \/>\nSantisteban dijo que la universidad y los estudiantes deber\u00edan rendirle todos los a\u00f1os homenaje a Germ\u00e1n Busch porque decidi\u00f3 la reapertura y reconoci\u00f3 la autonom\u00eda universitaria, adem\u00e1s de comprar el edificio de la plaza principal para la Universidad Aut\u00f3noma Gabriel Ren\u00e9 Moreno.<br \/>\nA nombre de los familiares del expresidente Germ\u00e1n Busch, Herland Vaca Diez Busch, dijo que est\u00e1 demostrado de lejos que Germ\u00e1n Busch sigue siendo el mejor presidente que tuvo Bolivia y por eso, pidi\u00f3 que se estudie cada vez m\u00e1s la historia de Germ\u00e1n Busch, el h\u00e9roe cruce\u00f1o y boliviano.<br \/>\nApunt\u00f3 que as\u00ed como Germ\u00e1n Busch aboli\u00f3 la esclavitud y el pongueaje, hoy en memoria a ese insigne cruce\u00f1o se debe apoyar a los pueblos ind\u00edgenas que est\u00e1n siendo despojados de sus tierras, avasallados en su cultura y dignidad.<\/p>\n","protected":false},"excerpt":{"rendered":"<p>En emotivo acto, vecinos del barrio Panamericano de la ciudad de Santa Cruz\u00a0de la Sierra recordaron\u00a0ayer los 82 a\u00f1os de la muerte del expresidente Germ\u00e1n Busch, h\u00e9roe de la Guerra del Chaco, en presencia de sus familiares, fraternidades, plataformas ciudadanas, parlamentarios y asamble\u00edstas departamentales. Ana Mar\u00eda Molina, la vecina m\u00e1s antigua del barrio, anunci\u00f3 que [&hellip;]<\/p>\n","protected":false},"author":1,"featured_media":25241,"comment_status":"closed","ping_status":"closed","sticky":false,"template":"","format":"standard","meta":{"_acf_changed":false,"footnotes":""},"categories":[39],"tags":[],"class_list":["post-25240","post","type-post","status-publish","format-standard","has-post-thumbnail","category-sociedad"],"acf":{"antetitulo":""},"yoast_head":"<!-- This site is optimized with the Yoast SEO plugin v28.4 - https:\/\/yoast.com\/product\/yoast-seo-wordpress\/ -->\n<title>Recuerdan 82 a\u00f1os de la muerte de Germ\u00e1n Busch - El Diario - Bolivia<\/title>\n<meta name=\"robots\" content=\"index, follow, max-snippet:-1, max-image-preview:large, max-video-preview:-1\" \/>\n<link rel=\"canonical\" href=\"https:\/\/www.eldiario.net\/portal\/2021\/08\/23\/recuerdan-82-anos-de-la-muerte-de-german-busch\/\" \/>\n<meta property=\"og:locale\" content=\"es_ES\" \/>\n<meta property=\"og:type\" content=\"article\" \/>\n<meta property=\"og:title\" content=\"Recuerdan 82 a\u00f1os de la muerte de Germ\u00e1n Busch - El Diario - Bolivia\" \/>\n<meta property=\"og:description\" content=\"En emotivo acto, vecinos del barrio Panamericano de la ciudad de Santa Cruz\u00a0de la Sierra recordaron\u00a0ayer los 82 a\u00f1os de la muerte del expresidente Germ\u00e1n Busch, h\u00e9roe de la Guerra del Chaco, en presencia de sus familiares, fraternidades, plataformas ciudadanas, parlamentarios y asamble\u00edstas departamentales. Ana Mar\u00eda Molina, la vecina m\u00e1s antigua del barrio, anunci\u00f3 que [&hellip;]\" \/>\n<meta property=\"og:url\" content=\"https:\/\/www.eldiario.net\/portal\/2021\/08\/23\/recuerdan-82-anos-de-la-muerte-de-german-busch\/\" \/>\n<meta property=\"og:site_name\" content=\"El Diario - Bolivia\" \/>\n<meta property=\"article:publisher\" content=\"https:\/\/www.facebook.com\/eldiario.bolivia\/\" \/>\n<meta property=\"article:published_time\" content=\"2021-08-23T10:14:47+00:00\" \/>\n<meta property=\"og:image\" content=\"https:\/\/www.eldiario.net\/portal\/wp-content\/uploads\/2021\/08\/BUSCH.jpg\" \/>\n\t<meta property=\"og:image:width\" content=\"1\" \/>\n\t<meta property=\"og:image:height\" content=\"1\" \/>\n\t<meta property=\"og:image:type\" content=\"image\/jpeg\" \/>\n<meta name=\"author\" content=\"Jeanette\" \/>\n<meta name=\"twitter:card\" content=\"summary_large_image\" \/>\n<meta name=\"twitter:creator\" content=\"@eldiario_net\" \/>\n<meta name=\"twitter:site\" content=\"@eldiario_net\" \/>\n<meta name=\"twitter:label1\" content=\"Escrito por\" \/>\n\t<meta name=\"twitter:data1\" content=\"Jeanette\" \/>\n\t<meta name=\"twitter:label2\" content=\"Tiempo de lectura\" \/>\n\t<meta name=\"twitter:data2\" content=\"2 minutos\" \/>\n<script type=\"application\/ld+json\" class=\"yoast-schema-graph\">{\"@context\":\"https:\\\/\\\/schema.org\",\"@graph\":[{\"@type\":\"Article\",\"@id\":\"https:\\\/\\\/www.eldiario.net\\\/portal\\\/2021\\\/08\\\/23\\\/recuerdan-82-anos-de-la-muerte-de-german-busch\\\/#article\",\"isPartOf\":{\"@id\":\"https:\\\/\\\/www.eldiario.net\\\/portal\\\/2021\\\/08\\\/23\\\/recuerdan-82-anos-de-la-muerte-de-german-busch\\\/\"},\"author\":{\"name\":\"Jeanette\",\"@id\":\"https:\\\/\\\/www.eldiario.net\\\/portal\\\/#\\\/schema\\\/person\\\/f46445640444750d7d753ccd04ae01b7\"},\"headline\":\"Recuerdan 82 a\u00f1os de la muerte de Germ\u00e1n Busch\",\"datePublished\":\"2021-08-23T10:14:47+00:00\",\"mainEntityOfPage\":{\"@id\":\"https:\\\/\\\/www.eldiario.net\\\/portal\\\/2021\\\/08\\\/23\\\/recuerdan-82-anos-de-la-muerte-de-german-busch\\\/\"},\"wordCount\":401,\"publisher\":{\"@id\":\"https:\\\/\\\/www.eldiario.net\\\/portal\\\/#organization\"},\"image\":{\"@id\":\"https:\\\/\\\/www.eldiario.net\\\/portal\\\/2021\\\/08\\\/23\\\/recuerdan-82-anos-de-la-muerte-de-german-busch\\\/#primaryimage\"},\"thumbnailUrl\":\"https:\\\/\\\/www.eldiario.net\\\/portal\\\/wp-content\\\/uploads\\\/2021\\\/08\\\/BUSCH.jpg\",\"articleSection\":[\"Sociedad - Seguridad\"],\"inLanguage\":\"es\"},{\"@type\":\"WebPage\",\"@id\":\"https:\\\/\\\/www.eldiario.net\\\/portal\\\/2021\\\/08\\\/23\\\/recuerdan-82-anos-de-la-muerte-de-german-busch\\\/\",\"url\":\"https:\\\/\\\/www.eldiario.net\\\/portal\\\/2021\\\/08\\\/23\\\/recuerdan-82-anos-de-la-muerte-de-german-busch\\\/\",\"name\":\"Recuerdan 82 a\u00f1os de la muerte de Germ\u00e1n Busch - El Diario - Bolivia\",\"isPartOf\":{\"@id\":\"https:\\\/\\\/www.eldiario.net\\\/portal\\\/#website\"},\"primaryImageOfPage\":{\"@id\":\"https:\\\/\\\/www.eldiario.net\\\/portal\\\/2021\\\/08\\\/23\\\/recuerdan-82-anos-de-la-muerte-de-german-busch\\\/#primaryimage\"},\"image\":{\"@id\":\"https:\\\/\\\/www.eldiario.net\\\/portal\\\/2021\\\/08\\\/23\\\/recuerdan-82-anos-de-la-muerte-de-german-busch\\\/#primaryimage\"},\"thumbnailUrl\":\"https:\\\/\\\/www.eldiario.net\\\/portal\\\/wp-content\\\/uploads\\\/2021\\\/08\\\/BUSCH.jpg\",\"datePublished\":\"2021-08-23T10:14:47+00:00\",\"breadcrumb\":{\"@id\":\"https:\\\/\\\/www.eldiario.net\\\/portal\\\/2021\\\/08\\\/23\\\/recuerdan-82-anos-de-la-muerte-de-german-busch\\\/#breadcrumb\"},\"inLanguage\":\"es\",\"potentialAction\":[{\"@type\":\"ReadAction\",\"target\":[\"https:\\\/\\\/www.eldiario.net\\\/portal\\\/2021\\\/08\\\/23\\\/recuerdan-82-anos-de-la-muerte-de-german-busch\\\/\"]}]},{\"@type\":\"ImageObject\",\"inLanguage\":\"es\",\"@id\":\"https:\\\/\\\/www.eldiario.net\\\/portal\\\/2021\\\/08\\\/23\\\/recuerdan-82-anos-de-la-muerte-de-german-busch\\\/#primaryimage\",\"url\":\"https:\\\/\\\/www.eldiario.net\\\/portal\\\/wp-content\\\/uploads\\\/2021\\\/08\\\/BUSCH.jpg\",\"contentUrl\":\"https:\\\/\\\/www.eldiario.net\\\/portal\\\/wp-content\\\/uploads\\\/2021\\\/08\\\/BUSCH.jpg\",\"caption\":\"VECINOS RINDIERON HOMENAJE A LOS 82 A\u00d1OS DE LA MUERTE DEL EXPRESIDENTE GERM\u00c1N BUSCH.\"},{\"@type\":\"BreadcrumbList\",\"@id\":\"https:\\\/\\\/www.eldiario.net\\\/portal\\\/2021\\\/08\\\/23\\\/recuerdan-82-anos-de-la-muerte-de-german-busch\\\/#breadcrumb\",\"itemListElement\":[{\"@type\":\"ListItem\",\"position\":1,\"name\":\"Portada\",\"item\":\"https:\\\/\\\/www.eldiario.net\\\/portal\\\/\"},{\"@type\":\"ListItem\",\"position\":2,\"name\":\"Recuerdan 82 a\u00f1os de la muerte de Germ\u00e1n Busch\"}]},{\"@type\":\"WebSite\",\"@id\":\"https:\\\/\\\/www.eldiario.net\\\/portal\\\/#website\",\"url\":\"https:\\\/\\\/www.eldiario.net\\\/portal\\\/\",\"name\":\"El Diario - Decano de la prensa nacional\",\"description\":\"El Diario - Decano de la prensa nacional\",\"publisher\":{\"@id\":\"https:\\\/\\\/www.eldiario.net\\\/portal\\\/#organization\"},\"potentialAction\":[{\"@type\":\"SearchAction\",\"target\":{\"@type\":\"EntryPoint\",\"urlTemplate\":\"https:\\\/\\\/www.eldiario.net\\\/portal\\\/?s={search_term_string}\"},\"query-input\":{\"@type\":\"PropertyValueSpecification\",\"valueRequired\":true,\"valueName\":\"search_term_string\"}}],\"inLanguage\":\"es\"},{\"@type\":\"Organization\",\"@id\":\"https:\\\/\\\/www.eldiario.net\\\/portal\\\/#organization\",\"name\":\"El Diario - Decano de la prensa nacional\",\"url\":\"https:\\\/\\\/www.eldiario.net\\\/portal\\\/\",\"logo\":{\"@type\":\"ImageObject\",\"inLanguage\":\"es\",\"@id\":\"https:\\\/\\\/www.eldiario.net\\\/portal\\\/#\\\/schema\\\/logo\\\/image\\\/\",\"url\":\"https:\\\/\\\/www.eldiario.net\\\/portal\\\/wp-content\\\/uploads\\\/2023\\\/07\\\/logo_ED.jpg\",\"contentUrl\":\"https:\\\/\\\/www.eldiario.net\\\/portal\\\/wp-content\\\/uploads\\\/2023\\\/07\\\/logo_ED.jpg\",\"width\":272,\"height\":52,\"caption\":\"El Diario - Decano de la prensa nacional\"},\"image\":{\"@id\":\"https:\\\/\\\/www.eldiario.net\\\/portal\\\/#\\\/schema\\\/logo\\\/image\\\/\"},\"sameAs\":[\"https:\\\/\\\/www.facebook.com\\\/eldiario.bolivia\\\/\",\"https:\\\/\\\/x.com\\\/eldiario_net\"]},{\"@type\":\"Person\",\"@id\":\"https:\\\/\\\/www.eldiario.net\\\/portal\\\/#\\\/schema\\\/person\\\/f46445640444750d7d753ccd04ae01b7\",\"name\":\"Jeanette\",\"image\":{\"@type\":\"ImageObject\",\"inLanguage\":\"es\",\"@id\":\"https:\\\/\\\/secure.gravatar.com\\\/avatar\\\/3ea2118a5f7dad2b7138b1187a6b7ee55f160b9968b66013c3a3ef39dd7e5798?s=96&d=mm&r=g\",\"url\":\"https:\\\/\\\/secure.gravatar.com\\\/avatar\\\/3ea2118a5f7dad2b7138b1187a6b7ee55f160b9968b66013c3a3ef39dd7e5798?s=96&d=mm&r=g\",\"contentUrl\":\"https:\\\/\\\/secure.gravatar.com\\\/avatar\\\/3ea2118a5f7dad2b7138b1187a6b7ee55f160b9968b66013c3a3ef39dd7e5798?s=96&d=mm&r=g\",\"caption\":\"Jeanette\"},\"sameAs\":[\"https:\\\/\\\/www.eldiario.net\\\/portal\"],\"url\":\"https:\\\/\\\/www.eldiario.net\\\/portal\\\/author\\\/jeanette\\\/\"}]}<\/script>\n<!-- \/ Yoast SEO plugin. -->","yoast_head_json":{"title":"Recuerdan 82 a\u00f1os de la muerte de Germ\u00e1n Busch - El Diario - Bolivia","robots":{"index":"index","follow":"follow","max-snippet":"max-snippet:-1","max-image-preview":"max-image-preview:large","max-video-preview":"max-video-preview:-1"},"canonical":"https:\/\/www.eldiario.net\/portal\/2021\/08\/23\/recuerdan-82-anos-de-la-muerte-de-german-busch\/","og_locale":"es_ES","og_type":"article","og_title":"Recuerdan 82 a\u00f1os de la muerte de Germ\u00e1n Busch - El Diario - Bolivia","og_description":"En emotivo acto, vecinos del barrio Panamericano de la ciudad de Santa Cruz\u00a0de la Sierra recordaron\u00a0ayer los 82 a\u00f1os de la muerte del expresidente Germ\u00e1n Busch, h\u00e9roe de la Guerra del Chaco, en presencia de sus familiares, fraternidades, plataformas ciudadanas, parlamentarios y asamble\u00edstas departamentales. Ana Mar\u00eda Molina, la vecina m\u00e1s antigua del barrio, anunci\u00f3 que [&hellip;]","og_url":"https:\/\/www.eldiario.net\/portal\/2021\/08\/23\/recuerdan-82-anos-de-la-muerte-de-german-busch\/","og_site_name":"El Diario - Bolivia","article_publisher":"https:\/\/www.facebook.com\/eldiario.bolivia\/","article_published_time":"2021-08-23T10:14:47+00:00","og_image":[{"url":"https:\/\/www.eldiario.net\/portal\/wp-content\/uploads\/2021\/08\/BUSCH.jpg","width":1,"height":1,"type":"image\/jpeg"}],"author":"Jeanette","twitter_card":"summary_large_image","twitter_creator":"@eldiario_net","twitter_site":"@eldiario_net","twitter_misc":{"Escrito por":"Jeanette","Tiempo de lectura":"2 minutos"},"schema":{"@context":"https:\/\/schema.org","@graph":[{"@type":"Article","@id":"https:\/\/www.eldiario.net\/portal\/2021\/08\/23\/recuerdan-82-anos-de-la-muerte-de-german-busch\/#article","isPartOf":{"@id":"https:\/\/www.eldiario.net\/portal\/2021\/08\/23\/recuerdan-82-anos-de-la-muerte-de-german-busch\/"},"author":{"name":"Jeanette","@id":"https:\/\/www.eldiario.net\/portal\/#\/schema\/person\/f46445640444750d7d753ccd04ae01b7"},"headline":"Recuerdan 82 a\u00f1os de la muerte de Germ\u00e1n Busch","datePublished":"2021-08-23T10:14:47+00:00","mainEntityOfPage":{"@id":"https:\/\/www.eldiario.net\/portal\/2021\/08\/23\/recuerdan-82-anos-de-la-muerte-de-german-busch\/"},"wordCount":401,"publisher":{"@id":"https:\/\/www.eldiario.net\/portal\/#organization"},"image":{"@id":"https:\/\/www.eldiario.net\/portal\/2021\/08\/23\/recuerdan-82-anos-de-la-muerte-de-german-busch\/#primaryimage"},"thumbnailUrl":"https:\/\/www.eldiario.net\/portal\/wp-content\/uploads\/2021\/08\/BUSCH.jpg","articleSection":["Sociedad - Seguridad"],"inLanguage":"es"},{"@type":"WebPage","@id":"https:\/\/www.eldiario.net\/portal\/2021\/08\/23\/recuerdan-82-anos-de-la-muerte-de-german-busch\/","url":"https:\/\/www.eldiario.net\/portal\/2021\/08\/23\/recuerdan-82-anos-de-la-muerte-de-german-busch\/","name":"Recuerdan 82 a\u00f1os de la muerte de Germ\u00e1n Busch - El Diario - Bolivia","isPartOf":{"@id":"https:\/\/www.eldiario.net\/portal\/#website"},"primaryImageOfPage":{"@id":"https:\/\/www.eldiario.net\/portal\/2021\/08\/23\/recuerdan-82-anos-de-la-muerte-de-german-busch\/#primaryimage"},"image":{"@id":"https:\/\/www.eldiario.net\/portal\/2021\/08\/23\/recuerdan-82-anos-de-la-muerte-de-german-busch\/#primaryimage"},"thumbnailUrl":"https:\/\/www.eldiario.net\/portal\/wp-content\/uploads\/2021\/08\/BUSCH.jpg","datePublished":"2021-08-23T10:14:47+00:00","breadcrumb":{"@id":"https:\/\/www.eldiario.net\/portal\/2021\/08\/23\/recuerdan-82-anos-de-la-muerte-de-german-busch\/#breadcrumb"},"inLanguage":"es","potentialAction":[{"@type":"ReadAction","target":["https:\/\/www.eldiario.net\/portal\/2021\/08\/23\/recuerdan-82-anos-de-la-muerte-de-german-busch\/"]}]},{"@type":"ImageObject","inLanguage":"es","@id":"https:\/\/www.eldiario.net\/portal\/2021\/08\/23\/recuerdan-82-anos-de-la-muerte-de-german-busch\/#primaryimage","url":"https:\/\/www.eldiario.net\/portal\/wp-content\/uploads\/2021\/08\/BUSCH.jpg","contentUrl":"https:\/\/www.eldiario.net\/portal\/wp-content\/uploads\/2021\/08\/BUSCH.jpg","caption":"VECINOS RINDIERON HOMENAJE A LOS 82 A\u00d1OS DE LA MUERTE DEL EXPRESIDENTE GERM\u00c1N BUSCH."},{"@type":"BreadcrumbList","@id":"https:\/\/www.eldiario.net\/portal\/2021\/08\/23\/recuerdan-82-anos-de-la-muerte-de-german-busch\/#breadcrumb","itemListElement":[{"@type":"ListItem","position":1,"name":"Portada","item":"https:\/\/www.eldiario.net\/portal\/"},{"@type":"ListItem","position":2,"name":"Recuerdan 82 a\u00f1os de la muerte de Germ\u00e1n Busch"}]},{"@type":"WebSite","@id":"https:\/\/www.eldiario.net\/portal\/#website","url":"https:\/\/www.eldiario.net\/portal\/","name":"El Diario - Decano de la prensa nacional","description":"El Diario - Decano de la prensa nacional","publisher":{"@id":"https:\/\/www.eldiario.net\/portal\/#organization"},"potentialAction":[{"@type":"SearchAction","target":{"@type":"EntryPoint","urlTemplate":"https:\/\/www.eldiario.net\/portal\/?s={search_term_string}"},"query-input":{"@type":"PropertyValueSpecification","valueRequired":true,"valueName":"search_term_string"}}],"inLanguage":"es"},{"@type":"Organization","@id":"https:\/\/www.eldiario.net\/portal\/#organization","name":"El Diario - Decano de la prensa nacional","url":"https:\/\/www.eldiario.net\/portal\/","logo":{"@type":"ImageObject","inLanguage":"es","@id":"https:\/\/www.eldiario.net\/portal\/#\/schema\/logo\/image\/","url":"https:\/\/www.eldiario.net\/portal\/wp-content\/uploads\/2023\/07\/logo_ED.jpg","contentUrl":"https:\/\/www.eldiario.net\/portal\/wp-content\/uploads\/2023\/07\/logo_ED.jpg","width":272,"height":52,"caption":"El Diario - Decano de la prensa nacional"},"image":{"@id":"https:\/\/www.eldiario.net\/portal\/#\/schema\/logo\/image\/"},"sameAs":["https:\/\/www.facebook.com\/eldiario.bolivia\/","https:\/\/x.com\/eldiario_net"]},{"@type":"Person","@id":"https:\/\/www.eldiario.net\/portal\/#\/schema\/person\/f46445640444750d7d753ccd04ae01b7","name":"Jeanette","image":{"@type":"ImageObject","inLanguage":"es","@id":"https:\/\/secure.gravatar.com\/avatar\/3ea2118a5f7dad2b7138b1187a6b7ee55f160b9968b66013c3a3ef39dd7e5798?s=96&d=mm&r=g","url":"https:\/\/secure.gravatar.com\/avatar\/3ea2118a5f7dad2b7138b1187a6b7ee55f160b9968b66013c3a3ef39dd7e5798?s=96&d=mm&r=g","contentUrl":"https:\/\/secure.gravatar.com\/avatar\/3ea2118a5f7dad2b7138b1187a6b7ee55f160b9968b66013c3a3ef39dd7e5798?s=96&d=mm&r=g","caption":"Jeanette"},"sameAs":["https:\/\/www.eldiario.net\/portal"],"url":"https:\/\/www.eldiario.net\/portal\/author\/jeanette\/"}]}},"_links":{"self":[{"href":"https:\/\/www.eldiario.net\/portal\/wp-json\/wp\/v2\/posts\/25240","targetHints":{"allow":["GET"]}}],"collection":[{"href":"https:\/\/www.eldiario.net\/portal\/wp-json\/wp\/v2\/posts"}],"about":[{"href":"https:\/\/www.eldiario.net\/portal\/wp-json\/wp\/v2\/types\/post"}],"author":[{"embeddable":true,"href":"https:\/\/www.eldiario.net\/portal\/wp-json\/wp\/v2\/users\/1"}],"replies":[{"embeddable":true,"href":"https:\/\/www.eldiario.net\/portal\/wp-json\/wp\/v2\/comments?post=25240"}],"version-history":[{"count":0,"href":"https:\/\/www.eldiario.net\/portal\/wp-json\/wp\/v2\/posts\/25240\/revisions"}],"wp:featuredmedia":[{"embeddable":true,"href":"https:\/\/www.eldiario.net\/portal\/wp-json\/wp\/v2\/media\/25241"}],"wp:attachment":[{"href":"https:\/\/www.eldiario.net\/portal\/wp-json\/wp\/v2\/media?parent=25240"}],"wp:term":[{"taxonomy":"category","embeddable":true,"href":"https:\/\/www.eldiario.net\/portal\/wp-json\/wp\/v2\/categories?post=25240"},{"taxonomy":"post_tag","embeddable":true,"href":"https:\/\/www.eldiario.net\/portal\/wp-json\/wp\/v2\/tags?post=25240"}],"curies":[{"name":"wp","href":"https:\/\/api.w.org\/{rel}","templated":true}]}}