{"id":25237,"date":"2021-08-23T06:13:07","date_gmt":"2021-08-23T10:13:07","guid":{"rendered":"https:\/\/www.eldiario.net\/portal\/?p=25237"},"modified":"2021-08-23T06:13:07","modified_gmt":"2021-08-23T10:13:07","slug":"anez-esta-de-mejor-animo-y-gobierno-autoriza-que-un-familiar-duerma-con-ella","status":"publish","type":"post","link":"https:\/\/www.eldiario.net\/portal\/2021\/08\/23\/anez-esta-de-mejor-animo-y-gobierno-autoriza-que-un-familiar-duerma-con-ella\/","title":{"rendered":"A\u00f1ez est\u00e1 de \u201cmejor \u00e1nimo\u201d y Gobierno autoriza que un familiar duerma con ella"},"content":{"rendered":"<p>Despu\u00e9s de dormir al lado de su madre, Jos\u00e9 Ribera, hijo de la expresidenta Jeanine A\u00f1ez, afirm\u00f3 ayer que la exmandataria se encuentra de \u201cmejor \u00e1nimo\u201d y tomando sus medicamentos. El Gobierno, a trav\u00e9s de R\u00e9gimen Penitenciario, autoriz\u00f3 a que un familiar pueda dormir con ella.<br \/>\n\u201cAhora est\u00e1 un poco m\u00e1s tranquila, ya est\u00e1 con un mejor \u00e1nimo porque he podido acompa\u00f1arla y verificar que se encuentra bien, que est\u00e1 bien atendida, tomando sus medicamentos\u201d, dijo el hijo de la exmandataria.<br \/>\nEn tanto, su hermana, Carolina Ribera, dijo que su madre tiene los brazos vendados, por las heridas que se provoc\u00f3 la madrugada del s\u00e1bado.<br \/>\nLa hija de la expresidenta Jeanine A\u00f1ez desminti\u00f3 al ministro de Gobierno, Eduardo del Castillo, al asegurar que ella sufri\u00f3 heridas que fueron cerradas con puntos. \u201cMienten descaradamente, sus heridas no son superficiales. Este ha sido un grito de auxilio. El siquiatra que la vio dice que est\u00e1 con una crisis de nervios y una severa depresi\u00f3n, que sumada a la hipertensi\u00f3n, requieren de un tratamiento en un lugar adecuado\u201d, asegur\u00f3.<br \/>\nPor otro lado, ayer, el director de R\u00e9gimen Penitenciario, Juan Carlos Limpias, inform\u00f3 que se lleg\u00f3 a un acuerdo con la familia de la expresidenta para que un familiar pase la noche con ella en su celda del Centro de Orientaci\u00f3n Femenina de Miraflores, hasta que se recupere.<br \/>\nAsegur\u00f3 que A\u00f1ez cuenta con ambientes adecuados con todos los servicios b\u00e1sicos, monitor cardiaco para atender la hipertensi\u00f3n y un ambiente equipado con los insumos y medicaci\u00f3n necesarios, adem\u00e1s de un m\u00e9dico 24 horas.<br \/>\nApunt\u00f3 que desde el s\u00e1bado 21 de agosto, se acord\u00f3 que uno de sus familiares duerma con ella al interior del centro penitenciario, donde tambi\u00e9n se le brindar\u00e1 todas las condiciones necesarias para que cuide y acompa\u00f1e a A\u00f1ez, precautelando sus derechos humanos.<br \/>\n\u201cLa familia ha solicitado que ingrese su m\u00e9dico particular, la administraci\u00f3n penitenciaria ha aceptado, y en m\u00e1s de 10 oportunidades se coordin\u00f3 con nuestro m\u00e9dico (\u2026), nosotros no hemos establecido el tratamiento, sino el m\u00e9dico de cabecera, se ha coordinado con la familia y la familia lleva desde el primer d\u00eda los alimentos y entregan en propia mano la alimentaci\u00f3n, todo lo que hemos hecho es en total respeto a los derechos humanos\u201d, asegur\u00f3.<br \/>\nEstas medidas se producen despu\u00e9s de que A\u00f1ez intentara \u201cautolesionarse\u201d la madrugada del s\u00e1bado.<br \/>\nSeg\u00fan indicaron reiteradamente\u00a0funcionarios p\u00fablicos, la exmandataria se encuentra \u201cestable\u201d, pero su familia y diversas figuras p\u00fablicas solicitan que la expresidenta pueda continuar su defensa en libertad.<br \/>\nLa expresidenta fue enviada con detenci\u00f3n preventiva el pasado 14 de marzo, por la jueza Regina Santa Cruz.<\/p>\n","protected":false},"excerpt":{"rendered":"<p>Despu\u00e9s de dormir al lado de su madre, Jos\u00e9 Ribera, hijo de la expresidenta Jeanine A\u00f1ez, afirm\u00f3 ayer que la exmandataria se encuentra de \u201cmejor \u00e1nimo\u201d y tomando sus medicamentos. El Gobierno, a trav\u00e9s de R\u00e9gimen Penitenciario, autoriz\u00f3 a que un familiar pueda dormir con ella. \u201cAhora est\u00e1 un poco m\u00e1s tranquila, ya est\u00e1 con [&hellip;]<\/p>\n","protected":false},"author":1,"featured_media":25238,"comment_status":"closed","ping_status":"closed","sticky":false,"template":"","format":"standard","meta":{"_acf_changed":false,"footnotes":""},"categories":[39],"tags":[],"class_list":["post-25237","post","type-post","status-publish","format-standard","has-post-thumbnail","category-sociedad"],"acf":{"antetitulo":""},"yoast_head":"<!-- This site is optimized with the Yoast SEO plugin v28.4 - https:\/\/yoast.com\/product\/yoast-seo-wordpress\/ -->\n<title>A\u00f1ez est\u00e1 de \u201cmejor \u00e1nimo\u201d y Gobierno autoriza que un familiar duerma con ella - El Diario - Bolivia<\/title>\n<meta name=\"robots\" content=\"index, follow, max-snippet:-1, max-image-preview:large, max-video-preview:-1\" \/>\n<link rel=\"canonical\" href=\"https:\/\/www.eldiario.net\/portal\/2021\/08\/23\/anez-esta-de-mejor-animo-y-gobierno-autoriza-que-un-familiar-duerma-con-ella\/\" \/>\n<meta property=\"og:locale\" content=\"es_ES\" \/>\n<meta property=\"og:type\" content=\"article\" \/>\n<meta property=\"og:title\" content=\"A\u00f1ez est\u00e1 de \u201cmejor \u00e1nimo\u201d y Gobierno autoriza que un familiar duerma con ella - El Diario - Bolivia\" \/>\n<meta property=\"og:description\" content=\"Despu\u00e9s de dormir al lado de su madre, Jos\u00e9 Ribera, hijo de la expresidenta Jeanine A\u00f1ez, afirm\u00f3 ayer que la exmandataria se encuentra de \u201cmejor \u00e1nimo\u201d y tomando sus medicamentos. El Gobierno, a trav\u00e9s de R\u00e9gimen Penitenciario, autoriz\u00f3 a que un familiar pueda dormir con ella. \u201cAhora est\u00e1 un poco m\u00e1s tranquila, ya est\u00e1 con [&hellip;]\" \/>\n<meta property=\"og:url\" content=\"https:\/\/www.eldiario.net\/portal\/2021\/08\/23\/anez-esta-de-mejor-animo-y-gobierno-autoriza-que-un-familiar-duerma-con-ella\/\" \/>\n<meta property=\"og:site_name\" content=\"El Diario - Bolivia\" \/>\n<meta property=\"article:publisher\" content=\"https:\/\/www.facebook.com\/eldiario.bolivia\/\" \/>\n<meta property=\"article:published_time\" content=\"2021-08-23T10:13:07+00:00\" \/>\n<meta name=\"author\" content=\"Jeanette\" \/>\n<meta name=\"twitter:card\" content=\"summary_large_image\" \/>\n<meta name=\"twitter:creator\" content=\"@eldiario_net\" \/>\n<meta name=\"twitter:site\" content=\"@eldiario_net\" \/>\n<meta name=\"twitter:label1\" content=\"Escrito por\" \/>\n\t<meta name=\"twitter:data1\" content=\"Jeanette\" \/>\n\t<meta name=\"twitter:label2\" content=\"Tiempo de lectura\" \/>\n\t<meta name=\"twitter:data2\" content=\"2 minutos\" \/>\n<script type=\"application\/ld+json\" class=\"yoast-schema-graph\">{\"@context\":\"https:\\\/\\\/schema.org\",\"@graph\":[{\"@type\":\"Article\",\"@id\":\"https:\\\/\\\/www.eldiario.net\\\/portal\\\/2021\\\/08\\\/23\\\/anez-esta-de-mejor-animo-y-gobierno-autoriza-que-un-familiar-duerma-con-ella\\\/#article\",\"isPartOf\":{\"@id\":\"https:\\\/\\\/www.eldiario.net\\\/portal\\\/2021\\\/08\\\/23\\\/anez-esta-de-mejor-animo-y-gobierno-autoriza-que-un-familiar-duerma-con-ella\\\/\"},\"author\":{\"name\":\"Jeanette\",\"@id\":\"https:\\\/\\\/www.eldiario.net\\\/portal\\\/#\\\/schema\\\/person\\\/f46445640444750d7d753ccd04ae01b7\"},\"headline\":\"A\u00f1ez est\u00e1 de \u201cmejor \u00e1nimo\u201d y Gobierno autoriza que un familiar duerma con ella\",\"datePublished\":\"2021-08-23T10:13:07+00:00\",\"mainEntityOfPage\":{\"@id\":\"https:\\\/\\\/www.eldiario.net\\\/portal\\\/2021\\\/08\\\/23\\\/anez-esta-de-mejor-animo-y-gobierno-autoriza-que-un-familiar-duerma-con-ella\\\/\"},\"wordCount\":480,\"publisher\":{\"@id\":\"https:\\\/\\\/www.eldiario.net\\\/portal\\\/#organization\"},\"image\":{\"@id\":\"https:\\\/\\\/www.eldiario.net\\\/portal\\\/2021\\\/08\\\/23\\\/anez-esta-de-mejor-animo-y-gobierno-autoriza-que-un-familiar-duerma-con-ella\\\/#primaryimage\"},\"thumbnailUrl\":\"\",\"articleSection\":[\"Sociedad - Seguridad\"],\"inLanguage\":\"es\"},{\"@type\":\"WebPage\",\"@id\":\"https:\\\/\\\/www.eldiario.net\\\/portal\\\/2021\\\/08\\\/23\\\/anez-esta-de-mejor-animo-y-gobierno-autoriza-que-un-familiar-duerma-con-ella\\\/\",\"url\":\"https:\\\/\\\/www.eldiario.net\\\/portal\\\/2021\\\/08\\\/23\\\/anez-esta-de-mejor-animo-y-gobierno-autoriza-que-un-familiar-duerma-con-ella\\\/\",\"name\":\"A\u00f1ez est\u00e1 de \u201cmejor \u00e1nimo\u201d y Gobierno autoriza que un familiar duerma con ella - El Diario - Bolivia\",\"isPartOf\":{\"@id\":\"https:\\\/\\\/www.eldiario.net\\\/portal\\\/#website\"},\"primaryImageOfPage\":{\"@id\":\"https:\\\/\\\/www.eldiario.net\\\/portal\\\/2021\\\/08\\\/23\\\/anez-esta-de-mejor-animo-y-gobierno-autoriza-que-un-familiar-duerma-con-ella\\\/#primaryimage\"},\"image\":{\"@id\":\"https:\\\/\\\/www.eldiario.net\\\/portal\\\/2021\\\/08\\\/23\\\/anez-esta-de-mejor-animo-y-gobierno-autoriza-que-un-familiar-duerma-con-ella\\\/#primaryimage\"},\"thumbnailUrl\":\"\",\"datePublished\":\"2021-08-23T10:13:07+00:00\",\"breadcrumb\":{\"@id\":\"https:\\\/\\\/www.eldiario.net\\\/portal\\\/2021\\\/08\\\/23\\\/anez-esta-de-mejor-animo-y-gobierno-autoriza-que-un-familiar-duerma-con-ella\\\/#breadcrumb\"},\"inLanguage\":\"es\",\"potentialAction\":[{\"@type\":\"ReadAction\",\"target\":[\"https:\\\/\\\/www.eldiario.net\\\/portal\\\/2021\\\/08\\\/23\\\/anez-esta-de-mejor-animo-y-gobierno-autoriza-que-un-familiar-duerma-con-ella\\\/\"]}]},{\"@type\":\"ImageObject\",\"inLanguage\":\"es\",\"@id\":\"https:\\\/\\\/www.eldiario.net\\\/portal\\\/2021\\\/08\\\/23\\\/anez-esta-de-mejor-animo-y-gobierno-autoriza-que-un-familiar-duerma-con-ella\\\/#primaryimage\",\"url\":\"\",\"contentUrl\":\"\"},{\"@type\":\"BreadcrumbList\",\"@id\":\"https:\\\/\\\/www.eldiario.net\\\/portal\\\/2021\\\/08\\\/23\\\/anez-esta-de-mejor-animo-y-gobierno-autoriza-que-un-familiar-duerma-con-ella\\\/#breadcrumb\",\"itemListElement\":[{\"@type\":\"ListItem\",\"position\":1,\"name\":\"Portada\",\"item\":\"https:\\\/\\\/www.eldiario.net\\\/portal\\\/\"},{\"@type\":\"ListItem\",\"position\":2,\"name\":\"A\u00f1ez est\u00e1 de \u201cmejor \u00e1nimo\u201d y Gobierno autoriza que un familiar duerma con ella\"}]},{\"@type\":\"WebSite\",\"@id\":\"https:\\\/\\\/www.eldiario.net\\\/portal\\\/#website\",\"url\":\"https:\\\/\\\/www.eldiario.net\\\/portal\\\/\",\"name\":\"El Diario - Decano de la prensa nacional\",\"description\":\"El Diario - Decano de la prensa nacional\",\"publisher\":{\"@id\":\"https:\\\/\\\/www.eldiario.net\\\/portal\\\/#organization\"},\"potentialAction\":[{\"@type\":\"SearchAction\",\"target\":{\"@type\":\"EntryPoint\",\"urlTemplate\":\"https:\\\/\\\/www.eldiario.net\\\/portal\\\/?s={search_term_string}\"},\"query-input\":{\"@type\":\"PropertyValueSpecification\",\"valueRequired\":true,\"valueName\":\"search_term_string\"}}],\"inLanguage\":\"es\"},{\"@type\":\"Organization\",\"@id\":\"https:\\\/\\\/www.eldiario.net\\\/portal\\\/#organization\",\"name\":\"El Diario - Decano de la prensa nacional\",\"url\":\"https:\\\/\\\/www.eldiario.net\\\/portal\\\/\",\"logo\":{\"@type\":\"ImageObject\",\"inLanguage\":\"es\",\"@id\":\"https:\\\/\\\/www.eldiario.net\\\/portal\\\/#\\\/schema\\\/logo\\\/image\\\/\",\"url\":\"https:\\\/\\\/www.eldiario.net\\\/portal\\\/wp-content\\\/uploads\\\/2023\\\/07\\\/logo_ED.jpg\",\"contentUrl\":\"https:\\\/\\\/www.eldiario.net\\\/portal\\\/wp-content\\\/uploads\\\/2023\\\/07\\\/logo_ED.jpg\",\"width\":272,\"height\":52,\"caption\":\"El Diario - Decano de la prensa nacional\"},\"image\":{\"@id\":\"https:\\\/\\\/www.eldiario.net\\\/portal\\\/#\\\/schema\\\/logo\\\/image\\\/\"},\"sameAs\":[\"https:\\\/\\\/www.facebook.com\\\/eldiario.bolivia\\\/\",\"https:\\\/\\\/x.com\\\/eldiario_net\"]},{\"@type\":\"Person\",\"@id\":\"https:\\\/\\\/www.eldiario.net\\\/portal\\\/#\\\/schema\\\/person\\\/f46445640444750d7d753ccd04ae01b7\",\"name\":\"Jeanette\",\"image\":{\"@type\":\"ImageObject\",\"inLanguage\":\"es\",\"@id\":\"https:\\\/\\\/secure.gravatar.com\\\/avatar\\\/3ea2118a5f7dad2b7138b1187a6b7ee55f160b9968b66013c3a3ef39dd7e5798?s=96&d=mm&r=g\",\"url\":\"https:\\\/\\\/secure.gravatar.com\\\/avatar\\\/3ea2118a5f7dad2b7138b1187a6b7ee55f160b9968b66013c3a3ef39dd7e5798?s=96&d=mm&r=g\",\"contentUrl\":\"https:\\\/\\\/secure.gravatar.com\\\/avatar\\\/3ea2118a5f7dad2b7138b1187a6b7ee55f160b9968b66013c3a3ef39dd7e5798?s=96&d=mm&r=g\",\"caption\":\"Jeanette\"},\"sameAs\":[\"https:\\\/\\\/www.eldiario.net\\\/portal\"],\"url\":\"https:\\\/\\\/www.eldiario.net\\\/portal\\\/author\\\/jeanette\\\/\"}]}<\/script>\n<!-- \/ Yoast SEO plugin. -->","yoast_head_json":{"title":"A\u00f1ez est\u00e1 de \u201cmejor \u00e1nimo\u201d y Gobierno autoriza que un familiar duerma con ella - El Diario - Bolivia","robots":{"index":"index","follow":"follow","max-snippet":"max-snippet:-1","max-image-preview":"max-image-preview:large","max-video-preview":"max-video-preview:-1"},"canonical":"https:\/\/www.eldiario.net\/portal\/2021\/08\/23\/anez-esta-de-mejor-animo-y-gobierno-autoriza-que-un-familiar-duerma-con-ella\/","og_locale":"es_ES","og_type":"article","og_title":"A\u00f1ez est\u00e1 de \u201cmejor \u00e1nimo\u201d y Gobierno autoriza que un familiar duerma con ella - El Diario - Bolivia","og_description":"Despu\u00e9s de dormir al lado de su madre, Jos\u00e9 Ribera, hijo de la expresidenta Jeanine A\u00f1ez, afirm\u00f3 ayer que la exmandataria se encuentra de \u201cmejor \u00e1nimo\u201d y tomando sus medicamentos. El Gobierno, a trav\u00e9s de R\u00e9gimen Penitenciario, autoriz\u00f3 a que un familiar pueda dormir con ella. \u201cAhora est\u00e1 un poco m\u00e1s tranquila, ya est\u00e1 con [&hellip;]","og_url":"https:\/\/www.eldiario.net\/portal\/2021\/08\/23\/anez-esta-de-mejor-animo-y-gobierno-autoriza-que-un-familiar-duerma-con-ella\/","og_site_name":"El Diario - Bolivia","article_publisher":"https:\/\/www.facebook.com\/eldiario.bolivia\/","article_published_time":"2021-08-23T10:13:07+00:00","author":"Jeanette","twitter_card":"summary_large_image","twitter_creator":"@eldiario_net","twitter_site":"@eldiario_net","twitter_misc":{"Escrito por":"Jeanette","Tiempo de lectura":"2 minutos"},"schema":{"@context":"https:\/\/schema.org","@graph":[{"@type":"Article","@id":"https:\/\/www.eldiario.net\/portal\/2021\/08\/23\/anez-esta-de-mejor-animo-y-gobierno-autoriza-que-un-familiar-duerma-con-ella\/#article","isPartOf":{"@id":"https:\/\/www.eldiario.net\/portal\/2021\/08\/23\/anez-esta-de-mejor-animo-y-gobierno-autoriza-que-un-familiar-duerma-con-ella\/"},"author":{"name":"Jeanette","@id":"https:\/\/www.eldiario.net\/portal\/#\/schema\/person\/f46445640444750d7d753ccd04ae01b7"},"headline":"A\u00f1ez est\u00e1 de \u201cmejor \u00e1nimo\u201d y Gobierno autoriza que un familiar duerma con ella","datePublished":"2021-08-23T10:13:07+00:00","mainEntityOfPage":{"@id":"https:\/\/www.eldiario.net\/portal\/2021\/08\/23\/anez-esta-de-mejor-animo-y-gobierno-autoriza-que-un-familiar-duerma-con-ella\/"},"wordCount":480,"publisher":{"@id":"https:\/\/www.eldiario.net\/portal\/#organization"},"image":{"@id":"https:\/\/www.eldiario.net\/portal\/2021\/08\/23\/anez-esta-de-mejor-animo-y-gobierno-autoriza-que-un-familiar-duerma-con-ella\/#primaryimage"},"thumbnailUrl":"","articleSection":["Sociedad - Seguridad"],"inLanguage":"es"},{"@type":"WebPage","@id":"https:\/\/www.eldiario.net\/portal\/2021\/08\/23\/anez-esta-de-mejor-animo-y-gobierno-autoriza-que-un-familiar-duerma-con-ella\/","url":"https:\/\/www.eldiario.net\/portal\/2021\/08\/23\/anez-esta-de-mejor-animo-y-gobierno-autoriza-que-un-familiar-duerma-con-ella\/","name":"A\u00f1ez est\u00e1 de \u201cmejor \u00e1nimo\u201d y Gobierno autoriza que un familiar duerma con ella - El Diario - Bolivia","isPartOf":{"@id":"https:\/\/www.eldiario.net\/portal\/#website"},"primaryImageOfPage":{"@id":"https:\/\/www.eldiario.net\/portal\/2021\/08\/23\/anez-esta-de-mejor-animo-y-gobierno-autoriza-que-un-familiar-duerma-con-ella\/#primaryimage"},"image":{"@id":"https:\/\/www.eldiario.net\/portal\/2021\/08\/23\/anez-esta-de-mejor-animo-y-gobierno-autoriza-que-un-familiar-duerma-con-ella\/#primaryimage"},"thumbnailUrl":"","datePublished":"2021-08-23T10:13:07+00:00","breadcrumb":{"@id":"https:\/\/www.eldiario.net\/portal\/2021\/08\/23\/anez-esta-de-mejor-animo-y-gobierno-autoriza-que-un-familiar-duerma-con-ella\/#breadcrumb"},"inLanguage":"es","potentialAction":[{"@type":"ReadAction","target":["https:\/\/www.eldiario.net\/portal\/2021\/08\/23\/anez-esta-de-mejor-animo-y-gobierno-autoriza-que-un-familiar-duerma-con-ella\/"]}]},{"@type":"ImageObject","inLanguage":"es","@id":"https:\/\/www.eldiario.net\/portal\/2021\/08\/23\/anez-esta-de-mejor-animo-y-gobierno-autoriza-que-un-familiar-duerma-con-ella\/#primaryimage","url":"","contentUrl":""},{"@type":"BreadcrumbList","@id":"https:\/\/www.eldiario.net\/portal\/2021\/08\/23\/anez-esta-de-mejor-animo-y-gobierno-autoriza-que-un-familiar-duerma-con-ella\/#breadcrumb","itemListElement":[{"@type":"ListItem","position":1,"name":"Portada","item":"https:\/\/www.eldiario.net\/portal\/"},{"@type":"ListItem","position":2,"name":"A\u00f1ez est\u00e1 de \u201cmejor \u00e1nimo\u201d y Gobierno autoriza que un familiar duerma con ella"}]},{"@type":"WebSite","@id":"https:\/\/www.eldiario.net\/portal\/#website","url":"https:\/\/www.eldiario.net\/portal\/","name":"El Diario - Decano de la prensa nacional","description":"El Diario - Decano de la prensa nacional","publisher":{"@id":"https:\/\/www.eldiario.net\/portal\/#organization"},"potentialAction":[{"@type":"SearchAction","target":{"@type":"EntryPoint","urlTemplate":"https:\/\/www.eldiario.net\/portal\/?s={search_term_string}"},"query-input":{"@type":"PropertyValueSpecification","valueRequired":true,"valueName":"search_term_string"}}],"inLanguage":"es"},{"@type":"Organization","@id":"https:\/\/www.eldiario.net\/portal\/#organization","name":"El Diario - Decano de la prensa nacional","url":"https:\/\/www.eldiario.net\/portal\/","logo":{"@type":"ImageObject","inLanguage":"es","@id":"https:\/\/www.eldiario.net\/portal\/#\/schema\/logo\/image\/","url":"https:\/\/www.eldiario.net\/portal\/wp-content\/uploads\/2023\/07\/logo_ED.jpg","contentUrl":"https:\/\/www.eldiario.net\/portal\/wp-content\/uploads\/2023\/07\/logo_ED.jpg","width":272,"height":52,"caption":"El Diario - Decano de la prensa nacional"},"image":{"@id":"https:\/\/www.eldiario.net\/portal\/#\/schema\/logo\/image\/"},"sameAs":["https:\/\/www.facebook.com\/eldiario.bolivia\/","https:\/\/x.com\/eldiario_net"]},{"@type":"Person","@id":"https:\/\/www.eldiario.net\/portal\/#\/schema\/person\/f46445640444750d7d753ccd04ae01b7","name":"Jeanette","image":{"@type":"ImageObject","inLanguage":"es","@id":"https:\/\/secure.gravatar.com\/avatar\/3ea2118a5f7dad2b7138b1187a6b7ee55f160b9968b66013c3a3ef39dd7e5798?s=96&d=mm&r=g","url":"https:\/\/secure.gravatar.com\/avatar\/3ea2118a5f7dad2b7138b1187a6b7ee55f160b9968b66013c3a3ef39dd7e5798?s=96&d=mm&r=g","contentUrl":"https:\/\/secure.gravatar.com\/avatar\/3ea2118a5f7dad2b7138b1187a6b7ee55f160b9968b66013c3a3ef39dd7e5798?s=96&d=mm&r=g","caption":"Jeanette"},"sameAs":["https:\/\/www.eldiario.net\/portal"],"url":"https:\/\/www.eldiario.net\/portal\/author\/jeanette\/"}]}},"_links":{"self":[{"href":"https:\/\/www.eldiario.net\/portal\/wp-json\/wp\/v2\/posts\/25237","targetHints":{"allow":["GET"]}}],"collection":[{"href":"https:\/\/www.eldiario.net\/portal\/wp-json\/wp\/v2\/posts"}],"about":[{"href":"https:\/\/www.eldiario.net\/portal\/wp-json\/wp\/v2\/types\/post"}],"author":[{"embeddable":true,"href":"https:\/\/www.eldiario.net\/portal\/wp-json\/wp\/v2\/users\/1"}],"replies":[{"embeddable":true,"href":"https:\/\/www.eldiario.net\/portal\/wp-json\/wp\/v2\/comments?post=25237"}],"version-history":[{"count":0,"href":"https:\/\/www.eldiario.net\/portal\/wp-json\/wp\/v2\/posts\/25237\/revisions"}],"wp:attachment":[{"href":"https:\/\/www.eldiario.net\/portal\/wp-json\/wp\/v2\/media?parent=25237"}],"wp:term":[{"taxonomy":"category","embeddable":true,"href":"https:\/\/www.eldiario.net\/portal\/wp-json\/wp\/v2\/categories?post=25237"},{"taxonomy":"post_tag","embeddable":true,"href":"https:\/\/www.eldiario.net\/portal\/wp-json\/wp\/v2\/tags?post=25237"}],"curies":[{"name":"wp","href":"https:\/\/api.w.org\/{rel}","templated":true}]}}