{"id":25234,"date":"2021-08-23T06:12:02","date_gmt":"2021-08-23T10:12:02","guid":{"rendered":"https:\/\/www.eldiario.net\/portal\/?p=25234"},"modified":"2021-08-23T06:12:02","modified_gmt":"2021-08-23T10:12:02","slug":"denuncian-avasallamiento-de-predios-para-palmasola","status":"publish","type":"post","link":"https:\/\/www.eldiario.net\/portal\/2021\/08\/23\/denuncian-avasallamiento-de-predios-para-palmasola\/","title":{"rendered":"Denuncian avasallamiento de predios para Palmasola"},"content":{"rendered":"<p>Terrenos otorgados para la ampliaci\u00f3n del centro penitenciario Palmasola por la Gobernaci\u00f3n de Santa Cruz son avasallados por seguidores del Movimiento al Socialismo (MAS), \u201ccon la protecci\u00f3n del ministro de Gobierno, Eduardo del Castillo\u201d, denunci\u00f3 el diputado de Creemos, Oscar Michel.<br \/>\n\u201cQueremos denunciar al ministro Del Castillo porque est\u00e1 avalando avasallamientos en el territorio cruce\u00f1o (\u2026) en base a la Asamblea Legislativa Departamental se le ha cedido al Ministerio de Gobierno terrenos para la ampliaci\u00f3n de la c\u00e1rcel de Palmasola y desde hace 20 d\u00edas est\u00e1 siendo avasallado por gente que ha trabajado junto al MAS\u201d, denunci\u00f3.<br \/>\nLos predios en cuesti\u00f3n suman al menos 18 hect\u00e1reas que corresponden a la Circunscripci\u00f3n 50 (C-50) de la que Michel es diputado uninominal.<br \/>\nExplic\u00f3 que revisada la documentaci\u00f3n acerca del derecho propietario, estos predios se encuentran registrados a nombre del Ministerio de Gobierno.<br \/>\nMichel precis\u00f3 que los diputados de Creemos han emitido una petici\u00f3n de informe al Ministro de Gobierno a objeto de conocer por qu\u00e9 la Polic\u00eda Boliviana no act\u00faa para desalojar a los avasalladores de terrenos cedidos para un objeto espec\u00edfico, siendo que tiene a su cargo a las fuerzas del orden.<br \/>\n\u201cPor qu\u00e9 no ha actuado, por qu\u00e9 no ha desalojado a esta gente que se est\u00e1 aprovechando de gente humilde vendiendo pedazos de tierra para que puedan asentarse creando un conflicto dentro del territorio cruce\u00f1o donde los vecinos est\u00e1n cansados de avasallamientos y piden el inmediato desalojo de \u00e9stos avasalladores\u201d, puntualiz\u00f3.<br \/>\nEl diputado exhort\u00f3 al ministro Del Castillo cumplir con sus funciones de manera correcta sin hacer \u201cshow medi\u00e1tico\u201d y preocuparse por la seguridad del Estado en las fronteras, cuya precariedad fue verificada en el cumplimiento de sus atribuciones de fiscalizador.<\/p>\n","protected":false},"excerpt":{"rendered":"<p>Terrenos otorgados para la ampliaci\u00f3n del centro penitenciario Palmasola por la Gobernaci\u00f3n de Santa Cruz son avasallados por seguidores del Movimiento al Socialismo (MAS), \u201ccon la protecci\u00f3n del ministro de Gobierno, Eduardo del Castillo\u201d, denunci\u00f3 el diputado de Creemos, Oscar Michel. \u201cQueremos denunciar al ministro Del Castillo porque est\u00e1 avalando avasallamientos en el territorio cruce\u00f1o [&hellip;]<\/p>\n","protected":false},"author":1,"featured_media":25235,"comment_status":"closed","ping_status":"closed","sticky":false,"template":"","format":"standard","meta":{"_acf_changed":false,"footnotes":""},"categories":[39],"tags":[],"class_list":["post-25234","post","type-post","status-publish","format-standard","has-post-thumbnail","category-sociedad"],"acf":{"antetitulo":""},"yoast_head":"<!-- This site is optimized with the Yoast SEO plugin v28.4 - https:\/\/yoast.com\/product\/yoast-seo-wordpress\/ -->\n<title>Denuncian avasallamiento de predios para Palmasola - El Diario - Bolivia<\/title>\n<meta name=\"robots\" content=\"index, follow, max-snippet:-1, max-image-preview:large, max-video-preview:-1\" \/>\n<link rel=\"canonical\" href=\"https:\/\/www.eldiario.net\/portal\/2021\/08\/23\/denuncian-avasallamiento-de-predios-para-palmasola\/\" \/>\n<meta property=\"og:locale\" content=\"es_ES\" \/>\n<meta property=\"og:type\" content=\"article\" \/>\n<meta property=\"og:title\" content=\"Denuncian avasallamiento de predios para Palmasola - El Diario - Bolivia\" \/>\n<meta property=\"og:description\" content=\"Terrenos otorgados para la ampliaci\u00f3n del centro penitenciario Palmasola por la Gobernaci\u00f3n de Santa Cruz son avasallados por seguidores del Movimiento al Socialismo (MAS), \u201ccon la protecci\u00f3n del ministro de Gobierno, Eduardo del Castillo\u201d, denunci\u00f3 el diputado de Creemos, Oscar Michel. \u201cQueremos denunciar al ministro Del Castillo porque est\u00e1 avalando avasallamientos en el territorio cruce\u00f1o [&hellip;]\" \/>\n<meta property=\"og:url\" content=\"https:\/\/www.eldiario.net\/portal\/2021\/08\/23\/denuncian-avasallamiento-de-predios-para-palmasola\/\" \/>\n<meta property=\"og:site_name\" content=\"El Diario - Bolivia\" \/>\n<meta property=\"article:publisher\" content=\"https:\/\/www.facebook.com\/eldiario.bolivia\/\" \/>\n<meta property=\"article:published_time\" content=\"2021-08-23T10:12:02+00:00\" \/>\n<meta property=\"og:image\" content=\"https:\/\/www.eldiario.net\/portal\/wp-content\/uploads\/2021\/08\/MICHEL.jpg\" \/>\n\t<meta property=\"og:image:width\" content=\"502\" \/>\n\t<meta property=\"og:image:height\" content=\"415\" \/>\n\t<meta property=\"og:image:type\" content=\"image\/jpeg\" \/>\n<meta name=\"author\" content=\"Jeanette\" \/>\n<meta name=\"twitter:card\" content=\"summary_large_image\" \/>\n<meta name=\"twitter:creator\" content=\"@eldiario_net\" \/>\n<meta name=\"twitter:site\" content=\"@eldiario_net\" \/>\n<meta name=\"twitter:label1\" content=\"Escrito por\" \/>\n\t<meta name=\"twitter:data1\" content=\"Jeanette\" \/>\n\t<meta name=\"twitter:label2\" content=\"Tiempo de lectura\" \/>\n\t<meta name=\"twitter:data2\" content=\"2 minutos\" \/>\n<script type=\"application\/ld+json\" class=\"yoast-schema-graph\">{\"@context\":\"https:\\\/\\\/schema.org\",\"@graph\":[{\"@type\":\"Article\",\"@id\":\"https:\\\/\\\/www.eldiario.net\\\/portal\\\/2021\\\/08\\\/23\\\/denuncian-avasallamiento-de-predios-para-palmasola\\\/#article\",\"isPartOf\":{\"@id\":\"https:\\\/\\\/www.eldiario.net\\\/portal\\\/2021\\\/08\\\/23\\\/denuncian-avasallamiento-de-predios-para-palmasola\\\/\"},\"author\":{\"name\":\"Jeanette\",\"@id\":\"https:\\\/\\\/www.eldiario.net\\\/portal\\\/#\\\/schema\\\/person\\\/f46445640444750d7d753ccd04ae01b7\"},\"headline\":\"Denuncian avasallamiento de predios para Palmasola\",\"datePublished\":\"2021-08-23T10:12:02+00:00\",\"mainEntityOfPage\":{\"@id\":\"https:\\\/\\\/www.eldiario.net\\\/portal\\\/2021\\\/08\\\/23\\\/denuncian-avasallamiento-de-predios-para-palmasola\\\/\"},\"wordCount\":302,\"publisher\":{\"@id\":\"https:\\\/\\\/www.eldiario.net\\\/portal\\\/#organization\"},\"image\":{\"@id\":\"https:\\\/\\\/www.eldiario.net\\\/portal\\\/2021\\\/08\\\/23\\\/denuncian-avasallamiento-de-predios-para-palmasola\\\/#primaryimage\"},\"thumbnailUrl\":\"https:\\\/\\\/www.eldiario.net\\\/portal\\\/wp-content\\\/uploads\\\/2021\\\/08\\\/MICHEL.jpg\",\"articleSection\":[\"Sociedad - Seguridad\"],\"inLanguage\":\"es\"},{\"@type\":\"WebPage\",\"@id\":\"https:\\\/\\\/www.eldiario.net\\\/portal\\\/2021\\\/08\\\/23\\\/denuncian-avasallamiento-de-predios-para-palmasola\\\/\",\"url\":\"https:\\\/\\\/www.eldiario.net\\\/portal\\\/2021\\\/08\\\/23\\\/denuncian-avasallamiento-de-predios-para-palmasola\\\/\",\"name\":\"Denuncian avasallamiento de predios para Palmasola - El Diario - Bolivia\",\"isPartOf\":{\"@id\":\"https:\\\/\\\/www.eldiario.net\\\/portal\\\/#website\"},\"primaryImageOfPage\":{\"@id\":\"https:\\\/\\\/www.eldiario.net\\\/portal\\\/2021\\\/08\\\/23\\\/denuncian-avasallamiento-de-predios-para-palmasola\\\/#primaryimage\"},\"image\":{\"@id\":\"https:\\\/\\\/www.eldiario.net\\\/portal\\\/2021\\\/08\\\/23\\\/denuncian-avasallamiento-de-predios-para-palmasola\\\/#primaryimage\"},\"thumbnailUrl\":\"https:\\\/\\\/www.eldiario.net\\\/portal\\\/wp-content\\\/uploads\\\/2021\\\/08\\\/MICHEL.jpg\",\"datePublished\":\"2021-08-23T10:12:02+00:00\",\"breadcrumb\":{\"@id\":\"https:\\\/\\\/www.eldiario.net\\\/portal\\\/2021\\\/08\\\/23\\\/denuncian-avasallamiento-de-predios-para-palmasola\\\/#breadcrumb\"},\"inLanguage\":\"es\",\"potentialAction\":[{\"@type\":\"ReadAction\",\"target\":[\"https:\\\/\\\/www.eldiario.net\\\/portal\\\/2021\\\/08\\\/23\\\/denuncian-avasallamiento-de-predios-para-palmasola\\\/\"]}]},{\"@type\":\"ImageObject\",\"inLanguage\":\"es\",\"@id\":\"https:\\\/\\\/www.eldiario.net\\\/portal\\\/2021\\\/08\\\/23\\\/denuncian-avasallamiento-de-predios-para-palmasola\\\/#primaryimage\",\"url\":\"https:\\\/\\\/www.eldiario.net\\\/portal\\\/wp-content\\\/uploads\\\/2021\\\/08\\\/MICHEL.jpg\",\"contentUrl\":\"https:\\\/\\\/www.eldiario.net\\\/portal\\\/wp-content\\\/uploads\\\/2021\\\/08\\\/MICHEL.jpg\",\"width\":502,\"height\":415,\"caption\":\"OSCAR MICHEL, DIPUTADO DE CREEMOS.\"},{\"@type\":\"BreadcrumbList\",\"@id\":\"https:\\\/\\\/www.eldiario.net\\\/portal\\\/2021\\\/08\\\/23\\\/denuncian-avasallamiento-de-predios-para-palmasola\\\/#breadcrumb\",\"itemListElement\":[{\"@type\":\"ListItem\",\"position\":1,\"name\":\"Portada\",\"item\":\"https:\\\/\\\/www.eldiario.net\\\/portal\\\/\"},{\"@type\":\"ListItem\",\"position\":2,\"name\":\"Denuncian avasallamiento de predios para Palmasola\"}]},{\"@type\":\"WebSite\",\"@id\":\"https:\\\/\\\/www.eldiario.net\\\/portal\\\/#website\",\"url\":\"https:\\\/\\\/www.eldiario.net\\\/portal\\\/\",\"name\":\"El Diario - Decano de la prensa nacional\",\"description\":\"El Diario - Decano de la prensa nacional\",\"publisher\":{\"@id\":\"https:\\\/\\\/www.eldiario.net\\\/portal\\\/#organization\"},\"potentialAction\":[{\"@type\":\"SearchAction\",\"target\":{\"@type\":\"EntryPoint\",\"urlTemplate\":\"https:\\\/\\\/www.eldiario.net\\\/portal\\\/?s={search_term_string}\"},\"query-input\":{\"@type\":\"PropertyValueSpecification\",\"valueRequired\":true,\"valueName\":\"search_term_string\"}}],\"inLanguage\":\"es\"},{\"@type\":\"Organization\",\"@id\":\"https:\\\/\\\/www.eldiario.net\\\/portal\\\/#organization\",\"name\":\"El Diario - Decano de la prensa nacional\",\"url\":\"https:\\\/\\\/www.eldiario.net\\\/portal\\\/\",\"logo\":{\"@type\":\"ImageObject\",\"inLanguage\":\"es\",\"@id\":\"https:\\\/\\\/www.eldiario.net\\\/portal\\\/#\\\/schema\\\/logo\\\/image\\\/\",\"url\":\"https:\\\/\\\/www.eldiario.net\\\/portal\\\/wp-content\\\/uploads\\\/2023\\\/07\\\/logo_ED.jpg\",\"contentUrl\":\"https:\\\/\\\/www.eldiario.net\\\/portal\\\/wp-content\\\/uploads\\\/2023\\\/07\\\/logo_ED.jpg\",\"width\":272,\"height\":52,\"caption\":\"El Diario - Decano de la prensa nacional\"},\"image\":{\"@id\":\"https:\\\/\\\/www.eldiario.net\\\/portal\\\/#\\\/schema\\\/logo\\\/image\\\/\"},\"sameAs\":[\"https:\\\/\\\/www.facebook.com\\\/eldiario.bolivia\\\/\",\"https:\\\/\\\/x.com\\\/eldiario_net\"]},{\"@type\":\"Person\",\"@id\":\"https:\\\/\\\/www.eldiario.net\\\/portal\\\/#\\\/schema\\\/person\\\/f46445640444750d7d753ccd04ae01b7\",\"name\":\"Jeanette\",\"image\":{\"@type\":\"ImageObject\",\"inLanguage\":\"es\",\"@id\":\"https:\\\/\\\/secure.gravatar.com\\\/avatar\\\/3ea2118a5f7dad2b7138b1187a6b7ee55f160b9968b66013c3a3ef39dd7e5798?s=96&d=mm&r=g\",\"url\":\"https:\\\/\\\/secure.gravatar.com\\\/avatar\\\/3ea2118a5f7dad2b7138b1187a6b7ee55f160b9968b66013c3a3ef39dd7e5798?s=96&d=mm&r=g\",\"contentUrl\":\"https:\\\/\\\/secure.gravatar.com\\\/avatar\\\/3ea2118a5f7dad2b7138b1187a6b7ee55f160b9968b66013c3a3ef39dd7e5798?s=96&d=mm&r=g\",\"caption\":\"Jeanette\"},\"sameAs\":[\"https:\\\/\\\/www.eldiario.net\\\/portal\"],\"url\":\"https:\\\/\\\/www.eldiario.net\\\/portal\\\/author\\\/jeanette\\\/\"}]}<\/script>\n<!-- \/ Yoast SEO plugin. -->","yoast_head_json":{"title":"Denuncian avasallamiento de predios para Palmasola - El Diario - Bolivia","robots":{"index":"index","follow":"follow","max-snippet":"max-snippet:-1","max-image-preview":"max-image-preview:large","max-video-preview":"max-video-preview:-1"},"canonical":"https:\/\/www.eldiario.net\/portal\/2021\/08\/23\/denuncian-avasallamiento-de-predios-para-palmasola\/","og_locale":"es_ES","og_type":"article","og_title":"Denuncian avasallamiento de predios para Palmasola - El Diario - Bolivia","og_description":"Terrenos otorgados para la ampliaci\u00f3n del centro penitenciario Palmasola por la Gobernaci\u00f3n de Santa Cruz son avasallados por seguidores del Movimiento al Socialismo (MAS), \u201ccon la protecci\u00f3n del ministro de Gobierno, Eduardo del Castillo\u201d, denunci\u00f3 el diputado de Creemos, Oscar Michel. \u201cQueremos denunciar al ministro Del Castillo porque est\u00e1 avalando avasallamientos en el territorio cruce\u00f1o [&hellip;]","og_url":"https:\/\/www.eldiario.net\/portal\/2021\/08\/23\/denuncian-avasallamiento-de-predios-para-palmasola\/","og_site_name":"El Diario - Bolivia","article_publisher":"https:\/\/www.facebook.com\/eldiario.bolivia\/","article_published_time":"2021-08-23T10:12:02+00:00","og_image":[{"width":502,"height":415,"url":"https:\/\/www.eldiario.net\/portal\/wp-content\/uploads\/2021\/08\/MICHEL.jpg","type":"image\/jpeg"}],"author":"Jeanette","twitter_card":"summary_large_image","twitter_creator":"@eldiario_net","twitter_site":"@eldiario_net","twitter_misc":{"Escrito por":"Jeanette","Tiempo de lectura":"2 minutos"},"schema":{"@context":"https:\/\/schema.org","@graph":[{"@type":"Article","@id":"https:\/\/www.eldiario.net\/portal\/2021\/08\/23\/denuncian-avasallamiento-de-predios-para-palmasola\/#article","isPartOf":{"@id":"https:\/\/www.eldiario.net\/portal\/2021\/08\/23\/denuncian-avasallamiento-de-predios-para-palmasola\/"},"author":{"name":"Jeanette","@id":"https:\/\/www.eldiario.net\/portal\/#\/schema\/person\/f46445640444750d7d753ccd04ae01b7"},"headline":"Denuncian avasallamiento de predios para Palmasola","datePublished":"2021-08-23T10:12:02+00:00","mainEntityOfPage":{"@id":"https:\/\/www.eldiario.net\/portal\/2021\/08\/23\/denuncian-avasallamiento-de-predios-para-palmasola\/"},"wordCount":302,"publisher":{"@id":"https:\/\/www.eldiario.net\/portal\/#organization"},"image":{"@id":"https:\/\/www.eldiario.net\/portal\/2021\/08\/23\/denuncian-avasallamiento-de-predios-para-palmasola\/#primaryimage"},"thumbnailUrl":"https:\/\/www.eldiario.net\/portal\/wp-content\/uploads\/2021\/08\/MICHEL.jpg","articleSection":["Sociedad - Seguridad"],"inLanguage":"es"},{"@type":"WebPage","@id":"https:\/\/www.eldiario.net\/portal\/2021\/08\/23\/denuncian-avasallamiento-de-predios-para-palmasola\/","url":"https:\/\/www.eldiario.net\/portal\/2021\/08\/23\/denuncian-avasallamiento-de-predios-para-palmasola\/","name":"Denuncian avasallamiento de predios para Palmasola - El Diario - Bolivia","isPartOf":{"@id":"https:\/\/www.eldiario.net\/portal\/#website"},"primaryImageOfPage":{"@id":"https:\/\/www.eldiario.net\/portal\/2021\/08\/23\/denuncian-avasallamiento-de-predios-para-palmasola\/#primaryimage"},"image":{"@id":"https:\/\/www.eldiario.net\/portal\/2021\/08\/23\/denuncian-avasallamiento-de-predios-para-palmasola\/#primaryimage"},"thumbnailUrl":"https:\/\/www.eldiario.net\/portal\/wp-content\/uploads\/2021\/08\/MICHEL.jpg","datePublished":"2021-08-23T10:12:02+00:00","breadcrumb":{"@id":"https:\/\/www.eldiario.net\/portal\/2021\/08\/23\/denuncian-avasallamiento-de-predios-para-palmasola\/#breadcrumb"},"inLanguage":"es","potentialAction":[{"@type":"ReadAction","target":["https:\/\/www.eldiario.net\/portal\/2021\/08\/23\/denuncian-avasallamiento-de-predios-para-palmasola\/"]}]},{"@type":"ImageObject","inLanguage":"es","@id":"https:\/\/www.eldiario.net\/portal\/2021\/08\/23\/denuncian-avasallamiento-de-predios-para-palmasola\/#primaryimage","url":"https:\/\/www.eldiario.net\/portal\/wp-content\/uploads\/2021\/08\/MICHEL.jpg","contentUrl":"https:\/\/www.eldiario.net\/portal\/wp-content\/uploads\/2021\/08\/MICHEL.jpg","width":502,"height":415,"caption":"OSCAR MICHEL, DIPUTADO DE CREEMOS."},{"@type":"BreadcrumbList","@id":"https:\/\/www.eldiario.net\/portal\/2021\/08\/23\/denuncian-avasallamiento-de-predios-para-palmasola\/#breadcrumb","itemListElement":[{"@type":"ListItem","position":1,"name":"Portada","item":"https:\/\/www.eldiario.net\/portal\/"},{"@type":"ListItem","position":2,"name":"Denuncian avasallamiento de predios para Palmasola"}]},{"@type":"WebSite","@id":"https:\/\/www.eldiario.net\/portal\/#website","url":"https:\/\/www.eldiario.net\/portal\/","name":"El Diario - Decano de la prensa nacional","description":"El Diario - Decano de la prensa nacional","publisher":{"@id":"https:\/\/www.eldiario.net\/portal\/#organization"},"potentialAction":[{"@type":"SearchAction","target":{"@type":"EntryPoint","urlTemplate":"https:\/\/www.eldiario.net\/portal\/?s={search_term_string}"},"query-input":{"@type":"PropertyValueSpecification","valueRequired":true,"valueName":"search_term_string"}}],"inLanguage":"es"},{"@type":"Organization","@id":"https:\/\/www.eldiario.net\/portal\/#organization","name":"El Diario - Decano de la prensa nacional","url":"https:\/\/www.eldiario.net\/portal\/","logo":{"@type":"ImageObject","inLanguage":"es","@id":"https:\/\/www.eldiario.net\/portal\/#\/schema\/logo\/image\/","url":"https:\/\/www.eldiario.net\/portal\/wp-content\/uploads\/2023\/07\/logo_ED.jpg","contentUrl":"https:\/\/www.eldiario.net\/portal\/wp-content\/uploads\/2023\/07\/logo_ED.jpg","width":272,"height":52,"caption":"El Diario - Decano de la prensa nacional"},"image":{"@id":"https:\/\/www.eldiario.net\/portal\/#\/schema\/logo\/image\/"},"sameAs":["https:\/\/www.facebook.com\/eldiario.bolivia\/","https:\/\/x.com\/eldiario_net"]},{"@type":"Person","@id":"https:\/\/www.eldiario.net\/portal\/#\/schema\/person\/f46445640444750d7d753ccd04ae01b7","name":"Jeanette","image":{"@type":"ImageObject","inLanguage":"es","@id":"https:\/\/secure.gravatar.com\/avatar\/3ea2118a5f7dad2b7138b1187a6b7ee55f160b9968b66013c3a3ef39dd7e5798?s=96&d=mm&r=g","url":"https:\/\/secure.gravatar.com\/avatar\/3ea2118a5f7dad2b7138b1187a6b7ee55f160b9968b66013c3a3ef39dd7e5798?s=96&d=mm&r=g","contentUrl":"https:\/\/secure.gravatar.com\/avatar\/3ea2118a5f7dad2b7138b1187a6b7ee55f160b9968b66013c3a3ef39dd7e5798?s=96&d=mm&r=g","caption":"Jeanette"},"sameAs":["https:\/\/www.eldiario.net\/portal"],"url":"https:\/\/www.eldiario.net\/portal\/author\/jeanette\/"}]}},"_links":{"self":[{"href":"https:\/\/www.eldiario.net\/portal\/wp-json\/wp\/v2\/posts\/25234","targetHints":{"allow":["GET"]}}],"collection":[{"href":"https:\/\/www.eldiario.net\/portal\/wp-json\/wp\/v2\/posts"}],"about":[{"href":"https:\/\/www.eldiario.net\/portal\/wp-json\/wp\/v2\/types\/post"}],"author":[{"embeddable":true,"href":"https:\/\/www.eldiario.net\/portal\/wp-json\/wp\/v2\/users\/1"}],"replies":[{"embeddable":true,"href":"https:\/\/www.eldiario.net\/portal\/wp-json\/wp\/v2\/comments?post=25234"}],"version-history":[{"count":0,"href":"https:\/\/www.eldiario.net\/portal\/wp-json\/wp\/v2\/posts\/25234\/revisions"}],"wp:featuredmedia":[{"embeddable":true,"href":"https:\/\/www.eldiario.net\/portal\/wp-json\/wp\/v2\/media\/25235"}],"wp:attachment":[{"href":"https:\/\/www.eldiario.net\/portal\/wp-json\/wp\/v2\/media?parent=25234"}],"wp:term":[{"taxonomy":"category","embeddable":true,"href":"https:\/\/www.eldiario.net\/portal\/wp-json\/wp\/v2\/categories?post=25234"},{"taxonomy":"post_tag","embeddable":true,"href":"https:\/\/www.eldiario.net\/portal\/wp-json\/wp\/v2\/tags?post=25234"}],"curies":[{"name":"wp","href":"https:\/\/api.w.org\/{rel}","templated":true}]}}