{"id":25231,"date":"2021-08-23T06:11:05","date_gmt":"2021-08-23T10:11:05","guid":{"rendered":"https:\/\/www.eldiario.net\/portal\/?p=25231"},"modified":"2021-08-23T06:11:05","modified_gmt":"2021-08-23T10:11:05","slug":"legislador-exige-explicacion-de-por-que-se-niega-visita-a-anez","status":"publish","type":"post","link":"https:\/\/www.eldiario.net\/portal\/2021\/08\/23\/legislador-exige-explicacion-de-por-que-se-niega-visita-a-anez\/","title":{"rendered":"Legislador exige explicaci\u00f3n de  por qu\u00e9 se niega visita a A\u00f1ez"},"content":{"rendered":"<p class=\"v1MsoNormal\" align=\"left\"><span lang=\"ES-BO\">El diputado de la alianza Comunidad Ciudadana (CC), Alberto Astorga, anunci\u00f3 que se solicitar\u00e1 un informe escrito al ministro de Gobierno, Eduardo Del Castillo, para que la autoridad haga conocer\u00a0 por qu\u00e9 no se permiti\u00f3 que legisladores de oposici\u00f3n ingresen al penal de Miraflores para constatar el estado de salud de la expresidenta Jeanine A\u00f1ez.\u00a0\u00a0<\/span><\/p>\n<p class=\"v1MsoNormal\" align=\"left\"><span lang=\"ES-BO\">El parlamentario de oposici\u00f3n se\u00f1al\u00f3 que al impedir que legisladores ingresen al penal de Miraflores se obstaculiza su labor de fiscalizaci\u00f3n, por lo que el titular de la cartera de gobierno debe explicar esta situaci\u00f3n.<\/span><\/p>\n<p class=\"v1MsoNormal\" align=\"left\"><span lang=\"ES-BO\">Astorga lament\u00f3 que con estas negativas se est\u00e9 atentando contra los derechos de la exmandataria, sin que diputados electos por voto popular puedan dar fe de sus condiciones de salud.\u00a0<\/span><\/p>\n<p class=\"v1MsoNormal\" align=\"left\"><span lang=\"ES-BO\">\u201cSi no se nos permite ingresar a visitar a la ex presidenta constitucional Jeanine A\u00f1ez, claramente est\u00e1n coartando nuestra labor de fiscalizaci\u00f3n y en ese contexto le estamos exigiendo al ministro de Gobierno que nos explique por qu\u00e9 no se permite que A\u00f1ez sea visitada, en este caso, por diputados electos por el voto ciudadano\u201d, dijo.<\/span><\/p>\n<p class=\"v1MsoNormal\" align=\"left\"><span lang=\"ES-BO\">Por lo se\u00f1alado, el legislador sostuvo que A\u00f1ez se encuentra encarcelada casi en calidad de reh\u00e9n y sin poder recibir visitas de familiares, m\u00e9dicos o cualquier otra persona que pueda colaborar en el cumplimiento de sus derechos y garant\u00edas.<\/span><\/p>\n<p class=\"v1MsoNormal\" align=\"left\"><span lang=\"ES-BO\">\u201cEsto demuestra una vez m\u00e1s que la expresidenta est\u00e1 siendo detenida de manera ilegal, tambi\u00e9n se est\u00e1 convirtiendo en una reh\u00e9n ya que no permiten que ni siquiera diputados puedan visitarla\u201d indic\u00f3 el parlamentario.<\/span><\/p>\n<p class=\"v1MsoNormal\" align=\"left\"><span lang=\"ES-BO\">Sobre la posibilidad de iniciar acciones legales a nivel internacional, Astorga manifest\u00f3 que esta posibilidad a\u00fan se est\u00e1 estudiando, pero destac\u00f3 la unidad que se ha generado en la oposici\u00f3n por la exigencia del respeto a los derechos de la ex mandataria.\u00a0<\/span><\/p>\n<p class=\"v1MsoNormal\" align=\"left\"><span lang=\"ES-BO\">\u201cVamos a esperar la respuesta a esta petici\u00f3n de informe escrito, estamos observando que este pedido de liberaci\u00f3n de la expresidenta A\u00f1ez a unificado a toda la oposici\u00f3n, expresidentes, comit\u00e9s c\u00edvicos, parlamentarios y autoridades subnacionales, estamos pidiendo que la exmandataria se defienda en libertad, bajo ese contexto vamos a ver que demandas internacionales se pueden iniciar\u201d, adelant\u00f3 Astorga.<\/span><\/p>\n","protected":false},"excerpt":{"rendered":"<p>El diputado de la alianza Comunidad Ciudadana (CC), Alberto Astorga, anunci\u00f3 que se solicitar\u00e1 un informe escrito al ministro de Gobierno, Eduardo Del Castillo, para que la autoridad haga conocer\u00a0 por qu\u00e9 no se permiti\u00f3 que legisladores de oposici\u00f3n ingresen al penal de Miraflores para constatar el estado de salud de la expresidenta Jeanine A\u00f1ez.\u00a0\u00a0 [&hellip;]<\/p>\n","protected":false},"author":1,"featured_media":25232,"comment_status":"closed","ping_status":"closed","sticky":false,"template":"","format":"standard","meta":{"_acf_changed":false,"footnotes":""},"categories":[14],"tags":[],"class_list":["post-25231","post","type-post","status-publish","format-standard","has-post-thumbnail","category-politica"],"acf":{"antetitulo":""},"yoast_head":"<!-- This site is optimized with the Yoast SEO plugin v28.4 - https:\/\/yoast.com\/product\/yoast-seo-wordpress\/ -->\n<title>Legislador exige explicaci\u00f3n de por qu\u00e9 se niega visita a A\u00f1ez - El Diario - Bolivia<\/title>\n<meta name=\"robots\" content=\"index, follow, max-snippet:-1, max-image-preview:large, max-video-preview:-1\" \/>\n<link rel=\"canonical\" href=\"https:\/\/www.eldiario.net\/portal\/2021\/08\/23\/legislador-exige-explicacion-de-por-que-se-niega-visita-a-anez\/\" \/>\n<meta property=\"og:locale\" content=\"es_ES\" \/>\n<meta property=\"og:type\" content=\"article\" \/>\n<meta property=\"og:title\" content=\"Legislador exige explicaci\u00f3n de por qu\u00e9 se niega visita a A\u00f1ez - El Diario - Bolivia\" \/>\n<meta property=\"og:description\" content=\"El diputado de la alianza Comunidad Ciudadana (CC), Alberto Astorga, anunci\u00f3 que se solicitar\u00e1 un informe escrito al ministro de Gobierno, Eduardo Del Castillo, para que la autoridad haga conocer\u00a0 por qu\u00e9 no se permiti\u00f3 que legisladores de oposici\u00f3n ingresen al penal de Miraflores para constatar el estado de salud de la expresidenta Jeanine A\u00f1ez.\u00a0\u00a0 [&hellip;]\" \/>\n<meta property=\"og:url\" content=\"https:\/\/www.eldiario.net\/portal\/2021\/08\/23\/legislador-exige-explicacion-de-por-que-se-niega-visita-a-anez\/\" \/>\n<meta property=\"og:site_name\" content=\"El Diario - Bolivia\" \/>\n<meta property=\"article:publisher\" content=\"https:\/\/www.facebook.com\/eldiario.bolivia\/\" \/>\n<meta property=\"article:published_time\" content=\"2021-08-23T10:11:05+00:00\" \/>\n<meta name=\"author\" content=\"Jeanette\" \/>\n<meta name=\"twitter:card\" content=\"summary_large_image\" \/>\n<meta name=\"twitter:creator\" content=\"@eldiario_net\" \/>\n<meta name=\"twitter:site\" content=\"@eldiario_net\" \/>\n<meta name=\"twitter:label1\" content=\"Escrito por\" \/>\n\t<meta name=\"twitter:data1\" content=\"Jeanette\" \/>\n\t<meta name=\"twitter:label2\" content=\"Tiempo de lectura\" \/>\n\t<meta name=\"twitter:data2\" content=\"2 minutos\" \/>\n<script type=\"application\/ld+json\" class=\"yoast-schema-graph\">{\"@context\":\"https:\\\/\\\/schema.org\",\"@graph\":[{\"@type\":\"Article\",\"@id\":\"https:\\\/\\\/www.eldiario.net\\\/portal\\\/2021\\\/08\\\/23\\\/legislador-exige-explicacion-de-por-que-se-niega-visita-a-anez\\\/#article\",\"isPartOf\":{\"@id\":\"https:\\\/\\\/www.eldiario.net\\\/portal\\\/2021\\\/08\\\/23\\\/legislador-exige-explicacion-de-por-que-se-niega-visita-a-anez\\\/\"},\"author\":{\"name\":\"Jeanette\",\"@id\":\"https:\\\/\\\/www.eldiario.net\\\/portal\\\/#\\\/schema\\\/person\\\/2c57cf2b7a7ae032e449e4c9b1019eac\"},\"headline\":\"Legislador exige explicaci\u00f3n de por qu\u00e9 se niega visita a A\u00f1ez\",\"datePublished\":\"2021-08-23T10:11:05+00:00\",\"mainEntityOfPage\":{\"@id\":\"https:\\\/\\\/www.eldiario.net\\\/portal\\\/2021\\\/08\\\/23\\\/legislador-exige-explicacion-de-por-que-se-niega-visita-a-anez\\\/\"},\"wordCount\":388,\"publisher\":{\"@id\":\"https:\\\/\\\/www.eldiario.net\\\/portal\\\/#organization\"},\"image\":{\"@id\":\"https:\\\/\\\/www.eldiario.net\\\/portal\\\/2021\\\/08\\\/23\\\/legislador-exige-explicacion-de-por-que-se-niega-visita-a-anez\\\/#primaryimage\"},\"thumbnailUrl\":\"\",\"articleSection\":[\"Pol\u00edtica\"],\"inLanguage\":\"es\"},{\"@type\":\"WebPage\",\"@id\":\"https:\\\/\\\/www.eldiario.net\\\/portal\\\/2021\\\/08\\\/23\\\/legislador-exige-explicacion-de-por-que-se-niega-visita-a-anez\\\/\",\"url\":\"https:\\\/\\\/www.eldiario.net\\\/portal\\\/2021\\\/08\\\/23\\\/legislador-exige-explicacion-de-por-que-se-niega-visita-a-anez\\\/\",\"name\":\"Legislador exige explicaci\u00f3n de por qu\u00e9 se niega visita a A\u00f1ez - El Diario - Bolivia\",\"isPartOf\":{\"@id\":\"https:\\\/\\\/www.eldiario.net\\\/portal\\\/#website\"},\"primaryImageOfPage\":{\"@id\":\"https:\\\/\\\/www.eldiario.net\\\/portal\\\/2021\\\/08\\\/23\\\/legislador-exige-explicacion-de-por-que-se-niega-visita-a-anez\\\/#primaryimage\"},\"image\":{\"@id\":\"https:\\\/\\\/www.eldiario.net\\\/portal\\\/2021\\\/08\\\/23\\\/legislador-exige-explicacion-de-por-que-se-niega-visita-a-anez\\\/#primaryimage\"},\"thumbnailUrl\":\"\",\"datePublished\":\"2021-08-23T10:11:05+00:00\",\"breadcrumb\":{\"@id\":\"https:\\\/\\\/www.eldiario.net\\\/portal\\\/2021\\\/08\\\/23\\\/legislador-exige-explicacion-de-por-que-se-niega-visita-a-anez\\\/#breadcrumb\"},\"inLanguage\":\"es\",\"potentialAction\":[{\"@type\":\"ReadAction\",\"target\":[\"https:\\\/\\\/www.eldiario.net\\\/portal\\\/2021\\\/08\\\/23\\\/legislador-exige-explicacion-de-por-que-se-niega-visita-a-anez\\\/\"]}]},{\"@type\":\"ImageObject\",\"inLanguage\":\"es\",\"@id\":\"https:\\\/\\\/www.eldiario.net\\\/portal\\\/2021\\\/08\\\/23\\\/legislador-exige-explicacion-de-por-que-se-niega-visita-a-anez\\\/#primaryimage\",\"url\":\"\",\"contentUrl\":\"\"},{\"@type\":\"BreadcrumbList\",\"@id\":\"https:\\\/\\\/www.eldiario.net\\\/portal\\\/2021\\\/08\\\/23\\\/legislador-exige-explicacion-de-por-que-se-niega-visita-a-anez\\\/#breadcrumb\",\"itemListElement\":[{\"@type\":\"ListItem\",\"position\":1,\"name\":\"Portada\",\"item\":\"https:\\\/\\\/www.eldiario.net\\\/portal\\\/\"},{\"@type\":\"ListItem\",\"position\":2,\"name\":\"Legislador exige explicaci\u00f3n de por qu\u00e9 se niega visita a A\u00f1ez\"}]},{\"@type\":\"WebSite\",\"@id\":\"https:\\\/\\\/www.eldiario.net\\\/portal\\\/#website\",\"url\":\"https:\\\/\\\/www.eldiario.net\\\/portal\\\/\",\"name\":\"El Diario - Decano de la prensa nacional\",\"description\":\"El Diario - Decano de la prensa nacional\",\"publisher\":{\"@id\":\"https:\\\/\\\/www.eldiario.net\\\/portal\\\/#organization\"},\"potentialAction\":[{\"@type\":\"SearchAction\",\"target\":{\"@type\":\"EntryPoint\",\"urlTemplate\":\"https:\\\/\\\/www.eldiario.net\\\/portal\\\/?s={search_term_string}\"},\"query-input\":{\"@type\":\"PropertyValueSpecification\",\"valueRequired\":true,\"valueName\":\"search_term_string\"}}],\"inLanguage\":\"es\"},{\"@type\":\"Organization\",\"@id\":\"https:\\\/\\\/www.eldiario.net\\\/portal\\\/#organization\",\"name\":\"El Diario - Decano de la prensa nacional\",\"url\":\"https:\\\/\\\/www.eldiario.net\\\/portal\\\/\",\"logo\":{\"@type\":\"ImageObject\",\"inLanguage\":\"es\",\"@id\":\"https:\\\/\\\/www.eldiario.net\\\/portal\\\/#\\\/schema\\\/logo\\\/image\\\/\",\"url\":\"https:\\\/\\\/www.eldiario.net\\\/portal\\\/wp-content\\\/uploads\\\/2023\\\/07\\\/logo_ED.jpg\",\"contentUrl\":\"https:\\\/\\\/www.eldiario.net\\\/portal\\\/wp-content\\\/uploads\\\/2023\\\/07\\\/logo_ED.jpg\",\"width\":272,\"height\":52,\"caption\":\"El Diario - Decano de la prensa nacional\"},\"image\":{\"@id\":\"https:\\\/\\\/www.eldiario.net\\\/portal\\\/#\\\/schema\\\/logo\\\/image\\\/\"},\"sameAs\":[\"https:\\\/\\\/www.facebook.com\\\/eldiario.bolivia\\\/\",\"https:\\\/\\\/x.com\\\/eldiario_net\"]},{\"@type\":\"Person\",\"@id\":\"https:\\\/\\\/www.eldiario.net\\\/portal\\\/#\\\/schema\\\/person\\\/2c57cf2b7a7ae032e449e4c9b1019eac\",\"name\":\"Jeanette\",\"image\":{\"@type\":\"ImageObject\",\"inLanguage\":\"es\",\"@id\":\"https:\\\/\\\/secure.gravatar.com\\\/avatar\\\/3ea2118a5f7dad2b7138b1187a6b7ee55f160b9968b66013c3a3ef39dd7e5798?s=96&d=mm&r=g\",\"url\":\"https:\\\/\\\/secure.gravatar.com\\\/avatar\\\/3ea2118a5f7dad2b7138b1187a6b7ee55f160b9968b66013c3a3ef39dd7e5798?s=96&d=mm&r=g\",\"contentUrl\":\"https:\\\/\\\/secure.gravatar.com\\\/avatar\\\/3ea2118a5f7dad2b7138b1187a6b7ee55f160b9968b66013c3a3ef39dd7e5798?s=96&d=mm&r=g\",\"caption\":\"Jeanette\"},\"sameAs\":[\"https:\\\/\\\/www.eldiario.net\\\/portal\"],\"url\":\"https:\\\/\\\/www.eldiario.net\\\/portal\\\/author\\\/jeanette\\\/\"}]}<\/script>\n<!-- \/ Yoast SEO plugin. -->","yoast_head_json":{"title":"Legislador exige explicaci\u00f3n de por qu\u00e9 se niega visita a A\u00f1ez - El Diario - Bolivia","robots":{"index":"index","follow":"follow","max-snippet":"max-snippet:-1","max-image-preview":"max-image-preview:large","max-video-preview":"max-video-preview:-1"},"canonical":"https:\/\/www.eldiario.net\/portal\/2021\/08\/23\/legislador-exige-explicacion-de-por-que-se-niega-visita-a-anez\/","og_locale":"es_ES","og_type":"article","og_title":"Legislador exige explicaci\u00f3n de por qu\u00e9 se niega visita a A\u00f1ez - El Diario - Bolivia","og_description":"El diputado de la alianza Comunidad Ciudadana (CC), Alberto Astorga, anunci\u00f3 que se solicitar\u00e1 un informe escrito al ministro de Gobierno, Eduardo Del Castillo, para que la autoridad haga conocer\u00a0 por qu\u00e9 no se permiti\u00f3 que legisladores de oposici\u00f3n ingresen al penal de Miraflores para constatar el estado de salud de la expresidenta Jeanine A\u00f1ez.\u00a0\u00a0 [&hellip;]","og_url":"https:\/\/www.eldiario.net\/portal\/2021\/08\/23\/legislador-exige-explicacion-de-por-que-se-niega-visita-a-anez\/","og_site_name":"El Diario - Bolivia","article_publisher":"https:\/\/www.facebook.com\/eldiario.bolivia\/","article_published_time":"2021-08-23T10:11:05+00:00","author":"Jeanette","twitter_card":"summary_large_image","twitter_creator":"@eldiario_net","twitter_site":"@eldiario_net","twitter_misc":{"Escrito por":"Jeanette","Tiempo de lectura":"2 minutos"},"schema":{"@context":"https:\/\/schema.org","@graph":[{"@type":"Article","@id":"https:\/\/www.eldiario.net\/portal\/2021\/08\/23\/legislador-exige-explicacion-de-por-que-se-niega-visita-a-anez\/#article","isPartOf":{"@id":"https:\/\/www.eldiario.net\/portal\/2021\/08\/23\/legislador-exige-explicacion-de-por-que-se-niega-visita-a-anez\/"},"author":{"name":"Jeanette","@id":"https:\/\/www.eldiario.net\/portal\/#\/schema\/person\/2c57cf2b7a7ae032e449e4c9b1019eac"},"headline":"Legislador exige explicaci\u00f3n de por qu\u00e9 se niega visita a A\u00f1ez","datePublished":"2021-08-23T10:11:05+00:00","mainEntityOfPage":{"@id":"https:\/\/www.eldiario.net\/portal\/2021\/08\/23\/legislador-exige-explicacion-de-por-que-se-niega-visita-a-anez\/"},"wordCount":388,"publisher":{"@id":"https:\/\/www.eldiario.net\/portal\/#organization"},"image":{"@id":"https:\/\/www.eldiario.net\/portal\/2021\/08\/23\/legislador-exige-explicacion-de-por-que-se-niega-visita-a-anez\/#primaryimage"},"thumbnailUrl":"","articleSection":["Pol\u00edtica"],"inLanguage":"es"},{"@type":"WebPage","@id":"https:\/\/www.eldiario.net\/portal\/2021\/08\/23\/legislador-exige-explicacion-de-por-que-se-niega-visita-a-anez\/","url":"https:\/\/www.eldiario.net\/portal\/2021\/08\/23\/legislador-exige-explicacion-de-por-que-se-niega-visita-a-anez\/","name":"Legislador exige explicaci\u00f3n de por qu\u00e9 se niega visita a A\u00f1ez - El Diario - Bolivia","isPartOf":{"@id":"https:\/\/www.eldiario.net\/portal\/#website"},"primaryImageOfPage":{"@id":"https:\/\/www.eldiario.net\/portal\/2021\/08\/23\/legislador-exige-explicacion-de-por-que-se-niega-visita-a-anez\/#primaryimage"},"image":{"@id":"https:\/\/www.eldiario.net\/portal\/2021\/08\/23\/legislador-exige-explicacion-de-por-que-se-niega-visita-a-anez\/#primaryimage"},"thumbnailUrl":"","datePublished":"2021-08-23T10:11:05+00:00","breadcrumb":{"@id":"https:\/\/www.eldiario.net\/portal\/2021\/08\/23\/legislador-exige-explicacion-de-por-que-se-niega-visita-a-anez\/#breadcrumb"},"inLanguage":"es","potentialAction":[{"@type":"ReadAction","target":["https:\/\/www.eldiario.net\/portal\/2021\/08\/23\/legislador-exige-explicacion-de-por-que-se-niega-visita-a-anez\/"]}]},{"@type":"ImageObject","inLanguage":"es","@id":"https:\/\/www.eldiario.net\/portal\/2021\/08\/23\/legislador-exige-explicacion-de-por-que-se-niega-visita-a-anez\/#primaryimage","url":"","contentUrl":""},{"@type":"BreadcrumbList","@id":"https:\/\/www.eldiario.net\/portal\/2021\/08\/23\/legislador-exige-explicacion-de-por-que-se-niega-visita-a-anez\/#breadcrumb","itemListElement":[{"@type":"ListItem","position":1,"name":"Portada","item":"https:\/\/www.eldiario.net\/portal\/"},{"@type":"ListItem","position":2,"name":"Legislador exige explicaci\u00f3n de por qu\u00e9 se niega visita a A\u00f1ez"}]},{"@type":"WebSite","@id":"https:\/\/www.eldiario.net\/portal\/#website","url":"https:\/\/www.eldiario.net\/portal\/","name":"El Diario - Decano de la prensa nacional","description":"El Diario - Decano de la prensa nacional","publisher":{"@id":"https:\/\/www.eldiario.net\/portal\/#organization"},"potentialAction":[{"@type":"SearchAction","target":{"@type":"EntryPoint","urlTemplate":"https:\/\/www.eldiario.net\/portal\/?s={search_term_string}"},"query-input":{"@type":"PropertyValueSpecification","valueRequired":true,"valueName":"search_term_string"}}],"inLanguage":"es"},{"@type":"Organization","@id":"https:\/\/www.eldiario.net\/portal\/#organization","name":"El Diario - Decano de la prensa nacional","url":"https:\/\/www.eldiario.net\/portal\/","logo":{"@type":"ImageObject","inLanguage":"es","@id":"https:\/\/www.eldiario.net\/portal\/#\/schema\/logo\/image\/","url":"https:\/\/www.eldiario.net\/portal\/wp-content\/uploads\/2023\/07\/logo_ED.jpg","contentUrl":"https:\/\/www.eldiario.net\/portal\/wp-content\/uploads\/2023\/07\/logo_ED.jpg","width":272,"height":52,"caption":"El Diario - Decano de la prensa nacional"},"image":{"@id":"https:\/\/www.eldiario.net\/portal\/#\/schema\/logo\/image\/"},"sameAs":["https:\/\/www.facebook.com\/eldiario.bolivia\/","https:\/\/x.com\/eldiario_net"]},{"@type":"Person","@id":"https:\/\/www.eldiario.net\/portal\/#\/schema\/person\/2c57cf2b7a7ae032e449e4c9b1019eac","name":"Jeanette","image":{"@type":"ImageObject","inLanguage":"es","@id":"https:\/\/secure.gravatar.com\/avatar\/3ea2118a5f7dad2b7138b1187a6b7ee55f160b9968b66013c3a3ef39dd7e5798?s=96&d=mm&r=g","url":"https:\/\/secure.gravatar.com\/avatar\/3ea2118a5f7dad2b7138b1187a6b7ee55f160b9968b66013c3a3ef39dd7e5798?s=96&d=mm&r=g","contentUrl":"https:\/\/secure.gravatar.com\/avatar\/3ea2118a5f7dad2b7138b1187a6b7ee55f160b9968b66013c3a3ef39dd7e5798?s=96&d=mm&r=g","caption":"Jeanette"},"sameAs":["https:\/\/www.eldiario.net\/portal"],"url":"https:\/\/www.eldiario.net\/portal\/author\/jeanette\/"}]}},"_links":{"self":[{"href":"https:\/\/www.eldiario.net\/portal\/wp-json\/wp\/v2\/posts\/25231","targetHints":{"allow":["GET"]}}],"collection":[{"href":"https:\/\/www.eldiario.net\/portal\/wp-json\/wp\/v2\/posts"}],"about":[{"href":"https:\/\/www.eldiario.net\/portal\/wp-json\/wp\/v2\/types\/post"}],"author":[{"embeddable":true,"href":"https:\/\/www.eldiario.net\/portal\/wp-json\/wp\/v2\/users\/1"}],"replies":[{"embeddable":true,"href":"https:\/\/www.eldiario.net\/portal\/wp-json\/wp\/v2\/comments?post=25231"}],"version-history":[{"count":0,"href":"https:\/\/www.eldiario.net\/portal\/wp-json\/wp\/v2\/posts\/25231\/revisions"}],"wp:attachment":[{"href":"https:\/\/www.eldiario.net\/portal\/wp-json\/wp\/v2\/media?parent=25231"}],"wp:term":[{"taxonomy":"category","embeddable":true,"href":"https:\/\/www.eldiario.net\/portal\/wp-json\/wp\/v2\/categories?post=25231"},{"taxonomy":"post_tag","embeddable":true,"href":"https:\/\/www.eldiario.net\/portal\/wp-json\/wp\/v2\/tags?post=25231"}],"curies":[{"name":"wp","href":"https:\/\/api.w.org\/{rel}","templated":true}]}}