{"id":251991,"date":"2024-10-05T00:27:22","date_gmt":"2024-10-05T04:27:22","guid":{"rendered":"https:\/\/www.eldiario.net\/portal\/?p=251991"},"modified":"2024-10-05T00:27:22","modified_gmt":"2024-10-05T04:27:22","slug":"nuevo-primer-ministro-de-japon-preocupado-por-baja-natalidad","status":"publish","type":"post","link":"https:\/\/www.eldiario.net\/portal\/2024\/10\/05\/nuevo-primer-ministro-de-japon-preocupado-por-baja-natalidad\/","title":{"rendered":"Nuevo Primer Ministro de Jap\u00f3n  preocupado por baja natalidad"},"content":{"rendered":"<p class=\"v1MsoNormal\">El nuevo primer ministro japon\u00e9s, Shigeru Ishiba, defini\u00f3 ayer la baja natalidad y despoblaci\u00f3n que vive el pa\u00eds como \u00abuna emergencia silenciosa\u00bb, en un discurso en la Dieta (Parlamento), tras asumir el cargo el pasado martes. Seg\u00fan el Banco Mundial, el pa\u00eds tiene la poblaci\u00f3n m\u00e1s envejecida del mundo despu\u00e9s de M\u00f3naco.<\/p>\n<p class=\"v1MsoNormal\">\u00abLa ca\u00edda de natalidad y sus consecuencias, que son la reducci\u00f3n de la poblaci\u00f3n, son un tema clave para la naci\u00f3n\u00bb, sostuvo Ishiba. En este sentido, el mandatario apunt\u00f3 a la situaci\u00f3n en los hogares y destac\u00f3 la importancia de hacer que las familias con hijos \u00abest\u00e9n felices\u00bb y se comprometi\u00f3 a escuchar las opiniones de diferentes generaciones e incrementar los esfuerzos.<\/p>\n<p class=\"v1MsoNormal\">Jap\u00f3n, como numerosos pa\u00edses industriales, se enfrenta a una crisis demogr\u00e1fica, con una poblaci\u00f3n envejecida y una tasa de natalidad por los suelos. El a\u00f1o pasado, su \u00edndice de natalidad se estableci\u00f3 en 1,2; muy por debajo de los 2,1 ni\u00f1os necesarios para mantener el nivel de la poblaci\u00f3n. Entre las propuestas que puso sobre la mesa se encuentra la posibilidad de establecer horarios de trabajo flexibles.<\/p>\n<p class=\"v1MsoNormal\">\n<p class=\"v1MsoNormal\">ECONOMIA<\/p>\n<p class=\"v1MsoNormal\">En temas econ\u00f3micos, Ishiba expres\u00f3 su intenci\u00f3n de subir m\u00e1s de un 40 por ciento el salario m\u00ednimo medio a nivel nacional antes de que termine la d\u00e9cada, para atenuar los efectos de la inflaci\u00f3n y estimular el consumo. \u00abContinuaremos trabajando con el objetivo de una media nacional de 1.500 yenes (9,30 euros)\u00bb la hora para 2030, respecto al salario actual de 1.050 yenes, asever\u00f3.<\/p>\n<p class=\"v1MsoNormal\">\u00abConseguiremos aumentos salariales superiores al alza de los precios, estimulando la productividad de los individuos y aportando valor a\u00f1adido\u00bb, declar\u00f3. Tambi\u00e9n prometi\u00f3 restaurar la confianza en la pol\u00edtica tras una serie de esc\u00e1ndalos en su partido. \u00abEs responsabilidad de la pol\u00edtica reconstruir un Jap\u00f3n seguro, protegido y pr\u00f3spero, ganando la comprensi\u00f3n y la empat\u00eda del pueblo\u00bb, apunt\u00f3.<\/p>\n<p class=\"v1MsoNormal\">Respecto a la pol\u00edtica internacional, advirti\u00f3 de la posibilidad de que lo que ocurre hoy en Ucrania \u00abpodr\u00eda ser Asia Oriental ma\u00f1ana\u00bb. \u00ab\u00bfPor qu\u00e9 no funcion\u00f3 la disuasi\u00f3n en Ucrania?\u00bb, subray\u00f3, en una alusi\u00f3n velada a los temores de una invasi\u00f3n china de Taiw\u00e1n, y expres\u00f3 su determinaci\u00f3n de hacer que los lazos bilaterales con Corea del Sur sean \u00abm\u00e1s s\u00f3lidos y de mayor alcance\u00bb. (Dw, Efe y Afp)<\/p>\n<p class=\"v1MsoNormal\">\n","protected":false},"excerpt":{"rendered":"<p>El nuevo primer ministro japon\u00e9s, Shigeru Ishiba, defini\u00f3 ayer la baja natalidad y despoblaci\u00f3n que vive el pa\u00eds como \u00abuna emergencia silenciosa\u00bb, en un discurso en la Dieta (Parlamento), tras asumir el cargo el pasado martes. Seg\u00fan el Banco Mundial, el pa\u00eds tiene la poblaci\u00f3n m\u00e1s envejecida del mundo despu\u00e9s de M\u00f3naco. \u00abLa ca\u00edda de [&hellip;]<\/p>\n","protected":false},"author":1,"featured_media":251992,"comment_status":"open","ping_status":"open","sticky":false,"template":"","format":"standard","meta":{"_acf_changed":false,"footnotes":""},"categories":[3],"tags":[],"class_list":["post-251991","post","type-post","status-publish","format-standard","has-post-thumbnail","category-internacional"],"acf":{"antetitulo":""},"yoast_head":"<!-- This site is optimized with the Yoast SEO plugin v28.4 - https:\/\/yoast.com\/product\/yoast-seo-wordpress\/ -->\n<title>Nuevo Primer Ministro de Jap\u00f3n preocupado por baja natalidad - El Diario - Bolivia<\/title>\n<meta name=\"robots\" content=\"index, follow, max-snippet:-1, max-image-preview:large, max-video-preview:-1\" \/>\n<link rel=\"canonical\" href=\"https:\/\/www.eldiario.net\/portal\/2024\/10\/05\/nuevo-primer-ministro-de-japon-preocupado-por-baja-natalidad\/\" \/>\n<meta property=\"og:locale\" content=\"es_ES\" \/>\n<meta property=\"og:type\" content=\"article\" \/>\n<meta property=\"og:title\" content=\"Nuevo Primer Ministro de Jap\u00f3n preocupado por baja natalidad - El Diario - Bolivia\" \/>\n<meta property=\"og:description\" content=\"El nuevo primer ministro japon\u00e9s, Shigeru Ishiba, defini\u00f3 ayer la baja natalidad y despoblaci\u00f3n que vive el pa\u00eds como \u00abuna emergencia silenciosa\u00bb, en un discurso en la Dieta (Parlamento), tras asumir el cargo el pasado martes. Seg\u00fan el Banco Mundial, el pa\u00eds tiene la poblaci\u00f3n m\u00e1s envejecida del mundo despu\u00e9s de M\u00f3naco. \u00abLa ca\u00edda de [&hellip;]\" \/>\n<meta property=\"og:url\" content=\"https:\/\/www.eldiario.net\/portal\/2024\/10\/05\/nuevo-primer-ministro-de-japon-preocupado-por-baja-natalidad\/\" \/>\n<meta property=\"og:site_name\" content=\"El Diario - Bolivia\" \/>\n<meta property=\"article:publisher\" content=\"https:\/\/www.facebook.com\/eldiario.bolivia\/\" \/>\n<meta property=\"article:published_time\" content=\"2024-10-05T04:27:22+00:00\" \/>\n<meta property=\"og:image\" content=\"https:\/\/www.eldiario.net\/portal\/wp-content\/uploads\/2024\/10\/JAPON-France-24.jpg\" \/>\n\t<meta property=\"og:image:width\" content=\"980\" \/>\n\t<meta property=\"og:image:height\" content=\"551\" \/>\n\t<meta property=\"og:image:type\" content=\"image\/jpeg\" \/>\n<meta name=\"author\" content=\"Jeanette\" \/>\n<meta name=\"twitter:card\" content=\"summary_large_image\" \/>\n<meta name=\"twitter:creator\" content=\"@eldiario_net\" \/>\n<meta name=\"twitter:site\" content=\"@eldiario_net\" \/>\n<meta name=\"twitter:label1\" content=\"Escrito por\" \/>\n\t<meta name=\"twitter:data1\" content=\"Jeanette\" \/>\n\t<meta name=\"twitter:label2\" content=\"Tiempo de lectura\" \/>\n\t<meta name=\"twitter:data2\" content=\"2 minutos\" \/>\n<script type=\"application\/ld+json\" class=\"yoast-schema-graph\">{\"@context\":\"https:\\\/\\\/schema.org\",\"@graph\":[{\"@type\":\"Article\",\"@id\":\"https:\\\/\\\/www.eldiario.net\\\/portal\\\/2024\\\/10\\\/05\\\/nuevo-primer-ministro-de-japon-preocupado-por-baja-natalidad\\\/#article\",\"isPartOf\":{\"@id\":\"https:\\\/\\\/www.eldiario.net\\\/portal\\\/2024\\\/10\\\/05\\\/nuevo-primer-ministro-de-japon-preocupado-por-baja-natalidad\\\/\"},\"author\":{\"name\":\"Jeanette\",\"@id\":\"https:\\\/\\\/www.eldiario.net\\\/portal\\\/#\\\/schema\\\/person\\\/2c57cf2b7a7ae032e449e4c9b1019eac\"},\"headline\":\"Nuevo Primer Ministro de Jap\u00f3n preocupado por baja natalidad\",\"datePublished\":\"2024-10-05T04:27:22+00:00\",\"mainEntityOfPage\":{\"@id\":\"https:\\\/\\\/www.eldiario.net\\\/portal\\\/2024\\\/10\\\/05\\\/nuevo-primer-ministro-de-japon-preocupado-por-baja-natalidad\\\/\"},\"wordCount\":423,\"commentCount\":0,\"publisher\":{\"@id\":\"https:\\\/\\\/www.eldiario.net\\\/portal\\\/#organization\"},\"image\":{\"@id\":\"https:\\\/\\\/www.eldiario.net\\\/portal\\\/2024\\\/10\\\/05\\\/nuevo-primer-ministro-de-japon-preocupado-por-baja-natalidad\\\/#primaryimage\"},\"thumbnailUrl\":\"https:\\\/\\\/www.eldiario.net\\\/portal\\\/wp-content\\\/uploads\\\/2024\\\/10\\\/JAPON-France-24.jpg\",\"articleSection\":[\"Internacional\"],\"inLanguage\":\"es\",\"potentialAction\":[{\"@type\":\"CommentAction\",\"name\":\"Comment\",\"target\":[\"https:\\\/\\\/www.eldiario.net\\\/portal\\\/2024\\\/10\\\/05\\\/nuevo-primer-ministro-de-japon-preocupado-por-baja-natalidad\\\/#respond\"]}]},{\"@type\":\"WebPage\",\"@id\":\"https:\\\/\\\/www.eldiario.net\\\/portal\\\/2024\\\/10\\\/05\\\/nuevo-primer-ministro-de-japon-preocupado-por-baja-natalidad\\\/\",\"url\":\"https:\\\/\\\/www.eldiario.net\\\/portal\\\/2024\\\/10\\\/05\\\/nuevo-primer-ministro-de-japon-preocupado-por-baja-natalidad\\\/\",\"name\":\"Nuevo Primer Ministro de Jap\u00f3n preocupado por baja natalidad - El Diario - Bolivia\",\"isPartOf\":{\"@id\":\"https:\\\/\\\/www.eldiario.net\\\/portal\\\/#website\"},\"primaryImageOfPage\":{\"@id\":\"https:\\\/\\\/www.eldiario.net\\\/portal\\\/2024\\\/10\\\/05\\\/nuevo-primer-ministro-de-japon-preocupado-por-baja-natalidad\\\/#primaryimage\"},\"image\":{\"@id\":\"https:\\\/\\\/www.eldiario.net\\\/portal\\\/2024\\\/10\\\/05\\\/nuevo-primer-ministro-de-japon-preocupado-por-baja-natalidad\\\/#primaryimage\"},\"thumbnailUrl\":\"https:\\\/\\\/www.eldiario.net\\\/portal\\\/wp-content\\\/uploads\\\/2024\\\/10\\\/JAPON-France-24.jpg\",\"datePublished\":\"2024-10-05T04:27:22+00:00\",\"breadcrumb\":{\"@id\":\"https:\\\/\\\/www.eldiario.net\\\/portal\\\/2024\\\/10\\\/05\\\/nuevo-primer-ministro-de-japon-preocupado-por-baja-natalidad\\\/#breadcrumb\"},\"inLanguage\":\"es\",\"potentialAction\":[{\"@type\":\"ReadAction\",\"target\":[\"https:\\\/\\\/www.eldiario.net\\\/portal\\\/2024\\\/10\\\/05\\\/nuevo-primer-ministro-de-japon-preocupado-por-baja-natalidad\\\/\"]}]},{\"@type\":\"ImageObject\",\"inLanguage\":\"es\",\"@id\":\"https:\\\/\\\/www.eldiario.net\\\/portal\\\/2024\\\/10\\\/05\\\/nuevo-primer-ministro-de-japon-preocupado-por-baja-natalidad\\\/#primaryimage\",\"url\":\"https:\\\/\\\/www.eldiario.net\\\/portal\\\/wp-content\\\/uploads\\\/2024\\\/10\\\/JAPON-France-24.jpg\",\"contentUrl\":\"https:\\\/\\\/www.eldiario.net\\\/portal\\\/wp-content\\\/uploads\\\/2024\\\/10\\\/JAPON-France-24.jpg\",\"width\":980,\"height\":551,\"caption\":\"El primer ministro japon\u00e9s, Shigeru Ishiba. CREDITO: France 24\"},{\"@type\":\"BreadcrumbList\",\"@id\":\"https:\\\/\\\/www.eldiario.net\\\/portal\\\/2024\\\/10\\\/05\\\/nuevo-primer-ministro-de-japon-preocupado-por-baja-natalidad\\\/#breadcrumb\",\"itemListElement\":[{\"@type\":\"ListItem\",\"position\":1,\"name\":\"Portada\",\"item\":\"https:\\\/\\\/www.eldiario.net\\\/portal\\\/\"},{\"@type\":\"ListItem\",\"position\":2,\"name\":\"Nuevo Primer Ministro de Jap\u00f3n preocupado por baja natalidad\"}]},{\"@type\":\"WebSite\",\"@id\":\"https:\\\/\\\/www.eldiario.net\\\/portal\\\/#website\",\"url\":\"https:\\\/\\\/www.eldiario.net\\\/portal\\\/\",\"name\":\"El Diario - Decano de la prensa nacional\",\"description\":\"El Diario - Decano de la prensa nacional\",\"publisher\":{\"@id\":\"https:\\\/\\\/www.eldiario.net\\\/portal\\\/#organization\"},\"potentialAction\":[{\"@type\":\"SearchAction\",\"target\":{\"@type\":\"EntryPoint\",\"urlTemplate\":\"https:\\\/\\\/www.eldiario.net\\\/portal\\\/?s={search_term_string}\"},\"query-input\":{\"@type\":\"PropertyValueSpecification\",\"valueRequired\":true,\"valueName\":\"search_term_string\"}}],\"inLanguage\":\"es\"},{\"@type\":\"Organization\",\"@id\":\"https:\\\/\\\/www.eldiario.net\\\/portal\\\/#organization\",\"name\":\"El Diario - Decano de la prensa nacional\",\"url\":\"https:\\\/\\\/www.eldiario.net\\\/portal\\\/\",\"logo\":{\"@type\":\"ImageObject\",\"inLanguage\":\"es\",\"@id\":\"https:\\\/\\\/www.eldiario.net\\\/portal\\\/#\\\/schema\\\/logo\\\/image\\\/\",\"url\":\"https:\\\/\\\/www.eldiario.net\\\/portal\\\/wp-content\\\/uploads\\\/2023\\\/07\\\/logo_ED.jpg\",\"contentUrl\":\"https:\\\/\\\/www.eldiario.net\\\/portal\\\/wp-content\\\/uploads\\\/2023\\\/07\\\/logo_ED.jpg\",\"width\":272,\"height\":52,\"caption\":\"El Diario - Decano de la prensa nacional\"},\"image\":{\"@id\":\"https:\\\/\\\/www.eldiario.net\\\/portal\\\/#\\\/schema\\\/logo\\\/image\\\/\"},\"sameAs\":[\"https:\\\/\\\/www.facebook.com\\\/eldiario.bolivia\\\/\",\"https:\\\/\\\/x.com\\\/eldiario_net\"]},{\"@type\":\"Person\",\"@id\":\"https:\\\/\\\/www.eldiario.net\\\/portal\\\/#\\\/schema\\\/person\\\/2c57cf2b7a7ae032e449e4c9b1019eac\",\"name\":\"Jeanette\",\"image\":{\"@type\":\"ImageObject\",\"inLanguage\":\"es\",\"@id\":\"https:\\\/\\\/secure.gravatar.com\\\/avatar\\\/3ea2118a5f7dad2b7138b1187a6b7ee55f160b9968b66013c3a3ef39dd7e5798?s=96&d=mm&r=g\",\"url\":\"https:\\\/\\\/secure.gravatar.com\\\/avatar\\\/3ea2118a5f7dad2b7138b1187a6b7ee55f160b9968b66013c3a3ef39dd7e5798?s=96&d=mm&r=g\",\"contentUrl\":\"https:\\\/\\\/secure.gravatar.com\\\/avatar\\\/3ea2118a5f7dad2b7138b1187a6b7ee55f160b9968b66013c3a3ef39dd7e5798?s=96&d=mm&r=g\",\"caption\":\"Jeanette\"},\"sameAs\":[\"https:\\\/\\\/www.eldiario.net\\\/portal\"],\"url\":\"https:\\\/\\\/www.eldiario.net\\\/portal\\\/author\\\/jeanette\\\/\"}]}<\/script>\n<!-- \/ Yoast SEO plugin. -->","yoast_head_json":{"title":"Nuevo Primer Ministro de Jap\u00f3n preocupado por baja natalidad - El Diario - Bolivia","robots":{"index":"index","follow":"follow","max-snippet":"max-snippet:-1","max-image-preview":"max-image-preview:large","max-video-preview":"max-video-preview:-1"},"canonical":"https:\/\/www.eldiario.net\/portal\/2024\/10\/05\/nuevo-primer-ministro-de-japon-preocupado-por-baja-natalidad\/","og_locale":"es_ES","og_type":"article","og_title":"Nuevo Primer Ministro de Jap\u00f3n preocupado por baja natalidad - El Diario - Bolivia","og_description":"El nuevo primer ministro japon\u00e9s, Shigeru Ishiba, defini\u00f3 ayer la baja natalidad y despoblaci\u00f3n que vive el pa\u00eds como \u00abuna emergencia silenciosa\u00bb, en un discurso en la Dieta (Parlamento), tras asumir el cargo el pasado martes. Seg\u00fan el Banco Mundial, el pa\u00eds tiene la poblaci\u00f3n m\u00e1s envejecida del mundo despu\u00e9s de M\u00f3naco. \u00abLa ca\u00edda de [&hellip;]","og_url":"https:\/\/www.eldiario.net\/portal\/2024\/10\/05\/nuevo-primer-ministro-de-japon-preocupado-por-baja-natalidad\/","og_site_name":"El Diario - Bolivia","article_publisher":"https:\/\/www.facebook.com\/eldiario.bolivia\/","article_published_time":"2024-10-05T04:27:22+00:00","og_image":[{"width":980,"height":551,"url":"https:\/\/www.eldiario.net\/portal\/wp-content\/uploads\/2024\/10\/JAPON-France-24.jpg","type":"image\/jpeg"}],"author":"Jeanette","twitter_card":"summary_large_image","twitter_creator":"@eldiario_net","twitter_site":"@eldiario_net","twitter_misc":{"Escrito por":"Jeanette","Tiempo de lectura":"2 minutos"},"schema":{"@context":"https:\/\/schema.org","@graph":[{"@type":"Article","@id":"https:\/\/www.eldiario.net\/portal\/2024\/10\/05\/nuevo-primer-ministro-de-japon-preocupado-por-baja-natalidad\/#article","isPartOf":{"@id":"https:\/\/www.eldiario.net\/portal\/2024\/10\/05\/nuevo-primer-ministro-de-japon-preocupado-por-baja-natalidad\/"},"author":{"name":"Jeanette","@id":"https:\/\/www.eldiario.net\/portal\/#\/schema\/person\/2c57cf2b7a7ae032e449e4c9b1019eac"},"headline":"Nuevo Primer Ministro de Jap\u00f3n preocupado por baja natalidad","datePublished":"2024-10-05T04:27:22+00:00","mainEntityOfPage":{"@id":"https:\/\/www.eldiario.net\/portal\/2024\/10\/05\/nuevo-primer-ministro-de-japon-preocupado-por-baja-natalidad\/"},"wordCount":423,"commentCount":0,"publisher":{"@id":"https:\/\/www.eldiario.net\/portal\/#organization"},"image":{"@id":"https:\/\/www.eldiario.net\/portal\/2024\/10\/05\/nuevo-primer-ministro-de-japon-preocupado-por-baja-natalidad\/#primaryimage"},"thumbnailUrl":"https:\/\/www.eldiario.net\/portal\/wp-content\/uploads\/2024\/10\/JAPON-France-24.jpg","articleSection":["Internacional"],"inLanguage":"es","potentialAction":[{"@type":"CommentAction","name":"Comment","target":["https:\/\/www.eldiario.net\/portal\/2024\/10\/05\/nuevo-primer-ministro-de-japon-preocupado-por-baja-natalidad\/#respond"]}]},{"@type":"WebPage","@id":"https:\/\/www.eldiario.net\/portal\/2024\/10\/05\/nuevo-primer-ministro-de-japon-preocupado-por-baja-natalidad\/","url":"https:\/\/www.eldiario.net\/portal\/2024\/10\/05\/nuevo-primer-ministro-de-japon-preocupado-por-baja-natalidad\/","name":"Nuevo Primer Ministro de Jap\u00f3n preocupado por baja natalidad - El Diario - Bolivia","isPartOf":{"@id":"https:\/\/www.eldiario.net\/portal\/#website"},"primaryImageOfPage":{"@id":"https:\/\/www.eldiario.net\/portal\/2024\/10\/05\/nuevo-primer-ministro-de-japon-preocupado-por-baja-natalidad\/#primaryimage"},"image":{"@id":"https:\/\/www.eldiario.net\/portal\/2024\/10\/05\/nuevo-primer-ministro-de-japon-preocupado-por-baja-natalidad\/#primaryimage"},"thumbnailUrl":"https:\/\/www.eldiario.net\/portal\/wp-content\/uploads\/2024\/10\/JAPON-France-24.jpg","datePublished":"2024-10-05T04:27:22+00:00","breadcrumb":{"@id":"https:\/\/www.eldiario.net\/portal\/2024\/10\/05\/nuevo-primer-ministro-de-japon-preocupado-por-baja-natalidad\/#breadcrumb"},"inLanguage":"es","potentialAction":[{"@type":"ReadAction","target":["https:\/\/www.eldiario.net\/portal\/2024\/10\/05\/nuevo-primer-ministro-de-japon-preocupado-por-baja-natalidad\/"]}]},{"@type":"ImageObject","inLanguage":"es","@id":"https:\/\/www.eldiario.net\/portal\/2024\/10\/05\/nuevo-primer-ministro-de-japon-preocupado-por-baja-natalidad\/#primaryimage","url":"https:\/\/www.eldiario.net\/portal\/wp-content\/uploads\/2024\/10\/JAPON-France-24.jpg","contentUrl":"https:\/\/www.eldiario.net\/portal\/wp-content\/uploads\/2024\/10\/JAPON-France-24.jpg","width":980,"height":551,"caption":"El primer ministro japon\u00e9s, Shigeru Ishiba. CREDITO: France 24"},{"@type":"BreadcrumbList","@id":"https:\/\/www.eldiario.net\/portal\/2024\/10\/05\/nuevo-primer-ministro-de-japon-preocupado-por-baja-natalidad\/#breadcrumb","itemListElement":[{"@type":"ListItem","position":1,"name":"Portada","item":"https:\/\/www.eldiario.net\/portal\/"},{"@type":"ListItem","position":2,"name":"Nuevo Primer Ministro de Jap\u00f3n preocupado por baja natalidad"}]},{"@type":"WebSite","@id":"https:\/\/www.eldiario.net\/portal\/#website","url":"https:\/\/www.eldiario.net\/portal\/","name":"El Diario - Decano de la prensa nacional","description":"El Diario - Decano de la prensa nacional","publisher":{"@id":"https:\/\/www.eldiario.net\/portal\/#organization"},"potentialAction":[{"@type":"SearchAction","target":{"@type":"EntryPoint","urlTemplate":"https:\/\/www.eldiario.net\/portal\/?s={search_term_string}"},"query-input":{"@type":"PropertyValueSpecification","valueRequired":true,"valueName":"search_term_string"}}],"inLanguage":"es"},{"@type":"Organization","@id":"https:\/\/www.eldiario.net\/portal\/#organization","name":"El Diario - Decano de la prensa nacional","url":"https:\/\/www.eldiario.net\/portal\/","logo":{"@type":"ImageObject","inLanguage":"es","@id":"https:\/\/www.eldiario.net\/portal\/#\/schema\/logo\/image\/","url":"https:\/\/www.eldiario.net\/portal\/wp-content\/uploads\/2023\/07\/logo_ED.jpg","contentUrl":"https:\/\/www.eldiario.net\/portal\/wp-content\/uploads\/2023\/07\/logo_ED.jpg","width":272,"height":52,"caption":"El Diario - Decano de la prensa nacional"},"image":{"@id":"https:\/\/www.eldiario.net\/portal\/#\/schema\/logo\/image\/"},"sameAs":["https:\/\/www.facebook.com\/eldiario.bolivia\/","https:\/\/x.com\/eldiario_net"]},{"@type":"Person","@id":"https:\/\/www.eldiario.net\/portal\/#\/schema\/person\/2c57cf2b7a7ae032e449e4c9b1019eac","name":"Jeanette","image":{"@type":"ImageObject","inLanguage":"es","@id":"https:\/\/secure.gravatar.com\/avatar\/3ea2118a5f7dad2b7138b1187a6b7ee55f160b9968b66013c3a3ef39dd7e5798?s=96&d=mm&r=g","url":"https:\/\/secure.gravatar.com\/avatar\/3ea2118a5f7dad2b7138b1187a6b7ee55f160b9968b66013c3a3ef39dd7e5798?s=96&d=mm&r=g","contentUrl":"https:\/\/secure.gravatar.com\/avatar\/3ea2118a5f7dad2b7138b1187a6b7ee55f160b9968b66013c3a3ef39dd7e5798?s=96&d=mm&r=g","caption":"Jeanette"},"sameAs":["https:\/\/www.eldiario.net\/portal"],"url":"https:\/\/www.eldiario.net\/portal\/author\/jeanette\/"}]}},"_links":{"self":[{"href":"https:\/\/www.eldiario.net\/portal\/wp-json\/wp\/v2\/posts\/251991","targetHints":{"allow":["GET"]}}],"collection":[{"href":"https:\/\/www.eldiario.net\/portal\/wp-json\/wp\/v2\/posts"}],"about":[{"href":"https:\/\/www.eldiario.net\/portal\/wp-json\/wp\/v2\/types\/post"}],"author":[{"embeddable":true,"href":"https:\/\/www.eldiario.net\/portal\/wp-json\/wp\/v2\/users\/1"}],"replies":[{"embeddable":true,"href":"https:\/\/www.eldiario.net\/portal\/wp-json\/wp\/v2\/comments?post=251991"}],"version-history":[{"count":1,"href":"https:\/\/www.eldiario.net\/portal\/wp-json\/wp\/v2\/posts\/251991\/revisions"}],"predecessor-version":[{"id":251993,"href":"https:\/\/www.eldiario.net\/portal\/wp-json\/wp\/v2\/posts\/251991\/revisions\/251993"}],"wp:featuredmedia":[{"embeddable":true,"href":"https:\/\/www.eldiario.net\/portal\/wp-json\/wp\/v2\/media\/251992"}],"wp:attachment":[{"href":"https:\/\/www.eldiario.net\/portal\/wp-json\/wp\/v2\/media?parent=251991"}],"wp:term":[{"taxonomy":"category","embeddable":true,"href":"https:\/\/www.eldiario.net\/portal\/wp-json\/wp\/v2\/categories?post=251991"},{"taxonomy":"post_tag","embeddable":true,"href":"https:\/\/www.eldiario.net\/portal\/wp-json\/wp\/v2\/tags?post=251991"}],"curies":[{"name":"wp","href":"https:\/\/api.w.org\/{rel}","templated":true}]}}