{"id":251988,"date":"2024-10-05T00:26:20","date_gmt":"2024-10-05T04:26:20","guid":{"rendered":"https:\/\/www.eldiario.net\/portal\/?p=251988"},"modified":"2024-10-05T00:26:20","modified_gmt":"2024-10-05T04:26:20","slug":"fallo-prohibe-a-facebook-usar-datos-de-usuarios-en-publicidad","status":"publish","type":"post","link":"https:\/\/www.eldiario.net\/portal\/2024\/10\/05\/fallo-prohibe-a-facebook-usar-datos-de-usuarios-en-publicidad\/","title":{"rendered":"Fallo proh\u00edbe a Facebook usar  datos de usuarios en publicidad"},"content":{"rendered":"<p class=\"v1MsoNormal\">El Tribunal de Justicia de la Uni\u00f3n Europea (TJUE) fall\u00f3 ayer que la red social Facebook, no puede usar la orientaci\u00f3n sexual de un usuario con fines publicitarios, por mucho que este lo manifestara en un evento p\u00fablico.<\/p>\n<p class=\"v1MsoNormal\">La Justicia europea se\u00f1al\u00f3 que el hecho de que un usuario expresara en un acto p\u00fablico un dato sobre su orientaci\u00f3n sexual tiene como consecuencia que este dato puede ser objeto de tratamiento. Sin embargo, recalca que esta revelaci\u00f3n no equivale a autorizar por s\u00ed solo el uso de esta informaci\u00f3n para elaborar publicidad personalizada.<\/p>\n<p class=\"v1MsoNormal\">En este sentido, Facebook no tiene autorizaci\u00f3n para tratar datos relativos a la orientaci\u00f3n sexual de esa persona obtenidos fuera de dicha plataforma a partir de aplicaciones y de sitios de Internet de terceros asociados.<\/p>\n<p class=\"v1MsoNormal\">El TJUE insiste en que debe primar el principio de \u00abminimizaci\u00f3n de datos\u00bb y recuerda que el reglamento de protecci\u00f3n de datos se opone a que todos los datos personales obtenidos por un operador \u00abse agreguen, se analicen y se traten a efectos de proponer publicidad espec\u00edfica, sin limitaci\u00f3n temporal y sin distinci\u00f3n en funci\u00f3n de la naturaleza de esos datos\u00bb.<\/p>\n<p class=\"v1MsoNormal\">La sentencia sigue la l\u00ednea del Abogado General, que ya se\u00f1al\u00f3 el pasado mes de abril que plataformas digitales como Facebook no pueden usar informaci\u00f3n sobre la orientaci\u00f3n sexual de un usuario para proponer publicidad personalizada. El caso ahonda en si una red social puede analizar y tratar, sin l\u00edmites temporales, todos los datos personales de los que dispone con fines publicitarios y si puede usar en concreto informaci\u00f3n sobre orientaci\u00f3n sexual despu\u00e9s de que una persona revelara esta informaci\u00f3n. (Europa Press)<\/p>\n<p class=\"v1MsoNormal\">\n","protected":false},"excerpt":{"rendered":"<p>El Tribunal de Justicia de la Uni\u00f3n Europea (TJUE) fall\u00f3 ayer que la red social Facebook, no puede usar la orientaci\u00f3n sexual de un usuario con fines publicitarios, por mucho que este lo manifestara en un evento p\u00fablico. La Justicia europea se\u00f1al\u00f3 que el hecho de que un usuario expresara en un acto p\u00fablico un [&hellip;]<\/p>\n","protected":false},"author":1,"featured_media":251989,"comment_status":"open","ping_status":"open","sticky":false,"template":"","format":"standard","meta":{"_acf_changed":false,"footnotes":""},"categories":[3],"tags":[],"class_list":["post-251988","post","type-post","status-publish","format-standard","has-post-thumbnail","category-internacional"],"acf":{"antetitulo":"Uni\u00f3n Europea"},"yoast_head":"<!-- This site is optimized with the Yoast SEO plugin v28.4 - https:\/\/yoast.com\/product\/yoast-seo-wordpress\/ -->\n<title>Fallo proh\u00edbe a Facebook usar datos de usuarios en publicidad - El Diario - Bolivia<\/title>\n<meta name=\"robots\" content=\"index, follow, max-snippet:-1, max-image-preview:large, max-video-preview:-1\" \/>\n<link rel=\"canonical\" href=\"https:\/\/www.eldiario.net\/portal\/2024\/10\/05\/fallo-prohibe-a-facebook-usar-datos-de-usuarios-en-publicidad\/\" \/>\n<meta property=\"og:locale\" content=\"es_ES\" \/>\n<meta property=\"og:type\" content=\"article\" \/>\n<meta property=\"og:title\" content=\"Fallo proh\u00edbe a Facebook usar datos de usuarios en publicidad - El Diario - Bolivia\" \/>\n<meta property=\"og:description\" content=\"El Tribunal de Justicia de la Uni\u00f3n Europea (TJUE) fall\u00f3 ayer que la red social Facebook, no puede usar la orientaci\u00f3n sexual de un usuario con fines publicitarios, por mucho que este lo manifestara en un evento p\u00fablico. La Justicia europea se\u00f1al\u00f3 que el hecho de que un usuario expresara en un acto p\u00fablico un [&hellip;]\" \/>\n<meta property=\"og:url\" content=\"https:\/\/www.eldiario.net\/portal\/2024\/10\/05\/fallo-prohibe-a-facebook-usar-datos-de-usuarios-en-publicidad\/\" \/>\n<meta property=\"og:site_name\" content=\"El Diario - Bolivia\" \/>\n<meta property=\"article:publisher\" content=\"https:\/\/www.facebook.com\/eldiario.bolivia\/\" \/>\n<meta property=\"article:published_time\" content=\"2024-10-05T04:26:20+00:00\" \/>\n<meta property=\"og:image\" content=\"https:\/\/www.eldiario.net\/portal\/wp-content\/uploads\/2024\/10\/FACE-Profesional-Review.jpg\" \/>\n\t<meta property=\"og:image:width\" content=\"624\" \/>\n\t<meta property=\"og:image:height\" content=\"352\" \/>\n\t<meta property=\"og:image:type\" content=\"image\/jpeg\" \/>\n<meta name=\"author\" content=\"Jeanette\" \/>\n<meta name=\"twitter:card\" content=\"summary_large_image\" \/>\n<meta name=\"twitter:creator\" content=\"@eldiario_net\" \/>\n<meta name=\"twitter:site\" content=\"@eldiario_net\" \/>\n<meta name=\"twitter:label1\" content=\"Escrito por\" \/>\n\t<meta name=\"twitter:data1\" content=\"Jeanette\" \/>\n\t<meta name=\"twitter:label2\" content=\"Tiempo de lectura\" \/>\n\t<meta name=\"twitter:data2\" content=\"2 minutos\" \/>\n<script type=\"application\/ld+json\" class=\"yoast-schema-graph\">{\"@context\":\"https:\\\/\\\/schema.org\",\"@graph\":[{\"@type\":\"Article\",\"@id\":\"https:\\\/\\\/www.eldiario.net\\\/portal\\\/2024\\\/10\\\/05\\\/fallo-prohibe-a-facebook-usar-datos-de-usuarios-en-publicidad\\\/#article\",\"isPartOf\":{\"@id\":\"https:\\\/\\\/www.eldiario.net\\\/portal\\\/2024\\\/10\\\/05\\\/fallo-prohibe-a-facebook-usar-datos-de-usuarios-en-publicidad\\\/\"},\"author\":{\"name\":\"Jeanette\",\"@id\":\"https:\\\/\\\/www.eldiario.net\\\/portal\\\/#\\\/schema\\\/person\\\/2c57cf2b7a7ae032e449e4c9b1019eac\"},\"headline\":\"Fallo proh\u00edbe a Facebook usar datos de usuarios en publicidad\",\"datePublished\":\"2024-10-05T04:26:20+00:00\",\"mainEntityOfPage\":{\"@id\":\"https:\\\/\\\/www.eldiario.net\\\/portal\\\/2024\\\/10\\\/05\\\/fallo-prohibe-a-facebook-usar-datos-de-usuarios-en-publicidad\\\/\"},\"wordCount\":307,\"commentCount\":0,\"publisher\":{\"@id\":\"https:\\\/\\\/www.eldiario.net\\\/portal\\\/#organization\"},\"image\":{\"@id\":\"https:\\\/\\\/www.eldiario.net\\\/portal\\\/2024\\\/10\\\/05\\\/fallo-prohibe-a-facebook-usar-datos-de-usuarios-en-publicidad\\\/#primaryimage\"},\"thumbnailUrl\":\"https:\\\/\\\/www.eldiario.net\\\/portal\\\/wp-content\\\/uploads\\\/2024\\\/10\\\/FACE-Profesional-Review.jpg\",\"articleSection\":[\"Internacional\"],\"inLanguage\":\"es\",\"potentialAction\":[{\"@type\":\"CommentAction\",\"name\":\"Comment\",\"target\":[\"https:\\\/\\\/www.eldiario.net\\\/portal\\\/2024\\\/10\\\/05\\\/fallo-prohibe-a-facebook-usar-datos-de-usuarios-en-publicidad\\\/#respond\"]}]},{\"@type\":\"WebPage\",\"@id\":\"https:\\\/\\\/www.eldiario.net\\\/portal\\\/2024\\\/10\\\/05\\\/fallo-prohibe-a-facebook-usar-datos-de-usuarios-en-publicidad\\\/\",\"url\":\"https:\\\/\\\/www.eldiario.net\\\/portal\\\/2024\\\/10\\\/05\\\/fallo-prohibe-a-facebook-usar-datos-de-usuarios-en-publicidad\\\/\",\"name\":\"Fallo proh\u00edbe a Facebook usar datos de usuarios en publicidad - El Diario - Bolivia\",\"isPartOf\":{\"@id\":\"https:\\\/\\\/www.eldiario.net\\\/portal\\\/#website\"},\"primaryImageOfPage\":{\"@id\":\"https:\\\/\\\/www.eldiario.net\\\/portal\\\/2024\\\/10\\\/05\\\/fallo-prohibe-a-facebook-usar-datos-de-usuarios-en-publicidad\\\/#primaryimage\"},\"image\":{\"@id\":\"https:\\\/\\\/www.eldiario.net\\\/portal\\\/2024\\\/10\\\/05\\\/fallo-prohibe-a-facebook-usar-datos-de-usuarios-en-publicidad\\\/#primaryimage\"},\"thumbnailUrl\":\"https:\\\/\\\/www.eldiario.net\\\/portal\\\/wp-content\\\/uploads\\\/2024\\\/10\\\/FACE-Profesional-Review.jpg\",\"datePublished\":\"2024-10-05T04:26:20+00:00\",\"breadcrumb\":{\"@id\":\"https:\\\/\\\/www.eldiario.net\\\/portal\\\/2024\\\/10\\\/05\\\/fallo-prohibe-a-facebook-usar-datos-de-usuarios-en-publicidad\\\/#breadcrumb\"},\"inLanguage\":\"es\",\"potentialAction\":[{\"@type\":\"ReadAction\",\"target\":[\"https:\\\/\\\/www.eldiario.net\\\/portal\\\/2024\\\/10\\\/05\\\/fallo-prohibe-a-facebook-usar-datos-de-usuarios-en-publicidad\\\/\"]}]},{\"@type\":\"ImageObject\",\"inLanguage\":\"es\",\"@id\":\"https:\\\/\\\/www.eldiario.net\\\/portal\\\/2024\\\/10\\\/05\\\/fallo-prohibe-a-facebook-usar-datos-de-usuarios-en-publicidad\\\/#primaryimage\",\"url\":\"https:\\\/\\\/www.eldiario.net\\\/portal\\\/wp-content\\\/uploads\\\/2024\\\/10\\\/FACE-Profesional-Review.jpg\",\"contentUrl\":\"https:\\\/\\\/www.eldiario.net\\\/portal\\\/wp-content\\\/uploads\\\/2024\\\/10\\\/FACE-Profesional-Review.jpg\",\"width\":624,\"height\":352,\"caption\":\"Imagen referencial CREDITO: Profesional Review\"},{\"@type\":\"BreadcrumbList\",\"@id\":\"https:\\\/\\\/www.eldiario.net\\\/portal\\\/2024\\\/10\\\/05\\\/fallo-prohibe-a-facebook-usar-datos-de-usuarios-en-publicidad\\\/#breadcrumb\",\"itemListElement\":[{\"@type\":\"ListItem\",\"position\":1,\"name\":\"Portada\",\"item\":\"https:\\\/\\\/www.eldiario.net\\\/portal\\\/\"},{\"@type\":\"ListItem\",\"position\":2,\"name\":\"Fallo proh\u00edbe a Facebook usar datos de usuarios en publicidad\"}]},{\"@type\":\"WebSite\",\"@id\":\"https:\\\/\\\/www.eldiario.net\\\/portal\\\/#website\",\"url\":\"https:\\\/\\\/www.eldiario.net\\\/portal\\\/\",\"name\":\"El Diario - Decano de la prensa nacional\",\"description\":\"El Diario - Decano de la prensa nacional\",\"publisher\":{\"@id\":\"https:\\\/\\\/www.eldiario.net\\\/portal\\\/#organization\"},\"potentialAction\":[{\"@type\":\"SearchAction\",\"target\":{\"@type\":\"EntryPoint\",\"urlTemplate\":\"https:\\\/\\\/www.eldiario.net\\\/portal\\\/?s={search_term_string}\"},\"query-input\":{\"@type\":\"PropertyValueSpecification\",\"valueRequired\":true,\"valueName\":\"search_term_string\"}}],\"inLanguage\":\"es\"},{\"@type\":\"Organization\",\"@id\":\"https:\\\/\\\/www.eldiario.net\\\/portal\\\/#organization\",\"name\":\"El Diario - Decano de la prensa nacional\",\"url\":\"https:\\\/\\\/www.eldiario.net\\\/portal\\\/\",\"logo\":{\"@type\":\"ImageObject\",\"inLanguage\":\"es\",\"@id\":\"https:\\\/\\\/www.eldiario.net\\\/portal\\\/#\\\/schema\\\/logo\\\/image\\\/\",\"url\":\"https:\\\/\\\/www.eldiario.net\\\/portal\\\/wp-content\\\/uploads\\\/2023\\\/07\\\/logo_ED.jpg\",\"contentUrl\":\"https:\\\/\\\/www.eldiario.net\\\/portal\\\/wp-content\\\/uploads\\\/2023\\\/07\\\/logo_ED.jpg\",\"width\":272,\"height\":52,\"caption\":\"El Diario - Decano de la prensa nacional\"},\"image\":{\"@id\":\"https:\\\/\\\/www.eldiario.net\\\/portal\\\/#\\\/schema\\\/logo\\\/image\\\/\"},\"sameAs\":[\"https:\\\/\\\/www.facebook.com\\\/eldiario.bolivia\\\/\",\"https:\\\/\\\/x.com\\\/eldiario_net\"]},{\"@type\":\"Person\",\"@id\":\"https:\\\/\\\/www.eldiario.net\\\/portal\\\/#\\\/schema\\\/person\\\/2c57cf2b7a7ae032e449e4c9b1019eac\",\"name\":\"Jeanette\",\"image\":{\"@type\":\"ImageObject\",\"inLanguage\":\"es\",\"@id\":\"https:\\\/\\\/secure.gravatar.com\\\/avatar\\\/3ea2118a5f7dad2b7138b1187a6b7ee55f160b9968b66013c3a3ef39dd7e5798?s=96&d=mm&r=g\",\"url\":\"https:\\\/\\\/secure.gravatar.com\\\/avatar\\\/3ea2118a5f7dad2b7138b1187a6b7ee55f160b9968b66013c3a3ef39dd7e5798?s=96&d=mm&r=g\",\"contentUrl\":\"https:\\\/\\\/secure.gravatar.com\\\/avatar\\\/3ea2118a5f7dad2b7138b1187a6b7ee55f160b9968b66013c3a3ef39dd7e5798?s=96&d=mm&r=g\",\"caption\":\"Jeanette\"},\"sameAs\":[\"https:\\\/\\\/www.eldiario.net\\\/portal\"],\"url\":\"https:\\\/\\\/www.eldiario.net\\\/portal\\\/author\\\/jeanette\\\/\"}]}<\/script>\n<!-- \/ Yoast SEO plugin. -->","yoast_head_json":{"title":"Fallo proh\u00edbe a Facebook usar datos de usuarios en publicidad - El Diario - Bolivia","robots":{"index":"index","follow":"follow","max-snippet":"max-snippet:-1","max-image-preview":"max-image-preview:large","max-video-preview":"max-video-preview:-1"},"canonical":"https:\/\/www.eldiario.net\/portal\/2024\/10\/05\/fallo-prohibe-a-facebook-usar-datos-de-usuarios-en-publicidad\/","og_locale":"es_ES","og_type":"article","og_title":"Fallo proh\u00edbe a Facebook usar datos de usuarios en publicidad - El Diario - Bolivia","og_description":"El Tribunal de Justicia de la Uni\u00f3n Europea (TJUE) fall\u00f3 ayer que la red social Facebook, no puede usar la orientaci\u00f3n sexual de un usuario con fines publicitarios, por mucho que este lo manifestara en un evento p\u00fablico. La Justicia europea se\u00f1al\u00f3 que el hecho de que un usuario expresara en un acto p\u00fablico un [&hellip;]","og_url":"https:\/\/www.eldiario.net\/portal\/2024\/10\/05\/fallo-prohibe-a-facebook-usar-datos-de-usuarios-en-publicidad\/","og_site_name":"El Diario - Bolivia","article_publisher":"https:\/\/www.facebook.com\/eldiario.bolivia\/","article_published_time":"2024-10-05T04:26:20+00:00","og_image":[{"width":624,"height":352,"url":"https:\/\/www.eldiario.net\/portal\/wp-content\/uploads\/2024\/10\/FACE-Profesional-Review.jpg","type":"image\/jpeg"}],"author":"Jeanette","twitter_card":"summary_large_image","twitter_creator":"@eldiario_net","twitter_site":"@eldiario_net","twitter_misc":{"Escrito por":"Jeanette","Tiempo de lectura":"2 minutos"},"schema":{"@context":"https:\/\/schema.org","@graph":[{"@type":"Article","@id":"https:\/\/www.eldiario.net\/portal\/2024\/10\/05\/fallo-prohibe-a-facebook-usar-datos-de-usuarios-en-publicidad\/#article","isPartOf":{"@id":"https:\/\/www.eldiario.net\/portal\/2024\/10\/05\/fallo-prohibe-a-facebook-usar-datos-de-usuarios-en-publicidad\/"},"author":{"name":"Jeanette","@id":"https:\/\/www.eldiario.net\/portal\/#\/schema\/person\/2c57cf2b7a7ae032e449e4c9b1019eac"},"headline":"Fallo proh\u00edbe a Facebook usar datos de usuarios en publicidad","datePublished":"2024-10-05T04:26:20+00:00","mainEntityOfPage":{"@id":"https:\/\/www.eldiario.net\/portal\/2024\/10\/05\/fallo-prohibe-a-facebook-usar-datos-de-usuarios-en-publicidad\/"},"wordCount":307,"commentCount":0,"publisher":{"@id":"https:\/\/www.eldiario.net\/portal\/#organization"},"image":{"@id":"https:\/\/www.eldiario.net\/portal\/2024\/10\/05\/fallo-prohibe-a-facebook-usar-datos-de-usuarios-en-publicidad\/#primaryimage"},"thumbnailUrl":"https:\/\/www.eldiario.net\/portal\/wp-content\/uploads\/2024\/10\/FACE-Profesional-Review.jpg","articleSection":["Internacional"],"inLanguage":"es","potentialAction":[{"@type":"CommentAction","name":"Comment","target":["https:\/\/www.eldiario.net\/portal\/2024\/10\/05\/fallo-prohibe-a-facebook-usar-datos-de-usuarios-en-publicidad\/#respond"]}]},{"@type":"WebPage","@id":"https:\/\/www.eldiario.net\/portal\/2024\/10\/05\/fallo-prohibe-a-facebook-usar-datos-de-usuarios-en-publicidad\/","url":"https:\/\/www.eldiario.net\/portal\/2024\/10\/05\/fallo-prohibe-a-facebook-usar-datos-de-usuarios-en-publicidad\/","name":"Fallo proh\u00edbe a Facebook usar datos de usuarios en publicidad - El Diario - Bolivia","isPartOf":{"@id":"https:\/\/www.eldiario.net\/portal\/#website"},"primaryImageOfPage":{"@id":"https:\/\/www.eldiario.net\/portal\/2024\/10\/05\/fallo-prohibe-a-facebook-usar-datos-de-usuarios-en-publicidad\/#primaryimage"},"image":{"@id":"https:\/\/www.eldiario.net\/portal\/2024\/10\/05\/fallo-prohibe-a-facebook-usar-datos-de-usuarios-en-publicidad\/#primaryimage"},"thumbnailUrl":"https:\/\/www.eldiario.net\/portal\/wp-content\/uploads\/2024\/10\/FACE-Profesional-Review.jpg","datePublished":"2024-10-05T04:26:20+00:00","breadcrumb":{"@id":"https:\/\/www.eldiario.net\/portal\/2024\/10\/05\/fallo-prohibe-a-facebook-usar-datos-de-usuarios-en-publicidad\/#breadcrumb"},"inLanguage":"es","potentialAction":[{"@type":"ReadAction","target":["https:\/\/www.eldiario.net\/portal\/2024\/10\/05\/fallo-prohibe-a-facebook-usar-datos-de-usuarios-en-publicidad\/"]}]},{"@type":"ImageObject","inLanguage":"es","@id":"https:\/\/www.eldiario.net\/portal\/2024\/10\/05\/fallo-prohibe-a-facebook-usar-datos-de-usuarios-en-publicidad\/#primaryimage","url":"https:\/\/www.eldiario.net\/portal\/wp-content\/uploads\/2024\/10\/FACE-Profesional-Review.jpg","contentUrl":"https:\/\/www.eldiario.net\/portal\/wp-content\/uploads\/2024\/10\/FACE-Profesional-Review.jpg","width":624,"height":352,"caption":"Imagen referencial CREDITO: Profesional Review"},{"@type":"BreadcrumbList","@id":"https:\/\/www.eldiario.net\/portal\/2024\/10\/05\/fallo-prohibe-a-facebook-usar-datos-de-usuarios-en-publicidad\/#breadcrumb","itemListElement":[{"@type":"ListItem","position":1,"name":"Portada","item":"https:\/\/www.eldiario.net\/portal\/"},{"@type":"ListItem","position":2,"name":"Fallo proh\u00edbe a Facebook usar datos de usuarios en publicidad"}]},{"@type":"WebSite","@id":"https:\/\/www.eldiario.net\/portal\/#website","url":"https:\/\/www.eldiario.net\/portal\/","name":"El Diario - Decano de la prensa nacional","description":"El Diario - Decano de la prensa nacional","publisher":{"@id":"https:\/\/www.eldiario.net\/portal\/#organization"},"potentialAction":[{"@type":"SearchAction","target":{"@type":"EntryPoint","urlTemplate":"https:\/\/www.eldiario.net\/portal\/?s={search_term_string}"},"query-input":{"@type":"PropertyValueSpecification","valueRequired":true,"valueName":"search_term_string"}}],"inLanguage":"es"},{"@type":"Organization","@id":"https:\/\/www.eldiario.net\/portal\/#organization","name":"El Diario - Decano de la prensa nacional","url":"https:\/\/www.eldiario.net\/portal\/","logo":{"@type":"ImageObject","inLanguage":"es","@id":"https:\/\/www.eldiario.net\/portal\/#\/schema\/logo\/image\/","url":"https:\/\/www.eldiario.net\/portal\/wp-content\/uploads\/2023\/07\/logo_ED.jpg","contentUrl":"https:\/\/www.eldiario.net\/portal\/wp-content\/uploads\/2023\/07\/logo_ED.jpg","width":272,"height":52,"caption":"El Diario - Decano de la prensa nacional"},"image":{"@id":"https:\/\/www.eldiario.net\/portal\/#\/schema\/logo\/image\/"},"sameAs":["https:\/\/www.facebook.com\/eldiario.bolivia\/","https:\/\/x.com\/eldiario_net"]},{"@type":"Person","@id":"https:\/\/www.eldiario.net\/portal\/#\/schema\/person\/2c57cf2b7a7ae032e449e4c9b1019eac","name":"Jeanette","image":{"@type":"ImageObject","inLanguage":"es","@id":"https:\/\/secure.gravatar.com\/avatar\/3ea2118a5f7dad2b7138b1187a6b7ee55f160b9968b66013c3a3ef39dd7e5798?s=96&d=mm&r=g","url":"https:\/\/secure.gravatar.com\/avatar\/3ea2118a5f7dad2b7138b1187a6b7ee55f160b9968b66013c3a3ef39dd7e5798?s=96&d=mm&r=g","contentUrl":"https:\/\/secure.gravatar.com\/avatar\/3ea2118a5f7dad2b7138b1187a6b7ee55f160b9968b66013c3a3ef39dd7e5798?s=96&d=mm&r=g","caption":"Jeanette"},"sameAs":["https:\/\/www.eldiario.net\/portal"],"url":"https:\/\/www.eldiario.net\/portal\/author\/jeanette\/"}]}},"_links":{"self":[{"href":"https:\/\/www.eldiario.net\/portal\/wp-json\/wp\/v2\/posts\/251988","targetHints":{"allow":["GET"]}}],"collection":[{"href":"https:\/\/www.eldiario.net\/portal\/wp-json\/wp\/v2\/posts"}],"about":[{"href":"https:\/\/www.eldiario.net\/portal\/wp-json\/wp\/v2\/types\/post"}],"author":[{"embeddable":true,"href":"https:\/\/www.eldiario.net\/portal\/wp-json\/wp\/v2\/users\/1"}],"replies":[{"embeddable":true,"href":"https:\/\/www.eldiario.net\/portal\/wp-json\/wp\/v2\/comments?post=251988"}],"version-history":[{"count":1,"href":"https:\/\/www.eldiario.net\/portal\/wp-json\/wp\/v2\/posts\/251988\/revisions"}],"predecessor-version":[{"id":251990,"href":"https:\/\/www.eldiario.net\/portal\/wp-json\/wp\/v2\/posts\/251988\/revisions\/251990"}],"wp:featuredmedia":[{"embeddable":true,"href":"https:\/\/www.eldiario.net\/portal\/wp-json\/wp\/v2\/media\/251989"}],"wp:attachment":[{"href":"https:\/\/www.eldiario.net\/portal\/wp-json\/wp\/v2\/media?parent=251988"}],"wp:term":[{"taxonomy":"category","embeddable":true,"href":"https:\/\/www.eldiario.net\/portal\/wp-json\/wp\/v2\/categories?post=251988"},{"taxonomy":"post_tag","embeddable":true,"href":"https:\/\/www.eldiario.net\/portal\/wp-json\/wp\/v2\/tags?post=251988"}],"curies":[{"name":"wp","href":"https:\/\/api.w.org\/{rel}","templated":true}]}}