{"id":251985,"date":"2024-10-05T00:25:20","date_gmt":"2024-10-05T04:25:20","guid":{"rendered":"https:\/\/www.eldiario.net\/portal\/?p=251985"},"modified":"2024-10-05T00:25:20","modified_gmt":"2024-10-05T04:25:20","slug":"crece-casos-de-presos-politicos-en-desapariciones-forzadas","status":"publish","type":"post","link":"https:\/\/www.eldiario.net\/portal\/2024\/10\/05\/crece-casos-de-presos-politicos-en-desapariciones-forzadas\/","title":{"rendered":"Crece casos de presos pol\u00edticos  en \u00abdesapariciones forzadas\u00bb"},"content":{"rendered":"<p class=\"v1MsoNormal\">Las desapariciones forzadas \u00abcontin\u00faan agrav\u00e1ndose\u00bb en Nicaragua, seg\u00fan el Mecanismo para el Reconocimiento de Personas Presas Pol\u00edticas. Organismo que, hasta septiembre de 2024, reconoc\u00eda nueve personas desaparecidas, entre ellas el exdiputado ind\u00edgena, Brooklyn Rivera, el opositor Jaime Navarrete Bland\u00f3n y la periodista Fabiola Tercero Castro.<\/p>\n<p class=\"v1MsoNormal\">Otras personas en \u00abdesaparici\u00f3n forzada\u00bb son: Eddie Mois\u00e9s Gonz\u00e1les Valdivia, Gerson Antonio Zeled\u00f3n Motta, Carmen Mar\u00eda S\u00e1enz Mart\u00ednez, Lesbia Guti\u00e9rrez Poveda, Evelin Carolina Matus Hern\u00e1ndez, y Domingo Antonio Mungu\u00eda Carri\u00f3n.<\/p>\n<p class=\"v1MsoNormal\">En todos estos casos, los familiares no pudieron ver a sus seres queridos durante meses y no pudieron verificar ni su paradero ni su estado de salud, destaca el Monitoreo en su lista de 45 personas presas pol\u00edticas actualizada hasta el 25 de septiembre 2024.<\/p>\n<p class=\"v1MsoNormal\">\u00abEl r\u00e9gimen de Nicaragua contin\u00faa utilizando la desaparici\u00f3n forzada como una estrategia para castigar a sus opositores. Un claro ejemplo de esta pr\u00e1ctica es la situaci\u00f3n de las personas detenidas a las que se les niega el derecho a recibir visitas durante per\u00edodos prolongados, que van de tres, seis y hasta nueve meses. Estas restricciones no solo buscan aislar a los presos pol\u00edticos, sino tambi\u00e9n infligir un castigo psicol\u00f3gico a sus familias\u00bb, enfatizaron.<\/p>\n<p class=\"v1MsoNormal\">Agregaron que este tipo de actos constituyen una grave violaci\u00f3n de derechos humanos, en particular el derecho a no ser sometido a desaparici\u00f3n forzada, y responsabiliza al Estado por cualquier da\u00f1o que pudiera sufrir estas personas.<\/p>\n<p class=\"v1MsoNormal\">\u00abEste patr\u00f3n no solo afecta a las v\u00edctimas directas, sino que genera un clima de miedo e incertidumbre en toda la sociedad\u00bb, subrayaron.<\/p>\n<p class=\"v1MsoNormal\">Las nueve personas en \u00abdesaparici\u00f3n forzada\u00bb forman parte de las 45 personas que el Mecanismo identifica como presos por razones pol\u00edticas en Nicaragua, a pesar que, en la mayor\u00eda de los casos, su detenci\u00f3n no fue confirmada por las autoridades del r\u00e9gimen.<\/p>\n<p class=\"v1MsoNormal\">La lista de presos pol\u00edticos tambi\u00e9n incluye guardabosques, l\u00edderes ind\u00edgenas, opositores pol\u00edticos, laicos religiosos y trabajadores del Estado.<\/p>\n<p class=\"v1MsoNormal\">\n<p class=\"v1MsoNormal\">SE ENSA\u00d1AN CON FAMILIARES<\/p>\n<p class=\"v1MsoNormal\">El Monitoreo tambi\u00e9n advierte que en las \u00faltimas semanas la dictadura se \u00abensa\u00f1aron\u00bb con los familiares de las personas presas pol\u00edticas que fueron desterradas, aumentando el control social, hostigamiento y las amenazas de confiscaci\u00f3n de propiedades en Nicaragua.<\/p>\n<p class=\"v1MsoNormal\">En septiembre de 2024, el r\u00e9gimen de, Daniel Ortega y Rosario Murillo, desterr\u00f3 a Guatemala a 135 presos pol\u00edticos excarcelados \u00aben un acto que refleja la estrategia del Gobierno de utilizar estas medidas como una forma de castigo pol\u00edtico extremo\u00bb, se lee en el informe.<\/p>\n<p class=\"v1MsoNormal\">Tras la excarcelaci\u00f3n y destierro de los presos pol\u00edticos, el Monitoreo recibi\u00f3 informaci\u00f3n sobre amenazas y hostigamientos hacia sus familiares en el pa\u00eds, \u00ablo que evidencia una estrategia de control y violencia que se intensificaron en los \u00faltimos a\u00f1os\u00bb, se\u00f1alaron.<\/p>\n<p class=\"v1MsoNormal\">\n<p class=\"v1MsoNormal\">Los nicarag\u00fcenses \u00abno solo se enfrentan a detenciones arbitrarias y largos periodos de prisi\u00f3n, sino que, una vez desterradas, desnacionalizadas y con el riesgo inminente de confiscaci\u00f3n de sus bienes, estas personas contin\u00faan siendo v\u00edctimas de amenazas y actos de intimidaci\u00f3n por parte de la Polic\u00eda y las autoridades, vulnerando gravemente sus derechos\u00bb, subrayaron.<\/p>\n<p class=\"v1MsoNormal\">El destierro y desnacionalizaci\u00f3n constituyen graves violaciones a los derechos humanos. debido a que contravienen principios del derecho internacional, incluidos la Convenci\u00f3n Americana sobre Derechos Humanos y el tratado contra la apatridia.<\/p>\n<p class=\"v1MsoNormal\">La Comisi\u00f3n Interamericana de Derechos Humanos (CIDH) y el Grupo de Expertos en Derechos Humanos sobre Nicaragua (GHREN), condenaron estas medidas como cr\u00edmenes de lesa humanidad, destacando que se utilizaron sistem\u00e1ticamente para silenciar a la oposici\u00f3n pol\u00edtica. (El Confidencial)<\/p>\n","protected":false},"excerpt":{"rendered":"<p>Las desapariciones forzadas \u00abcontin\u00faan agrav\u00e1ndose\u00bb en Nicaragua, seg\u00fan el Mecanismo para el Reconocimiento de Personas Presas Pol\u00edticas. Organismo que, hasta septiembre de 2024, reconoc\u00eda nueve personas desaparecidas, entre ellas el exdiputado ind\u00edgena, Brooklyn Rivera, el opositor Jaime Navarrete Bland\u00f3n y la periodista Fabiola Tercero Castro. Otras personas en \u00abdesaparici\u00f3n forzada\u00bb son: Eddie Mois\u00e9s Gonz\u00e1les Valdivia, [&hellip;]<\/p>\n","protected":false},"author":1,"featured_media":251986,"comment_status":"open","ping_status":"open","sticky":false,"template":"","format":"standard","meta":{"_acf_changed":false,"footnotes":""},"categories":[3],"tags":[],"class_list":["post-251985","post","type-post","status-publish","format-standard","has-post-thumbnail","category-internacional"],"acf":{"antetitulo":"Nicaragua"},"yoast_head":"<!-- This site is optimized with the Yoast SEO plugin v28.4 - https:\/\/yoast.com\/product\/yoast-seo-wordpress\/ -->\n<title>Crece casos de presos pol\u00edticos en &quot;desapariciones forzadas&quot; - El Diario - Bolivia<\/title>\n<meta name=\"robots\" content=\"index, follow, max-snippet:-1, max-image-preview:large, max-video-preview:-1\" \/>\n<link rel=\"canonical\" href=\"https:\/\/www.eldiario.net\/portal\/2024\/10\/05\/crece-casos-de-presos-politicos-en-desapariciones-forzadas\/\" \/>\n<meta property=\"og:locale\" content=\"es_ES\" \/>\n<meta property=\"og:type\" content=\"article\" \/>\n<meta property=\"og:title\" content=\"Crece casos de presos pol\u00edticos en &quot;desapariciones forzadas&quot; - El Diario - Bolivia\" \/>\n<meta property=\"og:description\" content=\"Las desapariciones forzadas \u00abcontin\u00faan agrav\u00e1ndose\u00bb en Nicaragua, seg\u00fan el Mecanismo para el Reconocimiento de Personas Presas Pol\u00edticas. Organismo que, hasta septiembre de 2024, reconoc\u00eda nueve personas desaparecidas, entre ellas el exdiputado ind\u00edgena, Brooklyn Rivera, el opositor Jaime Navarrete Bland\u00f3n y la periodista Fabiola Tercero Castro. Otras personas en \u00abdesaparici\u00f3n forzada\u00bb son: Eddie Mois\u00e9s Gonz\u00e1les Valdivia, [&hellip;]\" \/>\n<meta property=\"og:url\" content=\"https:\/\/www.eldiario.net\/portal\/2024\/10\/05\/crece-casos-de-presos-politicos-en-desapariciones-forzadas\/\" \/>\n<meta property=\"og:site_name\" content=\"El Diario - Bolivia\" \/>\n<meta property=\"article:publisher\" content=\"https:\/\/www.facebook.com\/eldiario.bolivia\/\" \/>\n<meta property=\"article:published_time\" content=\"2024-10-05T04:25:20+00:00\" \/>\n<meta property=\"og:image\" content=\"https:\/\/www.eldiario.net\/portal\/wp-content\/uploads\/2024\/10\/PRESOS-Confidencial.png\" \/>\n\t<meta property=\"og:image:width\" content=\"1024\" \/>\n\t<meta property=\"og:image:height\" content=\"536\" \/>\n\t<meta property=\"og:image:type\" content=\"image\/png\" \/>\n<meta name=\"author\" content=\"Jeanette\" \/>\n<meta name=\"twitter:card\" content=\"summary_large_image\" \/>\n<meta name=\"twitter:creator\" content=\"@eldiario_net\" \/>\n<meta name=\"twitter:site\" content=\"@eldiario_net\" \/>\n<meta name=\"twitter:label1\" content=\"Escrito por\" \/>\n\t<meta name=\"twitter:data1\" content=\"Jeanette\" \/>\n\t<meta name=\"twitter:label2\" content=\"Tiempo de lectura\" \/>\n\t<meta name=\"twitter:data2\" content=\"3 minutos\" \/>\n<script type=\"application\/ld+json\" class=\"yoast-schema-graph\">{\"@context\":\"https:\\\/\\\/schema.org\",\"@graph\":[{\"@type\":\"Article\",\"@id\":\"https:\\\/\\\/www.eldiario.net\\\/portal\\\/2024\\\/10\\\/05\\\/crece-casos-de-presos-politicos-en-desapariciones-forzadas\\\/#article\",\"isPartOf\":{\"@id\":\"https:\\\/\\\/www.eldiario.net\\\/portal\\\/2024\\\/10\\\/05\\\/crece-casos-de-presos-politicos-en-desapariciones-forzadas\\\/\"},\"author\":{\"name\":\"Jeanette\",\"@id\":\"https:\\\/\\\/www.eldiario.net\\\/portal\\\/#\\\/schema\\\/person\\\/2c57cf2b7a7ae032e449e4c9b1019eac\"},\"headline\":\"Crece casos de presos pol\u00edticos en \u00abdesapariciones forzadas\u00bb\",\"datePublished\":\"2024-10-05T04:25:20+00:00\",\"mainEntityOfPage\":{\"@id\":\"https:\\\/\\\/www.eldiario.net\\\/portal\\\/2024\\\/10\\\/05\\\/crece-casos-de-presos-politicos-en-desapariciones-forzadas\\\/\"},\"wordCount\":637,\"commentCount\":0,\"publisher\":{\"@id\":\"https:\\\/\\\/www.eldiario.net\\\/portal\\\/#organization\"},\"image\":{\"@id\":\"https:\\\/\\\/www.eldiario.net\\\/portal\\\/2024\\\/10\\\/05\\\/crece-casos-de-presos-politicos-en-desapariciones-forzadas\\\/#primaryimage\"},\"thumbnailUrl\":\"https:\\\/\\\/www.eldiario.net\\\/portal\\\/wp-content\\\/uploads\\\/2024\\\/10\\\/PRESOS-Confidencial.png\",\"articleSection\":[\"Internacional\"],\"inLanguage\":\"es\",\"potentialAction\":[{\"@type\":\"CommentAction\",\"name\":\"Comment\",\"target\":[\"https:\\\/\\\/www.eldiario.net\\\/portal\\\/2024\\\/10\\\/05\\\/crece-casos-de-presos-politicos-en-desapariciones-forzadas\\\/#respond\"]}]},{\"@type\":\"WebPage\",\"@id\":\"https:\\\/\\\/www.eldiario.net\\\/portal\\\/2024\\\/10\\\/05\\\/crece-casos-de-presos-politicos-en-desapariciones-forzadas\\\/\",\"url\":\"https:\\\/\\\/www.eldiario.net\\\/portal\\\/2024\\\/10\\\/05\\\/crece-casos-de-presos-politicos-en-desapariciones-forzadas\\\/\",\"name\":\"Crece casos de presos pol\u00edticos en \\\"desapariciones forzadas\\\" - El Diario - Bolivia\",\"isPartOf\":{\"@id\":\"https:\\\/\\\/www.eldiario.net\\\/portal\\\/#website\"},\"primaryImageOfPage\":{\"@id\":\"https:\\\/\\\/www.eldiario.net\\\/portal\\\/2024\\\/10\\\/05\\\/crece-casos-de-presos-politicos-en-desapariciones-forzadas\\\/#primaryimage\"},\"image\":{\"@id\":\"https:\\\/\\\/www.eldiario.net\\\/portal\\\/2024\\\/10\\\/05\\\/crece-casos-de-presos-politicos-en-desapariciones-forzadas\\\/#primaryimage\"},\"thumbnailUrl\":\"https:\\\/\\\/www.eldiario.net\\\/portal\\\/wp-content\\\/uploads\\\/2024\\\/10\\\/PRESOS-Confidencial.png\",\"datePublished\":\"2024-10-05T04:25:20+00:00\",\"breadcrumb\":{\"@id\":\"https:\\\/\\\/www.eldiario.net\\\/portal\\\/2024\\\/10\\\/05\\\/crece-casos-de-presos-politicos-en-desapariciones-forzadas\\\/#breadcrumb\"},\"inLanguage\":\"es\",\"potentialAction\":[{\"@type\":\"ReadAction\",\"target\":[\"https:\\\/\\\/www.eldiario.net\\\/portal\\\/2024\\\/10\\\/05\\\/crece-casos-de-presos-politicos-en-desapariciones-forzadas\\\/\"]}]},{\"@type\":\"ImageObject\",\"inLanguage\":\"es\",\"@id\":\"https:\\\/\\\/www.eldiario.net\\\/portal\\\/2024\\\/10\\\/05\\\/crece-casos-de-presos-politicos-en-desapariciones-forzadas\\\/#primaryimage\",\"url\":\"https:\\\/\\\/www.eldiario.net\\\/portal\\\/wp-content\\\/uploads\\\/2024\\\/10\\\/PRESOS-Confidencial.png\",\"contentUrl\":\"https:\\\/\\\/www.eldiario.net\\\/portal\\\/wp-content\\\/uploads\\\/2024\\\/10\\\/PRESOS-Confidencial.png\",\"width\":1024,\"height\":536},{\"@type\":\"BreadcrumbList\",\"@id\":\"https:\\\/\\\/www.eldiario.net\\\/portal\\\/2024\\\/10\\\/05\\\/crece-casos-de-presos-politicos-en-desapariciones-forzadas\\\/#breadcrumb\",\"itemListElement\":[{\"@type\":\"ListItem\",\"position\":1,\"name\":\"Portada\",\"item\":\"https:\\\/\\\/www.eldiario.net\\\/portal\\\/\"},{\"@type\":\"ListItem\",\"position\":2,\"name\":\"Crece casos de presos pol\u00edticos en \u00abdesapariciones forzadas\u00bb\"}]},{\"@type\":\"WebSite\",\"@id\":\"https:\\\/\\\/www.eldiario.net\\\/portal\\\/#website\",\"url\":\"https:\\\/\\\/www.eldiario.net\\\/portal\\\/\",\"name\":\"El Diario - Decano de la prensa nacional\",\"description\":\"El Diario - Decano de la prensa nacional\",\"publisher\":{\"@id\":\"https:\\\/\\\/www.eldiario.net\\\/portal\\\/#organization\"},\"potentialAction\":[{\"@type\":\"SearchAction\",\"target\":{\"@type\":\"EntryPoint\",\"urlTemplate\":\"https:\\\/\\\/www.eldiario.net\\\/portal\\\/?s={search_term_string}\"},\"query-input\":{\"@type\":\"PropertyValueSpecification\",\"valueRequired\":true,\"valueName\":\"search_term_string\"}}],\"inLanguage\":\"es\"},{\"@type\":\"Organization\",\"@id\":\"https:\\\/\\\/www.eldiario.net\\\/portal\\\/#organization\",\"name\":\"El Diario - Decano de la prensa nacional\",\"url\":\"https:\\\/\\\/www.eldiario.net\\\/portal\\\/\",\"logo\":{\"@type\":\"ImageObject\",\"inLanguage\":\"es\",\"@id\":\"https:\\\/\\\/www.eldiario.net\\\/portal\\\/#\\\/schema\\\/logo\\\/image\\\/\",\"url\":\"https:\\\/\\\/www.eldiario.net\\\/portal\\\/wp-content\\\/uploads\\\/2023\\\/07\\\/logo_ED.jpg\",\"contentUrl\":\"https:\\\/\\\/www.eldiario.net\\\/portal\\\/wp-content\\\/uploads\\\/2023\\\/07\\\/logo_ED.jpg\",\"width\":272,\"height\":52,\"caption\":\"El Diario - Decano de la prensa nacional\"},\"image\":{\"@id\":\"https:\\\/\\\/www.eldiario.net\\\/portal\\\/#\\\/schema\\\/logo\\\/image\\\/\"},\"sameAs\":[\"https:\\\/\\\/www.facebook.com\\\/eldiario.bolivia\\\/\",\"https:\\\/\\\/x.com\\\/eldiario_net\"]},{\"@type\":\"Person\",\"@id\":\"https:\\\/\\\/www.eldiario.net\\\/portal\\\/#\\\/schema\\\/person\\\/2c57cf2b7a7ae032e449e4c9b1019eac\",\"name\":\"Jeanette\",\"image\":{\"@type\":\"ImageObject\",\"inLanguage\":\"es\",\"@id\":\"https:\\\/\\\/secure.gravatar.com\\\/avatar\\\/3ea2118a5f7dad2b7138b1187a6b7ee55f160b9968b66013c3a3ef39dd7e5798?s=96&d=mm&r=g\",\"url\":\"https:\\\/\\\/secure.gravatar.com\\\/avatar\\\/3ea2118a5f7dad2b7138b1187a6b7ee55f160b9968b66013c3a3ef39dd7e5798?s=96&d=mm&r=g\",\"contentUrl\":\"https:\\\/\\\/secure.gravatar.com\\\/avatar\\\/3ea2118a5f7dad2b7138b1187a6b7ee55f160b9968b66013c3a3ef39dd7e5798?s=96&d=mm&r=g\",\"caption\":\"Jeanette\"},\"sameAs\":[\"https:\\\/\\\/www.eldiario.net\\\/portal\"],\"url\":\"https:\\\/\\\/www.eldiario.net\\\/portal\\\/author\\\/jeanette\\\/\"}]}<\/script>\n<!-- \/ Yoast SEO plugin. -->","yoast_head_json":{"title":"Crece casos de presos pol\u00edticos en \"desapariciones forzadas\" - El Diario - Bolivia","robots":{"index":"index","follow":"follow","max-snippet":"max-snippet:-1","max-image-preview":"max-image-preview:large","max-video-preview":"max-video-preview:-1"},"canonical":"https:\/\/www.eldiario.net\/portal\/2024\/10\/05\/crece-casos-de-presos-politicos-en-desapariciones-forzadas\/","og_locale":"es_ES","og_type":"article","og_title":"Crece casos de presos pol\u00edticos en \"desapariciones forzadas\" - El Diario - Bolivia","og_description":"Las desapariciones forzadas \u00abcontin\u00faan agrav\u00e1ndose\u00bb en Nicaragua, seg\u00fan el Mecanismo para el Reconocimiento de Personas Presas Pol\u00edticas. Organismo que, hasta septiembre de 2024, reconoc\u00eda nueve personas desaparecidas, entre ellas el exdiputado ind\u00edgena, Brooklyn Rivera, el opositor Jaime Navarrete Bland\u00f3n y la periodista Fabiola Tercero Castro. Otras personas en \u00abdesaparici\u00f3n forzada\u00bb son: Eddie Mois\u00e9s Gonz\u00e1les Valdivia, [&hellip;]","og_url":"https:\/\/www.eldiario.net\/portal\/2024\/10\/05\/crece-casos-de-presos-politicos-en-desapariciones-forzadas\/","og_site_name":"El Diario - Bolivia","article_publisher":"https:\/\/www.facebook.com\/eldiario.bolivia\/","article_published_time":"2024-10-05T04:25:20+00:00","og_image":[{"width":1024,"height":536,"url":"https:\/\/www.eldiario.net\/portal\/wp-content\/uploads\/2024\/10\/PRESOS-Confidencial.png","type":"image\/png"}],"author":"Jeanette","twitter_card":"summary_large_image","twitter_creator":"@eldiario_net","twitter_site":"@eldiario_net","twitter_misc":{"Escrito por":"Jeanette","Tiempo de lectura":"3 minutos"},"schema":{"@context":"https:\/\/schema.org","@graph":[{"@type":"Article","@id":"https:\/\/www.eldiario.net\/portal\/2024\/10\/05\/crece-casos-de-presos-politicos-en-desapariciones-forzadas\/#article","isPartOf":{"@id":"https:\/\/www.eldiario.net\/portal\/2024\/10\/05\/crece-casos-de-presos-politicos-en-desapariciones-forzadas\/"},"author":{"name":"Jeanette","@id":"https:\/\/www.eldiario.net\/portal\/#\/schema\/person\/2c57cf2b7a7ae032e449e4c9b1019eac"},"headline":"Crece casos de presos pol\u00edticos en \u00abdesapariciones forzadas\u00bb","datePublished":"2024-10-05T04:25:20+00:00","mainEntityOfPage":{"@id":"https:\/\/www.eldiario.net\/portal\/2024\/10\/05\/crece-casos-de-presos-politicos-en-desapariciones-forzadas\/"},"wordCount":637,"commentCount":0,"publisher":{"@id":"https:\/\/www.eldiario.net\/portal\/#organization"},"image":{"@id":"https:\/\/www.eldiario.net\/portal\/2024\/10\/05\/crece-casos-de-presos-politicos-en-desapariciones-forzadas\/#primaryimage"},"thumbnailUrl":"https:\/\/www.eldiario.net\/portal\/wp-content\/uploads\/2024\/10\/PRESOS-Confidencial.png","articleSection":["Internacional"],"inLanguage":"es","potentialAction":[{"@type":"CommentAction","name":"Comment","target":["https:\/\/www.eldiario.net\/portal\/2024\/10\/05\/crece-casos-de-presos-politicos-en-desapariciones-forzadas\/#respond"]}]},{"@type":"WebPage","@id":"https:\/\/www.eldiario.net\/portal\/2024\/10\/05\/crece-casos-de-presos-politicos-en-desapariciones-forzadas\/","url":"https:\/\/www.eldiario.net\/portal\/2024\/10\/05\/crece-casos-de-presos-politicos-en-desapariciones-forzadas\/","name":"Crece casos de presos pol\u00edticos en \"desapariciones forzadas\" - El Diario - Bolivia","isPartOf":{"@id":"https:\/\/www.eldiario.net\/portal\/#website"},"primaryImageOfPage":{"@id":"https:\/\/www.eldiario.net\/portal\/2024\/10\/05\/crece-casos-de-presos-politicos-en-desapariciones-forzadas\/#primaryimage"},"image":{"@id":"https:\/\/www.eldiario.net\/portal\/2024\/10\/05\/crece-casos-de-presos-politicos-en-desapariciones-forzadas\/#primaryimage"},"thumbnailUrl":"https:\/\/www.eldiario.net\/portal\/wp-content\/uploads\/2024\/10\/PRESOS-Confidencial.png","datePublished":"2024-10-05T04:25:20+00:00","breadcrumb":{"@id":"https:\/\/www.eldiario.net\/portal\/2024\/10\/05\/crece-casos-de-presos-politicos-en-desapariciones-forzadas\/#breadcrumb"},"inLanguage":"es","potentialAction":[{"@type":"ReadAction","target":["https:\/\/www.eldiario.net\/portal\/2024\/10\/05\/crece-casos-de-presos-politicos-en-desapariciones-forzadas\/"]}]},{"@type":"ImageObject","inLanguage":"es","@id":"https:\/\/www.eldiario.net\/portal\/2024\/10\/05\/crece-casos-de-presos-politicos-en-desapariciones-forzadas\/#primaryimage","url":"https:\/\/www.eldiario.net\/portal\/wp-content\/uploads\/2024\/10\/PRESOS-Confidencial.png","contentUrl":"https:\/\/www.eldiario.net\/portal\/wp-content\/uploads\/2024\/10\/PRESOS-Confidencial.png","width":1024,"height":536},{"@type":"BreadcrumbList","@id":"https:\/\/www.eldiario.net\/portal\/2024\/10\/05\/crece-casos-de-presos-politicos-en-desapariciones-forzadas\/#breadcrumb","itemListElement":[{"@type":"ListItem","position":1,"name":"Portada","item":"https:\/\/www.eldiario.net\/portal\/"},{"@type":"ListItem","position":2,"name":"Crece casos de presos pol\u00edticos en \u00abdesapariciones forzadas\u00bb"}]},{"@type":"WebSite","@id":"https:\/\/www.eldiario.net\/portal\/#website","url":"https:\/\/www.eldiario.net\/portal\/","name":"El Diario - Decano de la prensa nacional","description":"El Diario - Decano de la prensa nacional","publisher":{"@id":"https:\/\/www.eldiario.net\/portal\/#organization"},"potentialAction":[{"@type":"SearchAction","target":{"@type":"EntryPoint","urlTemplate":"https:\/\/www.eldiario.net\/portal\/?s={search_term_string}"},"query-input":{"@type":"PropertyValueSpecification","valueRequired":true,"valueName":"search_term_string"}}],"inLanguage":"es"},{"@type":"Organization","@id":"https:\/\/www.eldiario.net\/portal\/#organization","name":"El Diario - Decano de la prensa nacional","url":"https:\/\/www.eldiario.net\/portal\/","logo":{"@type":"ImageObject","inLanguage":"es","@id":"https:\/\/www.eldiario.net\/portal\/#\/schema\/logo\/image\/","url":"https:\/\/www.eldiario.net\/portal\/wp-content\/uploads\/2023\/07\/logo_ED.jpg","contentUrl":"https:\/\/www.eldiario.net\/portal\/wp-content\/uploads\/2023\/07\/logo_ED.jpg","width":272,"height":52,"caption":"El Diario - Decano de la prensa nacional"},"image":{"@id":"https:\/\/www.eldiario.net\/portal\/#\/schema\/logo\/image\/"},"sameAs":["https:\/\/www.facebook.com\/eldiario.bolivia\/","https:\/\/x.com\/eldiario_net"]},{"@type":"Person","@id":"https:\/\/www.eldiario.net\/portal\/#\/schema\/person\/2c57cf2b7a7ae032e449e4c9b1019eac","name":"Jeanette","image":{"@type":"ImageObject","inLanguage":"es","@id":"https:\/\/secure.gravatar.com\/avatar\/3ea2118a5f7dad2b7138b1187a6b7ee55f160b9968b66013c3a3ef39dd7e5798?s=96&d=mm&r=g","url":"https:\/\/secure.gravatar.com\/avatar\/3ea2118a5f7dad2b7138b1187a6b7ee55f160b9968b66013c3a3ef39dd7e5798?s=96&d=mm&r=g","contentUrl":"https:\/\/secure.gravatar.com\/avatar\/3ea2118a5f7dad2b7138b1187a6b7ee55f160b9968b66013c3a3ef39dd7e5798?s=96&d=mm&r=g","caption":"Jeanette"},"sameAs":["https:\/\/www.eldiario.net\/portal"],"url":"https:\/\/www.eldiario.net\/portal\/author\/jeanette\/"}]}},"_links":{"self":[{"href":"https:\/\/www.eldiario.net\/portal\/wp-json\/wp\/v2\/posts\/251985","targetHints":{"allow":["GET"]}}],"collection":[{"href":"https:\/\/www.eldiario.net\/portal\/wp-json\/wp\/v2\/posts"}],"about":[{"href":"https:\/\/www.eldiario.net\/portal\/wp-json\/wp\/v2\/types\/post"}],"author":[{"embeddable":true,"href":"https:\/\/www.eldiario.net\/portal\/wp-json\/wp\/v2\/users\/1"}],"replies":[{"embeddable":true,"href":"https:\/\/www.eldiario.net\/portal\/wp-json\/wp\/v2\/comments?post=251985"}],"version-history":[{"count":1,"href":"https:\/\/www.eldiario.net\/portal\/wp-json\/wp\/v2\/posts\/251985\/revisions"}],"predecessor-version":[{"id":251987,"href":"https:\/\/www.eldiario.net\/portal\/wp-json\/wp\/v2\/posts\/251985\/revisions\/251987"}],"wp:featuredmedia":[{"embeddable":true,"href":"https:\/\/www.eldiario.net\/portal\/wp-json\/wp\/v2\/media\/251986"}],"wp:attachment":[{"href":"https:\/\/www.eldiario.net\/portal\/wp-json\/wp\/v2\/media?parent=251985"}],"wp:term":[{"taxonomy":"category","embeddable":true,"href":"https:\/\/www.eldiario.net\/portal\/wp-json\/wp\/v2\/categories?post=251985"},{"taxonomy":"post_tag","embeddable":true,"href":"https:\/\/www.eldiario.net\/portal\/wp-json\/wp\/v2\/tags?post=251985"}],"curies":[{"name":"wp","href":"https:\/\/api.w.org\/{rel}","templated":true}]}}