{"id":251677,"date":"2024-10-03T05:54:54","date_gmt":"2024-10-03T09:54:54","guid":{"rendered":"https:\/\/www.eldiario.net\/portal\/?p=251677"},"modified":"2024-10-03T05:54:54","modified_gmt":"2024-10-03T09:54:54","slug":"juicios-por-capricho-contra-opositores","status":"publish","type":"post","link":"https:\/\/www.eldiario.net\/portal\/2024\/10\/03\/juicios-por-capricho-contra-opositores\/","title":{"rendered":"Juicios \u201cpor capricho\u201d contra opositores"},"content":{"rendered":"<p><em>En nuestro pa\u00eds es vox populi que la administraci\u00f3n de justicia est\u00e1 en deterioro por sus enormes errores y su deplorable sometimiento ante el gobierno de turno. A pesar de que en el pasado ya adolec\u00eda de tremendas fallas, \u00e9stas han empeorado desde el a\u00f1o 2006, cuando el MAS arriba al poder y comienza a destruir la institucionalidad. Es decir que se da preferencia a masistas para que ocupen cargos p\u00fablicos, relegando la meritocracia. En consecuencia, no es raro que muchos funcionarios p\u00fablicos obren seg\u00fan los deseos gubernamentales.<\/em><\/p>\n<p><em>Y ahora por conflictos entre arcistas y evistas, que aparentemente son muestra de una fragmentaci\u00f3n en el partido azul, surgen revelaciones sobre hechos cuestionables. Nos referimos a una reciente declaraci\u00f3n de Iv\u00e1n Lima, ex Ministro de Justicia, quien asever\u00f3 que \u201cpor capricho\u201d del ex presidente Evo Morales se le inici\u00f3 un juicio ordinario, por la llamada \u201cmasacre de Senkata\u201d, a la ex mandataria Jeanine A\u00f1ez, por lo que este caso podr\u00eda ser llevado a la Corte Interamericana de Derechos Humanos (Corte IDH). De acuerdo con Lima, a la se\u00f1ora A\u00f1ez le correspond\u00eda un juicio de responsabilidades, pero Morales presion\u00f3 para que el proceso sea por la v\u00eda ordinaria.<\/em><\/p>\n<p><em>Tal declaraci\u00f3n, seg\u00fan expertos en materia pol\u00edtica, pone en duda, inicialmente, que en el partido oficialista haya una verdadera divisi\u00f3n, pues para casos como el mencionado, se ponen de acuerdo y act\u00faan por conveniencia partidaria. Son implacables contra quienes apoyaron la insurrecci\u00f3n popular que, por el fraude electoral masista, en 2019 provoc\u00f3 la fuga de Morales del pa\u00eds. Despu\u00e9s del fracaso del gobierno de transici\u00f3n liderado por la se\u00f1ora A\u00f1ez, volvi\u00f3 el masismo al gobierno y desde entonces contin\u00faa la persecuci\u00f3n pol\u00edtica contra opositores, con el resultado de presos y exiliados, sin que se act\u00fae con la misma intensidad contra quienes organizaron el fraude electoral, provocaron enfrentamientos violentos en las calles y ped\u00edan \u201cguerra civil\u201d o amenazaban con destruir plantas de gas.<\/em><\/p>\n<p><em>Debido a que tales juicios son irregulares, porque desde el oficialismo se recurre a triqui\u00f1uelas jur\u00eddicas para evitar una pronta dilucidaci\u00f3n de los casos, varios aprisionados se vieron obligados a declararse \u201cculpables\u201d por delitos que no cometieron, a fin de acabar con su \u201cdetenci\u00f3n preventiva\u201d, alargada tambi\u00e9n \u201cpor capricho\u201d, para recuperar su libertad y reunirse con sus familias. Generalmente los opositores que son recluidos quedan indefensos y sin posibilidad de ser objetos de un debido proceso.<\/em><\/p>\n<p><em>Este es el estado de la administraci\u00f3n de justicia desde el a\u00f1o 2006 y cada vez son m\u00e1s las pruebas que demuestran que prevalece la manipulaci\u00f3n de la justicia a favor del oficialismo en conjunto, de arcistas y evistas. Y a pesar de que ahora, sin rubor, hablan de democracia, de \u201cgobernar escuchando al pueblo\u201d y otras frases vac\u00edas, solo un nuevo gobierno deber\u00e1 hacer las reparaciones correspondientes a favor de toda la poblaci\u00f3n, sin discriminaci\u00f3n por intereses partidarios.<\/em><\/p>\n","protected":false},"excerpt":{"rendered":"<p>En nuestro pa\u00eds es vox populi que la administraci\u00f3n de justicia est\u00e1 en deterioro por sus enormes errores y su deplorable sometimiento ante el gobierno de turno. A pesar de que en el pasado ya adolec\u00eda de tremendas fallas, \u00e9stas han empeorado desde el a\u00f1o 2006, cuando el MAS arriba al poder y comienza a [&hellip;]<\/p>\n","protected":false},"author":1,"featured_media":194776,"comment_status":"open","ping_status":"open","sticky":false,"template":"","format":"standard","meta":{"_acf_changed":false,"footnotes":""},"categories":[4],"tags":[],"class_list":["post-251677","post","type-post","status-publish","format-standard","has-post-thumbnail","category-editorial"],"acf":{"antetitulo":""},"yoast_head":"<!-- This site is optimized with the Yoast SEO plugin v28.4 - https:\/\/yoast.com\/product\/yoast-seo-wordpress\/ -->\n<title>Juicios \u201cpor capricho\u201d contra opositores - El Diario - Bolivia<\/title>\n<meta name=\"robots\" content=\"index, follow, max-snippet:-1, max-image-preview:large, max-video-preview:-1\" \/>\n<link rel=\"canonical\" href=\"https:\/\/www.eldiario.net\/portal\/2024\/10\/03\/juicios-por-capricho-contra-opositores\/\" \/>\n<meta property=\"og:locale\" content=\"es_ES\" \/>\n<meta property=\"og:type\" content=\"article\" \/>\n<meta property=\"og:title\" content=\"Juicios \u201cpor capricho\u201d contra opositores - El Diario - Bolivia\" \/>\n<meta property=\"og:description\" content=\"En nuestro pa\u00eds es vox populi que la administraci\u00f3n de justicia est\u00e1 en deterioro por sus enormes errores y su deplorable sometimiento ante el gobierno de turno. A pesar de que en el pasado ya adolec\u00eda de tremendas fallas, \u00e9stas han empeorado desde el a\u00f1o 2006, cuando el MAS arriba al poder y comienza a [&hellip;]\" \/>\n<meta property=\"og:url\" content=\"https:\/\/www.eldiario.net\/portal\/2024\/10\/03\/juicios-por-capricho-contra-opositores\/\" \/>\n<meta property=\"og:site_name\" content=\"El Diario - Bolivia\" \/>\n<meta property=\"article:publisher\" content=\"https:\/\/www.facebook.com\/eldiario.bolivia\/\" \/>\n<meta property=\"article:published_time\" content=\"2024-10-03T09:54:54+00:00\" \/>\n<meta property=\"og:image\" content=\"https:\/\/www.eldiario.net\/portal\/wp-content\/uploads\/2023\/12\/Editorial.jpg\" \/>\n\t<meta property=\"og:image:width\" content=\"800\" \/>\n\t<meta property=\"og:image:height\" content=\"500\" \/>\n\t<meta property=\"og:image:type\" content=\"image\/jpeg\" \/>\n<meta name=\"author\" content=\"Jeanette\" \/>\n<meta name=\"twitter:card\" content=\"summary_large_image\" \/>\n<meta name=\"twitter:creator\" content=\"@eldiario_net\" \/>\n<meta name=\"twitter:site\" content=\"@eldiario_net\" \/>\n<meta name=\"twitter:label1\" content=\"Escrito por\" \/>\n\t<meta name=\"twitter:data1\" content=\"Jeanette\" \/>\n\t<meta name=\"twitter:label2\" content=\"Tiempo de lectura\" \/>\n\t<meta name=\"twitter:data2\" content=\"3 minutos\" \/>\n<script type=\"application\/ld+json\" class=\"yoast-schema-graph\">{\"@context\":\"https:\\\/\\\/schema.org\",\"@graph\":[{\"@type\":\"Article\",\"@id\":\"https:\\\/\\\/www.eldiario.net\\\/portal\\\/2024\\\/10\\\/03\\\/juicios-por-capricho-contra-opositores\\\/#article\",\"isPartOf\":{\"@id\":\"https:\\\/\\\/www.eldiario.net\\\/portal\\\/2024\\\/10\\\/03\\\/juicios-por-capricho-contra-opositores\\\/\"},\"author\":{\"name\":\"Jeanette\",\"@id\":\"https:\\\/\\\/www.eldiario.net\\\/portal\\\/#\\\/schema\\\/person\\\/2c57cf2b7a7ae032e449e4c9b1019eac\"},\"headline\":\"Juicios \u201cpor capricho\u201d contra opositores\",\"datePublished\":\"2024-10-03T09:54:54+00:00\",\"mainEntityOfPage\":{\"@id\":\"https:\\\/\\\/www.eldiario.net\\\/portal\\\/2024\\\/10\\\/03\\\/juicios-por-capricho-contra-opositores\\\/\"},\"wordCount\":519,\"commentCount\":0,\"publisher\":{\"@id\":\"https:\\\/\\\/www.eldiario.net\\\/portal\\\/#organization\"},\"image\":{\"@id\":\"https:\\\/\\\/www.eldiario.net\\\/portal\\\/2024\\\/10\\\/03\\\/juicios-por-capricho-contra-opositores\\\/#primaryimage\"},\"thumbnailUrl\":\"https:\\\/\\\/www.eldiario.net\\\/portal\\\/wp-content\\\/uploads\\\/2023\\\/12\\\/Editorial.jpg\",\"articleSection\":[\"Editorial\"],\"inLanguage\":\"es\",\"potentialAction\":[{\"@type\":\"CommentAction\",\"name\":\"Comment\",\"target\":[\"https:\\\/\\\/www.eldiario.net\\\/portal\\\/2024\\\/10\\\/03\\\/juicios-por-capricho-contra-opositores\\\/#respond\"]}]},{\"@type\":\"WebPage\",\"@id\":\"https:\\\/\\\/www.eldiario.net\\\/portal\\\/2024\\\/10\\\/03\\\/juicios-por-capricho-contra-opositores\\\/\",\"url\":\"https:\\\/\\\/www.eldiario.net\\\/portal\\\/2024\\\/10\\\/03\\\/juicios-por-capricho-contra-opositores\\\/\",\"name\":\"Juicios \u201cpor capricho\u201d contra opositores - El Diario - Bolivia\",\"isPartOf\":{\"@id\":\"https:\\\/\\\/www.eldiario.net\\\/portal\\\/#website\"},\"primaryImageOfPage\":{\"@id\":\"https:\\\/\\\/www.eldiario.net\\\/portal\\\/2024\\\/10\\\/03\\\/juicios-por-capricho-contra-opositores\\\/#primaryimage\"},\"image\":{\"@id\":\"https:\\\/\\\/www.eldiario.net\\\/portal\\\/2024\\\/10\\\/03\\\/juicios-por-capricho-contra-opositores\\\/#primaryimage\"},\"thumbnailUrl\":\"https:\\\/\\\/www.eldiario.net\\\/portal\\\/wp-content\\\/uploads\\\/2023\\\/12\\\/Editorial.jpg\",\"datePublished\":\"2024-10-03T09:54:54+00:00\",\"breadcrumb\":{\"@id\":\"https:\\\/\\\/www.eldiario.net\\\/portal\\\/2024\\\/10\\\/03\\\/juicios-por-capricho-contra-opositores\\\/#breadcrumb\"},\"inLanguage\":\"es\",\"potentialAction\":[{\"@type\":\"ReadAction\",\"target\":[\"https:\\\/\\\/www.eldiario.net\\\/portal\\\/2024\\\/10\\\/03\\\/juicios-por-capricho-contra-opositores\\\/\"]}]},{\"@type\":\"ImageObject\",\"inLanguage\":\"es\",\"@id\":\"https:\\\/\\\/www.eldiario.net\\\/portal\\\/2024\\\/10\\\/03\\\/juicios-por-capricho-contra-opositores\\\/#primaryimage\",\"url\":\"https:\\\/\\\/www.eldiario.net\\\/portal\\\/wp-content\\\/uploads\\\/2023\\\/12\\\/Editorial.jpg\",\"contentUrl\":\"https:\\\/\\\/www.eldiario.net\\\/portal\\\/wp-content\\\/uploads\\\/2023\\\/12\\\/Editorial.jpg\",\"width\":800,\"height\":500},{\"@type\":\"BreadcrumbList\",\"@id\":\"https:\\\/\\\/www.eldiario.net\\\/portal\\\/2024\\\/10\\\/03\\\/juicios-por-capricho-contra-opositores\\\/#breadcrumb\",\"itemListElement\":[{\"@type\":\"ListItem\",\"position\":1,\"name\":\"Portada\",\"item\":\"https:\\\/\\\/www.eldiario.net\\\/portal\\\/\"},{\"@type\":\"ListItem\",\"position\":2,\"name\":\"Juicios \u201cpor capricho\u201d contra opositores\"}]},{\"@type\":\"WebSite\",\"@id\":\"https:\\\/\\\/www.eldiario.net\\\/portal\\\/#website\",\"url\":\"https:\\\/\\\/www.eldiario.net\\\/portal\\\/\",\"name\":\"El Diario - Decano de la prensa nacional\",\"description\":\"El Diario - Decano de la prensa nacional\",\"publisher\":{\"@id\":\"https:\\\/\\\/www.eldiario.net\\\/portal\\\/#organization\"},\"potentialAction\":[{\"@type\":\"SearchAction\",\"target\":{\"@type\":\"EntryPoint\",\"urlTemplate\":\"https:\\\/\\\/www.eldiario.net\\\/portal\\\/?s={search_term_string}\"},\"query-input\":{\"@type\":\"PropertyValueSpecification\",\"valueRequired\":true,\"valueName\":\"search_term_string\"}}],\"inLanguage\":\"es\"},{\"@type\":\"Organization\",\"@id\":\"https:\\\/\\\/www.eldiario.net\\\/portal\\\/#organization\",\"name\":\"El Diario - Decano de la prensa nacional\",\"url\":\"https:\\\/\\\/www.eldiario.net\\\/portal\\\/\",\"logo\":{\"@type\":\"ImageObject\",\"inLanguage\":\"es\",\"@id\":\"https:\\\/\\\/www.eldiario.net\\\/portal\\\/#\\\/schema\\\/logo\\\/image\\\/\",\"url\":\"https:\\\/\\\/www.eldiario.net\\\/portal\\\/wp-content\\\/uploads\\\/2023\\\/07\\\/logo_ED.jpg\",\"contentUrl\":\"https:\\\/\\\/www.eldiario.net\\\/portal\\\/wp-content\\\/uploads\\\/2023\\\/07\\\/logo_ED.jpg\",\"width\":272,\"height\":52,\"caption\":\"El Diario - Decano de la prensa nacional\"},\"image\":{\"@id\":\"https:\\\/\\\/www.eldiario.net\\\/portal\\\/#\\\/schema\\\/logo\\\/image\\\/\"},\"sameAs\":[\"https:\\\/\\\/www.facebook.com\\\/eldiario.bolivia\\\/\",\"https:\\\/\\\/x.com\\\/eldiario_net\"]},{\"@type\":\"Person\",\"@id\":\"https:\\\/\\\/www.eldiario.net\\\/portal\\\/#\\\/schema\\\/person\\\/2c57cf2b7a7ae032e449e4c9b1019eac\",\"name\":\"Jeanette\",\"image\":{\"@type\":\"ImageObject\",\"inLanguage\":\"es\",\"@id\":\"https:\\\/\\\/secure.gravatar.com\\\/avatar\\\/3ea2118a5f7dad2b7138b1187a6b7ee55f160b9968b66013c3a3ef39dd7e5798?s=96&d=mm&r=g\",\"url\":\"https:\\\/\\\/secure.gravatar.com\\\/avatar\\\/3ea2118a5f7dad2b7138b1187a6b7ee55f160b9968b66013c3a3ef39dd7e5798?s=96&d=mm&r=g\",\"contentUrl\":\"https:\\\/\\\/secure.gravatar.com\\\/avatar\\\/3ea2118a5f7dad2b7138b1187a6b7ee55f160b9968b66013c3a3ef39dd7e5798?s=96&d=mm&r=g\",\"caption\":\"Jeanette\"},\"sameAs\":[\"https:\\\/\\\/www.eldiario.net\\\/portal\"],\"url\":\"https:\\\/\\\/www.eldiario.net\\\/portal\\\/author\\\/jeanette\\\/\"}]}<\/script>\n<!-- \/ Yoast SEO plugin. -->","yoast_head_json":{"title":"Juicios \u201cpor capricho\u201d contra opositores - El Diario - Bolivia","robots":{"index":"index","follow":"follow","max-snippet":"max-snippet:-1","max-image-preview":"max-image-preview:large","max-video-preview":"max-video-preview:-1"},"canonical":"https:\/\/www.eldiario.net\/portal\/2024\/10\/03\/juicios-por-capricho-contra-opositores\/","og_locale":"es_ES","og_type":"article","og_title":"Juicios \u201cpor capricho\u201d contra opositores - El Diario - Bolivia","og_description":"En nuestro pa\u00eds es vox populi que la administraci\u00f3n de justicia est\u00e1 en deterioro por sus enormes errores y su deplorable sometimiento ante el gobierno de turno. A pesar de que en el pasado ya adolec\u00eda de tremendas fallas, \u00e9stas han empeorado desde el a\u00f1o 2006, cuando el MAS arriba al poder y comienza a [&hellip;]","og_url":"https:\/\/www.eldiario.net\/portal\/2024\/10\/03\/juicios-por-capricho-contra-opositores\/","og_site_name":"El Diario - Bolivia","article_publisher":"https:\/\/www.facebook.com\/eldiario.bolivia\/","article_published_time":"2024-10-03T09:54:54+00:00","og_image":[{"width":800,"height":500,"url":"https:\/\/www.eldiario.net\/portal\/wp-content\/uploads\/2023\/12\/Editorial.jpg","type":"image\/jpeg"}],"author":"Jeanette","twitter_card":"summary_large_image","twitter_creator":"@eldiario_net","twitter_site":"@eldiario_net","twitter_misc":{"Escrito por":"Jeanette","Tiempo de lectura":"3 minutos"},"schema":{"@context":"https:\/\/schema.org","@graph":[{"@type":"Article","@id":"https:\/\/www.eldiario.net\/portal\/2024\/10\/03\/juicios-por-capricho-contra-opositores\/#article","isPartOf":{"@id":"https:\/\/www.eldiario.net\/portal\/2024\/10\/03\/juicios-por-capricho-contra-opositores\/"},"author":{"name":"Jeanette","@id":"https:\/\/www.eldiario.net\/portal\/#\/schema\/person\/2c57cf2b7a7ae032e449e4c9b1019eac"},"headline":"Juicios \u201cpor capricho\u201d contra opositores","datePublished":"2024-10-03T09:54:54+00:00","mainEntityOfPage":{"@id":"https:\/\/www.eldiario.net\/portal\/2024\/10\/03\/juicios-por-capricho-contra-opositores\/"},"wordCount":519,"commentCount":0,"publisher":{"@id":"https:\/\/www.eldiario.net\/portal\/#organization"},"image":{"@id":"https:\/\/www.eldiario.net\/portal\/2024\/10\/03\/juicios-por-capricho-contra-opositores\/#primaryimage"},"thumbnailUrl":"https:\/\/www.eldiario.net\/portal\/wp-content\/uploads\/2023\/12\/Editorial.jpg","articleSection":["Editorial"],"inLanguage":"es","potentialAction":[{"@type":"CommentAction","name":"Comment","target":["https:\/\/www.eldiario.net\/portal\/2024\/10\/03\/juicios-por-capricho-contra-opositores\/#respond"]}]},{"@type":"WebPage","@id":"https:\/\/www.eldiario.net\/portal\/2024\/10\/03\/juicios-por-capricho-contra-opositores\/","url":"https:\/\/www.eldiario.net\/portal\/2024\/10\/03\/juicios-por-capricho-contra-opositores\/","name":"Juicios \u201cpor capricho\u201d contra opositores - El Diario - Bolivia","isPartOf":{"@id":"https:\/\/www.eldiario.net\/portal\/#website"},"primaryImageOfPage":{"@id":"https:\/\/www.eldiario.net\/portal\/2024\/10\/03\/juicios-por-capricho-contra-opositores\/#primaryimage"},"image":{"@id":"https:\/\/www.eldiario.net\/portal\/2024\/10\/03\/juicios-por-capricho-contra-opositores\/#primaryimage"},"thumbnailUrl":"https:\/\/www.eldiario.net\/portal\/wp-content\/uploads\/2023\/12\/Editorial.jpg","datePublished":"2024-10-03T09:54:54+00:00","breadcrumb":{"@id":"https:\/\/www.eldiario.net\/portal\/2024\/10\/03\/juicios-por-capricho-contra-opositores\/#breadcrumb"},"inLanguage":"es","potentialAction":[{"@type":"ReadAction","target":["https:\/\/www.eldiario.net\/portal\/2024\/10\/03\/juicios-por-capricho-contra-opositores\/"]}]},{"@type":"ImageObject","inLanguage":"es","@id":"https:\/\/www.eldiario.net\/portal\/2024\/10\/03\/juicios-por-capricho-contra-opositores\/#primaryimage","url":"https:\/\/www.eldiario.net\/portal\/wp-content\/uploads\/2023\/12\/Editorial.jpg","contentUrl":"https:\/\/www.eldiario.net\/portal\/wp-content\/uploads\/2023\/12\/Editorial.jpg","width":800,"height":500},{"@type":"BreadcrumbList","@id":"https:\/\/www.eldiario.net\/portal\/2024\/10\/03\/juicios-por-capricho-contra-opositores\/#breadcrumb","itemListElement":[{"@type":"ListItem","position":1,"name":"Portada","item":"https:\/\/www.eldiario.net\/portal\/"},{"@type":"ListItem","position":2,"name":"Juicios \u201cpor capricho\u201d contra opositores"}]},{"@type":"WebSite","@id":"https:\/\/www.eldiario.net\/portal\/#website","url":"https:\/\/www.eldiario.net\/portal\/","name":"El Diario - Decano de la prensa nacional","description":"El Diario - Decano de la prensa nacional","publisher":{"@id":"https:\/\/www.eldiario.net\/portal\/#organization"},"potentialAction":[{"@type":"SearchAction","target":{"@type":"EntryPoint","urlTemplate":"https:\/\/www.eldiario.net\/portal\/?s={search_term_string}"},"query-input":{"@type":"PropertyValueSpecification","valueRequired":true,"valueName":"search_term_string"}}],"inLanguage":"es"},{"@type":"Organization","@id":"https:\/\/www.eldiario.net\/portal\/#organization","name":"El Diario - Decano de la prensa nacional","url":"https:\/\/www.eldiario.net\/portal\/","logo":{"@type":"ImageObject","inLanguage":"es","@id":"https:\/\/www.eldiario.net\/portal\/#\/schema\/logo\/image\/","url":"https:\/\/www.eldiario.net\/portal\/wp-content\/uploads\/2023\/07\/logo_ED.jpg","contentUrl":"https:\/\/www.eldiario.net\/portal\/wp-content\/uploads\/2023\/07\/logo_ED.jpg","width":272,"height":52,"caption":"El Diario - Decano de la prensa nacional"},"image":{"@id":"https:\/\/www.eldiario.net\/portal\/#\/schema\/logo\/image\/"},"sameAs":["https:\/\/www.facebook.com\/eldiario.bolivia\/","https:\/\/x.com\/eldiario_net"]},{"@type":"Person","@id":"https:\/\/www.eldiario.net\/portal\/#\/schema\/person\/2c57cf2b7a7ae032e449e4c9b1019eac","name":"Jeanette","image":{"@type":"ImageObject","inLanguage":"es","@id":"https:\/\/secure.gravatar.com\/avatar\/3ea2118a5f7dad2b7138b1187a6b7ee55f160b9968b66013c3a3ef39dd7e5798?s=96&d=mm&r=g","url":"https:\/\/secure.gravatar.com\/avatar\/3ea2118a5f7dad2b7138b1187a6b7ee55f160b9968b66013c3a3ef39dd7e5798?s=96&d=mm&r=g","contentUrl":"https:\/\/secure.gravatar.com\/avatar\/3ea2118a5f7dad2b7138b1187a6b7ee55f160b9968b66013c3a3ef39dd7e5798?s=96&d=mm&r=g","caption":"Jeanette"},"sameAs":["https:\/\/www.eldiario.net\/portal"],"url":"https:\/\/www.eldiario.net\/portal\/author\/jeanette\/"}]}},"_links":{"self":[{"href":"https:\/\/www.eldiario.net\/portal\/wp-json\/wp\/v2\/posts\/251677","targetHints":{"allow":["GET"]}}],"collection":[{"href":"https:\/\/www.eldiario.net\/portal\/wp-json\/wp\/v2\/posts"}],"about":[{"href":"https:\/\/www.eldiario.net\/portal\/wp-json\/wp\/v2\/types\/post"}],"author":[{"embeddable":true,"href":"https:\/\/www.eldiario.net\/portal\/wp-json\/wp\/v2\/users\/1"}],"replies":[{"embeddable":true,"href":"https:\/\/www.eldiario.net\/portal\/wp-json\/wp\/v2\/comments?post=251677"}],"version-history":[{"count":1,"href":"https:\/\/www.eldiario.net\/portal\/wp-json\/wp\/v2\/posts\/251677\/revisions"}],"predecessor-version":[{"id":251678,"href":"https:\/\/www.eldiario.net\/portal\/wp-json\/wp\/v2\/posts\/251677\/revisions\/251678"}],"wp:featuredmedia":[{"embeddable":true,"href":"https:\/\/www.eldiario.net\/portal\/wp-json\/wp\/v2\/media\/194776"}],"wp:attachment":[{"href":"https:\/\/www.eldiario.net\/portal\/wp-json\/wp\/v2\/media?parent=251677"}],"wp:term":[{"taxonomy":"category","embeddable":true,"href":"https:\/\/www.eldiario.net\/portal\/wp-json\/wp\/v2\/categories?post=251677"},{"taxonomy":"post_tag","embeddable":true,"href":"https:\/\/www.eldiario.net\/portal\/wp-json\/wp\/v2\/tags?post=251677"}],"curies":[{"name":"wp","href":"https:\/\/api.w.org\/{rel}","templated":true}]}}