{"id":251675,"date":"2024-10-03T05:54:23","date_gmt":"2024-10-03T09:54:23","guid":{"rendered":"https:\/\/www.eldiario.net\/portal\/?p=251675"},"modified":"2024-10-03T05:54:23","modified_gmt":"2024-10-03T09:54:23","slug":"disculpas-por-que","status":"publish","type":"post","link":"https:\/\/www.eldiario.net\/portal\/2024\/10\/03\/disculpas-por-que\/","title":{"rendered":"\u00bfDisculpas? \u00bfPor qu\u00e9?"},"content":{"rendered":"<p>M\u00e9xico ha sido muy independiente en cuando ata\u00f1e a su pol\u00edtica exterior, con un fondo tendiente a la izquierda, aunque internamente sus eternas c\u00fapulas gobernantes \u2013el PRI sobre todo\u2013 fueron de un poder patriarcal, enriquecido por el Estado, que jam\u00e1s hicieron lo suficiente para sacar de la pobreza a su pueblo. Sin embargo, los criollos que gobernaron, de ascendencia hisp\u00e1nica por la mezcla racial, nunca dejaron de quejarse de Hern\u00e1n Cort\u00e9s y de su conquista de Tenochtitl\u00e1n. En las escuelas los ni\u00f1os y j\u00f3venes miraron siempre a Espa\u00f1a como la invasora, la exterminadora de los indios, siendo una naci\u00f3n mayoritariamente mestiza. Adem\u00e1s, de un secular mestizaje, porque durante la Colonia el Reino dio v\u00eda libre al matrimonio entre espa\u00f1oles e ind\u00edgenas.<\/p>\n<p>Hoy nos encontramos con que el presidente L\u00f3pez Obrador le habr\u00eda enviado una misiva al rey Felipe VI, en marzo de 2019, pidi\u00e9ndole que en aras de la amistad de los dos pueblos se disculpe por la \u201cresponsabilidad hist\u00f3rica\u201d de los \u201cagravios\u201d acaecidos durante la conquista de M\u00e9xico. Naturalmente que el monarca no contest\u00f3 a semejante requerimiento, absolutamente absurdo y extempor\u00e1neo. Que cinco siglos despu\u00e9s el rey Felipe tuviera que disculparse por lo que pudo hacer Cort\u00e9s y el Reino de Castilla, causa asombro. Pero m\u00e1s pasmo provoca que la nueva presidente mexicana, Claudia Sheinbaum, haya insistido en el brulote y como consecuencia no haya invitado a Felipe VI a su asunci\u00f3n al mando y s\u00ed al presidente del gobierno, el muy cuestionado socialista Pedro S\u00e1nchez, que no asistir\u00e1.<\/p>\n<p>No han faltado voces ilustradas en Espa\u00f1a que han criticado la actitud de la se\u00f1ora Sheinbaum, observando hasta la redacci\u00f3n incorrecta de un Comunicado que emiti\u00f3. Pero, adem\u00e1s, expresando que, por entonces, en el Siglo XVI, no exist\u00eda Espa\u00f1a como Estado, que la pen\u00ednsula estaba conformada por reinos, de lo que ser\u00eda el imperio espa\u00f1ol del que gran parte de la Am\u00e9rica formar\u00eda parte. Y que, si los conquistadores enviaron oro y plata a los emperadores y reyes y explotaron el trabajo de los abor\u00edgenes, tambi\u00e9n crearon ciudades, universidades, iglesias, caminos, y dejaron un idioma y una fe que es la que practican todos los mexicanos.<\/p>\n<p>Quiero mucho a M\u00e9xico y tengo razones para sentirlo, como tambi\u00e9n los mexicanos son queridos y hasta idolatrados por mis compatriotas. Sin embargo, no quisi\u00e9ramos que esa actitud contagie en Bolivia, donde se imita todo lo malo. Por eso mismo preocupa que suceda algo tan obtuso con Espa\u00f1a, porque el rey Felipe es el jefe del Estado Espa\u00f1ol y jam\u00e1s los antecesores de L\u00f3pez Obrador o de la se\u00f1ora Sheinbaum, cometieron descortes\u00eda igual. M\u00e9xico estuvo sin relaciones con Espa\u00f1a durante todo el r\u00e9gimen de Franco por razones pol\u00edticas, no hist\u00f3ricas; aunque, tambi\u00e9n por inter\u00e9s pol\u00edtico interno, por aparecer como solidarios con la izquierda, jam\u00e1s rompi\u00f3 relaciones con Fidel Castro, que fue tan duro como el General\u00edsimo y se aferr\u00f3 m\u00e1s tiempo a\u00fan en el poder.<\/p>\n<p>El populismo causa estragos por donde atraviesa, liquida la econom\u00eda y el alma de las naciones. Intencionalmente trastoca la historia, la revuelve a su gusto, a lo que cree que complace a las multitudes, como es la antipat\u00eda por la riqueza, los empresarios, la oligarqu\u00eda, y naturalmente por las monarqu\u00edas, como la m\u00e1xima expresi\u00f3n de abuso e injusticia. Es as\u00ed que en muchas rep\u00fablicas hispanoamericanas ya no se festeja el 12 de octubre, anta\u00f1o D\u00eda de la Raza o D\u00eda de la Hispanidad, y no faltan actos de protesta contra Col\u00f3n y los Reyes Cat\u00f3licos. Es parte de la leyenda negra que, desde hace siglos, se abate inmisericorde sobre Espa\u00f1a.<\/p>\n<p>En Bolivia se han producido ultrajes contra las estatuas de Col\u00f3n y de la reina Isabel de Castilla. Los libros escolares cuentan historias falsas contra la Conquista y la Colonia que reciben los escolares y que provienen de autoridades populistas, aunque son parte del mestizaje imperante. Hemos visto actos similares nada menos que en Argentina con el retiro del monumento a Col\u00f3n que estaba detr\u00e1s de la Casa Rosada, en pleno populismo kirchnerista. Y en otros lugares del vecindario sucede lo mismo.<\/p>\n<p>Mal el agravio mexicano contra el rey Felipe y p\u00e9sima se\u00f1al hacia el exterior del inicio presidencial de la se\u00f1ora Sheinbaum, que, por su apellido, no parece descender de las v\u00edctimas que le atribuyen a Hern\u00e1n Cort\u00e9s.<\/p>\n","protected":false},"excerpt":{"rendered":"<p>M\u00e9xico ha sido muy independiente en cuando ata\u00f1e a su pol\u00edtica exterior, con un fondo tendiente a la izquierda, aunque internamente sus eternas c\u00fapulas gobernantes \u2013el PRI sobre todo\u2013 fueron de un poder patriarcal, enriquecido por el Estado, que jam\u00e1s hicieron lo suficiente para sacar de la pobreza a su pueblo. Sin embargo, los criollos [&hellip;]<\/p>\n","protected":false},"author":1,"featured_media":157472,"comment_status":"open","ping_status":"open","sticky":false,"template":"","format":"standard","meta":{"_acf_changed":false,"footnotes":""},"categories":[9],"tags":[],"class_list":["post-251675","post","type-post","status-publish","format-standard","has-post-thumbnail","category-opinion"],"acf":{"antetitulo":""},"yoast_head":"<!-- This site is optimized with the Yoast SEO plugin v28.4 - https:\/\/yoast.com\/product\/yoast-seo-wordpress\/ -->\n<title>\u00bfDisculpas? \u00bfPor qu\u00e9? - El Diario - Bolivia<\/title>\n<meta name=\"robots\" content=\"index, follow, max-snippet:-1, max-image-preview:large, max-video-preview:-1\" \/>\n<link rel=\"canonical\" href=\"https:\/\/www.eldiario.net\/portal\/2024\/10\/03\/disculpas-por-que\/\" \/>\n<meta property=\"og:locale\" content=\"es_ES\" \/>\n<meta property=\"og:type\" content=\"article\" \/>\n<meta property=\"og:title\" content=\"\u00bfDisculpas? \u00bfPor qu\u00e9? - El Diario - Bolivia\" \/>\n<meta property=\"og:description\" content=\"M\u00e9xico ha sido muy independiente en cuando ata\u00f1e a su pol\u00edtica exterior, con un fondo tendiente a la izquierda, aunque internamente sus eternas c\u00fapulas gobernantes \u2013el PRI sobre todo\u2013 fueron de un poder patriarcal, enriquecido por el Estado, que jam\u00e1s hicieron lo suficiente para sacar de la pobreza a su pueblo. Sin embargo, los criollos [&hellip;]\" \/>\n<meta property=\"og:url\" content=\"https:\/\/www.eldiario.net\/portal\/2024\/10\/03\/disculpas-por-que\/\" \/>\n<meta property=\"og:site_name\" content=\"El Diario - Bolivia\" \/>\n<meta property=\"article:publisher\" content=\"https:\/\/www.facebook.com\/eldiario.bolivia\/\" \/>\n<meta property=\"article:published_time\" content=\"2024-10-03T09:54:23+00:00\" \/>\n<meta property=\"og:image\" content=\"https:\/\/www.eldiario.net\/portal\/wp-content\/uploads\/2023\/06\/Manfredo-Kempff-Suarez.jpg\" \/>\n\t<meta property=\"og:image:width\" content=\"1200\" \/>\n\t<meta property=\"og:image:height\" content=\"628\" \/>\n\t<meta property=\"og:image:type\" content=\"image\/jpeg\" \/>\n<meta name=\"author\" content=\"Jeanette\" \/>\n<meta name=\"twitter:card\" content=\"summary_large_image\" \/>\n<meta name=\"twitter:creator\" content=\"@eldiario_net\" \/>\n<meta name=\"twitter:site\" content=\"@eldiario_net\" \/>\n<meta name=\"twitter:label1\" content=\"Escrito por\" \/>\n\t<meta name=\"twitter:data1\" content=\"Jeanette\" \/>\n\t<meta name=\"twitter:label2\" content=\"Tiempo de lectura\" \/>\n\t<meta name=\"twitter:data2\" content=\"4 minutos\" \/>\n<script type=\"application\/ld+json\" class=\"yoast-schema-graph\">{\"@context\":\"https:\\\/\\\/schema.org\",\"@graph\":[{\"@type\":\"Article\",\"@id\":\"https:\\\/\\\/www.eldiario.net\\\/portal\\\/2024\\\/10\\\/03\\\/disculpas-por-que\\\/#article\",\"isPartOf\":{\"@id\":\"https:\\\/\\\/www.eldiario.net\\\/portal\\\/2024\\\/10\\\/03\\\/disculpas-por-que\\\/\"},\"author\":{\"name\":\"Jeanette\",\"@id\":\"https:\\\/\\\/www.eldiario.net\\\/portal\\\/#\\\/schema\\\/person\\\/2c57cf2b7a7ae032e449e4c9b1019eac\"},\"headline\":\"\u00bfDisculpas? \u00bfPor qu\u00e9?\",\"datePublished\":\"2024-10-03T09:54:23+00:00\",\"mainEntityOfPage\":{\"@id\":\"https:\\\/\\\/www.eldiario.net\\\/portal\\\/2024\\\/10\\\/03\\\/disculpas-por-que\\\/\"},\"wordCount\":795,\"commentCount\":0,\"publisher\":{\"@id\":\"https:\\\/\\\/www.eldiario.net\\\/portal\\\/#organization\"},\"image\":{\"@id\":\"https:\\\/\\\/www.eldiario.net\\\/portal\\\/2024\\\/10\\\/03\\\/disculpas-por-que\\\/#primaryimage\"},\"thumbnailUrl\":\"https:\\\/\\\/www.eldiario.net\\\/portal\\\/wp-content\\\/uploads\\\/2023\\\/06\\\/Manfredo-Kempff-Suarez.jpg\",\"articleSection\":[\"Opini\u00f3n\"],\"inLanguage\":\"es\",\"potentialAction\":[{\"@type\":\"CommentAction\",\"name\":\"Comment\",\"target\":[\"https:\\\/\\\/www.eldiario.net\\\/portal\\\/2024\\\/10\\\/03\\\/disculpas-por-que\\\/#respond\"]}]},{\"@type\":\"WebPage\",\"@id\":\"https:\\\/\\\/www.eldiario.net\\\/portal\\\/2024\\\/10\\\/03\\\/disculpas-por-que\\\/\",\"url\":\"https:\\\/\\\/www.eldiario.net\\\/portal\\\/2024\\\/10\\\/03\\\/disculpas-por-que\\\/\",\"name\":\"\u00bfDisculpas? \u00bfPor qu\u00e9? - El Diario - Bolivia\",\"isPartOf\":{\"@id\":\"https:\\\/\\\/www.eldiario.net\\\/portal\\\/#website\"},\"primaryImageOfPage\":{\"@id\":\"https:\\\/\\\/www.eldiario.net\\\/portal\\\/2024\\\/10\\\/03\\\/disculpas-por-que\\\/#primaryimage\"},\"image\":{\"@id\":\"https:\\\/\\\/www.eldiario.net\\\/portal\\\/2024\\\/10\\\/03\\\/disculpas-por-que\\\/#primaryimage\"},\"thumbnailUrl\":\"https:\\\/\\\/www.eldiario.net\\\/portal\\\/wp-content\\\/uploads\\\/2023\\\/06\\\/Manfredo-Kempff-Suarez.jpg\",\"datePublished\":\"2024-10-03T09:54:23+00:00\",\"breadcrumb\":{\"@id\":\"https:\\\/\\\/www.eldiario.net\\\/portal\\\/2024\\\/10\\\/03\\\/disculpas-por-que\\\/#breadcrumb\"},\"inLanguage\":\"es\",\"potentialAction\":[{\"@type\":\"ReadAction\",\"target\":[\"https:\\\/\\\/www.eldiario.net\\\/portal\\\/2024\\\/10\\\/03\\\/disculpas-por-que\\\/\"]}]},{\"@type\":\"ImageObject\",\"inLanguage\":\"es\",\"@id\":\"https:\\\/\\\/www.eldiario.net\\\/portal\\\/2024\\\/10\\\/03\\\/disculpas-por-que\\\/#primaryimage\",\"url\":\"https:\\\/\\\/www.eldiario.net\\\/portal\\\/wp-content\\\/uploads\\\/2023\\\/06\\\/Manfredo-Kempff-Suarez.jpg\",\"contentUrl\":\"https:\\\/\\\/www.eldiario.net\\\/portal\\\/wp-content\\\/uploads\\\/2023\\\/06\\\/Manfredo-Kempff-Suarez.jpg\",\"width\":1200,\"height\":628},{\"@type\":\"BreadcrumbList\",\"@id\":\"https:\\\/\\\/www.eldiario.net\\\/portal\\\/2024\\\/10\\\/03\\\/disculpas-por-que\\\/#breadcrumb\",\"itemListElement\":[{\"@type\":\"ListItem\",\"position\":1,\"name\":\"Portada\",\"item\":\"https:\\\/\\\/www.eldiario.net\\\/portal\\\/\"},{\"@type\":\"ListItem\",\"position\":2,\"name\":\"\u00bfDisculpas? \u00bfPor qu\u00e9?\"}]},{\"@type\":\"WebSite\",\"@id\":\"https:\\\/\\\/www.eldiario.net\\\/portal\\\/#website\",\"url\":\"https:\\\/\\\/www.eldiario.net\\\/portal\\\/\",\"name\":\"El Diario - Decano de la prensa nacional\",\"description\":\"El Diario - Decano de la prensa nacional\",\"publisher\":{\"@id\":\"https:\\\/\\\/www.eldiario.net\\\/portal\\\/#organization\"},\"potentialAction\":[{\"@type\":\"SearchAction\",\"target\":{\"@type\":\"EntryPoint\",\"urlTemplate\":\"https:\\\/\\\/www.eldiario.net\\\/portal\\\/?s={search_term_string}\"},\"query-input\":{\"@type\":\"PropertyValueSpecification\",\"valueRequired\":true,\"valueName\":\"search_term_string\"}}],\"inLanguage\":\"es\"},{\"@type\":\"Organization\",\"@id\":\"https:\\\/\\\/www.eldiario.net\\\/portal\\\/#organization\",\"name\":\"El Diario - Decano de la prensa nacional\",\"url\":\"https:\\\/\\\/www.eldiario.net\\\/portal\\\/\",\"logo\":{\"@type\":\"ImageObject\",\"inLanguage\":\"es\",\"@id\":\"https:\\\/\\\/www.eldiario.net\\\/portal\\\/#\\\/schema\\\/logo\\\/image\\\/\",\"url\":\"https:\\\/\\\/www.eldiario.net\\\/portal\\\/wp-content\\\/uploads\\\/2023\\\/07\\\/logo_ED.jpg\",\"contentUrl\":\"https:\\\/\\\/www.eldiario.net\\\/portal\\\/wp-content\\\/uploads\\\/2023\\\/07\\\/logo_ED.jpg\",\"width\":272,\"height\":52,\"caption\":\"El Diario - Decano de la prensa nacional\"},\"image\":{\"@id\":\"https:\\\/\\\/www.eldiario.net\\\/portal\\\/#\\\/schema\\\/logo\\\/image\\\/\"},\"sameAs\":[\"https:\\\/\\\/www.facebook.com\\\/eldiario.bolivia\\\/\",\"https:\\\/\\\/x.com\\\/eldiario_net\"]},{\"@type\":\"Person\",\"@id\":\"https:\\\/\\\/www.eldiario.net\\\/portal\\\/#\\\/schema\\\/person\\\/2c57cf2b7a7ae032e449e4c9b1019eac\",\"name\":\"Jeanette\",\"image\":{\"@type\":\"ImageObject\",\"inLanguage\":\"es\",\"@id\":\"https:\\\/\\\/secure.gravatar.com\\\/avatar\\\/3ea2118a5f7dad2b7138b1187a6b7ee55f160b9968b66013c3a3ef39dd7e5798?s=96&d=mm&r=g\",\"url\":\"https:\\\/\\\/secure.gravatar.com\\\/avatar\\\/3ea2118a5f7dad2b7138b1187a6b7ee55f160b9968b66013c3a3ef39dd7e5798?s=96&d=mm&r=g\",\"contentUrl\":\"https:\\\/\\\/secure.gravatar.com\\\/avatar\\\/3ea2118a5f7dad2b7138b1187a6b7ee55f160b9968b66013c3a3ef39dd7e5798?s=96&d=mm&r=g\",\"caption\":\"Jeanette\"},\"sameAs\":[\"https:\\\/\\\/www.eldiario.net\\\/portal\"],\"url\":\"https:\\\/\\\/www.eldiario.net\\\/portal\\\/author\\\/jeanette\\\/\"}]}<\/script>\n<!-- \/ Yoast SEO plugin. -->","yoast_head_json":{"title":"\u00bfDisculpas? \u00bfPor qu\u00e9? - El Diario - Bolivia","robots":{"index":"index","follow":"follow","max-snippet":"max-snippet:-1","max-image-preview":"max-image-preview:large","max-video-preview":"max-video-preview:-1"},"canonical":"https:\/\/www.eldiario.net\/portal\/2024\/10\/03\/disculpas-por-que\/","og_locale":"es_ES","og_type":"article","og_title":"\u00bfDisculpas? \u00bfPor qu\u00e9? - El Diario - Bolivia","og_description":"M\u00e9xico ha sido muy independiente en cuando ata\u00f1e a su pol\u00edtica exterior, con un fondo tendiente a la izquierda, aunque internamente sus eternas c\u00fapulas gobernantes \u2013el PRI sobre todo\u2013 fueron de un poder patriarcal, enriquecido por el Estado, que jam\u00e1s hicieron lo suficiente para sacar de la pobreza a su pueblo. Sin embargo, los criollos [&hellip;]","og_url":"https:\/\/www.eldiario.net\/portal\/2024\/10\/03\/disculpas-por-que\/","og_site_name":"El Diario - Bolivia","article_publisher":"https:\/\/www.facebook.com\/eldiario.bolivia\/","article_published_time":"2024-10-03T09:54:23+00:00","og_image":[{"width":1200,"height":628,"url":"https:\/\/www.eldiario.net\/portal\/wp-content\/uploads\/2023\/06\/Manfredo-Kempff-Suarez.jpg","type":"image\/jpeg"}],"author":"Jeanette","twitter_card":"summary_large_image","twitter_creator":"@eldiario_net","twitter_site":"@eldiario_net","twitter_misc":{"Escrito por":"Jeanette","Tiempo de lectura":"4 minutos"},"schema":{"@context":"https:\/\/schema.org","@graph":[{"@type":"Article","@id":"https:\/\/www.eldiario.net\/portal\/2024\/10\/03\/disculpas-por-que\/#article","isPartOf":{"@id":"https:\/\/www.eldiario.net\/portal\/2024\/10\/03\/disculpas-por-que\/"},"author":{"name":"Jeanette","@id":"https:\/\/www.eldiario.net\/portal\/#\/schema\/person\/2c57cf2b7a7ae032e449e4c9b1019eac"},"headline":"\u00bfDisculpas? \u00bfPor qu\u00e9?","datePublished":"2024-10-03T09:54:23+00:00","mainEntityOfPage":{"@id":"https:\/\/www.eldiario.net\/portal\/2024\/10\/03\/disculpas-por-que\/"},"wordCount":795,"commentCount":0,"publisher":{"@id":"https:\/\/www.eldiario.net\/portal\/#organization"},"image":{"@id":"https:\/\/www.eldiario.net\/portal\/2024\/10\/03\/disculpas-por-que\/#primaryimage"},"thumbnailUrl":"https:\/\/www.eldiario.net\/portal\/wp-content\/uploads\/2023\/06\/Manfredo-Kempff-Suarez.jpg","articleSection":["Opini\u00f3n"],"inLanguage":"es","potentialAction":[{"@type":"CommentAction","name":"Comment","target":["https:\/\/www.eldiario.net\/portal\/2024\/10\/03\/disculpas-por-que\/#respond"]}]},{"@type":"WebPage","@id":"https:\/\/www.eldiario.net\/portal\/2024\/10\/03\/disculpas-por-que\/","url":"https:\/\/www.eldiario.net\/portal\/2024\/10\/03\/disculpas-por-que\/","name":"\u00bfDisculpas? \u00bfPor qu\u00e9? - El Diario - Bolivia","isPartOf":{"@id":"https:\/\/www.eldiario.net\/portal\/#website"},"primaryImageOfPage":{"@id":"https:\/\/www.eldiario.net\/portal\/2024\/10\/03\/disculpas-por-que\/#primaryimage"},"image":{"@id":"https:\/\/www.eldiario.net\/portal\/2024\/10\/03\/disculpas-por-que\/#primaryimage"},"thumbnailUrl":"https:\/\/www.eldiario.net\/portal\/wp-content\/uploads\/2023\/06\/Manfredo-Kempff-Suarez.jpg","datePublished":"2024-10-03T09:54:23+00:00","breadcrumb":{"@id":"https:\/\/www.eldiario.net\/portal\/2024\/10\/03\/disculpas-por-que\/#breadcrumb"},"inLanguage":"es","potentialAction":[{"@type":"ReadAction","target":["https:\/\/www.eldiario.net\/portal\/2024\/10\/03\/disculpas-por-que\/"]}]},{"@type":"ImageObject","inLanguage":"es","@id":"https:\/\/www.eldiario.net\/portal\/2024\/10\/03\/disculpas-por-que\/#primaryimage","url":"https:\/\/www.eldiario.net\/portal\/wp-content\/uploads\/2023\/06\/Manfredo-Kempff-Suarez.jpg","contentUrl":"https:\/\/www.eldiario.net\/portal\/wp-content\/uploads\/2023\/06\/Manfredo-Kempff-Suarez.jpg","width":1200,"height":628},{"@type":"BreadcrumbList","@id":"https:\/\/www.eldiario.net\/portal\/2024\/10\/03\/disculpas-por-que\/#breadcrumb","itemListElement":[{"@type":"ListItem","position":1,"name":"Portada","item":"https:\/\/www.eldiario.net\/portal\/"},{"@type":"ListItem","position":2,"name":"\u00bfDisculpas? \u00bfPor qu\u00e9?"}]},{"@type":"WebSite","@id":"https:\/\/www.eldiario.net\/portal\/#website","url":"https:\/\/www.eldiario.net\/portal\/","name":"El Diario - Decano de la prensa nacional","description":"El Diario - Decano de la prensa nacional","publisher":{"@id":"https:\/\/www.eldiario.net\/portal\/#organization"},"potentialAction":[{"@type":"SearchAction","target":{"@type":"EntryPoint","urlTemplate":"https:\/\/www.eldiario.net\/portal\/?s={search_term_string}"},"query-input":{"@type":"PropertyValueSpecification","valueRequired":true,"valueName":"search_term_string"}}],"inLanguage":"es"},{"@type":"Organization","@id":"https:\/\/www.eldiario.net\/portal\/#organization","name":"El Diario - Decano de la prensa nacional","url":"https:\/\/www.eldiario.net\/portal\/","logo":{"@type":"ImageObject","inLanguage":"es","@id":"https:\/\/www.eldiario.net\/portal\/#\/schema\/logo\/image\/","url":"https:\/\/www.eldiario.net\/portal\/wp-content\/uploads\/2023\/07\/logo_ED.jpg","contentUrl":"https:\/\/www.eldiario.net\/portal\/wp-content\/uploads\/2023\/07\/logo_ED.jpg","width":272,"height":52,"caption":"El Diario - Decano de la prensa nacional"},"image":{"@id":"https:\/\/www.eldiario.net\/portal\/#\/schema\/logo\/image\/"},"sameAs":["https:\/\/www.facebook.com\/eldiario.bolivia\/","https:\/\/x.com\/eldiario_net"]},{"@type":"Person","@id":"https:\/\/www.eldiario.net\/portal\/#\/schema\/person\/2c57cf2b7a7ae032e449e4c9b1019eac","name":"Jeanette","image":{"@type":"ImageObject","inLanguage":"es","@id":"https:\/\/secure.gravatar.com\/avatar\/3ea2118a5f7dad2b7138b1187a6b7ee55f160b9968b66013c3a3ef39dd7e5798?s=96&d=mm&r=g","url":"https:\/\/secure.gravatar.com\/avatar\/3ea2118a5f7dad2b7138b1187a6b7ee55f160b9968b66013c3a3ef39dd7e5798?s=96&d=mm&r=g","contentUrl":"https:\/\/secure.gravatar.com\/avatar\/3ea2118a5f7dad2b7138b1187a6b7ee55f160b9968b66013c3a3ef39dd7e5798?s=96&d=mm&r=g","caption":"Jeanette"},"sameAs":["https:\/\/www.eldiario.net\/portal"],"url":"https:\/\/www.eldiario.net\/portal\/author\/jeanette\/"}]}},"_links":{"self":[{"href":"https:\/\/www.eldiario.net\/portal\/wp-json\/wp\/v2\/posts\/251675","targetHints":{"allow":["GET"]}}],"collection":[{"href":"https:\/\/www.eldiario.net\/portal\/wp-json\/wp\/v2\/posts"}],"about":[{"href":"https:\/\/www.eldiario.net\/portal\/wp-json\/wp\/v2\/types\/post"}],"author":[{"embeddable":true,"href":"https:\/\/www.eldiario.net\/portal\/wp-json\/wp\/v2\/users\/1"}],"replies":[{"embeddable":true,"href":"https:\/\/www.eldiario.net\/portal\/wp-json\/wp\/v2\/comments?post=251675"}],"version-history":[{"count":1,"href":"https:\/\/www.eldiario.net\/portal\/wp-json\/wp\/v2\/posts\/251675\/revisions"}],"predecessor-version":[{"id":251676,"href":"https:\/\/www.eldiario.net\/portal\/wp-json\/wp\/v2\/posts\/251675\/revisions\/251676"}],"wp:featuredmedia":[{"embeddable":true,"href":"https:\/\/www.eldiario.net\/portal\/wp-json\/wp\/v2\/media\/157472"}],"wp:attachment":[{"href":"https:\/\/www.eldiario.net\/portal\/wp-json\/wp\/v2\/media?parent=251675"}],"wp:term":[{"taxonomy":"category","embeddable":true,"href":"https:\/\/www.eldiario.net\/portal\/wp-json\/wp\/v2\/categories?post=251675"},{"taxonomy":"post_tag","embeddable":true,"href":"https:\/\/www.eldiario.net\/portal\/wp-json\/wp\/v2\/tags?post=251675"}],"curies":[{"name":"wp","href":"https:\/\/api.w.org\/{rel}","templated":true}]}}