{"id":251673,"date":"2024-10-03T05:53:45","date_gmt":"2024-10-03T09:53:45","guid":{"rendered":"https:\/\/www.eldiario.net\/portal\/?p=251673"},"modified":"2024-10-03T05:53:45","modified_gmt":"2024-10-03T09:53:45","slug":"contradicciones-politicas-y-economicas","status":"publish","type":"post","link":"https:\/\/www.eldiario.net\/portal\/2024\/10\/03\/contradicciones-politicas-y-economicas\/","title":{"rendered":"Contradicciones pol\u00edticas y econ\u00f3micas"},"content":{"rendered":"<p>La Uni\u00f3n de Rep\u00fablicas Socialistas Sovi\u00e9ticas (URSS), bloque oriental y comunista, sostuvo la Guerra Fr\u00eda con los Estados Unidos, bloque occidental y capitalista, desde 1945, despu\u00e9s de la Segunda Guerra Mundial, en los campos econ\u00f3mico, social, ideol\u00f3gico, militar y propagand\u00edstico. Estados Unidos tem\u00eda la expansi\u00f3n del comunismo en Europa y en 1949 cre\u00f3 la alianza militar llamada Organizaci\u00f3n del Tratado del Atl\u00e1ntico Norte (OTAN) para contrarrestar la influencia sovi\u00e9tica y garantizar la seguridad de los pa\u00edses miembros. En respuesta, la URSS cre\u00f3 el Pacto de Varsovia en 1953.\u00a0 A lo largo de la Guerra Fr\u00eda, se produjeron varias crisis que aumentaron las tensiones entre ambos bloques. Despu\u00e9s de la crisis de los misiles cubanos en 1962, comenz\u00f3 una nueva fase que vio c\u00f3mo la ruptura entre la Rep\u00fablica Popular China y la URSS complicaba las relaciones dentro de la esfera comunista.<\/p>\n<p>La d\u00e9cada 1980 fue otro per\u00edodo de tensi\u00f3n elevada. Estados Unidos aument\u00f3 las presiones diplom\u00e1ticas, militares y econ\u00f3micas contra la Uni\u00f3n Sovi\u00e9tica, en un momento en que \u00e9sta ya sufr\u00eda un estancamiento econ\u00f3mico. A mediados de la d\u00e9cada de 1980, el nuevo l\u00edder sovi\u00e9tico Mija\u00edl Gorbachov introdujo las reformas conocidas como Gl\u00e1snost (1985) y Perestroika (1987) y puso fin a la participaci\u00f3n sovi\u00e9tica en Afganist\u00e1n. Las presiones por la soberan\u00eda nacional se fortalecieron en Europa del Este, y Gorbachov se neg\u00f3 a apoyar militarmente a sus gobiernos por m\u00e1s tiempo. El resultado en el 1989 fue una ola de revoluciones que (con excepci\u00f3n de Ruman\u00eda) derroc\u00f3 pac\u00edficamente los gobiernos comunistas de Europa Central y Oriental. El propio Partido Comunista de la Uni\u00f3n Sovi\u00e9tica (PCUS) perdi\u00f3 el control del territorio y fue prohibido luego de un intento fallido de golpe de Estado en agosto de 1991 contra el gobierno anticomunista de Boris Yeltsin. Esto condujo a la disoluci\u00f3n formal de la URSS el 8 de diciembre de 1991, con la declaraci\u00f3n de independencia de sus rep\u00fablicas constituyentes y el colapso de los gobiernos comunistas en gran parte de \u00c1frica y Asia.<\/p>\n<p>El colapso de la URSS fue debido al aspecto econ\u00f3mico, pues deb\u00eda competir con EE UU en los aspectos militar, armamentista, nuclear y espacial, que significaban cuantiosos recursos econ\u00f3micos que no pudieron generar. Despu\u00e9s de grandes crisis econ\u00f3micas, con la ayuda del gas natural, el petr\u00f3leo y otros recursos valiosos, el gobierno ruso, bajo la presidencia de Vladimir Putin, trabaj\u00f3 duro para que las grandes empresas privadas pagaran impuestos. Algunas de esas empresas se convirtieron en grandes empresas estatales en el proceso, pero los resultados finales fueron buenos. El capitalismo contempor\u00e1neo de los pa\u00edses de la Comunidad de Estados Independientes (CEI) tiene dos fuentes: la descomposici\u00f3n de la burocracia sovi\u00e9tica y la influencia del capitalismo global. Casi un cuarto de siglo despu\u00e9s de la ca\u00edda de la Uni\u00f3n Sovi\u00e9tica, resulta claro que en los territorios del espacio postsovi\u00e9tico se consolid\u00f3 un capitalismo perif\u00e9rico, con una econom\u00eda sustentada en amplios niveles de criminalidad empresarial, control informal de los activos, primarizaci\u00f3n y fuga de capitales.<\/p>\n<p>El cambio en China comenz\u00f3 en 1978, cuando entonces era muy diferente a la naci\u00f3n que hoy puede situarse al nivel de Estados Unidos o la Uni\u00f3n Europea. Era un pa\u00eds empobrecido, con un Producto Interno Bruto (PIB) de US$150.000 millones para sus m\u00e1s de 800 millones de ciudadanos, muy por debajo de los US$ 17.795 billones en 2023. El hist\u00f3rico fundador de la Rep\u00fablica Popular China, Mao Zedong hab\u00eda fallecido en 1976, dejando un controvertido legado. Entre sus grandes proyectos, se encuentran el Gran Salto Adelante (1958-1962), que buscaba transformar la econom\u00eda agraria del pa\u00eds, que provoc\u00f3 una hambruna por la que murieron al menos 10 millones de personas (hasta 45 millones, seg\u00fan fuentes independientes); o la Revoluci\u00f3n Cultural (1966-1976), la campa\u00f1a de Mao contra los partidarios del \u00abcapitalismo\u00bb, que dej\u00f3 entre centenares de miles y varios millones de fallecidos, seg\u00fan la fuente, y paraliz\u00f3 la econom\u00eda.<\/p>\n<p>Fue en esa situaci\u00f3n de pobreza y hambre cuando Deng Xiaoping, entonces el secretario general del gobernante Partido Comunista de China (PCCh), propuso un cambio. Deng apost\u00f3 por las llamadas \u00abcuatro modernizaciones\u00bb y por evolucionar hacia una econom\u00eda en la que el mercado tuviera un protagonismo creciente. Su programa fue ratificado el 18 de diciembre de 1978 por parte del Comit\u00e9 Central del PCCh y en \u00e9l se situ\u00f3 la modernizaci\u00f3n econ\u00f3mica como principal prioridad. En los a\u00f1os posteriores, se fueron poniendo en pr\u00e1ctica cambios que entonces se consideraron ambiciosos y que salieron adelante pese a la oposici\u00f3n del ala m\u00e1s conservadora del partido.<\/p>\n<p>En el sector agr\u00edcola, se abandon\u00f3 progresivamente el sistema mao\u00edsta de econom\u00eda rural planificada, lo que permiti\u00f3 incrementar la productividad y sacar a zonas del pa\u00eds de la pobreza, fomentando la migraci\u00f3n de mano de obra hacia las ciudades. Tambi\u00e9n se aflojaron \u00ablas cadenas\u00bb del sector privado y, por primera vez desde la creaci\u00f3n de la Rep\u00fablica Popular en 1949, el pa\u00eds se abri\u00f3 a la inversi\u00f3n extranjera. Se crearon zonas econ\u00f3micas especiales, como la de la ciudad de Shenzhen, que sufri\u00f3 una incre\u00edble transformaci\u00f3n y hoy se la suele describir como el \u00abSilicon Valley chino\u00bb. Esa apertura al exterior contribuy\u00f3 a aumentar la capacidad productiva de China y nuevos m\u00e9todos de gesti\u00f3n.<\/p>\n<p>Sus cambios llevaron a que, tras un largo proceso, China consiguiera entrar a la Organizaci\u00f3n Mundial del Comercio en 2001, lo que le abri\u00f3 definitivamente las puertas a la globalizaci\u00f3n, que tanto ayud\u00f3 a su auge econ\u00f3mico. Y es que, en 2008, cuando la crisis financiera mundial estall\u00f3 y Occidente emprendi\u00f3 la b\u00fasqueda de nuevos mercados, China destac\u00f3 entre todos ellos, lo que le llev\u00f3 a convertirse en la \u00abf\u00e1brica del mundo\u00bb.<\/p>\n<p>Resulta claro que, tras el fracaso socialista y comunista en Rusia y China, sus econom\u00edas, especialmente la china, tuvieron notable \u00e9xito por el capitalismo. Lo contradictorio es que estos dos pa\u00edses dan un fuerte apoyo pol\u00edtico (no econ\u00f3mico) a pa\u00edses como Cuba, Venezuela, Nicaragua y Bolivia con econom\u00edas estatistas en profundas crisis (como eran las suyas). \u00bfSer\u00e1 para dar cabida a muchas empresas chinas y algunas rusas como es el caso de Bolivia? Hasta ahora no se ha escuchado hablar de imperialismo chino o ruso, como se lo hac\u00eda y se lo hace con el tan mentado \u201cimperialismo yanqui\u201d.<\/p>\n","protected":false},"excerpt":{"rendered":"<p>La Uni\u00f3n de Rep\u00fablicas Socialistas Sovi\u00e9ticas (URSS), bloque oriental y comunista, sostuvo la Guerra Fr\u00eda con los Estados Unidos, bloque occidental y capitalista, desde 1945, despu\u00e9s de la Segunda Guerra Mundial, en los campos econ\u00f3mico, social, ideol\u00f3gico, militar y propagand\u00edstico. Estados Unidos tem\u00eda la expansi\u00f3n del comunismo en Europa y en 1949 cre\u00f3 la alianza [&hellip;]<\/p>\n","protected":false},"author":1,"featured_media":159857,"comment_status":"open","ping_status":"open","sticky":false,"template":"","format":"standard","meta":{"_acf_changed":false,"footnotes":""},"categories":[9],"tags":[],"class_list":["post-251673","post","type-post","status-publish","format-standard","has-post-thumbnail","category-opinion"],"acf":{"antetitulo":""},"yoast_head":"<!-- This site is optimized with the Yoast SEO plugin v28.4 - https:\/\/yoast.com\/product\/yoast-seo-wordpress\/ -->\n<title>Contradicciones pol\u00edticas y econ\u00f3micas - El Diario - Bolivia<\/title>\n<meta name=\"robots\" content=\"index, follow, max-snippet:-1, max-image-preview:large, max-video-preview:-1\" \/>\n<link rel=\"canonical\" href=\"https:\/\/www.eldiario.net\/portal\/2024\/10\/03\/contradicciones-politicas-y-economicas\/\" \/>\n<meta property=\"og:locale\" content=\"es_ES\" \/>\n<meta property=\"og:type\" content=\"article\" \/>\n<meta property=\"og:title\" content=\"Contradicciones pol\u00edticas y econ\u00f3micas - El Diario - Bolivia\" \/>\n<meta property=\"og:description\" content=\"La Uni\u00f3n de Rep\u00fablicas Socialistas Sovi\u00e9ticas (URSS), bloque oriental y comunista, sostuvo la Guerra Fr\u00eda con los Estados Unidos, bloque occidental y capitalista, desde 1945, despu\u00e9s de la Segunda Guerra Mundial, en los campos econ\u00f3mico, social, ideol\u00f3gico, militar y propagand\u00edstico. Estados Unidos tem\u00eda la expansi\u00f3n del comunismo en Europa y en 1949 cre\u00f3 la alianza [&hellip;]\" \/>\n<meta property=\"og:url\" content=\"https:\/\/www.eldiario.net\/portal\/2024\/10\/03\/contradicciones-politicas-y-economicas\/\" \/>\n<meta property=\"og:site_name\" content=\"El Diario - Bolivia\" \/>\n<meta property=\"article:publisher\" content=\"https:\/\/www.facebook.com\/eldiario.bolivia\/\" \/>\n<meta property=\"article:published_time\" content=\"2024-10-03T09:53:45+00:00\" \/>\n<meta property=\"og:image\" content=\"https:\/\/www.eldiario.net\/portal\/wp-content\/uploads\/2023\/06\/Jorge-Espinoza-Morales.jpg\" \/>\n\t<meta property=\"og:image:width\" content=\"1200\" \/>\n\t<meta property=\"og:image:height\" content=\"628\" \/>\n\t<meta property=\"og:image:type\" content=\"image\/jpeg\" \/>\n<meta name=\"author\" content=\"Jeanette\" \/>\n<meta name=\"twitter:card\" content=\"summary_large_image\" \/>\n<meta name=\"twitter:creator\" content=\"@eldiario_net\" \/>\n<meta name=\"twitter:site\" content=\"@eldiario_net\" \/>\n<meta name=\"twitter:label1\" content=\"Escrito por\" \/>\n\t<meta name=\"twitter:data1\" content=\"Jeanette\" \/>\n\t<meta name=\"twitter:label2\" content=\"Tiempo de lectura\" \/>\n\t<meta name=\"twitter:data2\" content=\"5 minutos\" \/>\n<script type=\"application\/ld+json\" class=\"yoast-schema-graph\">{\"@context\":\"https:\\\/\\\/schema.org\",\"@graph\":[{\"@type\":\"Article\",\"@id\":\"https:\\\/\\\/www.eldiario.net\\\/portal\\\/2024\\\/10\\\/03\\\/contradicciones-politicas-y-economicas\\\/#article\",\"isPartOf\":{\"@id\":\"https:\\\/\\\/www.eldiario.net\\\/portal\\\/2024\\\/10\\\/03\\\/contradicciones-politicas-y-economicas\\\/\"},\"author\":{\"name\":\"Jeanette\",\"@id\":\"https:\\\/\\\/www.eldiario.net\\\/portal\\\/#\\\/schema\\\/person\\\/2c57cf2b7a7ae032e449e4c9b1019eac\"},\"headline\":\"Contradicciones pol\u00edticas y econ\u00f3micas\",\"datePublished\":\"2024-10-03T09:53:45+00:00\",\"mainEntityOfPage\":{\"@id\":\"https:\\\/\\\/www.eldiario.net\\\/portal\\\/2024\\\/10\\\/03\\\/contradicciones-politicas-y-economicas\\\/\"},\"wordCount\":1124,\"commentCount\":0,\"publisher\":{\"@id\":\"https:\\\/\\\/www.eldiario.net\\\/portal\\\/#organization\"},\"image\":{\"@id\":\"https:\\\/\\\/www.eldiario.net\\\/portal\\\/2024\\\/10\\\/03\\\/contradicciones-politicas-y-economicas\\\/#primaryimage\"},\"thumbnailUrl\":\"https:\\\/\\\/www.eldiario.net\\\/portal\\\/wp-content\\\/uploads\\\/2023\\\/06\\\/Jorge-Espinoza-Morales.jpg\",\"articleSection\":[\"Opini\u00f3n\"],\"inLanguage\":\"es\",\"potentialAction\":[{\"@type\":\"CommentAction\",\"name\":\"Comment\",\"target\":[\"https:\\\/\\\/www.eldiario.net\\\/portal\\\/2024\\\/10\\\/03\\\/contradicciones-politicas-y-economicas\\\/#respond\"]}]},{\"@type\":\"WebPage\",\"@id\":\"https:\\\/\\\/www.eldiario.net\\\/portal\\\/2024\\\/10\\\/03\\\/contradicciones-politicas-y-economicas\\\/\",\"url\":\"https:\\\/\\\/www.eldiario.net\\\/portal\\\/2024\\\/10\\\/03\\\/contradicciones-politicas-y-economicas\\\/\",\"name\":\"Contradicciones pol\u00edticas y econ\u00f3micas - El Diario - Bolivia\",\"isPartOf\":{\"@id\":\"https:\\\/\\\/www.eldiario.net\\\/portal\\\/#website\"},\"primaryImageOfPage\":{\"@id\":\"https:\\\/\\\/www.eldiario.net\\\/portal\\\/2024\\\/10\\\/03\\\/contradicciones-politicas-y-economicas\\\/#primaryimage\"},\"image\":{\"@id\":\"https:\\\/\\\/www.eldiario.net\\\/portal\\\/2024\\\/10\\\/03\\\/contradicciones-politicas-y-economicas\\\/#primaryimage\"},\"thumbnailUrl\":\"https:\\\/\\\/www.eldiario.net\\\/portal\\\/wp-content\\\/uploads\\\/2023\\\/06\\\/Jorge-Espinoza-Morales.jpg\",\"datePublished\":\"2024-10-03T09:53:45+00:00\",\"breadcrumb\":{\"@id\":\"https:\\\/\\\/www.eldiario.net\\\/portal\\\/2024\\\/10\\\/03\\\/contradicciones-politicas-y-economicas\\\/#breadcrumb\"},\"inLanguage\":\"es\",\"potentialAction\":[{\"@type\":\"ReadAction\",\"target\":[\"https:\\\/\\\/www.eldiario.net\\\/portal\\\/2024\\\/10\\\/03\\\/contradicciones-politicas-y-economicas\\\/\"]}]},{\"@type\":\"ImageObject\",\"inLanguage\":\"es\",\"@id\":\"https:\\\/\\\/www.eldiario.net\\\/portal\\\/2024\\\/10\\\/03\\\/contradicciones-politicas-y-economicas\\\/#primaryimage\",\"url\":\"https:\\\/\\\/www.eldiario.net\\\/portal\\\/wp-content\\\/uploads\\\/2023\\\/06\\\/Jorge-Espinoza-Morales.jpg\",\"contentUrl\":\"https:\\\/\\\/www.eldiario.net\\\/portal\\\/wp-content\\\/uploads\\\/2023\\\/06\\\/Jorge-Espinoza-Morales.jpg\",\"width\":1200,\"height\":628,\"caption\":\"Jorge Espinoza Morales\"},{\"@type\":\"BreadcrumbList\",\"@id\":\"https:\\\/\\\/www.eldiario.net\\\/portal\\\/2024\\\/10\\\/03\\\/contradicciones-politicas-y-economicas\\\/#breadcrumb\",\"itemListElement\":[{\"@type\":\"ListItem\",\"position\":1,\"name\":\"Portada\",\"item\":\"https:\\\/\\\/www.eldiario.net\\\/portal\\\/\"},{\"@type\":\"ListItem\",\"position\":2,\"name\":\"Contradicciones pol\u00edticas y econ\u00f3micas\"}]},{\"@type\":\"WebSite\",\"@id\":\"https:\\\/\\\/www.eldiario.net\\\/portal\\\/#website\",\"url\":\"https:\\\/\\\/www.eldiario.net\\\/portal\\\/\",\"name\":\"El Diario - Decano de la prensa nacional\",\"description\":\"El Diario - Decano de la prensa nacional\",\"publisher\":{\"@id\":\"https:\\\/\\\/www.eldiario.net\\\/portal\\\/#organization\"},\"potentialAction\":[{\"@type\":\"SearchAction\",\"target\":{\"@type\":\"EntryPoint\",\"urlTemplate\":\"https:\\\/\\\/www.eldiario.net\\\/portal\\\/?s={search_term_string}\"},\"query-input\":{\"@type\":\"PropertyValueSpecification\",\"valueRequired\":true,\"valueName\":\"search_term_string\"}}],\"inLanguage\":\"es\"},{\"@type\":\"Organization\",\"@id\":\"https:\\\/\\\/www.eldiario.net\\\/portal\\\/#organization\",\"name\":\"El Diario - Decano de la prensa nacional\",\"url\":\"https:\\\/\\\/www.eldiario.net\\\/portal\\\/\",\"logo\":{\"@type\":\"ImageObject\",\"inLanguage\":\"es\",\"@id\":\"https:\\\/\\\/www.eldiario.net\\\/portal\\\/#\\\/schema\\\/logo\\\/image\\\/\",\"url\":\"https:\\\/\\\/www.eldiario.net\\\/portal\\\/wp-content\\\/uploads\\\/2023\\\/07\\\/logo_ED.jpg\",\"contentUrl\":\"https:\\\/\\\/www.eldiario.net\\\/portal\\\/wp-content\\\/uploads\\\/2023\\\/07\\\/logo_ED.jpg\",\"width\":272,\"height\":52,\"caption\":\"El Diario - Decano de la prensa nacional\"},\"image\":{\"@id\":\"https:\\\/\\\/www.eldiario.net\\\/portal\\\/#\\\/schema\\\/logo\\\/image\\\/\"},\"sameAs\":[\"https:\\\/\\\/www.facebook.com\\\/eldiario.bolivia\\\/\",\"https:\\\/\\\/x.com\\\/eldiario_net\"]},{\"@type\":\"Person\",\"@id\":\"https:\\\/\\\/www.eldiario.net\\\/portal\\\/#\\\/schema\\\/person\\\/2c57cf2b7a7ae032e449e4c9b1019eac\",\"name\":\"Jeanette\",\"image\":{\"@type\":\"ImageObject\",\"inLanguage\":\"es\",\"@id\":\"https:\\\/\\\/secure.gravatar.com\\\/avatar\\\/3ea2118a5f7dad2b7138b1187a6b7ee55f160b9968b66013c3a3ef39dd7e5798?s=96&d=mm&r=g\",\"url\":\"https:\\\/\\\/secure.gravatar.com\\\/avatar\\\/3ea2118a5f7dad2b7138b1187a6b7ee55f160b9968b66013c3a3ef39dd7e5798?s=96&d=mm&r=g\",\"contentUrl\":\"https:\\\/\\\/secure.gravatar.com\\\/avatar\\\/3ea2118a5f7dad2b7138b1187a6b7ee55f160b9968b66013c3a3ef39dd7e5798?s=96&d=mm&r=g\",\"caption\":\"Jeanette\"},\"sameAs\":[\"https:\\\/\\\/www.eldiario.net\\\/portal\"],\"url\":\"https:\\\/\\\/www.eldiario.net\\\/portal\\\/author\\\/jeanette\\\/\"}]}<\/script>\n<!-- \/ Yoast SEO plugin. -->","yoast_head_json":{"title":"Contradicciones pol\u00edticas y econ\u00f3micas - El Diario - Bolivia","robots":{"index":"index","follow":"follow","max-snippet":"max-snippet:-1","max-image-preview":"max-image-preview:large","max-video-preview":"max-video-preview:-1"},"canonical":"https:\/\/www.eldiario.net\/portal\/2024\/10\/03\/contradicciones-politicas-y-economicas\/","og_locale":"es_ES","og_type":"article","og_title":"Contradicciones pol\u00edticas y econ\u00f3micas - El Diario - Bolivia","og_description":"La Uni\u00f3n de Rep\u00fablicas Socialistas Sovi\u00e9ticas (URSS), bloque oriental y comunista, sostuvo la Guerra Fr\u00eda con los Estados Unidos, bloque occidental y capitalista, desde 1945, despu\u00e9s de la Segunda Guerra Mundial, en los campos econ\u00f3mico, social, ideol\u00f3gico, militar y propagand\u00edstico. Estados Unidos tem\u00eda la expansi\u00f3n del comunismo en Europa y en 1949 cre\u00f3 la alianza [&hellip;]","og_url":"https:\/\/www.eldiario.net\/portal\/2024\/10\/03\/contradicciones-politicas-y-economicas\/","og_site_name":"El Diario - Bolivia","article_publisher":"https:\/\/www.facebook.com\/eldiario.bolivia\/","article_published_time":"2024-10-03T09:53:45+00:00","og_image":[{"width":1200,"height":628,"url":"https:\/\/www.eldiario.net\/portal\/wp-content\/uploads\/2023\/06\/Jorge-Espinoza-Morales.jpg","type":"image\/jpeg"}],"author":"Jeanette","twitter_card":"summary_large_image","twitter_creator":"@eldiario_net","twitter_site":"@eldiario_net","twitter_misc":{"Escrito por":"Jeanette","Tiempo de lectura":"5 minutos"},"schema":{"@context":"https:\/\/schema.org","@graph":[{"@type":"Article","@id":"https:\/\/www.eldiario.net\/portal\/2024\/10\/03\/contradicciones-politicas-y-economicas\/#article","isPartOf":{"@id":"https:\/\/www.eldiario.net\/portal\/2024\/10\/03\/contradicciones-politicas-y-economicas\/"},"author":{"name":"Jeanette","@id":"https:\/\/www.eldiario.net\/portal\/#\/schema\/person\/2c57cf2b7a7ae032e449e4c9b1019eac"},"headline":"Contradicciones pol\u00edticas y econ\u00f3micas","datePublished":"2024-10-03T09:53:45+00:00","mainEntityOfPage":{"@id":"https:\/\/www.eldiario.net\/portal\/2024\/10\/03\/contradicciones-politicas-y-economicas\/"},"wordCount":1124,"commentCount":0,"publisher":{"@id":"https:\/\/www.eldiario.net\/portal\/#organization"},"image":{"@id":"https:\/\/www.eldiario.net\/portal\/2024\/10\/03\/contradicciones-politicas-y-economicas\/#primaryimage"},"thumbnailUrl":"https:\/\/www.eldiario.net\/portal\/wp-content\/uploads\/2023\/06\/Jorge-Espinoza-Morales.jpg","articleSection":["Opini\u00f3n"],"inLanguage":"es","potentialAction":[{"@type":"CommentAction","name":"Comment","target":["https:\/\/www.eldiario.net\/portal\/2024\/10\/03\/contradicciones-politicas-y-economicas\/#respond"]}]},{"@type":"WebPage","@id":"https:\/\/www.eldiario.net\/portal\/2024\/10\/03\/contradicciones-politicas-y-economicas\/","url":"https:\/\/www.eldiario.net\/portal\/2024\/10\/03\/contradicciones-politicas-y-economicas\/","name":"Contradicciones pol\u00edticas y econ\u00f3micas - El Diario - Bolivia","isPartOf":{"@id":"https:\/\/www.eldiario.net\/portal\/#website"},"primaryImageOfPage":{"@id":"https:\/\/www.eldiario.net\/portal\/2024\/10\/03\/contradicciones-politicas-y-economicas\/#primaryimage"},"image":{"@id":"https:\/\/www.eldiario.net\/portal\/2024\/10\/03\/contradicciones-politicas-y-economicas\/#primaryimage"},"thumbnailUrl":"https:\/\/www.eldiario.net\/portal\/wp-content\/uploads\/2023\/06\/Jorge-Espinoza-Morales.jpg","datePublished":"2024-10-03T09:53:45+00:00","breadcrumb":{"@id":"https:\/\/www.eldiario.net\/portal\/2024\/10\/03\/contradicciones-politicas-y-economicas\/#breadcrumb"},"inLanguage":"es","potentialAction":[{"@type":"ReadAction","target":["https:\/\/www.eldiario.net\/portal\/2024\/10\/03\/contradicciones-politicas-y-economicas\/"]}]},{"@type":"ImageObject","inLanguage":"es","@id":"https:\/\/www.eldiario.net\/portal\/2024\/10\/03\/contradicciones-politicas-y-economicas\/#primaryimage","url":"https:\/\/www.eldiario.net\/portal\/wp-content\/uploads\/2023\/06\/Jorge-Espinoza-Morales.jpg","contentUrl":"https:\/\/www.eldiario.net\/portal\/wp-content\/uploads\/2023\/06\/Jorge-Espinoza-Morales.jpg","width":1200,"height":628,"caption":"Jorge Espinoza Morales"},{"@type":"BreadcrumbList","@id":"https:\/\/www.eldiario.net\/portal\/2024\/10\/03\/contradicciones-politicas-y-economicas\/#breadcrumb","itemListElement":[{"@type":"ListItem","position":1,"name":"Portada","item":"https:\/\/www.eldiario.net\/portal\/"},{"@type":"ListItem","position":2,"name":"Contradicciones pol\u00edticas y econ\u00f3micas"}]},{"@type":"WebSite","@id":"https:\/\/www.eldiario.net\/portal\/#website","url":"https:\/\/www.eldiario.net\/portal\/","name":"El Diario - Decano de la prensa nacional","description":"El Diario - Decano de la prensa nacional","publisher":{"@id":"https:\/\/www.eldiario.net\/portal\/#organization"},"potentialAction":[{"@type":"SearchAction","target":{"@type":"EntryPoint","urlTemplate":"https:\/\/www.eldiario.net\/portal\/?s={search_term_string}"},"query-input":{"@type":"PropertyValueSpecification","valueRequired":true,"valueName":"search_term_string"}}],"inLanguage":"es"},{"@type":"Organization","@id":"https:\/\/www.eldiario.net\/portal\/#organization","name":"El Diario - Decano de la prensa nacional","url":"https:\/\/www.eldiario.net\/portal\/","logo":{"@type":"ImageObject","inLanguage":"es","@id":"https:\/\/www.eldiario.net\/portal\/#\/schema\/logo\/image\/","url":"https:\/\/www.eldiario.net\/portal\/wp-content\/uploads\/2023\/07\/logo_ED.jpg","contentUrl":"https:\/\/www.eldiario.net\/portal\/wp-content\/uploads\/2023\/07\/logo_ED.jpg","width":272,"height":52,"caption":"El Diario - Decano de la prensa nacional"},"image":{"@id":"https:\/\/www.eldiario.net\/portal\/#\/schema\/logo\/image\/"},"sameAs":["https:\/\/www.facebook.com\/eldiario.bolivia\/","https:\/\/x.com\/eldiario_net"]},{"@type":"Person","@id":"https:\/\/www.eldiario.net\/portal\/#\/schema\/person\/2c57cf2b7a7ae032e449e4c9b1019eac","name":"Jeanette","image":{"@type":"ImageObject","inLanguage":"es","@id":"https:\/\/secure.gravatar.com\/avatar\/3ea2118a5f7dad2b7138b1187a6b7ee55f160b9968b66013c3a3ef39dd7e5798?s=96&d=mm&r=g","url":"https:\/\/secure.gravatar.com\/avatar\/3ea2118a5f7dad2b7138b1187a6b7ee55f160b9968b66013c3a3ef39dd7e5798?s=96&d=mm&r=g","contentUrl":"https:\/\/secure.gravatar.com\/avatar\/3ea2118a5f7dad2b7138b1187a6b7ee55f160b9968b66013c3a3ef39dd7e5798?s=96&d=mm&r=g","caption":"Jeanette"},"sameAs":["https:\/\/www.eldiario.net\/portal"],"url":"https:\/\/www.eldiario.net\/portal\/author\/jeanette\/"}]}},"_links":{"self":[{"href":"https:\/\/www.eldiario.net\/portal\/wp-json\/wp\/v2\/posts\/251673","targetHints":{"allow":["GET"]}}],"collection":[{"href":"https:\/\/www.eldiario.net\/portal\/wp-json\/wp\/v2\/posts"}],"about":[{"href":"https:\/\/www.eldiario.net\/portal\/wp-json\/wp\/v2\/types\/post"}],"author":[{"embeddable":true,"href":"https:\/\/www.eldiario.net\/portal\/wp-json\/wp\/v2\/users\/1"}],"replies":[{"embeddable":true,"href":"https:\/\/www.eldiario.net\/portal\/wp-json\/wp\/v2\/comments?post=251673"}],"version-history":[{"count":1,"href":"https:\/\/www.eldiario.net\/portal\/wp-json\/wp\/v2\/posts\/251673\/revisions"}],"predecessor-version":[{"id":251674,"href":"https:\/\/www.eldiario.net\/portal\/wp-json\/wp\/v2\/posts\/251673\/revisions\/251674"}],"wp:featuredmedia":[{"embeddable":true,"href":"https:\/\/www.eldiario.net\/portal\/wp-json\/wp\/v2\/media\/159857"}],"wp:attachment":[{"href":"https:\/\/www.eldiario.net\/portal\/wp-json\/wp\/v2\/media?parent=251673"}],"wp:term":[{"taxonomy":"category","embeddable":true,"href":"https:\/\/www.eldiario.net\/portal\/wp-json\/wp\/v2\/categories?post=251673"},{"taxonomy":"post_tag","embeddable":true,"href":"https:\/\/www.eldiario.net\/portal\/wp-json\/wp\/v2\/tags?post=251673"}],"curies":[{"name":"wp","href":"https:\/\/api.w.org\/{rel}","templated":true}]}}