{"id":251337,"date":"2024-10-02T05:20:41","date_gmt":"2024-10-02T09:20:41","guid":{"rendered":"https:\/\/www.eldiario.net\/portal\/?p=251337"},"modified":"2024-10-02T05:29:28","modified_gmt":"2024-10-02T09:29:28","slug":"iran-lanza-180-misiles-balisticos-contra-israel","status":"publish","type":"post","link":"https:\/\/www.eldiario.net\/portal\/2024\/10\/02\/iran-lanza-180-misiles-balisticos-contra-israel\/","title":{"rendered":"Ir\u00e1n lanza 180 misiles  bal\u00edsticos contra Israel"},"content":{"rendered":"<p class=\"v1MsoNormal\">Ir\u00e1n dispar\u00f3 varias oleadas de misiles bal\u00edsticos contra Israel anoche en un ataque repentino que aument\u00f3 la probabilidad de una guerra directa a gran escala entre dos de los ej\u00e9rcitos m\u00e1s poderosos de Medio Oriente.<\/p>\n<p class=\"v1MsoNormal\">Ir\u00e1n lanza unos 180 misiles bal\u00edsticos contra Israel.<\/p>\n<p class=\"v1MsoNormal\">El ataque de Ir\u00e1n fue la culminaci\u00f3n de una vertiginosa secuencia de acontecimientos ocurridos en menos de 24 horas, que comenz\u00f3 cuando Israel lanz\u00f3 una invasi\u00f3n terrestre en L\u00edbano para perseguir a Hizbul\u00e1, milicia libanesa respaldada por Ir\u00e1n.<\/p>\n<p class=\"v1MsoNormal\">Israel bombarde\u00f3 L\u00edbano desde el aire durante todo el d\u00eda mientras sus soldados avanzaban por tierra y Hizbul\u00e1 disparaba cohetes hacia el interior de Israel, matando a 55 personas e hiriendo a 156 en todo L\u00edbano, seg\u00fan el ministerio de salud liban\u00e9s.<\/p>\n<p class=\"v1MsoNormal\">El ej\u00e9rcito israel\u00ed dijo que Ir\u00e1n dispar\u00f3 alrededor de 180 misiles, un ataque importante que oblig\u00f3 a millones de israel\u00edes a protegerse en refugios antia\u00e9reos durante m\u00e1s de una hora. Muchos de los misiles fueron interceptados por el sistema de defensa antia\u00e9rea de Israel. Otros cayeron en el centro y el sur del pa\u00eds, seg\u00fan el ej\u00e9rcito israel\u00ed.<\/p>\n<p class=\"v1MsoNormal\">No hubo informes inmediatos de bajas en Israel, pero un hombre palestino muri\u00f3 por la ca\u00edda de metralla en la Cisjordania ocupada.<\/p>\n<p class=\"v1MsoNormal\">\u00abBas\u00e1ndonos en lo que sabemos ahora, el ataque parece haber sido ineficaz y derrotado\u00bb, dijo el martes el presidente Joe Biden, se\u00f1alando que el ej\u00e9rcito de EE. UU. \u00abapoy\u00f3 activamente\u00bb la defensa de Israel. Y a\u00f1adi\u00f3: \u00abNo se equivoquen, Estados Unidos apoya plenamente a Israel\u00bb.<\/p>\n<p class=\"v1MsoNormal\">Jake Sullivan, asesor de seguridad nacional del presidente Biden, dijo a los periodistas que los destructores navales estadounidenses se hab\u00edan unido a Israel para derribar los misiles. Explic\u00f3 que hubo una \u00abmeticulosa planificaci\u00f3n conjunta en previsi\u00f3n del ataque\u00bb.<\/p>\n<p class=\"v1MsoNormal\">La ofensiva dej\u00f3 en vilo a la regi\u00f3n, ante una potencial respuesta israel\u00ed.<\/p>\n<p class=\"v1MsoNormal\">\u00abIr\u00e1n ha cometido un gran error esta noche, y pagar\u00e1 por ello\u00bb, dijo Benjam\u00edn Netanyahu, primer ministro de Israel, en un comunicado a \u00faltima hora del martes. \u00abEl r\u00e9gimen de Ir\u00e1n no entiende nuestra determinaci\u00f3n de defendernos y de tomar represalias contra nuestros enemigos\u00bb.<\/p>\n<p class=\"v1MsoNormal\">La Guardia Revolucionaria de Ir\u00e1n dijo en un comunicado que el ataque con misiles hab\u00eda sido en represalia por los recientes asesinatos. En julio, el l\u00edder pol\u00edtico de Ham\u00e1s, Ismail Haniyeh, muri\u00f3 a causa de una bomba mientras se encontraba en la capital iran\u00ed, en un asesinato ampliamente atribuido a Israel. El viernes, aviones de combate israel\u00edes mataron al l\u00edder de Hizbul\u00e1, Hassan Nasrallah, con un ataque a\u00e9reo al sur de Beirut.<\/p>\n<p class=\"v1MsoNormal\">Ir\u00e1n tambi\u00e9n declar\u00f3 que lanzar\u00eda m\u00e1s misiles si Israel decid\u00eda contratacar.<\/p>\n<p class=\"v1MsoNormal\">Durante el ataque iran\u00ed, sonaron sirenas antia\u00e9reas en todo Israel, incluidas las de Jerusal\u00e9n y Tel Aviv. Se oyeron explosiones sobre ambas ciudades, mientras los cohetes interceptores israel\u00edes surcaban el cielo nocturno, chocando con decenas de misiles.<\/p>\n<p class=\"v1MsoNormal\">La salva iran\u00ed se produjo mientras Israel segu\u00eda luchando contra Ham\u00e1s, otro representante iran\u00ed, en Gaza, y mientras realizaba incursiones en ciudades palestinas de la Cisjordania ocupada por Israel.<\/p>\n<p class=\"v1MsoNormal\">Ir\u00e1n atac\u00f3 Israel por \u00faltima vez en abril, pero Israel, con ayuda de Estados Unidos, Jordania y otros pa\u00edses, intercept\u00f3 casi la totalidad de cientos de misiles y aviones no tripulados disparados contra su territorio. La respuesta de Israel, pa\u00eds al que Estados Unidos inst\u00f3 a la moderaci\u00f3n, fue limitada: dispar\u00f3 contra una base a\u00e9rea cercana a algunas de las instalaciones nucleares iran\u00edes, pero no alcanz\u00f3 las instalaciones propiamente dichas.<\/p>\n<p class=\"v1MsoNormal\">\n<p class=\"v1MsoNormal\">DETALLES:<\/p>\n<p class=\"v1MsoNormal\">\n<p class=\"v1MsoNormal\">EEUU y sus soldados: Dos destructores navales de EEUU lanzaron una decena de interceptores contra los misiles iran\u00edes que se aproximaban, declar\u00f3 el martes a los periodistas el general de brigada Pat Ryder, secretario de prensa del Pent\u00e1gono, quien a\u00f1adi\u00f3 que ning\u00fan soldado estadounidense result\u00f3 herido. El Pent\u00e1gono inform\u00f3 el lunes que iba a enviar \u00abvarios miles\u00bb de soldados estadounidenses m\u00e1s a la regi\u00f3n, que se sumar\u00edan a los 40.000 que ya se encuentran en la zona.<\/p>\n<p class=\"v1MsoNormal\">En Jordania: Testigos dijeron que se oyeron fuertes explosiones en Am\u00e1n, capital de Jordania, pa\u00eds situado entre Israel e Ir\u00e1n que ayud\u00f3 a interceptar un lanzamiento de Ir\u00e1n contra Israel en abril. La agencia oficial de noticias jordana report\u00f3 dos personas con heridas leves causadas por la ca\u00edda de fragmentos tras el ataque iran\u00ed contra Israel.<\/p>\n<p class=\"v1MsoNormal\">Tiroteo en Tel Aviv: El servicio de respuesta a emergencias de Israel dijo que al menos seis personas murieron y varias m\u00e1s resultaron heridas cuando dos hombres armados abrieron fuego contra un tren ligero en Tel Aviv poco despu\u00e9s de que se instara a los residentes a buscar refugio ante el ataque iran\u00ed. Ning\u00fan grupo se adjudic\u00f3 en un primer momento la autor\u00eda del atentado. Las autoridades calificaron el tiroteo de atentado terrorista.<\/p>\n<p class=\"v1MsoNormal\">Saliendo de L\u00edbano: el Departamento de Estado est\u00e1 trabajando con las aerol\u00edneas para \u00abproporcionar m\u00e1s asientos\u00bb a los ciudadanos estadounidenses que quieran abandonar L\u00edbano, cosa que EE. UU. les ha instado a hacer, de acuerdo con Matthew Miller, portavoz del departamento. (The New York)<\/p>\n","protected":false},"excerpt":{"rendered":"<p>Ir\u00e1n dispar\u00f3 varias oleadas de misiles bal\u00edsticos contra Israel anoche en un ataque repentino que aument\u00f3 la probabilidad de una guerra directa a gran escala entre dos de los ej\u00e9rcitos m\u00e1s poderosos de Medio Oriente. Ir\u00e1n lanza unos 180 misiles bal\u00edsticos contra Israel. El ataque de Ir\u00e1n fue la culminaci\u00f3n de una vertiginosa secuencia de [&hellip;]<\/p>\n","protected":false},"author":1,"featured_media":251338,"comment_status":"open","ping_status":"open","sticky":false,"template":"","format":"standard","meta":{"_acf_changed":false,"footnotes":""},"categories":[15],"tags":[],"class_list":["post-251337","post","type-post","status-publish","format-standard","has-post-thumbnail","category-portada"],"acf":{"antetitulo":"Sube tensi\u00f3n en Medio Oriente"},"yoast_head":"<!-- This site is optimized with the Yoast SEO plugin v28.4 - https:\/\/yoast.com\/product\/yoast-seo-wordpress\/ -->\n<title>Ir\u00e1n lanza 180 misiles bal\u00edsticos contra Israel - El Diario - Bolivia<\/title>\n<meta name=\"robots\" content=\"index, follow, max-snippet:-1, max-image-preview:large, max-video-preview:-1\" \/>\n<link rel=\"canonical\" href=\"https:\/\/www.eldiario.net\/portal\/2024\/10\/02\/iran-lanza-180-misiles-balisticos-contra-israel\/\" \/>\n<meta property=\"og:locale\" content=\"es_ES\" \/>\n<meta property=\"og:type\" content=\"article\" \/>\n<meta property=\"og:title\" content=\"Ir\u00e1n lanza 180 misiles bal\u00edsticos contra Israel - El Diario - Bolivia\" \/>\n<meta property=\"og:description\" content=\"Ir\u00e1n dispar\u00f3 varias oleadas de misiles bal\u00edsticos contra Israel anoche en un ataque repentino que aument\u00f3 la probabilidad de una guerra directa a gran escala entre dos de los ej\u00e9rcitos m\u00e1s poderosos de Medio Oriente. Ir\u00e1n lanza unos 180 misiles bal\u00edsticos contra Israel. El ataque de Ir\u00e1n fue la culminaci\u00f3n de una vertiginosa secuencia de [&hellip;]\" \/>\n<meta property=\"og:url\" content=\"https:\/\/www.eldiario.net\/portal\/2024\/10\/02\/iran-lanza-180-misiles-balisticos-contra-israel\/\" \/>\n<meta property=\"og:site_name\" content=\"El Diario - Bolivia\" \/>\n<meta property=\"article:publisher\" content=\"https:\/\/www.facebook.com\/eldiario.bolivia\/\" \/>\n<meta property=\"article:published_time\" content=\"2024-10-02T09:20:41+00:00\" \/>\n<meta property=\"article:modified_time\" content=\"2024-10-02T09:29:28+00:00\" \/>\n<meta property=\"og:image\" content=\"https:\/\/www.eldiario.net\/portal\/wp-content\/uploads\/2024\/10\/Iran-bombardea.jpg\" \/>\n\t<meta property=\"og:image:width\" content=\"1200\" \/>\n\t<meta property=\"og:image:height\" content=\"800\" \/>\n\t<meta property=\"og:image:type\" content=\"image\/jpeg\" \/>\n<meta name=\"author\" content=\"Jeanette\" \/>\n<meta name=\"twitter:card\" content=\"summary_large_image\" \/>\n<meta name=\"twitter:creator\" content=\"@eldiario_net\" \/>\n<meta name=\"twitter:site\" content=\"@eldiario_net\" \/>\n<meta name=\"twitter:label1\" content=\"Escrito por\" \/>\n\t<meta name=\"twitter:data1\" content=\"Jeanette\" \/>\n\t<meta name=\"twitter:label2\" content=\"Tiempo de lectura\" \/>\n\t<meta name=\"twitter:data2\" content=\"4 minutos\" \/>\n<script type=\"application\/ld+json\" class=\"yoast-schema-graph\">{\"@context\":\"https:\\\/\\\/schema.org\",\"@graph\":[{\"@type\":\"Article\",\"@id\":\"https:\\\/\\\/www.eldiario.net\\\/portal\\\/2024\\\/10\\\/02\\\/iran-lanza-180-misiles-balisticos-contra-israel\\\/#article\",\"isPartOf\":{\"@id\":\"https:\\\/\\\/www.eldiario.net\\\/portal\\\/2024\\\/10\\\/02\\\/iran-lanza-180-misiles-balisticos-contra-israel\\\/\"},\"author\":{\"name\":\"Jeanette\",\"@id\":\"https:\\\/\\\/www.eldiario.net\\\/portal\\\/#\\\/schema\\\/person\\\/2c57cf2b7a7ae032e449e4c9b1019eac\"},\"headline\":\"Ir\u00e1n lanza 180 misiles bal\u00edsticos contra Israel\",\"datePublished\":\"2024-10-02T09:20:41+00:00\",\"dateModified\":\"2024-10-02T09:29:28+00:00\",\"mainEntityOfPage\":{\"@id\":\"https:\\\/\\\/www.eldiario.net\\\/portal\\\/2024\\\/10\\\/02\\\/iran-lanza-180-misiles-balisticos-contra-israel\\\/\"},\"wordCount\":899,\"commentCount\":0,\"publisher\":{\"@id\":\"https:\\\/\\\/www.eldiario.net\\\/portal\\\/#organization\"},\"image\":{\"@id\":\"https:\\\/\\\/www.eldiario.net\\\/portal\\\/2024\\\/10\\\/02\\\/iran-lanza-180-misiles-balisticos-contra-israel\\\/#primaryimage\"},\"thumbnailUrl\":\"https:\\\/\\\/www.eldiario.net\\\/portal\\\/wp-content\\\/uploads\\\/2024\\\/10\\\/Iran-bombardea.jpg\",\"articleSection\":[\"Portada\"],\"inLanguage\":\"es\",\"potentialAction\":[{\"@type\":\"CommentAction\",\"name\":\"Comment\",\"target\":[\"https:\\\/\\\/www.eldiario.net\\\/portal\\\/2024\\\/10\\\/02\\\/iran-lanza-180-misiles-balisticos-contra-israel\\\/#respond\"]}]},{\"@type\":\"WebPage\",\"@id\":\"https:\\\/\\\/www.eldiario.net\\\/portal\\\/2024\\\/10\\\/02\\\/iran-lanza-180-misiles-balisticos-contra-israel\\\/\",\"url\":\"https:\\\/\\\/www.eldiario.net\\\/portal\\\/2024\\\/10\\\/02\\\/iran-lanza-180-misiles-balisticos-contra-israel\\\/\",\"name\":\"Ir\u00e1n lanza 180 misiles bal\u00edsticos contra Israel - El Diario - Bolivia\",\"isPartOf\":{\"@id\":\"https:\\\/\\\/www.eldiario.net\\\/portal\\\/#website\"},\"primaryImageOfPage\":{\"@id\":\"https:\\\/\\\/www.eldiario.net\\\/portal\\\/2024\\\/10\\\/02\\\/iran-lanza-180-misiles-balisticos-contra-israel\\\/#primaryimage\"},\"image\":{\"@id\":\"https:\\\/\\\/www.eldiario.net\\\/portal\\\/2024\\\/10\\\/02\\\/iran-lanza-180-misiles-balisticos-contra-israel\\\/#primaryimage\"},\"thumbnailUrl\":\"https:\\\/\\\/www.eldiario.net\\\/portal\\\/wp-content\\\/uploads\\\/2024\\\/10\\\/Iran-bombardea.jpg\",\"datePublished\":\"2024-10-02T09:20:41+00:00\",\"dateModified\":\"2024-10-02T09:29:28+00:00\",\"breadcrumb\":{\"@id\":\"https:\\\/\\\/www.eldiario.net\\\/portal\\\/2024\\\/10\\\/02\\\/iran-lanza-180-misiles-balisticos-contra-israel\\\/#breadcrumb\"},\"inLanguage\":\"es\",\"potentialAction\":[{\"@type\":\"ReadAction\",\"target\":[\"https:\\\/\\\/www.eldiario.net\\\/portal\\\/2024\\\/10\\\/02\\\/iran-lanza-180-misiles-balisticos-contra-israel\\\/\"]}]},{\"@type\":\"ImageObject\",\"inLanguage\":\"es\",\"@id\":\"https:\\\/\\\/www.eldiario.net\\\/portal\\\/2024\\\/10\\\/02\\\/iran-lanza-180-misiles-balisticos-contra-israel\\\/#primaryimage\",\"url\":\"https:\\\/\\\/www.eldiario.net\\\/portal\\\/wp-content\\\/uploads\\\/2024\\\/10\\\/Iran-bombardea.jpg\",\"contentUrl\":\"https:\\\/\\\/www.eldiario.net\\\/portal\\\/wp-content\\\/uploads\\\/2024\\\/10\\\/Iran-bombardea.jpg\",\"width\":1200,\"height\":800,\"caption\":\"El escudo antimisiles de Israel intercepta los cohetes enemigos, este martes. CR\u00c9DITO: Reuters\"},{\"@type\":\"BreadcrumbList\",\"@id\":\"https:\\\/\\\/www.eldiario.net\\\/portal\\\/2024\\\/10\\\/02\\\/iran-lanza-180-misiles-balisticos-contra-israel\\\/#breadcrumb\",\"itemListElement\":[{\"@type\":\"ListItem\",\"position\":1,\"name\":\"Portada\",\"item\":\"https:\\\/\\\/www.eldiario.net\\\/portal\\\/\"},{\"@type\":\"ListItem\",\"position\":2,\"name\":\"Ir\u00e1n lanza 180 misiles bal\u00edsticos contra Israel\"}]},{\"@type\":\"WebSite\",\"@id\":\"https:\\\/\\\/www.eldiario.net\\\/portal\\\/#website\",\"url\":\"https:\\\/\\\/www.eldiario.net\\\/portal\\\/\",\"name\":\"El Diario - Decano de la prensa nacional\",\"description\":\"El Diario - Decano de la prensa nacional\",\"publisher\":{\"@id\":\"https:\\\/\\\/www.eldiario.net\\\/portal\\\/#organization\"},\"potentialAction\":[{\"@type\":\"SearchAction\",\"target\":{\"@type\":\"EntryPoint\",\"urlTemplate\":\"https:\\\/\\\/www.eldiario.net\\\/portal\\\/?s={search_term_string}\"},\"query-input\":{\"@type\":\"PropertyValueSpecification\",\"valueRequired\":true,\"valueName\":\"search_term_string\"}}],\"inLanguage\":\"es\"},{\"@type\":\"Organization\",\"@id\":\"https:\\\/\\\/www.eldiario.net\\\/portal\\\/#organization\",\"name\":\"El Diario - Decano de la prensa nacional\",\"url\":\"https:\\\/\\\/www.eldiario.net\\\/portal\\\/\",\"logo\":{\"@type\":\"ImageObject\",\"inLanguage\":\"es\",\"@id\":\"https:\\\/\\\/www.eldiario.net\\\/portal\\\/#\\\/schema\\\/logo\\\/image\\\/\",\"url\":\"https:\\\/\\\/www.eldiario.net\\\/portal\\\/wp-content\\\/uploads\\\/2023\\\/07\\\/logo_ED.jpg\",\"contentUrl\":\"https:\\\/\\\/www.eldiario.net\\\/portal\\\/wp-content\\\/uploads\\\/2023\\\/07\\\/logo_ED.jpg\",\"width\":272,\"height\":52,\"caption\":\"El Diario - Decano de la prensa nacional\"},\"image\":{\"@id\":\"https:\\\/\\\/www.eldiario.net\\\/portal\\\/#\\\/schema\\\/logo\\\/image\\\/\"},\"sameAs\":[\"https:\\\/\\\/www.facebook.com\\\/eldiario.bolivia\\\/\",\"https:\\\/\\\/x.com\\\/eldiario_net\"]},{\"@type\":\"Person\",\"@id\":\"https:\\\/\\\/www.eldiario.net\\\/portal\\\/#\\\/schema\\\/person\\\/2c57cf2b7a7ae032e449e4c9b1019eac\",\"name\":\"Jeanette\",\"image\":{\"@type\":\"ImageObject\",\"inLanguage\":\"es\",\"@id\":\"https:\\\/\\\/secure.gravatar.com\\\/avatar\\\/3ea2118a5f7dad2b7138b1187a6b7ee55f160b9968b66013c3a3ef39dd7e5798?s=96&d=mm&r=g\",\"url\":\"https:\\\/\\\/secure.gravatar.com\\\/avatar\\\/3ea2118a5f7dad2b7138b1187a6b7ee55f160b9968b66013c3a3ef39dd7e5798?s=96&d=mm&r=g\",\"contentUrl\":\"https:\\\/\\\/secure.gravatar.com\\\/avatar\\\/3ea2118a5f7dad2b7138b1187a6b7ee55f160b9968b66013c3a3ef39dd7e5798?s=96&d=mm&r=g\",\"caption\":\"Jeanette\"},\"sameAs\":[\"https:\\\/\\\/www.eldiario.net\\\/portal\"],\"url\":\"https:\\\/\\\/www.eldiario.net\\\/portal\\\/author\\\/jeanette\\\/\"}]}<\/script>\n<!-- \/ Yoast SEO plugin. -->","yoast_head_json":{"title":"Ir\u00e1n lanza 180 misiles bal\u00edsticos contra Israel - El Diario - Bolivia","robots":{"index":"index","follow":"follow","max-snippet":"max-snippet:-1","max-image-preview":"max-image-preview:large","max-video-preview":"max-video-preview:-1"},"canonical":"https:\/\/www.eldiario.net\/portal\/2024\/10\/02\/iran-lanza-180-misiles-balisticos-contra-israel\/","og_locale":"es_ES","og_type":"article","og_title":"Ir\u00e1n lanza 180 misiles bal\u00edsticos contra Israel - El Diario - Bolivia","og_description":"Ir\u00e1n dispar\u00f3 varias oleadas de misiles bal\u00edsticos contra Israel anoche en un ataque repentino que aument\u00f3 la probabilidad de una guerra directa a gran escala entre dos de los ej\u00e9rcitos m\u00e1s poderosos de Medio Oriente. Ir\u00e1n lanza unos 180 misiles bal\u00edsticos contra Israel. El ataque de Ir\u00e1n fue la culminaci\u00f3n de una vertiginosa secuencia de [&hellip;]","og_url":"https:\/\/www.eldiario.net\/portal\/2024\/10\/02\/iran-lanza-180-misiles-balisticos-contra-israel\/","og_site_name":"El Diario - Bolivia","article_publisher":"https:\/\/www.facebook.com\/eldiario.bolivia\/","article_published_time":"2024-10-02T09:20:41+00:00","article_modified_time":"2024-10-02T09:29:28+00:00","og_image":[{"width":1200,"height":800,"url":"https:\/\/www.eldiario.net\/portal\/wp-content\/uploads\/2024\/10\/Iran-bombardea.jpg","type":"image\/jpeg"}],"author":"Jeanette","twitter_card":"summary_large_image","twitter_creator":"@eldiario_net","twitter_site":"@eldiario_net","twitter_misc":{"Escrito por":"Jeanette","Tiempo de lectura":"4 minutos"},"schema":{"@context":"https:\/\/schema.org","@graph":[{"@type":"Article","@id":"https:\/\/www.eldiario.net\/portal\/2024\/10\/02\/iran-lanza-180-misiles-balisticos-contra-israel\/#article","isPartOf":{"@id":"https:\/\/www.eldiario.net\/portal\/2024\/10\/02\/iran-lanza-180-misiles-balisticos-contra-israel\/"},"author":{"name":"Jeanette","@id":"https:\/\/www.eldiario.net\/portal\/#\/schema\/person\/2c57cf2b7a7ae032e449e4c9b1019eac"},"headline":"Ir\u00e1n lanza 180 misiles bal\u00edsticos contra Israel","datePublished":"2024-10-02T09:20:41+00:00","dateModified":"2024-10-02T09:29:28+00:00","mainEntityOfPage":{"@id":"https:\/\/www.eldiario.net\/portal\/2024\/10\/02\/iran-lanza-180-misiles-balisticos-contra-israel\/"},"wordCount":899,"commentCount":0,"publisher":{"@id":"https:\/\/www.eldiario.net\/portal\/#organization"},"image":{"@id":"https:\/\/www.eldiario.net\/portal\/2024\/10\/02\/iran-lanza-180-misiles-balisticos-contra-israel\/#primaryimage"},"thumbnailUrl":"https:\/\/www.eldiario.net\/portal\/wp-content\/uploads\/2024\/10\/Iran-bombardea.jpg","articleSection":["Portada"],"inLanguage":"es","potentialAction":[{"@type":"CommentAction","name":"Comment","target":["https:\/\/www.eldiario.net\/portal\/2024\/10\/02\/iran-lanza-180-misiles-balisticos-contra-israel\/#respond"]}]},{"@type":"WebPage","@id":"https:\/\/www.eldiario.net\/portal\/2024\/10\/02\/iran-lanza-180-misiles-balisticos-contra-israel\/","url":"https:\/\/www.eldiario.net\/portal\/2024\/10\/02\/iran-lanza-180-misiles-balisticos-contra-israel\/","name":"Ir\u00e1n lanza 180 misiles bal\u00edsticos contra Israel - El Diario - Bolivia","isPartOf":{"@id":"https:\/\/www.eldiario.net\/portal\/#website"},"primaryImageOfPage":{"@id":"https:\/\/www.eldiario.net\/portal\/2024\/10\/02\/iran-lanza-180-misiles-balisticos-contra-israel\/#primaryimage"},"image":{"@id":"https:\/\/www.eldiario.net\/portal\/2024\/10\/02\/iran-lanza-180-misiles-balisticos-contra-israel\/#primaryimage"},"thumbnailUrl":"https:\/\/www.eldiario.net\/portal\/wp-content\/uploads\/2024\/10\/Iran-bombardea.jpg","datePublished":"2024-10-02T09:20:41+00:00","dateModified":"2024-10-02T09:29:28+00:00","breadcrumb":{"@id":"https:\/\/www.eldiario.net\/portal\/2024\/10\/02\/iran-lanza-180-misiles-balisticos-contra-israel\/#breadcrumb"},"inLanguage":"es","potentialAction":[{"@type":"ReadAction","target":["https:\/\/www.eldiario.net\/portal\/2024\/10\/02\/iran-lanza-180-misiles-balisticos-contra-israel\/"]}]},{"@type":"ImageObject","inLanguage":"es","@id":"https:\/\/www.eldiario.net\/portal\/2024\/10\/02\/iran-lanza-180-misiles-balisticos-contra-israel\/#primaryimage","url":"https:\/\/www.eldiario.net\/portal\/wp-content\/uploads\/2024\/10\/Iran-bombardea.jpg","contentUrl":"https:\/\/www.eldiario.net\/portal\/wp-content\/uploads\/2024\/10\/Iran-bombardea.jpg","width":1200,"height":800,"caption":"El escudo antimisiles de Israel intercepta los cohetes enemigos, este martes. CR\u00c9DITO: Reuters"},{"@type":"BreadcrumbList","@id":"https:\/\/www.eldiario.net\/portal\/2024\/10\/02\/iran-lanza-180-misiles-balisticos-contra-israel\/#breadcrumb","itemListElement":[{"@type":"ListItem","position":1,"name":"Portada","item":"https:\/\/www.eldiario.net\/portal\/"},{"@type":"ListItem","position":2,"name":"Ir\u00e1n lanza 180 misiles bal\u00edsticos contra Israel"}]},{"@type":"WebSite","@id":"https:\/\/www.eldiario.net\/portal\/#website","url":"https:\/\/www.eldiario.net\/portal\/","name":"El Diario - Decano de la prensa nacional","description":"El Diario - Decano de la prensa nacional","publisher":{"@id":"https:\/\/www.eldiario.net\/portal\/#organization"},"potentialAction":[{"@type":"SearchAction","target":{"@type":"EntryPoint","urlTemplate":"https:\/\/www.eldiario.net\/portal\/?s={search_term_string}"},"query-input":{"@type":"PropertyValueSpecification","valueRequired":true,"valueName":"search_term_string"}}],"inLanguage":"es"},{"@type":"Organization","@id":"https:\/\/www.eldiario.net\/portal\/#organization","name":"El Diario - Decano de la prensa nacional","url":"https:\/\/www.eldiario.net\/portal\/","logo":{"@type":"ImageObject","inLanguage":"es","@id":"https:\/\/www.eldiario.net\/portal\/#\/schema\/logo\/image\/","url":"https:\/\/www.eldiario.net\/portal\/wp-content\/uploads\/2023\/07\/logo_ED.jpg","contentUrl":"https:\/\/www.eldiario.net\/portal\/wp-content\/uploads\/2023\/07\/logo_ED.jpg","width":272,"height":52,"caption":"El Diario - Decano de la prensa nacional"},"image":{"@id":"https:\/\/www.eldiario.net\/portal\/#\/schema\/logo\/image\/"},"sameAs":["https:\/\/www.facebook.com\/eldiario.bolivia\/","https:\/\/x.com\/eldiario_net"]},{"@type":"Person","@id":"https:\/\/www.eldiario.net\/portal\/#\/schema\/person\/2c57cf2b7a7ae032e449e4c9b1019eac","name":"Jeanette","image":{"@type":"ImageObject","inLanguage":"es","@id":"https:\/\/secure.gravatar.com\/avatar\/3ea2118a5f7dad2b7138b1187a6b7ee55f160b9968b66013c3a3ef39dd7e5798?s=96&d=mm&r=g","url":"https:\/\/secure.gravatar.com\/avatar\/3ea2118a5f7dad2b7138b1187a6b7ee55f160b9968b66013c3a3ef39dd7e5798?s=96&d=mm&r=g","contentUrl":"https:\/\/secure.gravatar.com\/avatar\/3ea2118a5f7dad2b7138b1187a6b7ee55f160b9968b66013c3a3ef39dd7e5798?s=96&d=mm&r=g","caption":"Jeanette"},"sameAs":["https:\/\/www.eldiario.net\/portal"],"url":"https:\/\/www.eldiario.net\/portal\/author\/jeanette\/"}]}},"_links":{"self":[{"href":"https:\/\/www.eldiario.net\/portal\/wp-json\/wp\/v2\/posts\/251337","targetHints":{"allow":["GET"]}}],"collection":[{"href":"https:\/\/www.eldiario.net\/portal\/wp-json\/wp\/v2\/posts"}],"about":[{"href":"https:\/\/www.eldiario.net\/portal\/wp-json\/wp\/v2\/types\/post"}],"author":[{"embeddable":true,"href":"https:\/\/www.eldiario.net\/portal\/wp-json\/wp\/v2\/users\/1"}],"replies":[{"embeddable":true,"href":"https:\/\/www.eldiario.net\/portal\/wp-json\/wp\/v2\/comments?post=251337"}],"version-history":[{"count":1,"href":"https:\/\/www.eldiario.net\/portal\/wp-json\/wp\/v2\/posts\/251337\/revisions"}],"predecessor-version":[{"id":251339,"href":"https:\/\/www.eldiario.net\/portal\/wp-json\/wp\/v2\/posts\/251337\/revisions\/251339"}],"wp:featuredmedia":[{"embeddable":true,"href":"https:\/\/www.eldiario.net\/portal\/wp-json\/wp\/v2\/media\/251338"}],"wp:attachment":[{"href":"https:\/\/www.eldiario.net\/portal\/wp-json\/wp\/v2\/media?parent=251337"}],"wp:term":[{"taxonomy":"category","embeddable":true,"href":"https:\/\/www.eldiario.net\/portal\/wp-json\/wp\/v2\/categories?post=251337"},{"taxonomy":"post_tag","embeddable":true,"href":"https:\/\/www.eldiario.net\/portal\/wp-json\/wp\/v2\/tags?post=251337"}],"curies":[{"name":"wp","href":"https:\/\/api.w.org\/{rel}","templated":true}]}}