{"id":250647,"date":"2024-09-29T06:47:15","date_gmt":"2024-09-29T10:47:15","guid":{"rendered":"https:\/\/www.eldiario.net\/portal\/?p=250647"},"modified":"2024-09-29T06:47:15","modified_gmt":"2024-09-29T10:47:15","slug":"fiscales-alave-y-mariaca-son-habilitados-para-carrera-fiscal","status":"publish","type":"post","link":"https:\/\/www.eldiario.net\/portal\/2024\/09\/29\/fiscales-alave-y-mariaca-son-habilitados-para-carrera-fiscal\/","title":{"rendered":"Fiscales\u00a0Alave y Mariaca son habilitados para carrera fiscal"},"content":{"rendered":"<p>Pese a ser los candidatos con m\u00e1s impugnaciones en el proceso de selecci\u00f3n para el cargo de Fiscal General del Estado, los fiscales departamentales de La Paz y Santa Cruz, William Alave y Roger Mariaca, contin\u00faan entre los 42 candidatos, luego de que la Comisi\u00f3n Mixta de Justicia Plural no lograra los dos tercios necesarios para su inhabilitaci\u00f3n.<br \/>\nEl presidente de la Comisi\u00f3n Mixta y senador, Roger Padilla, explic\u00f3: \u201cen esta etapa de impugnaci\u00f3n se ratific\u00f3 al fiscal Alave, (pero) no alcanz\u00f3 para inhabilitarlo con el voto de dos tercios (de los miembros), por eso qued\u00f3 habilitado para la siguiente etapa\u201d.<br \/>\nAsimismo, agreg\u00f3 que hoy se notificar\u00e1 a todos los postulantes habilitados e inhabilitados y el lunes comienza la evaluaci\u00f3n de m\u00e9ritos.<br \/>\nMariaca recibi\u00f3 siete impugnaciones, seis de ellas por no cumplir con los ocho a\u00f1os de experiencia m\u00ednima requerida para aspirar al cargo; adem\u00e1s, otro recurso lo se\u00f1ala por \u201cviolaci\u00f3n a derechos humanos\u201d.<br \/>\nPor su parte, Alave enfrenta tres impugnaciones, entre las que se destacan son dos: una por \u201cdenuncia no especificada\u201d y otra por \u201cdenuncia de acoso contra la mujer\u201d.<br \/>\nEl diputado Froil\u00e1n Mamani explic\u00f3 que hasta el viernes \u201ctenemos 42 habilitados, de los cuales 33 son varones y nueve son mujeres. Ten\u00edamos en un inicio 76 postulantes y 34 fueron inhabilitados\u201d.<br \/>\nAgreg\u00f3 que, en estricto cumplimiento a la norma, la Comisi\u00f3n Mixta enviar\u00e1 una lista de m\u00ednimo 5 y m\u00e1ximo 10 candidatos.<br \/>\nEn las siguientes fases del proceso, los postulantes ser\u00e1n evaluados en base a sus m\u00e9ritos y puntajes. \u201cDe los 10 se elegir\u00e1n a los cinco mejor calificados entre los varones y las cinco mejor calificadas entre las mujeres. Con eso estar\u00edamos cumpliendo lo que nos exige la ley\u201d, a\u00f1adi\u00f3 Mamani.<br \/>\nLa Comisi\u00f3n entr\u00f3 en un cuarto intermedio hasta el martes 1 de octubre, jornada en la que se reanudar\u00e1 el proceso de selecci\u00f3n. (Br\u00fajula Digital)<\/p>\n","protected":false},"excerpt":{"rendered":"<p>Pese a ser los candidatos con m\u00e1s impugnaciones en el proceso de selecci\u00f3n para el cargo de Fiscal General del Estado, los fiscales departamentales de La Paz y Santa Cruz, William Alave y Roger Mariaca, contin\u00faan entre los 42 candidatos, luego de que la Comisi\u00f3n Mixta de Justicia Plural no lograra los dos tercios necesarios [&hellip;]<\/p>\n","protected":false},"author":1,"featured_media":250648,"comment_status":"open","ping_status":"open","sticky":false,"template":"","format":"standard","meta":{"_acf_changed":false,"footnotes":""},"categories":[39],"tags":[],"class_list":["post-250647","post","type-post","status-publish","format-standard","has-post-thumbnail","category-sociedad"],"acf":{"antetitulo":"Los m\u00e1s impugnados"},"yoast_head":"<!-- This site is optimized with the Yoast SEO plugin v28.3 - https:\/\/yoast.com\/product\/yoast-seo-wordpress\/ -->\n<title>Fiscales\u00a0Alave y Mariaca son habilitados para carrera fiscal - El Diario - Bolivia<\/title>\n<meta name=\"robots\" content=\"index, follow, max-snippet:-1, max-image-preview:large, max-video-preview:-1\" \/>\n<link rel=\"canonical\" href=\"https:\/\/www.eldiario.net\/portal\/2024\/09\/29\/fiscales-alave-y-mariaca-son-habilitados-para-carrera-fiscal\/\" \/>\n<meta property=\"og:locale\" content=\"es_ES\" \/>\n<meta property=\"og:type\" content=\"article\" \/>\n<meta property=\"og:title\" content=\"Fiscales\u00a0Alave y Mariaca son habilitados para carrera fiscal - El Diario - Bolivia\" \/>\n<meta property=\"og:description\" content=\"Pese a ser los candidatos con m\u00e1s impugnaciones en el proceso de selecci\u00f3n para el cargo de Fiscal General del Estado, los fiscales departamentales de La Paz y Santa Cruz, William Alave y Roger Mariaca, contin\u00faan entre los 42 candidatos, luego de que la Comisi\u00f3n Mixta de Justicia Plural no lograra los dos tercios necesarios [&hellip;]\" \/>\n<meta property=\"og:url\" content=\"https:\/\/www.eldiario.net\/portal\/2024\/09\/29\/fiscales-alave-y-mariaca-son-habilitados-para-carrera-fiscal\/\" \/>\n<meta property=\"og:site_name\" content=\"El Diario - Bolivia\" \/>\n<meta property=\"article:publisher\" content=\"https:\/\/www.facebook.com\/eldiario.bolivia\/\" \/>\n<meta property=\"article:published_time\" content=\"2024-09-29T10:47:15+00:00\" \/>\n<meta property=\"og:image\" content=\"https:\/\/www.eldiario.net\/portal\/wp-content\/uploads\/2024\/09\/29-FIS.jpg\" \/>\n\t<meta property=\"og:image:width\" content=\"720\" \/>\n\t<meta property=\"og:image:height\" content=\"400\" \/>\n\t<meta property=\"og:image:type\" content=\"image\/jpeg\" \/>\n<meta name=\"author\" content=\"Jeanette\" \/>\n<meta name=\"twitter:card\" content=\"summary_large_image\" \/>\n<meta name=\"twitter:creator\" content=\"@eldiario_net\" \/>\n<meta name=\"twitter:site\" content=\"@eldiario_net\" \/>\n<meta name=\"twitter:label1\" content=\"Escrito por\" \/>\n\t<meta name=\"twitter:data1\" content=\"Jeanette\" \/>\n\t<meta name=\"twitter:label2\" content=\"Tiempo de lectura\" \/>\n\t<meta name=\"twitter:data2\" content=\"2 minutos\" \/>\n<script type=\"application\/ld+json\" class=\"yoast-schema-graph\">{\"@context\":\"https:\\\/\\\/schema.org\",\"@graph\":[{\"@type\":\"Article\",\"@id\":\"https:\\\/\\\/www.eldiario.net\\\/portal\\\/2024\\\/09\\\/29\\\/fiscales-alave-y-mariaca-son-habilitados-para-carrera-fiscal\\\/#article\",\"isPartOf\":{\"@id\":\"https:\\\/\\\/www.eldiario.net\\\/portal\\\/2024\\\/09\\\/29\\\/fiscales-alave-y-mariaca-son-habilitados-para-carrera-fiscal\\\/\"},\"author\":{\"name\":\"Jeanette\",\"@id\":\"https:\\\/\\\/www.eldiario.net\\\/portal\\\/#\\\/schema\\\/person\\\/f46445640444750d7d753ccd04ae01b7\"},\"headline\":\"Fiscales\u00a0Alave y Mariaca son habilitados para carrera fiscal\",\"datePublished\":\"2024-09-29T10:47:15+00:00\",\"mainEntityOfPage\":{\"@id\":\"https:\\\/\\\/www.eldiario.net\\\/portal\\\/2024\\\/09\\\/29\\\/fiscales-alave-y-mariaca-son-habilitados-para-carrera-fiscal\\\/\"},\"wordCount\":337,\"commentCount\":0,\"publisher\":{\"@id\":\"https:\\\/\\\/www.eldiario.net\\\/portal\\\/#organization\"},\"image\":{\"@id\":\"https:\\\/\\\/www.eldiario.net\\\/portal\\\/2024\\\/09\\\/29\\\/fiscales-alave-y-mariaca-son-habilitados-para-carrera-fiscal\\\/#primaryimage\"},\"thumbnailUrl\":\"https:\\\/\\\/www.eldiario.net\\\/portal\\\/wp-content\\\/uploads\\\/2024\\\/09\\\/29-FIS.jpg\",\"articleSection\":[\"Sociedad - Seguridad\"],\"inLanguage\":\"es\",\"potentialAction\":[{\"@type\":\"CommentAction\",\"name\":\"Comment\",\"target\":[\"https:\\\/\\\/www.eldiario.net\\\/portal\\\/2024\\\/09\\\/29\\\/fiscales-alave-y-mariaca-son-habilitados-para-carrera-fiscal\\\/#respond\"]}]},{\"@type\":\"WebPage\",\"@id\":\"https:\\\/\\\/www.eldiario.net\\\/portal\\\/2024\\\/09\\\/29\\\/fiscales-alave-y-mariaca-son-habilitados-para-carrera-fiscal\\\/\",\"url\":\"https:\\\/\\\/www.eldiario.net\\\/portal\\\/2024\\\/09\\\/29\\\/fiscales-alave-y-mariaca-son-habilitados-para-carrera-fiscal\\\/\",\"name\":\"Fiscales\u00a0Alave y Mariaca son habilitados para carrera fiscal - El Diario - Bolivia\",\"isPartOf\":{\"@id\":\"https:\\\/\\\/www.eldiario.net\\\/portal\\\/#website\"},\"primaryImageOfPage\":{\"@id\":\"https:\\\/\\\/www.eldiario.net\\\/portal\\\/2024\\\/09\\\/29\\\/fiscales-alave-y-mariaca-son-habilitados-para-carrera-fiscal\\\/#primaryimage\"},\"image\":{\"@id\":\"https:\\\/\\\/www.eldiario.net\\\/portal\\\/2024\\\/09\\\/29\\\/fiscales-alave-y-mariaca-son-habilitados-para-carrera-fiscal\\\/#primaryimage\"},\"thumbnailUrl\":\"https:\\\/\\\/www.eldiario.net\\\/portal\\\/wp-content\\\/uploads\\\/2024\\\/09\\\/29-FIS.jpg\",\"datePublished\":\"2024-09-29T10:47:15+00:00\",\"breadcrumb\":{\"@id\":\"https:\\\/\\\/www.eldiario.net\\\/portal\\\/2024\\\/09\\\/29\\\/fiscales-alave-y-mariaca-son-habilitados-para-carrera-fiscal\\\/#breadcrumb\"},\"inLanguage\":\"es\",\"potentialAction\":[{\"@type\":\"ReadAction\",\"target\":[\"https:\\\/\\\/www.eldiario.net\\\/portal\\\/2024\\\/09\\\/29\\\/fiscales-alave-y-mariaca-son-habilitados-para-carrera-fiscal\\\/\"]}]},{\"@type\":\"ImageObject\",\"inLanguage\":\"es\",\"@id\":\"https:\\\/\\\/www.eldiario.net\\\/portal\\\/2024\\\/09\\\/29\\\/fiscales-alave-y-mariaca-son-habilitados-para-carrera-fiscal\\\/#primaryimage\",\"url\":\"https:\\\/\\\/www.eldiario.net\\\/portal\\\/wp-content\\\/uploads\\\/2024\\\/09\\\/29-FIS.jpg\",\"contentUrl\":\"https:\\\/\\\/www.eldiario.net\\\/portal\\\/wp-content\\\/uploads\\\/2024\\\/09\\\/29-FIS.jpg\",\"width\":720,\"height\":400,\"caption\":\"La Comisi\u00f3n Mixta de Justicia Plural.\"},{\"@type\":\"BreadcrumbList\",\"@id\":\"https:\\\/\\\/www.eldiario.net\\\/portal\\\/2024\\\/09\\\/29\\\/fiscales-alave-y-mariaca-son-habilitados-para-carrera-fiscal\\\/#breadcrumb\",\"itemListElement\":[{\"@type\":\"ListItem\",\"position\":1,\"name\":\"Portada\",\"item\":\"https:\\\/\\\/www.eldiario.net\\\/portal\\\/\"},{\"@type\":\"ListItem\",\"position\":2,\"name\":\"Fiscales\u00a0Alave y Mariaca son habilitados para carrera fiscal\"}]},{\"@type\":\"WebSite\",\"@id\":\"https:\\\/\\\/www.eldiario.net\\\/portal\\\/#website\",\"url\":\"https:\\\/\\\/www.eldiario.net\\\/portal\\\/\",\"name\":\"El Diario - Decano de la prensa nacional\",\"description\":\"El Diario - Decano de la prensa nacional\",\"publisher\":{\"@id\":\"https:\\\/\\\/www.eldiario.net\\\/portal\\\/#organization\"},\"potentialAction\":[{\"@type\":\"SearchAction\",\"target\":{\"@type\":\"EntryPoint\",\"urlTemplate\":\"https:\\\/\\\/www.eldiario.net\\\/portal\\\/?s={search_term_string}\"},\"query-input\":{\"@type\":\"PropertyValueSpecification\",\"valueRequired\":true,\"valueName\":\"search_term_string\"}}],\"inLanguage\":\"es\"},{\"@type\":\"Organization\",\"@id\":\"https:\\\/\\\/www.eldiario.net\\\/portal\\\/#organization\",\"name\":\"El Diario - Decano de la prensa nacional\",\"url\":\"https:\\\/\\\/www.eldiario.net\\\/portal\\\/\",\"logo\":{\"@type\":\"ImageObject\",\"inLanguage\":\"es\",\"@id\":\"https:\\\/\\\/www.eldiario.net\\\/portal\\\/#\\\/schema\\\/logo\\\/image\\\/\",\"url\":\"https:\\\/\\\/www.eldiario.net\\\/portal\\\/wp-content\\\/uploads\\\/2023\\\/07\\\/logo_ED.jpg\",\"contentUrl\":\"https:\\\/\\\/www.eldiario.net\\\/portal\\\/wp-content\\\/uploads\\\/2023\\\/07\\\/logo_ED.jpg\",\"width\":272,\"height\":52,\"caption\":\"El Diario - Decano de la prensa nacional\"},\"image\":{\"@id\":\"https:\\\/\\\/www.eldiario.net\\\/portal\\\/#\\\/schema\\\/logo\\\/image\\\/\"},\"sameAs\":[\"https:\\\/\\\/www.facebook.com\\\/eldiario.bolivia\\\/\",\"https:\\\/\\\/x.com\\\/eldiario_net\"]},{\"@type\":\"Person\",\"@id\":\"https:\\\/\\\/www.eldiario.net\\\/portal\\\/#\\\/schema\\\/person\\\/f46445640444750d7d753ccd04ae01b7\",\"name\":\"Jeanette\",\"image\":{\"@type\":\"ImageObject\",\"inLanguage\":\"es\",\"@id\":\"https:\\\/\\\/secure.gravatar.com\\\/avatar\\\/3ea2118a5f7dad2b7138b1187a6b7ee55f160b9968b66013c3a3ef39dd7e5798?s=96&d=mm&r=g\",\"url\":\"https:\\\/\\\/secure.gravatar.com\\\/avatar\\\/3ea2118a5f7dad2b7138b1187a6b7ee55f160b9968b66013c3a3ef39dd7e5798?s=96&d=mm&r=g\",\"contentUrl\":\"https:\\\/\\\/secure.gravatar.com\\\/avatar\\\/3ea2118a5f7dad2b7138b1187a6b7ee55f160b9968b66013c3a3ef39dd7e5798?s=96&d=mm&r=g\",\"caption\":\"Jeanette\"},\"sameAs\":[\"https:\\\/\\\/www.eldiario.net\\\/portal\"],\"url\":\"https:\\\/\\\/www.eldiario.net\\\/portal\\\/author\\\/jeanette\\\/\"}]}<\/script>\n<!-- \/ Yoast SEO plugin. -->","yoast_head_json":{"title":"Fiscales\u00a0Alave y Mariaca son habilitados para carrera fiscal - El Diario - Bolivia","robots":{"index":"index","follow":"follow","max-snippet":"max-snippet:-1","max-image-preview":"max-image-preview:large","max-video-preview":"max-video-preview:-1"},"canonical":"https:\/\/www.eldiario.net\/portal\/2024\/09\/29\/fiscales-alave-y-mariaca-son-habilitados-para-carrera-fiscal\/","og_locale":"es_ES","og_type":"article","og_title":"Fiscales\u00a0Alave y Mariaca son habilitados para carrera fiscal - El Diario - Bolivia","og_description":"Pese a ser los candidatos con m\u00e1s impugnaciones en el proceso de selecci\u00f3n para el cargo de Fiscal General del Estado, los fiscales departamentales de La Paz y Santa Cruz, William Alave y Roger Mariaca, contin\u00faan entre los 42 candidatos, luego de que la Comisi\u00f3n Mixta de Justicia Plural no lograra los dos tercios necesarios [&hellip;]","og_url":"https:\/\/www.eldiario.net\/portal\/2024\/09\/29\/fiscales-alave-y-mariaca-son-habilitados-para-carrera-fiscal\/","og_site_name":"El Diario - Bolivia","article_publisher":"https:\/\/www.facebook.com\/eldiario.bolivia\/","article_published_time":"2024-09-29T10:47:15+00:00","og_image":[{"width":720,"height":400,"url":"https:\/\/www.eldiario.net\/portal\/wp-content\/uploads\/2024\/09\/29-FIS.jpg","type":"image\/jpeg"}],"author":"Jeanette","twitter_card":"summary_large_image","twitter_creator":"@eldiario_net","twitter_site":"@eldiario_net","twitter_misc":{"Escrito por":"Jeanette","Tiempo de lectura":"2 minutos"},"schema":{"@context":"https:\/\/schema.org","@graph":[{"@type":"Article","@id":"https:\/\/www.eldiario.net\/portal\/2024\/09\/29\/fiscales-alave-y-mariaca-son-habilitados-para-carrera-fiscal\/#article","isPartOf":{"@id":"https:\/\/www.eldiario.net\/portal\/2024\/09\/29\/fiscales-alave-y-mariaca-son-habilitados-para-carrera-fiscal\/"},"author":{"name":"Jeanette","@id":"https:\/\/www.eldiario.net\/portal\/#\/schema\/person\/f46445640444750d7d753ccd04ae01b7"},"headline":"Fiscales\u00a0Alave y Mariaca son habilitados para carrera fiscal","datePublished":"2024-09-29T10:47:15+00:00","mainEntityOfPage":{"@id":"https:\/\/www.eldiario.net\/portal\/2024\/09\/29\/fiscales-alave-y-mariaca-son-habilitados-para-carrera-fiscal\/"},"wordCount":337,"commentCount":0,"publisher":{"@id":"https:\/\/www.eldiario.net\/portal\/#organization"},"image":{"@id":"https:\/\/www.eldiario.net\/portal\/2024\/09\/29\/fiscales-alave-y-mariaca-son-habilitados-para-carrera-fiscal\/#primaryimage"},"thumbnailUrl":"https:\/\/www.eldiario.net\/portal\/wp-content\/uploads\/2024\/09\/29-FIS.jpg","articleSection":["Sociedad - Seguridad"],"inLanguage":"es","potentialAction":[{"@type":"CommentAction","name":"Comment","target":["https:\/\/www.eldiario.net\/portal\/2024\/09\/29\/fiscales-alave-y-mariaca-son-habilitados-para-carrera-fiscal\/#respond"]}]},{"@type":"WebPage","@id":"https:\/\/www.eldiario.net\/portal\/2024\/09\/29\/fiscales-alave-y-mariaca-son-habilitados-para-carrera-fiscal\/","url":"https:\/\/www.eldiario.net\/portal\/2024\/09\/29\/fiscales-alave-y-mariaca-son-habilitados-para-carrera-fiscal\/","name":"Fiscales\u00a0Alave y Mariaca son habilitados para carrera fiscal - El Diario - Bolivia","isPartOf":{"@id":"https:\/\/www.eldiario.net\/portal\/#website"},"primaryImageOfPage":{"@id":"https:\/\/www.eldiario.net\/portal\/2024\/09\/29\/fiscales-alave-y-mariaca-son-habilitados-para-carrera-fiscal\/#primaryimage"},"image":{"@id":"https:\/\/www.eldiario.net\/portal\/2024\/09\/29\/fiscales-alave-y-mariaca-son-habilitados-para-carrera-fiscal\/#primaryimage"},"thumbnailUrl":"https:\/\/www.eldiario.net\/portal\/wp-content\/uploads\/2024\/09\/29-FIS.jpg","datePublished":"2024-09-29T10:47:15+00:00","breadcrumb":{"@id":"https:\/\/www.eldiario.net\/portal\/2024\/09\/29\/fiscales-alave-y-mariaca-son-habilitados-para-carrera-fiscal\/#breadcrumb"},"inLanguage":"es","potentialAction":[{"@type":"ReadAction","target":["https:\/\/www.eldiario.net\/portal\/2024\/09\/29\/fiscales-alave-y-mariaca-son-habilitados-para-carrera-fiscal\/"]}]},{"@type":"ImageObject","inLanguage":"es","@id":"https:\/\/www.eldiario.net\/portal\/2024\/09\/29\/fiscales-alave-y-mariaca-son-habilitados-para-carrera-fiscal\/#primaryimage","url":"https:\/\/www.eldiario.net\/portal\/wp-content\/uploads\/2024\/09\/29-FIS.jpg","contentUrl":"https:\/\/www.eldiario.net\/portal\/wp-content\/uploads\/2024\/09\/29-FIS.jpg","width":720,"height":400,"caption":"La Comisi\u00f3n Mixta de Justicia Plural."},{"@type":"BreadcrumbList","@id":"https:\/\/www.eldiario.net\/portal\/2024\/09\/29\/fiscales-alave-y-mariaca-son-habilitados-para-carrera-fiscal\/#breadcrumb","itemListElement":[{"@type":"ListItem","position":1,"name":"Portada","item":"https:\/\/www.eldiario.net\/portal\/"},{"@type":"ListItem","position":2,"name":"Fiscales\u00a0Alave y Mariaca son habilitados para carrera fiscal"}]},{"@type":"WebSite","@id":"https:\/\/www.eldiario.net\/portal\/#website","url":"https:\/\/www.eldiario.net\/portal\/","name":"El Diario - Decano de la prensa nacional","description":"El Diario - Decano de la prensa nacional","publisher":{"@id":"https:\/\/www.eldiario.net\/portal\/#organization"},"potentialAction":[{"@type":"SearchAction","target":{"@type":"EntryPoint","urlTemplate":"https:\/\/www.eldiario.net\/portal\/?s={search_term_string}"},"query-input":{"@type":"PropertyValueSpecification","valueRequired":true,"valueName":"search_term_string"}}],"inLanguage":"es"},{"@type":"Organization","@id":"https:\/\/www.eldiario.net\/portal\/#organization","name":"El Diario - Decano de la prensa nacional","url":"https:\/\/www.eldiario.net\/portal\/","logo":{"@type":"ImageObject","inLanguage":"es","@id":"https:\/\/www.eldiario.net\/portal\/#\/schema\/logo\/image\/","url":"https:\/\/www.eldiario.net\/portal\/wp-content\/uploads\/2023\/07\/logo_ED.jpg","contentUrl":"https:\/\/www.eldiario.net\/portal\/wp-content\/uploads\/2023\/07\/logo_ED.jpg","width":272,"height":52,"caption":"El Diario - Decano de la prensa nacional"},"image":{"@id":"https:\/\/www.eldiario.net\/portal\/#\/schema\/logo\/image\/"},"sameAs":["https:\/\/www.facebook.com\/eldiario.bolivia\/","https:\/\/x.com\/eldiario_net"]},{"@type":"Person","@id":"https:\/\/www.eldiario.net\/portal\/#\/schema\/person\/f46445640444750d7d753ccd04ae01b7","name":"Jeanette","image":{"@type":"ImageObject","inLanguage":"es","@id":"https:\/\/secure.gravatar.com\/avatar\/3ea2118a5f7dad2b7138b1187a6b7ee55f160b9968b66013c3a3ef39dd7e5798?s=96&d=mm&r=g","url":"https:\/\/secure.gravatar.com\/avatar\/3ea2118a5f7dad2b7138b1187a6b7ee55f160b9968b66013c3a3ef39dd7e5798?s=96&d=mm&r=g","contentUrl":"https:\/\/secure.gravatar.com\/avatar\/3ea2118a5f7dad2b7138b1187a6b7ee55f160b9968b66013c3a3ef39dd7e5798?s=96&d=mm&r=g","caption":"Jeanette"},"sameAs":["https:\/\/www.eldiario.net\/portal"],"url":"https:\/\/www.eldiario.net\/portal\/author\/jeanette\/"}]}},"_links":{"self":[{"href":"https:\/\/www.eldiario.net\/portal\/wp-json\/wp\/v2\/posts\/250647","targetHints":{"allow":["GET"]}}],"collection":[{"href":"https:\/\/www.eldiario.net\/portal\/wp-json\/wp\/v2\/posts"}],"about":[{"href":"https:\/\/www.eldiario.net\/portal\/wp-json\/wp\/v2\/types\/post"}],"author":[{"embeddable":true,"href":"https:\/\/www.eldiario.net\/portal\/wp-json\/wp\/v2\/users\/1"}],"replies":[{"embeddable":true,"href":"https:\/\/www.eldiario.net\/portal\/wp-json\/wp\/v2\/comments?post=250647"}],"version-history":[{"count":1,"href":"https:\/\/www.eldiario.net\/portal\/wp-json\/wp\/v2\/posts\/250647\/revisions"}],"predecessor-version":[{"id":250649,"href":"https:\/\/www.eldiario.net\/portal\/wp-json\/wp\/v2\/posts\/250647\/revisions\/250649"}],"wp:featuredmedia":[{"embeddable":true,"href":"https:\/\/www.eldiario.net\/portal\/wp-json\/wp\/v2\/media\/250648"}],"wp:attachment":[{"href":"https:\/\/www.eldiario.net\/portal\/wp-json\/wp\/v2\/media?parent=250647"}],"wp:term":[{"taxonomy":"category","embeddable":true,"href":"https:\/\/www.eldiario.net\/portal\/wp-json\/wp\/v2\/categories?post=250647"},{"taxonomy":"post_tag","embeddable":true,"href":"https:\/\/www.eldiario.net\/portal\/wp-json\/wp\/v2\/tags?post=250647"}],"curies":[{"name":"wp","href":"https:\/\/api.w.org\/{rel}","templated":true}]}}