{"id":250638,"date":"2024-09-29T06:45:28","date_gmt":"2024-09-29T10:45:28","guid":{"rendered":"https:\/\/www.eldiario.net\/portal\/?p=250638"},"modified":"2024-09-29T06:45:28","modified_gmt":"2024-09-29T10:45:28","slug":"suman-cinco-personas-encarceladas-por-avion-de-estatal-con-cocaina","status":"publish","type":"post","link":"https:\/\/www.eldiario.net\/portal\/2024\/09\/29\/suman-cinco-personas-encarceladas-por-avion-de-estatal-con-cocaina\/","title":{"rendered":"Suman cinco personas encarceladas por avi\u00f3n de estatal con coca\u00edna"},"content":{"rendered":"<p>Dos funcionarias de Boliviana de Aviaci\u00f3n (BoA) fueron enviadas por 120 d\u00edas bajo detenci\u00f3n preventiva en el penal de Palmasola, vinculadas con los 12 paquetes de droga encontrados en un avi\u00f3n en el Aeropuerto de Viru Viru en Santa Cruz, con lo que suman cinco personas encarceladas en este caso.<br \/>\nEn una audiencia cautelar, se logr\u00f3 acreditar la autor\u00eda de las dos nuevas imputadas por el delito de tr\u00e1fico de sustancias controladas, asociaci\u00f3n delictuosa y confabulaci\u00f3n, inform\u00f3 el fiscal Juan Pablo S\u00e1nchez. La autoridad mencion\u00f3 que la investigaci\u00f3n avanza y se descubren m\u00e1s personas implicadas, de acuerdo con Erbol.<br \/>\nCon ellas suman cinco las mujeres con detenci\u00f3n preventiva. Las primeras dos son trabajadoras de limpieza que se habr\u00edan encargado de transportar la droga en la aeronave.<br \/>\nLuego, la encargada de seguridad de la aerol\u00ednea estatal fue enviada a la c\u00e1rcel por haber supuestamente omitido varios controles durante el ingreso de los estupefacientes.<br \/>\nEl 13 de septiembre, la Fiscal\u00eda y la Polic\u00eda intervinieron un avi\u00f3n de BoA en Viru Viru, cuando se dirig\u00eda a la ciudad de Madrid, encontrando en su interior un total de 12 paquetes de coca\u00edna dentro de un contenedor de basura.<\/p>\n","protected":false},"excerpt":{"rendered":"<p>Dos funcionarias de Boliviana de Aviaci\u00f3n (BoA) fueron enviadas por 120 d\u00edas bajo detenci\u00f3n preventiva en el penal de Palmasola, vinculadas con los 12 paquetes de droga encontrados en un avi\u00f3n en el Aeropuerto de Viru Viru en Santa Cruz, con lo que suman cinco personas encarceladas en este caso. En una audiencia cautelar, se [&hellip;]<\/p>\n","protected":false},"author":1,"featured_media":250640,"comment_status":"open","ping_status":"open","sticky":false,"template":"","format":"standard","meta":{"_acf_changed":false,"footnotes":""},"categories":[39],"tags":[],"class_list":["post-250638","post","type-post","status-publish","format-standard","has-post-thumbnail","category-sociedad"],"acf":{"antetitulo":""},"yoast_head":"<!-- This site is optimized with the Yoast SEO plugin v28.3 - https:\/\/yoast.com\/product\/yoast-seo-wordpress\/ -->\n<title>Suman cinco personas encarceladas por avi\u00f3n de estatal con coca\u00edna - El Diario - Bolivia<\/title>\n<meta name=\"robots\" content=\"index, follow, max-snippet:-1, max-image-preview:large, max-video-preview:-1\" \/>\n<link rel=\"canonical\" href=\"https:\/\/www.eldiario.net\/portal\/2024\/09\/29\/suman-cinco-personas-encarceladas-por-avion-de-estatal-con-cocaina\/\" \/>\n<meta property=\"og:locale\" content=\"es_ES\" \/>\n<meta property=\"og:type\" content=\"article\" \/>\n<meta property=\"og:title\" content=\"Suman cinco personas encarceladas por avi\u00f3n de estatal con coca\u00edna - El Diario - Bolivia\" \/>\n<meta property=\"og:description\" content=\"Dos funcionarias de Boliviana de Aviaci\u00f3n (BoA) fueron enviadas por 120 d\u00edas bajo detenci\u00f3n preventiva en el penal de Palmasola, vinculadas con los 12 paquetes de droga encontrados en un avi\u00f3n en el Aeropuerto de Viru Viru en Santa Cruz, con lo que suman cinco personas encarceladas en este caso. En una audiencia cautelar, se [&hellip;]\" \/>\n<meta property=\"og:url\" content=\"https:\/\/www.eldiario.net\/portal\/2024\/09\/29\/suman-cinco-personas-encarceladas-por-avion-de-estatal-con-cocaina\/\" \/>\n<meta property=\"og:site_name\" content=\"El Diario - Bolivia\" \/>\n<meta property=\"article:publisher\" content=\"https:\/\/www.facebook.com\/eldiario.bolivia\/\" \/>\n<meta property=\"article:published_time\" content=\"2024-09-29T10:45:28+00:00\" \/>\n<meta property=\"og:image\" content=\"https:\/\/www.eldiario.net\/portal\/wp-content\/uploads\/2024\/09\/29-BOA.jpg\" \/>\n\t<meta property=\"og:image:width\" content=\"1183\" \/>\n\t<meta property=\"og:image:height\" content=\"801\" \/>\n\t<meta property=\"og:image:type\" content=\"image\/jpeg\" \/>\n<meta name=\"author\" content=\"Jeanette\" \/>\n<meta name=\"twitter:card\" content=\"summary_large_image\" \/>\n<meta name=\"twitter:creator\" content=\"@eldiario_net\" \/>\n<meta name=\"twitter:site\" content=\"@eldiario_net\" \/>\n<meta name=\"twitter:label1\" content=\"Escrito por\" \/>\n\t<meta name=\"twitter:data1\" content=\"Jeanette\" \/>\n\t<meta name=\"twitter:label2\" content=\"Tiempo de lectura\" \/>\n\t<meta name=\"twitter:data2\" content=\"2 minutos\" \/>\n<script type=\"application\/ld+json\" class=\"yoast-schema-graph\">{\"@context\":\"https:\\\/\\\/schema.org\",\"@graph\":[{\"@type\":\"Article\",\"@id\":\"https:\\\/\\\/www.eldiario.net\\\/portal\\\/2024\\\/09\\\/29\\\/suman-cinco-personas-encarceladas-por-avion-de-estatal-con-cocaina\\\/#article\",\"isPartOf\":{\"@id\":\"https:\\\/\\\/www.eldiario.net\\\/portal\\\/2024\\\/09\\\/29\\\/suman-cinco-personas-encarceladas-por-avion-de-estatal-con-cocaina\\\/\"},\"author\":{\"name\":\"Jeanette\",\"@id\":\"https:\\\/\\\/www.eldiario.net\\\/portal\\\/#\\\/schema\\\/person\\\/f46445640444750d7d753ccd04ae01b7\"},\"headline\":\"Suman cinco personas encarceladas por avi\u00f3n de estatal con coca\u00edna\",\"datePublished\":\"2024-09-29T10:45:28+00:00\",\"mainEntityOfPage\":{\"@id\":\"https:\\\/\\\/www.eldiario.net\\\/portal\\\/2024\\\/09\\\/29\\\/suman-cinco-personas-encarceladas-por-avion-de-estatal-con-cocaina\\\/\"},\"wordCount\":222,\"commentCount\":0,\"publisher\":{\"@id\":\"https:\\\/\\\/www.eldiario.net\\\/portal\\\/#organization\"},\"image\":{\"@id\":\"https:\\\/\\\/www.eldiario.net\\\/portal\\\/2024\\\/09\\\/29\\\/suman-cinco-personas-encarceladas-por-avion-de-estatal-con-cocaina\\\/#primaryimage\"},\"thumbnailUrl\":\"https:\\\/\\\/www.eldiario.net\\\/portal\\\/wp-content\\\/uploads\\\/2024\\\/09\\\/29-BOA.jpg\",\"articleSection\":[\"Sociedad - Seguridad\"],\"inLanguage\":\"es\",\"potentialAction\":[{\"@type\":\"CommentAction\",\"name\":\"Comment\",\"target\":[\"https:\\\/\\\/www.eldiario.net\\\/portal\\\/2024\\\/09\\\/29\\\/suman-cinco-personas-encarceladas-por-avion-de-estatal-con-cocaina\\\/#respond\"]}]},{\"@type\":\"WebPage\",\"@id\":\"https:\\\/\\\/www.eldiario.net\\\/portal\\\/2024\\\/09\\\/29\\\/suman-cinco-personas-encarceladas-por-avion-de-estatal-con-cocaina\\\/\",\"url\":\"https:\\\/\\\/www.eldiario.net\\\/portal\\\/2024\\\/09\\\/29\\\/suman-cinco-personas-encarceladas-por-avion-de-estatal-con-cocaina\\\/\",\"name\":\"Suman cinco personas encarceladas por avi\u00f3n de estatal con coca\u00edna - El Diario - Bolivia\",\"isPartOf\":{\"@id\":\"https:\\\/\\\/www.eldiario.net\\\/portal\\\/#website\"},\"primaryImageOfPage\":{\"@id\":\"https:\\\/\\\/www.eldiario.net\\\/portal\\\/2024\\\/09\\\/29\\\/suman-cinco-personas-encarceladas-por-avion-de-estatal-con-cocaina\\\/#primaryimage\"},\"image\":{\"@id\":\"https:\\\/\\\/www.eldiario.net\\\/portal\\\/2024\\\/09\\\/29\\\/suman-cinco-personas-encarceladas-por-avion-de-estatal-con-cocaina\\\/#primaryimage\"},\"thumbnailUrl\":\"https:\\\/\\\/www.eldiario.net\\\/portal\\\/wp-content\\\/uploads\\\/2024\\\/09\\\/29-BOA.jpg\",\"datePublished\":\"2024-09-29T10:45:28+00:00\",\"breadcrumb\":{\"@id\":\"https:\\\/\\\/www.eldiario.net\\\/portal\\\/2024\\\/09\\\/29\\\/suman-cinco-personas-encarceladas-por-avion-de-estatal-con-cocaina\\\/#breadcrumb\"},\"inLanguage\":\"es\",\"potentialAction\":[{\"@type\":\"ReadAction\",\"target\":[\"https:\\\/\\\/www.eldiario.net\\\/portal\\\/2024\\\/09\\\/29\\\/suman-cinco-personas-encarceladas-por-avion-de-estatal-con-cocaina\\\/\"]}]},{\"@type\":\"ImageObject\",\"inLanguage\":\"es\",\"@id\":\"https:\\\/\\\/www.eldiario.net\\\/portal\\\/2024\\\/09\\\/29\\\/suman-cinco-personas-encarceladas-por-avion-de-estatal-con-cocaina\\\/#primaryimage\",\"url\":\"https:\\\/\\\/www.eldiario.net\\\/portal\\\/wp-content\\\/uploads\\\/2024\\\/09\\\/29-BOA.jpg\",\"contentUrl\":\"https:\\\/\\\/www.eldiario.net\\\/portal\\\/wp-content\\\/uploads\\\/2024\\\/09\\\/29-BOA.jpg\",\"width\":1183,\"height\":801,\"caption\":\"Las nuevas encarceladas salieron cubiertas con mantas.\"},{\"@type\":\"BreadcrumbList\",\"@id\":\"https:\\\/\\\/www.eldiario.net\\\/portal\\\/2024\\\/09\\\/29\\\/suman-cinco-personas-encarceladas-por-avion-de-estatal-con-cocaina\\\/#breadcrumb\",\"itemListElement\":[{\"@type\":\"ListItem\",\"position\":1,\"name\":\"Portada\",\"item\":\"https:\\\/\\\/www.eldiario.net\\\/portal\\\/\"},{\"@type\":\"ListItem\",\"position\":2,\"name\":\"Suman cinco personas encarceladas por avi\u00f3n de estatal con coca\u00edna\"}]},{\"@type\":\"WebSite\",\"@id\":\"https:\\\/\\\/www.eldiario.net\\\/portal\\\/#website\",\"url\":\"https:\\\/\\\/www.eldiario.net\\\/portal\\\/\",\"name\":\"El Diario - Decano de la prensa nacional\",\"description\":\"El Diario - Decano de la prensa nacional\",\"publisher\":{\"@id\":\"https:\\\/\\\/www.eldiario.net\\\/portal\\\/#organization\"},\"potentialAction\":[{\"@type\":\"SearchAction\",\"target\":{\"@type\":\"EntryPoint\",\"urlTemplate\":\"https:\\\/\\\/www.eldiario.net\\\/portal\\\/?s={search_term_string}\"},\"query-input\":{\"@type\":\"PropertyValueSpecification\",\"valueRequired\":true,\"valueName\":\"search_term_string\"}}],\"inLanguage\":\"es\"},{\"@type\":\"Organization\",\"@id\":\"https:\\\/\\\/www.eldiario.net\\\/portal\\\/#organization\",\"name\":\"El Diario - Decano de la prensa nacional\",\"url\":\"https:\\\/\\\/www.eldiario.net\\\/portal\\\/\",\"logo\":{\"@type\":\"ImageObject\",\"inLanguage\":\"es\",\"@id\":\"https:\\\/\\\/www.eldiario.net\\\/portal\\\/#\\\/schema\\\/logo\\\/image\\\/\",\"url\":\"https:\\\/\\\/www.eldiario.net\\\/portal\\\/wp-content\\\/uploads\\\/2023\\\/07\\\/logo_ED.jpg\",\"contentUrl\":\"https:\\\/\\\/www.eldiario.net\\\/portal\\\/wp-content\\\/uploads\\\/2023\\\/07\\\/logo_ED.jpg\",\"width\":272,\"height\":52,\"caption\":\"El Diario - Decano de la prensa nacional\"},\"image\":{\"@id\":\"https:\\\/\\\/www.eldiario.net\\\/portal\\\/#\\\/schema\\\/logo\\\/image\\\/\"},\"sameAs\":[\"https:\\\/\\\/www.facebook.com\\\/eldiario.bolivia\\\/\",\"https:\\\/\\\/x.com\\\/eldiario_net\"]},{\"@type\":\"Person\",\"@id\":\"https:\\\/\\\/www.eldiario.net\\\/portal\\\/#\\\/schema\\\/person\\\/f46445640444750d7d753ccd04ae01b7\",\"name\":\"Jeanette\",\"image\":{\"@type\":\"ImageObject\",\"inLanguage\":\"es\",\"@id\":\"https:\\\/\\\/secure.gravatar.com\\\/avatar\\\/3ea2118a5f7dad2b7138b1187a6b7ee55f160b9968b66013c3a3ef39dd7e5798?s=96&d=mm&r=g\",\"url\":\"https:\\\/\\\/secure.gravatar.com\\\/avatar\\\/3ea2118a5f7dad2b7138b1187a6b7ee55f160b9968b66013c3a3ef39dd7e5798?s=96&d=mm&r=g\",\"contentUrl\":\"https:\\\/\\\/secure.gravatar.com\\\/avatar\\\/3ea2118a5f7dad2b7138b1187a6b7ee55f160b9968b66013c3a3ef39dd7e5798?s=96&d=mm&r=g\",\"caption\":\"Jeanette\"},\"sameAs\":[\"https:\\\/\\\/www.eldiario.net\\\/portal\"],\"url\":\"https:\\\/\\\/www.eldiario.net\\\/portal\\\/author\\\/jeanette\\\/\"}]}<\/script>\n<!-- \/ Yoast SEO plugin. -->","yoast_head_json":{"title":"Suman cinco personas encarceladas por avi\u00f3n de estatal con coca\u00edna - El Diario - Bolivia","robots":{"index":"index","follow":"follow","max-snippet":"max-snippet:-1","max-image-preview":"max-image-preview:large","max-video-preview":"max-video-preview:-1"},"canonical":"https:\/\/www.eldiario.net\/portal\/2024\/09\/29\/suman-cinco-personas-encarceladas-por-avion-de-estatal-con-cocaina\/","og_locale":"es_ES","og_type":"article","og_title":"Suman cinco personas encarceladas por avi\u00f3n de estatal con coca\u00edna - El Diario - Bolivia","og_description":"Dos funcionarias de Boliviana de Aviaci\u00f3n (BoA) fueron enviadas por 120 d\u00edas bajo detenci\u00f3n preventiva en el penal de Palmasola, vinculadas con los 12 paquetes de droga encontrados en un avi\u00f3n en el Aeropuerto de Viru Viru en Santa Cruz, con lo que suman cinco personas encarceladas en este caso. En una audiencia cautelar, se [&hellip;]","og_url":"https:\/\/www.eldiario.net\/portal\/2024\/09\/29\/suman-cinco-personas-encarceladas-por-avion-de-estatal-con-cocaina\/","og_site_name":"El Diario - Bolivia","article_publisher":"https:\/\/www.facebook.com\/eldiario.bolivia\/","article_published_time":"2024-09-29T10:45:28+00:00","og_image":[{"width":1183,"height":801,"url":"https:\/\/www.eldiario.net\/portal\/wp-content\/uploads\/2024\/09\/29-BOA.jpg","type":"image\/jpeg"}],"author":"Jeanette","twitter_card":"summary_large_image","twitter_creator":"@eldiario_net","twitter_site":"@eldiario_net","twitter_misc":{"Escrito por":"Jeanette","Tiempo de lectura":"2 minutos"},"schema":{"@context":"https:\/\/schema.org","@graph":[{"@type":"Article","@id":"https:\/\/www.eldiario.net\/portal\/2024\/09\/29\/suman-cinco-personas-encarceladas-por-avion-de-estatal-con-cocaina\/#article","isPartOf":{"@id":"https:\/\/www.eldiario.net\/portal\/2024\/09\/29\/suman-cinco-personas-encarceladas-por-avion-de-estatal-con-cocaina\/"},"author":{"name":"Jeanette","@id":"https:\/\/www.eldiario.net\/portal\/#\/schema\/person\/f46445640444750d7d753ccd04ae01b7"},"headline":"Suman cinco personas encarceladas por avi\u00f3n de estatal con coca\u00edna","datePublished":"2024-09-29T10:45:28+00:00","mainEntityOfPage":{"@id":"https:\/\/www.eldiario.net\/portal\/2024\/09\/29\/suman-cinco-personas-encarceladas-por-avion-de-estatal-con-cocaina\/"},"wordCount":222,"commentCount":0,"publisher":{"@id":"https:\/\/www.eldiario.net\/portal\/#organization"},"image":{"@id":"https:\/\/www.eldiario.net\/portal\/2024\/09\/29\/suman-cinco-personas-encarceladas-por-avion-de-estatal-con-cocaina\/#primaryimage"},"thumbnailUrl":"https:\/\/www.eldiario.net\/portal\/wp-content\/uploads\/2024\/09\/29-BOA.jpg","articleSection":["Sociedad - Seguridad"],"inLanguage":"es","potentialAction":[{"@type":"CommentAction","name":"Comment","target":["https:\/\/www.eldiario.net\/portal\/2024\/09\/29\/suman-cinco-personas-encarceladas-por-avion-de-estatal-con-cocaina\/#respond"]}]},{"@type":"WebPage","@id":"https:\/\/www.eldiario.net\/portal\/2024\/09\/29\/suman-cinco-personas-encarceladas-por-avion-de-estatal-con-cocaina\/","url":"https:\/\/www.eldiario.net\/portal\/2024\/09\/29\/suman-cinco-personas-encarceladas-por-avion-de-estatal-con-cocaina\/","name":"Suman cinco personas encarceladas por avi\u00f3n de estatal con coca\u00edna - El Diario - Bolivia","isPartOf":{"@id":"https:\/\/www.eldiario.net\/portal\/#website"},"primaryImageOfPage":{"@id":"https:\/\/www.eldiario.net\/portal\/2024\/09\/29\/suman-cinco-personas-encarceladas-por-avion-de-estatal-con-cocaina\/#primaryimage"},"image":{"@id":"https:\/\/www.eldiario.net\/portal\/2024\/09\/29\/suman-cinco-personas-encarceladas-por-avion-de-estatal-con-cocaina\/#primaryimage"},"thumbnailUrl":"https:\/\/www.eldiario.net\/portal\/wp-content\/uploads\/2024\/09\/29-BOA.jpg","datePublished":"2024-09-29T10:45:28+00:00","breadcrumb":{"@id":"https:\/\/www.eldiario.net\/portal\/2024\/09\/29\/suman-cinco-personas-encarceladas-por-avion-de-estatal-con-cocaina\/#breadcrumb"},"inLanguage":"es","potentialAction":[{"@type":"ReadAction","target":["https:\/\/www.eldiario.net\/portal\/2024\/09\/29\/suman-cinco-personas-encarceladas-por-avion-de-estatal-con-cocaina\/"]}]},{"@type":"ImageObject","inLanguage":"es","@id":"https:\/\/www.eldiario.net\/portal\/2024\/09\/29\/suman-cinco-personas-encarceladas-por-avion-de-estatal-con-cocaina\/#primaryimage","url":"https:\/\/www.eldiario.net\/portal\/wp-content\/uploads\/2024\/09\/29-BOA.jpg","contentUrl":"https:\/\/www.eldiario.net\/portal\/wp-content\/uploads\/2024\/09\/29-BOA.jpg","width":1183,"height":801,"caption":"Las nuevas encarceladas salieron cubiertas con mantas."},{"@type":"BreadcrumbList","@id":"https:\/\/www.eldiario.net\/portal\/2024\/09\/29\/suman-cinco-personas-encarceladas-por-avion-de-estatal-con-cocaina\/#breadcrumb","itemListElement":[{"@type":"ListItem","position":1,"name":"Portada","item":"https:\/\/www.eldiario.net\/portal\/"},{"@type":"ListItem","position":2,"name":"Suman cinco personas encarceladas por avi\u00f3n de estatal con coca\u00edna"}]},{"@type":"WebSite","@id":"https:\/\/www.eldiario.net\/portal\/#website","url":"https:\/\/www.eldiario.net\/portal\/","name":"El Diario - Decano de la prensa nacional","description":"El Diario - Decano de la prensa nacional","publisher":{"@id":"https:\/\/www.eldiario.net\/portal\/#organization"},"potentialAction":[{"@type":"SearchAction","target":{"@type":"EntryPoint","urlTemplate":"https:\/\/www.eldiario.net\/portal\/?s={search_term_string}"},"query-input":{"@type":"PropertyValueSpecification","valueRequired":true,"valueName":"search_term_string"}}],"inLanguage":"es"},{"@type":"Organization","@id":"https:\/\/www.eldiario.net\/portal\/#organization","name":"El Diario - Decano de la prensa nacional","url":"https:\/\/www.eldiario.net\/portal\/","logo":{"@type":"ImageObject","inLanguage":"es","@id":"https:\/\/www.eldiario.net\/portal\/#\/schema\/logo\/image\/","url":"https:\/\/www.eldiario.net\/portal\/wp-content\/uploads\/2023\/07\/logo_ED.jpg","contentUrl":"https:\/\/www.eldiario.net\/portal\/wp-content\/uploads\/2023\/07\/logo_ED.jpg","width":272,"height":52,"caption":"El Diario - Decano de la prensa nacional"},"image":{"@id":"https:\/\/www.eldiario.net\/portal\/#\/schema\/logo\/image\/"},"sameAs":["https:\/\/www.facebook.com\/eldiario.bolivia\/","https:\/\/x.com\/eldiario_net"]},{"@type":"Person","@id":"https:\/\/www.eldiario.net\/portal\/#\/schema\/person\/f46445640444750d7d753ccd04ae01b7","name":"Jeanette","image":{"@type":"ImageObject","inLanguage":"es","@id":"https:\/\/secure.gravatar.com\/avatar\/3ea2118a5f7dad2b7138b1187a6b7ee55f160b9968b66013c3a3ef39dd7e5798?s=96&d=mm&r=g","url":"https:\/\/secure.gravatar.com\/avatar\/3ea2118a5f7dad2b7138b1187a6b7ee55f160b9968b66013c3a3ef39dd7e5798?s=96&d=mm&r=g","contentUrl":"https:\/\/secure.gravatar.com\/avatar\/3ea2118a5f7dad2b7138b1187a6b7ee55f160b9968b66013c3a3ef39dd7e5798?s=96&d=mm&r=g","caption":"Jeanette"},"sameAs":["https:\/\/www.eldiario.net\/portal"],"url":"https:\/\/www.eldiario.net\/portal\/author\/jeanette\/"}]}},"_links":{"self":[{"href":"https:\/\/www.eldiario.net\/portal\/wp-json\/wp\/v2\/posts\/250638","targetHints":{"allow":["GET"]}}],"collection":[{"href":"https:\/\/www.eldiario.net\/portal\/wp-json\/wp\/v2\/posts"}],"about":[{"href":"https:\/\/www.eldiario.net\/portal\/wp-json\/wp\/v2\/types\/post"}],"author":[{"embeddable":true,"href":"https:\/\/www.eldiario.net\/portal\/wp-json\/wp\/v2\/users\/1"}],"replies":[{"embeddable":true,"href":"https:\/\/www.eldiario.net\/portal\/wp-json\/wp\/v2\/comments?post=250638"}],"version-history":[{"count":1,"href":"https:\/\/www.eldiario.net\/portal\/wp-json\/wp\/v2\/posts\/250638\/revisions"}],"predecessor-version":[{"id":250641,"href":"https:\/\/www.eldiario.net\/portal\/wp-json\/wp\/v2\/posts\/250638\/revisions\/250641"}],"wp:featuredmedia":[{"embeddable":true,"href":"https:\/\/www.eldiario.net\/portal\/wp-json\/wp\/v2\/media\/250640"}],"wp:attachment":[{"href":"https:\/\/www.eldiario.net\/portal\/wp-json\/wp\/v2\/media?parent=250638"}],"wp:term":[{"taxonomy":"category","embeddable":true,"href":"https:\/\/www.eldiario.net\/portal\/wp-json\/wp\/v2\/categories?post=250638"},{"taxonomy":"post_tag","embeddable":true,"href":"https:\/\/www.eldiario.net\/portal\/wp-json\/wp\/v2\/tags?post=250638"}],"curies":[{"name":"wp","href":"https:\/\/api.w.org\/{rel}","templated":true}]}}